{"id":301913,"date":"2023-03-29T17:26:26","date_gmt":"2023-03-29T20:26:26","guid":{"rendered":"https:\/\/www.notibras.com\/site\/?p=301913"},"modified":"2023-03-29T18:01:13","modified_gmt":"2023-03-29T21:01:13","slug":"van-com-app-porta-a-porta-vai-desafogar-transito","status":"publish","type":"post","link":"https:\/\/www.notibras.com\/site\/van-com-app-porta-a-porta-vai-desafogar-transito\/","title":{"rendered":"Van com APP porta-a-porta vai desafogar tr\u00e2nsito"},"content":{"rendered":"<p>Bras\u00edlia, com seu desenho original e \u00fanico no mundo, sob o conceito de Unidades de Vizinhan\u00e7a, onde cada habitante do Plano Piloto alcan\u00e7a todos os bens e servi\u00e7os de primeira necessidade em menos de 500 metros, e os servi\u00e7os mais complexos num raio de 3 km, \u00e9 uma cidade muito \u00e0 frente do seu tempo. Talvez 100 anos! Isto \u00e9 not\u00f3rio porque, ainda hoje, aos 64 anos, continua sofrendo uma intensa press\u00e3o para abandonar seus princ\u00edpios constitutivos e uma forte oposi\u00e7\u00e3o ao seu Tombamento por parte do mercado imobili\u00e1rio, que aposta na redu\u00e7\u00e3o dos espa\u00e7os verdes, na verticaliza\u00e7\u00e3o das edifica\u00e7\u00f5es e no adensamento populacional, para supervalorizar o metro quadrado constru\u00eddo.<\/p>\n<p>Um desafio urbano que Bras\u00edlia ainda est\u00e1 para resolver nesta d\u00e9cada \u00e9 a quest\u00e3o da mobilidade. Mas, da mesma forma que \u00e9 preciso vontade pol\u00edtica capaz de frear as frequentes investidas de um mercado imobili\u00e1rio retr\u00f3grado, \u00e9 necess\u00e1rio firmeza para superar a press\u00e3o do arcaico cartel das empresas de \u00f4nibus, que, para resguardar seus ganhos, vai bloqueando solu\u00e7\u00f5es e contrariando o modo de vida para o qual Bras\u00edlia foi concebida, impedindo que esta cidade conquiste um sistema de mobilidade adequado que tanto merece, incluindo os modais sobre trilhos.<\/p>\n<p>Bras\u00edlia nunca teve um sistema integrado de transporte coletivo digno de uma cidade que nasceu Capital da Rep\u00fablica e, com 25 anos de idade, tornou-se Patrim\u00f4nio da Humanidade. Esta grave defici\u00eancia, aliada ao seu acelerado crescimento populacional (impulsionado pela atra\u00e7\u00e3o demogr\u00e1fica em um pa\u00eds extremamente desigual) e \u00e0 populariza\u00e7\u00e3o do autom\u00f3vel, tornou Bras\u00edlia uma cidade abarrotada de ve\u00edculos, em sua maioria de uso predominantemente individual.<\/p>\n<p>Uma auspiciosa solu\u00e7\u00e3o de enorme potencial para o Plano Piloto, que independe de grandes investimentos do Poder P\u00fablico, mas de vontade pol\u00edtica, \u00e9 a regulamenta\u00e7\u00e3o de um transporte coletivo de pequeno porte (vans el\u00e9tricas), oferecendo um servi\u00e7o porta-a-porta, atendendo sob demanda via aplicativo de telefonia m\u00f3vel &#8211; mobilidade com capilaridade e transversalidade, da porta da resid\u00eancia \u00e0 porta do trabalho ou a outro modal de transporte. Esse servi\u00e7o, que se tornou vi\u00e1vel gra\u00e7as \u00e0 telefonia m\u00f3vel, \u00e0 tecnologia das redes sociais e \u00e0 velocidade de processamento da comunica\u00e7\u00e3o (mesmo antes do 5G), j\u00e1 \u00e9 praticado com sucesso em v\u00e1rias cidades do mundo, com pre\u00e7o muito reduzido, e revolucionar\u00e1 a mobilidade do brasiliense, podendo, em pouco tempo, desafogar o tr\u00e2nsito de autom\u00f3veis.<\/p>\n<p>O Transporte Coletivo por Aplicativo Porta-a-Porta deve ser apenas uma evolu\u00e7\u00e3o do atual transporte por aplicativo (que j\u00e1 tem atuado de forma compartilhada), e n\u00e3o um modal a cair na l\u00f3gica das bacias disputadas pelas empresas de \u00f4nibus, os quais seriam mais dedicados \u00e0s longas dist\u00e2ncias.<\/p>\n<p>Com um sistema integrado de transporte mais sustent\u00e1vel e mais barato, o brasiliense dispensar\u00e1, com gosto e com economia, seu autom\u00f3vel particular, que ficar\u00e1 restrito \u00e0s necessidades especiais, \u00e0s emerg\u00eancias e \u00e0s viagens de f\u00e9rias. As fam\u00edlias reduzir\u00e3o seu n\u00famero de carros a um ou dois, de modo que a m\u00e9dia ser\u00e1 de 1,5 autom\u00f3veis por habita\u00e7\u00e3o, aproximadamente o n\u00famero de vagas de estacionamento previsto no interior das quadras residenciais da Asa Sul e Asa Norte.<\/p>\n<p>Al\u00e9m disso, muitos servi\u00e7os j\u00e1 funcionam por entrega em casa. Muitas pessoas e empresas descobriram que o teletrabalho \u00e9 vi\u00e1vel, produtivo e at\u00e9 vantajoso em muitos casos. O com\u00e9rcio se reinventa, se espalha e se reaproxima dos clientes, reabilitando o conceito do Com\u00e9rcio Local entre as Superquadras. Logo ser\u00e1 imperativo e natural termos um digno sistema de mobilidade e n\u00e3o dependeremos tanto do transporte individual. Essa transforma\u00e7\u00e3o, verdadeira revolu\u00e7\u00e3o, profundo desejo do cidad\u00e3o comum brasileiro, se estender\u00e1 a outras cidades.<\/p>\n<p>A tecnologia vem mudando h\u00e1bitos em dire\u00e7\u00e3o \u00e0quele modo de vida profetizado pelo vision\u00e1rio urbanista Lucio Costa. Por isso, \u00e9 preciso resistir fortemente \u00e0s constantes press\u00f5es e lutar pela preserva\u00e7\u00e3o do Plano Urban\u00edstico de Bras\u00edlia, que foi concebido nessa linha e garantir\u00e1 a qualidade de vida que almejamos, servindo de inspira\u00e7\u00e3o para futuras cidades.<\/p>\n<p>\u00c9 preciso resistir \u00e0 tenta\u00e7\u00e3o das &#8220;solu\u00e7\u00f5es&#8221; imediatistas e de menor esfor\u00e7o que, na verdade, s\u00e3o paliativas ou ef\u00eameras, muitas vezes at\u00e9 contradit\u00f3rias, fontes de novos problemas. S\u00e3o aquelas mesmas e velhas &#8220;solu\u00e7\u00f5es&#8221; aplicadas a uma cidade qualquer quando enfrenta um aumento da frota de autom\u00f3veis.<\/p>\n<p>O mesmo governo que quer privatizar todos os estacionamentos p\u00fablicos alarga pistas, constr\u00f3i viadutos, coloca asfalto sobre o cerrado, abrindo mais espa\u00e7o para os autom\u00f3veis. Est\u00e1 claro que o objetivo maior do projeto Zona Verde n\u00e3o \u00e9 reduzir o n\u00famero de autom\u00f3veis e valorizar o transporte coletivo, mas criar mais uma fonte de receita.<\/p>\n<p>O Plano Piloto leva esse nome porque era para servir de exemplo, ou mesmo de modelo para as demais cidades. N\u00e3o estava na mente de Lucio Costa centralizar tudo em uma \u00fanica cidade. Taguatinga, N\u00facleo Bandeirante, Sobradinho, Gama, Brazlandia&#8230; seriam cidades independentes e n\u00e3o cidades-dormit\u00f3rio, seriam tratadas com identidade pr\u00f3pria e n\u00e3o como bairros de uma grande Bras\u00edlia &#8211; uma conurba\u00e7\u00e3o que alguns j\u00e1 come\u00e7am a julgar inevit\u00e1vel, com tantos loteamentos que v\u00e3o sendo criados, reduzindo a vegeta\u00e7\u00e3o nativa e gerando transtornos clim\u00e1ticos.<\/p>\n<p>A solu\u00e7\u00e3o que Bras\u00edlia sugere \u00e9 outra. As vans por aplicativo porta-a-porta, que poder\u00e3o transportar at\u00e9 18 passageiros, funcionar\u00e3o assim: os passageiros solicitam suas viagens via aplicativo de celular e s\u00e3o agrupados por rotas din\u00e2micas, calculadas quase instantaneamente conforme cada ponto de embarque detectado por GPS e o respectivo ponto escolhido para desembarque, sendo cada rota confiada a uma van que esteja mais pr\u00f3xima ao primeiro passageiro, conforme sua geolocaliza\u00e7\u00e3o. O pre\u00e7o que cada passageiro pagar\u00e1 ser\u00e1 m\u00f3dico e calculado proporcionalmente ao percurso de cada um em rela\u00e7\u00e3o ao percurso total da rota definida para atender a todos. O tempo de espera ser\u00e1 de poucos minutos e tamb\u00e9m informado pelo aplicativo. O sistema unir\u00e1 comodidade, economia e seguran\u00e7a para o passageiro poder se deslocar por curtas dist\u00e2ncias dentro da cidade, com v\u00e1rias op\u00e7\u00f5es de pagamento, inclusive pelo pr\u00f3prio aplicativo.<\/p>\n<p><strong>*Engenheiro, ex-presidente do CCAS \u2013 Conselho Comunit\u00e1rio da Asa Sul<\/strong><\/p>\n<p>&nbsp;<\/p>\n","protected":false},"excerpt":{"rendered":"<p>Bras\u00edlia, com seu desenho original e \u00fanico no mundo, sob o conceito de Unidades de Vizinhan\u00e7a, onde cada habitante do Plano Piloto alcan\u00e7a todos os bens e servi\u00e7os de primeira necessidade em menos de 500 metros, e os servi\u00e7os mais complexos num raio de 3 km, \u00e9 uma cidade muito \u00e0 frente do seu tempo. [&hellip;]<\/p>\n","protected":false},"author":2,"featured_media":301914,"comment_status":"closed","ping_status":"closed","sticky":false,"template":"","format":"standard","meta":{"_acf_changed":false,"footnotes":""},"categories":[161],"tags":[],"class_list":["post-301913","post","type-post","status-publish","format-standard","has-post-thumbnail","hentry","category-quadradinho-em-foco"],"acf":[],"yoast_head":"<!-- This site is optimized with the Yoast SEO plugin v27.2 - https:\/\/yoast.com\/product\/yoast-seo-wordpress\/ -->\n<title>Van com APP porta-a-porta vai desafogar tr\u00e2nsito - Notibras<\/title>\n<meta name=\"robots\" content=\"index, follow, max-snippet:-1, max-image-preview:large, max-video-preview:-1\" \/>\n<link rel=\"canonical\" href=\"https:\/\/www.notibras.com\/site\/van-com-app-porta-a-porta-vai-desafogar-transito\/\" \/>\n<meta property=\"og:locale\" content=\"pt_BR\" \/>\n<meta property=\"og:type\" content=\"article\" \/>\n<meta property=\"og:title\" content=\"Van com APP porta-a-porta vai desafogar tr\u00e2nsito - Notibras\" \/>\n<meta property=\"og:description\" content=\"Bras\u00edlia, com seu desenho original e \u00fanico no mundo, sob o conceito de Unidades de Vizinhan\u00e7a, onde cada habitante do Plano Piloto alcan\u00e7a todos os bens e servi\u00e7os de primeira necessidade em menos de 500 metros, e os servi\u00e7os mais complexos num raio de 3 km, \u00e9 uma cidade muito \u00e0 frente do seu tempo. [&hellip;]\" \/>\n<meta property=\"og:url\" content=\"https:\/\/www.notibras.com\/site\/van-com-app-porta-a-porta-vai-desafogar-transito\/\" \/>\n<meta property=\"og:site_name\" content=\"Notibras\" \/>\n<meta property=\"article:publisher\" content=\"https:\/\/www.facebook.com\/notibras\/\" \/>\n<meta property=\"article:published_time\" content=\"2023-03-29T20:26:26+00:00\" \/>\n<meta property=\"article:modified_time\" content=\"2023-03-29T21:01:13+00:00\" \/>\n<meta property=\"og:image\" content=\"https:\/\/www.notibras.com\/site\/wp-content\/uploads\/2023\/03\/cassarie.webp\" \/>\n\t<meta property=\"og:image:width\" content=\"984\" \/>\n\t<meta property=\"og:image:height\" content=\"656\" \/>\n\t<meta property=\"og:image:type\" content=\"image\/webp\" \/>\n<meta name=\"author\" content=\"Reda\u00e7\u00e3o\" \/>\n<meta name=\"twitter:card\" content=\"summary_large_image\" \/>\n<meta name=\"twitter:creator\" content=\"@Notibras\" \/>\n<meta name=\"twitter:site\" content=\"@Notibras\" \/>\n<meta name=\"twitter:label1\" content=\"Escrito por\" \/>\n\t<meta name=\"twitter:data1\" content=\"Reda\u00e7\u00e3o\" \/>\n\t<meta name=\"twitter:label2\" content=\"Est. tempo de leitura\" \/>\n\t<meta name=\"twitter:data2\" content=\"6 minutos\" \/>\n<script type=\"application\/ld+json\" class=\"yoast-schema-graph\">{\"@context\":\"https:\/\/schema.org\",\"@graph\":[{\"@type\":\"Article\",\"@id\":\"https:\/\/www.notibras.com\/site\/van-com-app-porta-a-porta-vai-desafogar-transito\/#article\",\"isPartOf\":{\"@id\":\"https:\/\/www.notibras.com\/site\/van-com-app-porta-a-porta-vai-desafogar-transito\/\"},\"author\":{\"name\":\"Reda\u00e7\u00e3o\",\"@id\":\"https:\/\/www.notibras.com\/site\/#\/schema\/person\/36ab0979449956132d3e5b517ea76ac8\"},\"headline\":\"Van com APP porta-a-porta vai desafogar tr\u00e2nsito\",\"datePublished\":\"2023-03-29T20:26:26+00:00\",\"dateModified\":\"2023-03-29T21:01:13+00:00\",\"mainEntityOfPage\":{\"@id\":\"https:\/\/www.notibras.com\/site\/van-com-app-porta-a-porta-vai-desafogar-transito\/\"},\"wordCount\":1086,\"publisher\":{\"@id\":\"https:\/\/www.notibras.com\/site\/#organization\"},\"image\":{\"@id\":\"https:\/\/www.notibras.com\/site\/van-com-app-porta-a-porta-vai-desafogar-transito\/#primaryimage\"},\"thumbnailUrl\":\"https:\/\/www.notibras.com\/site\/wp-content\/uploads\/2023\/03\/cassarie.webp\",\"articleSection\":[\"Quadradinho em Foco\"],\"inLanguage\":\"pt-BR\"},{\"@type\":\"WebPage\",\"@id\":\"https:\/\/www.notibras.com\/site\/van-com-app-porta-a-porta-vai-desafogar-transito\/\",\"url\":\"https:\/\/www.notibras.com\/site\/van-com-app-porta-a-porta-vai-desafogar-transito\/\",\"name\":\"Van com APP porta-a-porta vai desafogar tr\u00e2nsito - Notibras\",\"isPartOf\":{\"@id\":\"https:\/\/www.notibras.com\/site\/#website\"},\"primaryImageOfPage\":{\"@id\":\"https:\/\/www.notibras.com\/site\/van-com-app-porta-a-porta-vai-desafogar-transito\/#primaryimage\"},\"image\":{\"@id\":\"https:\/\/www.notibras.com\/site\/van-com-app-porta-a-porta-vai-desafogar-transito\/#primaryimage\"},\"thumbnailUrl\":\"https:\/\/www.notibras.com\/site\/wp-content\/uploads\/2023\/03\/cassarie.webp\",\"datePublished\":\"2023-03-29T20:26:26+00:00\",\"dateModified\":\"2023-03-29T21:01:13+00:00\",\"breadcrumb\":{\"@id\":\"https:\/\/www.notibras.com\/site\/van-com-app-porta-a-porta-vai-desafogar-transito\/#breadcrumb\"},\"inLanguage\":\"pt-BR\",\"potentialAction\":[{\"@type\":\"ReadAction\",\"target\":[\"https:\/\/www.notibras.com\/site\/van-com-app-porta-a-porta-vai-desafogar-transito\/\"]}]},{\"@type\":\"ImageObject\",\"inLanguage\":\"pt-BR\",\"@id\":\"https:\/\/www.notibras.com\/site\/van-com-app-porta-a-porta-vai-desafogar-transito\/#primaryimage\",\"url\":\"https:\/\/www.notibras.com\/site\/wp-content\/uploads\/2023\/03\/cassarie.webp\",\"contentUrl\":\"https:\/\/www.notibras.com\/site\/wp-content\/uploads\/2023\/03\/cassarie.webp\",\"width\":984,\"height\":656},{\"@type\":\"BreadcrumbList\",\"@id\":\"https:\/\/www.notibras.com\/site\/van-com-app-porta-a-porta-vai-desafogar-transito\/#breadcrumb\",\"itemListElement\":[{\"@type\":\"ListItem\",\"position\":1,\"name\":\"In\u00edcio\",\"item\":\"https:\/\/www.notibras.com\/site\/\"},{\"@type\":\"ListItem\",\"position\":2,\"name\":\"Van com APP porta-a-porta vai desafogar tr\u00e2nsito\"}]},{\"@type\":\"WebSite\",\"@id\":\"https:\/\/www.notibras.com\/site\/#website\",\"url\":\"https:\/\/www.notibras.com\/site\/\",\"name\":\"Notibras\",\"description\":\"Not\u00edcias de Bras\u00edlia, do Brasil e do Mundo\",\"publisher\":{\"@id\":\"https:\/\/www.notibras.com\/site\/#organization\"},\"potentialAction\":[{\"@type\":\"SearchAction\",\"target\":{\"@type\":\"EntryPoint\",\"urlTemplate\":\"https:\/\/www.notibras.com\/site\/?s={search_term_string}\"},\"query-input\":{\"@type\":\"PropertyValueSpecification\",\"valueRequired\":true,\"valueName\":\"search_term_string\"}}],\"inLanguage\":\"pt-BR\"},{\"@type\":\"Organization\",\"@id\":\"https:\/\/www.notibras.com\/site\/#organization\",\"name\":\"Grupo Notibras de Comunica\u00e7\u00e3o\",\"url\":\"https:\/\/www.notibras.com\/site\/\",\"logo\":{\"@type\":\"ImageObject\",\"inLanguage\":\"pt-BR\",\"@id\":\"https:\/\/www.notibras.com\/site\/#\/schema\/logo\/image\/\",\"url\":\"https:\/\/www.notibras.com\/site\/wp-content\/uploads\/2023\/01\/notibras23.png\",\"contentUrl\":\"https:\/\/www.notibras.com\/site\/wp-content\/uploads\/2023\/01\/notibras23.png\",\"width\":350,\"height\":87,\"caption\":\"Grupo Notibras de Comunica\u00e7\u00e3o\"},\"image\":{\"@id\":\"https:\/\/www.notibras.com\/site\/#\/schema\/logo\/image\/\"},\"sameAs\":[\"https:\/\/www.facebook.com\/notibras\/\",\"https:\/\/x.com\/Notibras\",\"https:\/\/www.instagram.com\/notibras\/\"]},{\"@type\":\"Person\",\"@id\":\"https:\/\/www.notibras.com\/site\/#\/schema\/person\/36ab0979449956132d3e5b517ea76ac8\",\"name\":\"Reda\u00e7\u00e3o\",\"image\":{\"@type\":\"ImageObject\",\"inLanguage\":\"pt-BR\",\"@id\":\"https:\/\/secure.gravatar.com\/avatar\/e0a867bdedb85fd243eadf09663511f96fc81e0720a4a42581f334ad4303aa6b?s=96&d=mm&r=g\",\"url\":\"https:\/\/secure.gravatar.com\/avatar\/e0a867bdedb85fd243eadf09663511f96fc81e0720a4a42581f334ad4303aa6b?s=96&d=mm&r=g\",\"contentUrl\":\"https:\/\/secure.gravatar.com\/avatar\/e0a867bdedb85fd243eadf09663511f96fc81e0720a4a42581f334ad4303aa6b?s=96&d=mm&r=g\",\"caption\":\"Reda\u00e7\u00e3o\"}}]}<\/script>\n<!-- \/ Yoast SEO plugin. -->","yoast_head_json":{"title":"Van com APP porta-a-porta vai desafogar tr\u00e2nsito - Notibras","robots":{"index":"index","follow":"follow","max-snippet":"max-snippet:-1","max-image-preview":"max-image-preview:large","max-video-preview":"max-video-preview:-1"},"canonical":"https:\/\/www.notibras.com\/site\/van-com-app-porta-a-porta-vai-desafogar-transito\/","og_locale":"pt_BR","og_type":"article","og_title":"Van com APP porta-a-porta vai desafogar tr\u00e2nsito - Notibras","og_description":"Bras\u00edlia, com seu desenho original e \u00fanico no mundo, sob o conceito de Unidades de Vizinhan\u00e7a, onde cada habitante do Plano Piloto alcan\u00e7a todos os bens e servi\u00e7os de primeira necessidade em menos de 500 metros, e os servi\u00e7os mais complexos num raio de 3 km, \u00e9 uma cidade muito \u00e0 frente do seu tempo. [&hellip;]","og_url":"https:\/\/www.notibras.com\/site\/van-com-app-porta-a-porta-vai-desafogar-transito\/","og_site_name":"Notibras","article_publisher":"https:\/\/www.facebook.com\/notibras\/","article_published_time":"2023-03-29T20:26:26+00:00","article_modified_time":"2023-03-29T21:01:13+00:00","og_image":[{"width":984,"height":656,"url":"https:\/\/www.notibras.com\/site\/wp-content\/uploads\/2023\/03\/cassarie.webp","type":"image\/webp"}],"author":"Reda\u00e7\u00e3o","twitter_card":"summary_large_image","twitter_creator":"@Notibras","twitter_site":"@Notibras","twitter_misc":{"Escrito por":"Reda\u00e7\u00e3o","Est. tempo de leitura":"6 minutos"},"schema":{"@context":"https:\/\/schema.org","@graph":[{"@type":"Article","@id":"https:\/\/www.notibras.com\/site\/van-com-app-porta-a-porta-vai-desafogar-transito\/#article","isPartOf":{"@id":"https:\/\/www.notibras.com\/site\/van-com-app-porta-a-porta-vai-desafogar-transito\/"},"author":{"name":"Reda\u00e7\u00e3o","@id":"https:\/\/www.notibras.com\/site\/#\/schema\/person\/36ab0979449956132d3e5b517ea76ac8"},"headline":"Van com APP porta-a-porta vai desafogar tr\u00e2nsito","datePublished":"2023-03-29T20:26:26+00:00","dateModified":"2023-03-29T21:01:13+00:00","mainEntityOfPage":{"@id":"https:\/\/www.notibras.com\/site\/van-com-app-porta-a-porta-vai-desafogar-transito\/"},"wordCount":1086,"publisher":{"@id":"https:\/\/www.notibras.com\/site\/#organization"},"image":{"@id":"https:\/\/www.notibras.com\/site\/van-com-app-porta-a-porta-vai-desafogar-transito\/#primaryimage"},"thumbnailUrl":"https:\/\/www.notibras.com\/site\/wp-content\/uploads\/2023\/03\/cassarie.webp","articleSection":["Quadradinho em Foco"],"inLanguage":"pt-BR"},{"@type":"WebPage","@id":"https:\/\/www.notibras.com\/site\/van-com-app-porta-a-porta-vai-desafogar-transito\/","url":"https:\/\/www.notibras.com\/site\/van-com-app-porta-a-porta-vai-desafogar-transito\/","name":"Van com APP porta-a-porta vai desafogar tr\u00e2nsito - Notibras","isPartOf":{"@id":"https:\/\/www.notibras.com\/site\/#website"},"primaryImageOfPage":{"@id":"https:\/\/www.notibras.com\/site\/van-com-app-porta-a-porta-vai-desafogar-transito\/#primaryimage"},"image":{"@id":"https:\/\/www.notibras.com\/site\/van-com-app-porta-a-porta-vai-desafogar-transito\/#primaryimage"},"thumbnailUrl":"https:\/\/www.notibras.com\/site\/wp-content\/uploads\/2023\/03\/cassarie.webp","datePublished":"2023-03-29T20:26:26+00:00","dateModified":"2023-03-29T21:01:13+00:00","breadcrumb":{"@id":"https:\/\/www.notibras.com\/site\/van-com-app-porta-a-porta-vai-desafogar-transito\/#breadcrumb"},"inLanguage":"pt-BR","potentialAction":[{"@type":"ReadAction","target":["https:\/\/www.notibras.com\/site\/van-com-app-porta-a-porta-vai-desafogar-transito\/"]}]},{"@type":"ImageObject","inLanguage":"pt-BR","@id":"https:\/\/www.notibras.com\/site\/van-com-app-porta-a-porta-vai-desafogar-transito\/#primaryimage","url":"https:\/\/www.notibras.com\/site\/wp-content\/uploads\/2023\/03\/cassarie.webp","contentUrl":"https:\/\/www.notibras.com\/site\/wp-content\/uploads\/2023\/03\/cassarie.webp","width":984,"height":656},{"@type":"BreadcrumbList","@id":"https:\/\/www.notibras.com\/site\/van-com-app-porta-a-porta-vai-desafogar-transito\/#breadcrumb","itemListElement":[{"@type":"ListItem","position":1,"name":"In\u00edcio","item":"https:\/\/www.notibras.com\/site\/"},{"@type":"ListItem","position":2,"name":"Van com APP porta-a-porta vai desafogar tr\u00e2nsito"}]},{"@type":"WebSite","@id":"https:\/\/www.notibras.com\/site\/#website","url":"https:\/\/www.notibras.com\/site\/","name":"Notibras","description":"Not\u00edcias de Bras\u00edlia, do Brasil e do Mundo","publisher":{"@id":"https:\/\/www.notibras.com\/site\/#organization"},"potentialAction":[{"@type":"SearchAction","target":{"@type":"EntryPoint","urlTemplate":"https:\/\/www.notibras.com\/site\/?s={search_term_string}"},"query-input":{"@type":"PropertyValueSpecification","valueRequired":true,"valueName":"search_term_string"}}],"inLanguage":"pt-BR"},{"@type":"Organization","@id":"https:\/\/www.notibras.com\/site\/#organization","name":"Grupo Notibras de Comunica\u00e7\u00e3o","url":"https:\/\/www.notibras.com\/site\/","logo":{"@type":"ImageObject","inLanguage":"pt-BR","@id":"https:\/\/www.notibras.com\/site\/#\/schema\/logo\/image\/","url":"https:\/\/www.notibras.com\/site\/wp-content\/uploads\/2023\/01\/notibras23.png","contentUrl":"https:\/\/www.notibras.com\/site\/wp-content\/uploads\/2023\/01\/notibras23.png","width":350,"height":87,"caption":"Grupo Notibras de Comunica\u00e7\u00e3o"},"image":{"@id":"https:\/\/www.notibras.com\/site\/#\/schema\/logo\/image\/"},"sameAs":["https:\/\/www.facebook.com\/notibras\/","https:\/\/x.com\/Notibras","https:\/\/www.instagram.com\/notibras\/"]},{"@type":"Person","@id":"https:\/\/www.notibras.com\/site\/#\/schema\/person\/36ab0979449956132d3e5b517ea76ac8","name":"Reda\u00e7\u00e3o","image":{"@type":"ImageObject","inLanguage":"pt-BR","@id":"https:\/\/secure.gravatar.com\/avatar\/e0a867bdedb85fd243eadf09663511f96fc81e0720a4a42581f334ad4303aa6b?s=96&d=mm&r=g","url":"https:\/\/secure.gravatar.com\/avatar\/e0a867bdedb85fd243eadf09663511f96fc81e0720a4a42581f334ad4303aa6b?s=96&d=mm&r=g","contentUrl":"https:\/\/secure.gravatar.com\/avatar\/e0a867bdedb85fd243eadf09663511f96fc81e0720a4a42581f334ad4303aa6b?s=96&d=mm&r=g","caption":"Reda\u00e7\u00e3o"}}]}},"amp_enabled":true,"_links":{"self":[{"href":"https:\/\/www.notibras.com\/site\/wp-json\/wp\/v2\/posts\/301913","targetHints":{"allow":["GET"]}}],"collection":[{"href":"https:\/\/www.notibras.com\/site\/wp-json\/wp\/v2\/posts"}],"about":[{"href":"https:\/\/www.notibras.com\/site\/wp-json\/wp\/v2\/types\/post"}],"author":[{"embeddable":true,"href":"https:\/\/www.notibras.com\/site\/wp-json\/wp\/v2\/users\/2"}],"replies":[{"embeddable":true,"href":"https:\/\/www.notibras.com\/site\/wp-json\/wp\/v2\/comments?post=301913"}],"version-history":[{"count":7,"href":"https:\/\/www.notibras.com\/site\/wp-json\/wp\/v2\/posts\/301913\/revisions"}],"predecessor-version":[{"id":301921,"href":"https:\/\/www.notibras.com\/site\/wp-json\/wp\/v2\/posts\/301913\/revisions\/301921"}],"wp:featuredmedia":[{"embeddable":true,"href":"https:\/\/www.notibras.com\/site\/wp-json\/wp\/v2\/media\/301914"}],"wp:attachment":[{"href":"https:\/\/www.notibras.com\/site\/wp-json\/wp\/v2\/media?parent=301913"}],"wp:term":[{"taxonomy":"category","embeddable":true,"href":"https:\/\/www.notibras.com\/site\/wp-json\/wp\/v2\/categories?post=301913"},{"taxonomy":"post_tag","embeddable":true,"href":"https:\/\/www.notibras.com\/site\/wp-json\/wp\/v2\/tags?post=301913"}],"curies":[{"name":"wp","href":"https:\/\/api.w.org\/{rel}","templated":true}]}}