{"id":301963,"date":"2023-03-30T11:46:26","date_gmt":"2023-03-30T14:46:26","guid":{"rendered":"https:\/\/www.notibras.com\/site\/?p=301963"},"modified":"2023-03-30T11:48:24","modified_gmt":"2023-03-30T14:48:24","slug":"manu-deixa-odorico-com-gata-e-vai-curtir-praia","status":"publish","type":"post","link":"https:\/\/www.notibras.com\/site\/manu-deixa-odorico-com-gata-e-vai-curtir-praia\/","title":{"rendered":"Manu deixa Odorico com &#8216;gata&#8217; e vai curtir praia"},"content":{"rendered":"<p>O tra\u00e7o mais marcante de Emanuela, a Manu, era a sua paci\u00eancia com Odorico, um traste de marido. Se ele deixasse derramar a cerveja no tapete, l\u00e1 ia a mulher passar pano. Ela, ali\u00e1s, passava pano para todas as sujeiras do Odorico, at\u00e9 mesmo quando ele se envolveu com a Lucinha, a beldade de 18 anos da 709 Norte. Coisas de homem, ela dizia, como se aquilo fosse algo da natureza e, por isso, era mais forte que a raz\u00e3o do esposo. Odorico, no final das contas, era v\u00edtima do pobre destino da masculinidade.<\/p>\n<p>Aos 38, Manu passara a vida aos p\u00e9s do pai, do irm\u00e3o e, h\u00e1 quase duas d\u00e9cadas, do marido. Ela havia sido muito bem ensinada pela m\u00e3e, que tamb\u00e9m o fora pela av\u00f3, que ainda carregava os ensinamentos da bisav\u00f3. Vida de mulher \u00e9 assim mesmo e, dessa forma, Manu seguia a sua sina.<\/p>\n<p>Carregada de dores, t\u00e3o comuns nas costas, nas pernas, nos p\u00e9s, nos bra\u00e7os, a mulher sonhava com a hora da novela. Sim, pois esse era justamente o momento em que tirava tanto peso sobre os ombros e podia, ent\u00e3o, se esparramar no sof\u00e1 da sala sem mais nada para fazer at\u00e9 a manh\u00e3 seguinte, quando o mart\u00edrio recome\u00e7aria.<\/p>\n<p>\u00c9 verdade que, vez ou outra, Odorico, pregui\u00e7oso como ele s\u00f3, afundado naquela poltrona ao lado, esticava o bra\u00e7o. Manu sabia que era o sinal do desejo de mais uma latinha de cerveja. Ela se levantava, ia at\u00e9 a cozinha, abria a geladeira e retornava com a geladinha para satisfazer o desejo do senhor seu marido. Mas o que era isso perto de varrer, lavar, esfregar, passar, cozinhar? Brigar por ninharia era bobagem!<\/p>\n<p>Certa feita, Odorico quis porque quis fazer uma feijoada em casa. Convidou a vizinhan\u00e7a inteira. Pois \u00e9, inteira! At\u00e9 a Lucinha, aquela beldade de 18 anos, agora com quase 19, compareceu. Foi um festival de pratos, talheres, copos! Tudo devidamente jogado pelos cantos da casa.<\/p>\n<p>Manu, do alto de tamanha paci\u00eancia, foi catando cada item e deixando sobre a pia da cozinha, que, \u00e0quela altura, estava abarrotada. J\u00e1 ia come\u00e7ar a lavar, quando ouviu o chamado do Odorico. Ele queria mais uma cerveja estupidamente gelada. A mulher abriu a geladeira, pegou a tal latinha e foi em dire\u00e7\u00e3o \u00e0 sala, onde encontrou o marido de gracinha com a Lucinha.<\/p>\n<p>A mocinha estava sentada no colo do Odorico. Manu, esposa mais que dedicada, deixou a latinha sobre a mesinha ao lado. At\u00e9 o homem percebeu que havia passado dos limites. Tentou remendar, mas foi prontamente repelido pela mulher, que disse: &#8220;Fui ali. O dever chama aos berros!&#8221;<\/p>\n<p>Manu foi e, at\u00e9 onde se sabe, nunca mais voltou. Dizem que anda pelas bandas de Conde, munic\u00edpio da Para\u00edba. Livre de tantas obriga\u00e7\u00f5es, parece que virou frequentadora ass\u00eddua da praia de Tambaba, onde costuma desfilar toda sua nudez sem qualquer pudor. Ah, e a \u00fanica geladinha que ela p\u00f5e na m\u00e3o \u00e9 aquela que leva aos pr\u00f3prios l\u00e1bios, enquanto as ondas da praia lhe lambem os p\u00e9s. Ali\u00e1s, p\u00e9s descal\u00e7os!<\/p>\n","protected":false},"excerpt":{"rendered":"<p>O tra\u00e7o mais marcante de Emanuela, a Manu, era a sua paci\u00eancia com Odorico, um traste de marido. Se ele deixasse derramar a cerveja no tapete, l\u00e1 ia a mulher passar pano. Ela, ali\u00e1s, passava pano para todas as sujeiras do Odorico, at\u00e9 mesmo quando ele se envolveu com a Lucinha, a beldade de 18 [&hellip;]<\/p>\n","protected":false},"author":2,"featured_media":301964,"comment_status":"closed","ping_status":"closed","sticky":false,"template":"","format":"standard","meta":{"_acf_changed":false,"footnotes":""},"categories":[161],"tags":[],"class_list":["post-301963","post","type-post","status-publish","format-standard","has-post-thumbnail","hentry","category-quadradinho-em-foco"],"acf":[],"yoast_head":"<!-- This site is optimized with the Yoast SEO plugin v27.2 - https:\/\/yoast.com\/product\/yoast-seo-wordpress\/ -->\n<title>Manu deixa Odorico com &#039;gata&#039; e vai curtir praia - Notibras<\/title>\n<meta name=\"robots\" content=\"index, follow, max-snippet:-1, max-image-preview:large, max-video-preview:-1\" \/>\n<link rel=\"canonical\" href=\"https:\/\/www.notibras.com\/site\/manu-deixa-odorico-com-gata-e-vai-curtir-praia\/\" \/>\n<meta property=\"og:locale\" content=\"pt_BR\" \/>\n<meta property=\"og:type\" content=\"article\" \/>\n<meta property=\"og:title\" content=\"Manu deixa Odorico com &#039;gata&#039; e vai curtir praia - Notibras\" \/>\n<meta property=\"og:description\" content=\"O tra\u00e7o mais marcante de Emanuela, a Manu, era a sua paci\u00eancia com Odorico, um traste de marido. Se ele deixasse derramar a cerveja no tapete, l\u00e1 ia a mulher passar pano. Ela, ali\u00e1s, passava pano para todas as sujeiras do Odorico, at\u00e9 mesmo quando ele se envolveu com a Lucinha, a beldade de 18 [&hellip;]\" \/>\n<meta property=\"og:url\" content=\"https:\/\/www.notibras.com\/site\/manu-deixa-odorico-com-gata-e-vai-curtir-praia\/\" \/>\n<meta property=\"og:site_name\" content=\"Notibras\" \/>\n<meta property=\"article:publisher\" content=\"https:\/\/www.facebook.com\/notibras\/\" \/>\n<meta property=\"article:published_time\" content=\"2023-03-30T14:46:26+00:00\" \/>\n<meta property=\"article:modified_time\" content=\"2023-03-30T14:48:24+00:00\" \/>\n<meta property=\"og:image\" content=\"https:\/\/www.notibras.com\/site\/wp-content\/uploads\/2023\/03\/manu.jpg\" \/>\n\t<meta property=\"og:image:width\" content=\"740\" \/>\n\t<meta property=\"og:image:height\" content=\"493\" \/>\n\t<meta property=\"og:image:type\" content=\"image\/jpeg\" \/>\n<meta name=\"author\" content=\"Reda\u00e7\u00e3o\" \/>\n<meta name=\"twitter:card\" content=\"summary_large_image\" \/>\n<meta name=\"twitter:creator\" content=\"@Notibras\" \/>\n<meta name=\"twitter:site\" content=\"@Notibras\" \/>\n<meta name=\"twitter:label1\" content=\"Escrito por\" \/>\n\t<meta name=\"twitter:data1\" content=\"Reda\u00e7\u00e3o\" \/>\n\t<meta name=\"twitter:label2\" content=\"Est. tempo de leitura\" \/>\n\t<meta name=\"twitter:data2\" content=\"3 minutos\" \/>\n<script type=\"application\/ld+json\" class=\"yoast-schema-graph\">{\"@context\":\"https:\/\/schema.org\",\"@graph\":[{\"@type\":\"Article\",\"@id\":\"https:\/\/www.notibras.com\/site\/manu-deixa-odorico-com-gata-e-vai-curtir-praia\/#article\",\"isPartOf\":{\"@id\":\"https:\/\/www.notibras.com\/site\/manu-deixa-odorico-com-gata-e-vai-curtir-praia\/\"},\"author\":{\"name\":\"Reda\u00e7\u00e3o\",\"@id\":\"https:\/\/www.notibras.com\/site\/#\/schema\/person\/36ab0979449956132d3e5b517ea76ac8\"},\"headline\":\"Manu deixa Odorico com &#8216;gata&#8217; e vai curtir praia\",\"datePublished\":\"2023-03-30T14:46:26+00:00\",\"dateModified\":\"2023-03-30T14:48:24+00:00\",\"mainEntityOfPage\":{\"@id\":\"https:\/\/www.notibras.com\/site\/manu-deixa-odorico-com-gata-e-vai-curtir-praia\/\"},\"wordCount\":539,\"publisher\":{\"@id\":\"https:\/\/www.notibras.com\/site\/#organization\"},\"image\":{\"@id\":\"https:\/\/www.notibras.com\/site\/manu-deixa-odorico-com-gata-e-vai-curtir-praia\/#primaryimage\"},\"thumbnailUrl\":\"https:\/\/www.notibras.com\/site\/wp-content\/uploads\/2023\/03\/manu.jpg\",\"articleSection\":[\"Quadradinho em Foco\"],\"inLanguage\":\"pt-BR\"},{\"@type\":\"WebPage\",\"@id\":\"https:\/\/www.notibras.com\/site\/manu-deixa-odorico-com-gata-e-vai-curtir-praia\/\",\"url\":\"https:\/\/www.notibras.com\/site\/manu-deixa-odorico-com-gata-e-vai-curtir-praia\/\",\"name\":\"Manu deixa Odorico com 'gata' e vai curtir praia - Notibras\",\"isPartOf\":{\"@id\":\"https:\/\/www.notibras.com\/site\/#website\"},\"primaryImageOfPage\":{\"@id\":\"https:\/\/www.notibras.com\/site\/manu-deixa-odorico-com-gata-e-vai-curtir-praia\/#primaryimage\"},\"image\":{\"@id\":\"https:\/\/www.notibras.com\/site\/manu-deixa-odorico-com-gata-e-vai-curtir-praia\/#primaryimage\"},\"thumbnailUrl\":\"https:\/\/www.notibras.com\/site\/wp-content\/uploads\/2023\/03\/manu.jpg\",\"datePublished\":\"2023-03-30T14:46:26+00:00\",\"dateModified\":\"2023-03-30T14:48:24+00:00\",\"breadcrumb\":{\"@id\":\"https:\/\/www.notibras.com\/site\/manu-deixa-odorico-com-gata-e-vai-curtir-praia\/#breadcrumb\"},\"inLanguage\":\"pt-BR\",\"potentialAction\":[{\"@type\":\"ReadAction\",\"target\":[\"https:\/\/www.notibras.com\/site\/manu-deixa-odorico-com-gata-e-vai-curtir-praia\/\"]}]},{\"@type\":\"ImageObject\",\"inLanguage\":\"pt-BR\",\"@id\":\"https:\/\/www.notibras.com\/site\/manu-deixa-odorico-com-gata-e-vai-curtir-praia\/#primaryimage\",\"url\":\"https:\/\/www.notibras.com\/site\/wp-content\/uploads\/2023\/03\/manu.jpg\",\"contentUrl\":\"https:\/\/www.notibras.com\/site\/wp-content\/uploads\/2023\/03\/manu.jpg\",\"width\":740,\"height\":493},{\"@type\":\"BreadcrumbList\",\"@id\":\"https:\/\/www.notibras.com\/site\/manu-deixa-odorico-com-gata-e-vai-curtir-praia\/#breadcrumb\",\"itemListElement\":[{\"@type\":\"ListItem\",\"position\":1,\"name\":\"In\u00edcio\",\"item\":\"https:\/\/www.notibras.com\/site\/\"},{\"@type\":\"ListItem\",\"position\":2,\"name\":\"Manu deixa Odorico com &#8216;gata&#8217; e vai curtir praia\"}]},{\"@type\":\"WebSite\",\"@id\":\"https:\/\/www.notibras.com\/site\/#website\",\"url\":\"https:\/\/www.notibras.com\/site\/\",\"name\":\"Notibras\",\"description\":\"Not\u00edcias de Bras\u00edlia, do Brasil e do Mundo\",\"publisher\":{\"@id\":\"https:\/\/www.notibras.com\/site\/#organization\"},\"potentialAction\":[{\"@type\":\"SearchAction\",\"target\":{\"@type\":\"EntryPoint\",\"urlTemplate\":\"https:\/\/www.notibras.com\/site\/?s={search_term_string}\"},\"query-input\":{\"@type\":\"PropertyValueSpecification\",\"valueRequired\":true,\"valueName\":\"search_term_string\"}}],\"inLanguage\":\"pt-BR\"},{\"@type\":\"Organization\",\"@id\":\"https:\/\/www.notibras.com\/site\/#organization\",\"name\":\"Grupo Notibras de Comunica\u00e7\u00e3o\",\"url\":\"https:\/\/www.notibras.com\/site\/\",\"logo\":{\"@type\":\"ImageObject\",\"inLanguage\":\"pt-BR\",\"@id\":\"https:\/\/www.notibras.com\/site\/#\/schema\/logo\/image\/\",\"url\":\"https:\/\/www.notibras.com\/site\/wp-content\/uploads\/2023\/01\/notibras23.png\",\"contentUrl\":\"https:\/\/www.notibras.com\/site\/wp-content\/uploads\/2023\/01\/notibras23.png\",\"width\":350,\"height\":87,\"caption\":\"Grupo Notibras de Comunica\u00e7\u00e3o\"},\"image\":{\"@id\":\"https:\/\/www.notibras.com\/site\/#\/schema\/logo\/image\/\"},\"sameAs\":[\"https:\/\/www.facebook.com\/notibras\/\",\"https:\/\/x.com\/Notibras\",\"https:\/\/www.instagram.com\/notibras\/\"]},{\"@type\":\"Person\",\"@id\":\"https:\/\/www.notibras.com\/site\/#\/schema\/person\/36ab0979449956132d3e5b517ea76ac8\",\"name\":\"Reda\u00e7\u00e3o\",\"image\":{\"@type\":\"ImageObject\",\"inLanguage\":\"pt-BR\",\"@id\":\"https:\/\/secure.gravatar.com\/avatar\/e0a867bdedb85fd243eadf09663511f96fc81e0720a4a42581f334ad4303aa6b?s=96&d=mm&r=g\",\"url\":\"https:\/\/secure.gravatar.com\/avatar\/e0a867bdedb85fd243eadf09663511f96fc81e0720a4a42581f334ad4303aa6b?s=96&d=mm&r=g\",\"contentUrl\":\"https:\/\/secure.gravatar.com\/avatar\/e0a867bdedb85fd243eadf09663511f96fc81e0720a4a42581f334ad4303aa6b?s=96&d=mm&r=g\",\"caption\":\"Reda\u00e7\u00e3o\"}}]}<\/script>\n<!-- \/ Yoast SEO plugin. -->","yoast_head_json":{"title":"Manu deixa Odorico com 'gata' e vai curtir praia - Notibras","robots":{"index":"index","follow":"follow","max-snippet":"max-snippet:-1","max-image-preview":"max-image-preview:large","max-video-preview":"max-video-preview:-1"},"canonical":"https:\/\/www.notibras.com\/site\/manu-deixa-odorico-com-gata-e-vai-curtir-praia\/","og_locale":"pt_BR","og_type":"article","og_title":"Manu deixa Odorico com 'gata' e vai curtir praia - Notibras","og_description":"O tra\u00e7o mais marcante de Emanuela, a Manu, era a sua paci\u00eancia com Odorico, um traste de marido. Se ele deixasse derramar a cerveja no tapete, l\u00e1 ia a mulher passar pano. Ela, ali\u00e1s, passava pano para todas as sujeiras do Odorico, at\u00e9 mesmo quando ele se envolveu com a Lucinha, a beldade de 18 [&hellip;]","og_url":"https:\/\/www.notibras.com\/site\/manu-deixa-odorico-com-gata-e-vai-curtir-praia\/","og_site_name":"Notibras","article_publisher":"https:\/\/www.facebook.com\/notibras\/","article_published_time":"2023-03-30T14:46:26+00:00","article_modified_time":"2023-03-30T14:48:24+00:00","og_image":[{"width":740,"height":493,"url":"https:\/\/www.notibras.com\/site\/wp-content\/uploads\/2023\/03\/manu.jpg","type":"image\/jpeg"}],"author":"Reda\u00e7\u00e3o","twitter_card":"summary_large_image","twitter_creator":"@Notibras","twitter_site":"@Notibras","twitter_misc":{"Escrito por":"Reda\u00e7\u00e3o","Est. tempo de leitura":"3 minutos"},"schema":{"@context":"https:\/\/schema.org","@graph":[{"@type":"Article","@id":"https:\/\/www.notibras.com\/site\/manu-deixa-odorico-com-gata-e-vai-curtir-praia\/#article","isPartOf":{"@id":"https:\/\/www.notibras.com\/site\/manu-deixa-odorico-com-gata-e-vai-curtir-praia\/"},"author":{"name":"Reda\u00e7\u00e3o","@id":"https:\/\/www.notibras.com\/site\/#\/schema\/person\/36ab0979449956132d3e5b517ea76ac8"},"headline":"Manu deixa Odorico com &#8216;gata&#8217; e vai curtir praia","datePublished":"2023-03-30T14:46:26+00:00","dateModified":"2023-03-30T14:48:24+00:00","mainEntityOfPage":{"@id":"https:\/\/www.notibras.com\/site\/manu-deixa-odorico-com-gata-e-vai-curtir-praia\/"},"wordCount":539,"publisher":{"@id":"https:\/\/www.notibras.com\/site\/#organization"},"image":{"@id":"https:\/\/www.notibras.com\/site\/manu-deixa-odorico-com-gata-e-vai-curtir-praia\/#primaryimage"},"thumbnailUrl":"https:\/\/www.notibras.com\/site\/wp-content\/uploads\/2023\/03\/manu.jpg","articleSection":["Quadradinho em Foco"],"inLanguage":"pt-BR"},{"@type":"WebPage","@id":"https:\/\/www.notibras.com\/site\/manu-deixa-odorico-com-gata-e-vai-curtir-praia\/","url":"https:\/\/www.notibras.com\/site\/manu-deixa-odorico-com-gata-e-vai-curtir-praia\/","name":"Manu deixa Odorico com 'gata' e vai curtir praia - Notibras","isPartOf":{"@id":"https:\/\/www.notibras.com\/site\/#website"},"primaryImageOfPage":{"@id":"https:\/\/www.notibras.com\/site\/manu-deixa-odorico-com-gata-e-vai-curtir-praia\/#primaryimage"},"image":{"@id":"https:\/\/www.notibras.com\/site\/manu-deixa-odorico-com-gata-e-vai-curtir-praia\/#primaryimage"},"thumbnailUrl":"https:\/\/www.notibras.com\/site\/wp-content\/uploads\/2023\/03\/manu.jpg","datePublished":"2023-03-30T14:46:26+00:00","dateModified":"2023-03-30T14:48:24+00:00","breadcrumb":{"@id":"https:\/\/www.notibras.com\/site\/manu-deixa-odorico-com-gata-e-vai-curtir-praia\/#breadcrumb"},"inLanguage":"pt-BR","potentialAction":[{"@type":"ReadAction","target":["https:\/\/www.notibras.com\/site\/manu-deixa-odorico-com-gata-e-vai-curtir-praia\/"]}]},{"@type":"ImageObject","inLanguage":"pt-BR","@id":"https:\/\/www.notibras.com\/site\/manu-deixa-odorico-com-gata-e-vai-curtir-praia\/#primaryimage","url":"https:\/\/www.notibras.com\/site\/wp-content\/uploads\/2023\/03\/manu.jpg","contentUrl":"https:\/\/www.notibras.com\/site\/wp-content\/uploads\/2023\/03\/manu.jpg","width":740,"height":493},{"@type":"BreadcrumbList","@id":"https:\/\/www.notibras.com\/site\/manu-deixa-odorico-com-gata-e-vai-curtir-praia\/#breadcrumb","itemListElement":[{"@type":"ListItem","position":1,"name":"In\u00edcio","item":"https:\/\/www.notibras.com\/site\/"},{"@type":"ListItem","position":2,"name":"Manu deixa Odorico com &#8216;gata&#8217; e vai curtir praia"}]},{"@type":"WebSite","@id":"https:\/\/www.notibras.com\/site\/#website","url":"https:\/\/www.notibras.com\/site\/","name":"Notibras","description":"Not\u00edcias de Bras\u00edlia, do Brasil e do Mundo","publisher":{"@id":"https:\/\/www.notibras.com\/site\/#organization"},"potentialAction":[{"@type":"SearchAction","target":{"@type":"EntryPoint","urlTemplate":"https:\/\/www.notibras.com\/site\/?s={search_term_string}"},"query-input":{"@type":"PropertyValueSpecification","valueRequired":true,"valueName":"search_term_string"}}],"inLanguage":"pt-BR"},{"@type":"Organization","@id":"https:\/\/www.notibras.com\/site\/#organization","name":"Grupo Notibras de Comunica\u00e7\u00e3o","url":"https:\/\/www.notibras.com\/site\/","logo":{"@type":"ImageObject","inLanguage":"pt-BR","@id":"https:\/\/www.notibras.com\/site\/#\/schema\/logo\/image\/","url":"https:\/\/www.notibras.com\/site\/wp-content\/uploads\/2023\/01\/notibras23.png","contentUrl":"https:\/\/www.notibras.com\/site\/wp-content\/uploads\/2023\/01\/notibras23.png","width":350,"height":87,"caption":"Grupo Notibras de Comunica\u00e7\u00e3o"},"image":{"@id":"https:\/\/www.notibras.com\/site\/#\/schema\/logo\/image\/"},"sameAs":["https:\/\/www.facebook.com\/notibras\/","https:\/\/x.com\/Notibras","https:\/\/www.instagram.com\/notibras\/"]},{"@type":"Person","@id":"https:\/\/www.notibras.com\/site\/#\/schema\/person\/36ab0979449956132d3e5b517ea76ac8","name":"Reda\u00e7\u00e3o","image":{"@type":"ImageObject","inLanguage":"pt-BR","@id":"https:\/\/secure.gravatar.com\/avatar\/e0a867bdedb85fd243eadf09663511f96fc81e0720a4a42581f334ad4303aa6b?s=96&d=mm&r=g","url":"https:\/\/secure.gravatar.com\/avatar\/e0a867bdedb85fd243eadf09663511f96fc81e0720a4a42581f334ad4303aa6b?s=96&d=mm&r=g","contentUrl":"https:\/\/secure.gravatar.com\/avatar\/e0a867bdedb85fd243eadf09663511f96fc81e0720a4a42581f334ad4303aa6b?s=96&d=mm&r=g","caption":"Reda\u00e7\u00e3o"}}]}},"amp_enabled":true,"_links":{"self":[{"href":"https:\/\/www.notibras.com\/site\/wp-json\/wp\/v2\/posts\/301963","targetHints":{"allow":["GET"]}}],"collection":[{"href":"https:\/\/www.notibras.com\/site\/wp-json\/wp\/v2\/posts"}],"about":[{"href":"https:\/\/www.notibras.com\/site\/wp-json\/wp\/v2\/types\/post"}],"author":[{"embeddable":true,"href":"https:\/\/www.notibras.com\/site\/wp-json\/wp\/v2\/users\/2"}],"replies":[{"embeddable":true,"href":"https:\/\/www.notibras.com\/site\/wp-json\/wp\/v2\/comments?post=301963"}],"version-history":[{"count":3,"href":"https:\/\/www.notibras.com\/site\/wp-json\/wp\/v2\/posts\/301963\/revisions"}],"predecessor-version":[{"id":301967,"href":"https:\/\/www.notibras.com\/site\/wp-json\/wp\/v2\/posts\/301963\/revisions\/301967"}],"wp:featuredmedia":[{"embeddable":true,"href":"https:\/\/www.notibras.com\/site\/wp-json\/wp\/v2\/media\/301964"}],"wp:attachment":[{"href":"https:\/\/www.notibras.com\/site\/wp-json\/wp\/v2\/media?parent=301963"}],"wp:term":[{"taxonomy":"category","embeddable":true,"href":"https:\/\/www.notibras.com\/site\/wp-json\/wp\/v2\/categories?post=301963"},{"taxonomy":"post_tag","embeddable":true,"href":"https:\/\/www.notibras.com\/site\/wp-json\/wp\/v2\/tags?post=301963"}],"curies":[{"name":"wp","href":"https:\/\/api.w.org\/{rel}","templated":true}]}}