{"id":302011,"date":"2023-03-30T11:34:19","date_gmt":"2023-03-30T14:34:19","guid":{"rendered":"https:\/\/www.notibras.com\/site\/?p=302011"},"modified":"2023-03-30T20:37:05","modified_gmt":"2023-03-30T23:37:05","slug":"manutencao-de-vias-aumenta-seguranca-para-motoristas","status":"publish","type":"post","link":"https:\/\/www.notibras.com\/site\/manutencao-de-vias-aumenta-seguranca-para-motoristas\/","title":{"rendered":"Manuten\u00e7\u00e3o de vias aumenta seguran\u00e7a para motoristas"},"content":{"rendered":"<p>Vias reformadas, mais seguran\u00e7a para motoristas. O asfalto da Avenida Independ\u00eancia e do Setor Habitacional Mestre d\u2019Armas, em Planaltina, tem passado por melhorias. J\u00e1 na Fercal, estradas n\u00e3o pavimentadas do bairro Boa Vista est\u00e3o em processo de nivelamento. As a\u00e7\u00f5es, comandadas pela equipe do GDF Presente, come\u00e7aram na quarta-feira (29) e seguem at\u00e9 a pr\u00f3xima semana.<\/p>\n<p>A manuten\u00e7\u00e3o de vias feita na Avenida Independ\u00eancia e no Mestre d\u2019Armas consumiu, at\u00e9 o momento, 12 toneladas de massa asf\u00e1ltica. De oito a 12 pessoas t\u00eam se dedicado ao servi\u00e7o, entre equipes do GDF Presente, servidores da administra\u00e7\u00e3o regional da cidade e reeducandos da Funda\u00e7\u00e3o de Amparo ao Trabalhador Preso (Funap).<\/p>\n<p>\u201c\u00c9 um servi\u00e7o de extrema relev\u00e2ncia para a sociedade, em especial nas vias mais movimentadas\u201d, avalia o administrador de Planaltina, Wesley Fonseca Fraga. \u201cS\u00e3o carros, motos e bicicletas que sofrem com o asfalto danificado pela chuva. Cada vez mais investimos em uma recupera\u00e7\u00e3o \u00e1gil do asfalto.\u201d<\/p>\n<p>Na Fercal, as estradas n\u00e3o pavimentadas do Boa Vista tamb\u00e9m est\u00e3o em reforma. Segundo o coordenador regional da \u00c1rea Norte, Guilherme Tabosa, o nivelamento das pistas \u00e9 feito com res\u00edduos da constru\u00e7\u00e3o civil (RCC) \u2013 uma mistura de entulho processado e brita que \u00e9 espalhada na pista. O produto, doado pelo Servi\u00e7o de Limpeza Urbana (SLU), vem da Unidade de Recebimento de Entulho (URE) da Estrutural.<\/p>\n<p>\u201cTodas as vias do bairro, incluindo a principal delas, v\u00e3o passar pela melhoria. Ao final do servi\u00e7o, teremos nivelado cerca de 8 km de pista\u201d, calcula Guilherme. \u201c\u00c9 uma obra importante n\u00e3o s\u00f3 para os moradores da regi\u00e3o, mas principalmente para os alunos que frequentam o Centro Educacional Boa Vista.\u201d<\/p>\n<p>Al\u00e9m da manuten\u00e7\u00e3o de vias n\u00e3o asfaltadas, o GDF Presente participa de uma importante a\u00e7\u00e3o conjunta de combate \u00e0 dengue e a animais pe\u00e7onhentos na Fercal. \u201cEstamos recolhendo entulho e materiais sem utilidade para a comunidade, em parceria com o SLU [Servi\u00e7o de Limpeza Urbana], a Vigil\u00e2ncia Ambiental e a Administra\u00e7\u00e3o da Fercal\u201d, conta Guilherme. \u201cEm tr\u00eas dias de trabalho, j\u00e1 apanhamos quase 400 toneladas de lixo\u201d.<\/p>\n<p>De acordo com o administrador substituto da Fercal, Allan Souza, agentes da Vigil\u00e2ncia Ambiental passam de casa em casa em busca de focos do mosquito Aedes aegypti. Durante a visita, incentivam os moradores a fazerem uma grande limpeza em suas casas, colocando na rua restos de obra, galhadas, sof\u00e1s velhos e geladeiras estragadas, por exemplo.<\/p>\n<p>\u201cCome\u00e7amos o bota-fora na \u00faltima ter\u00e7a-feira e vamos seguir com o recolhimento at\u00e9 a pr\u00f3xima segunda\u201d, informa Allan. \u201cPassaremos por sete bairros urbanos da Fercal. Ao final da a\u00e7\u00e3o, esperamos ter apanhado um total de 600 toneladas, somando-se entulho e inserv\u00edveis.\u201d<\/p>\n","protected":false},"excerpt":{"rendered":"<p>Vias reformadas, mais seguran\u00e7a para motoristas. O asfalto da Avenida Independ\u00eancia e do Setor Habitacional Mestre d\u2019Armas, em Planaltina, tem passado por melhorias. J\u00e1 na Fercal, estradas n\u00e3o pavimentadas do bairro Boa Vista est\u00e3o em processo de nivelamento. As a\u00e7\u00f5es, comandadas pela equipe do GDF Presente, come\u00e7aram na quarta-feira (29) e seguem at\u00e9 a pr\u00f3xima [&hellip;]<\/p>\n","protected":false},"author":2,"featured_media":302012,"comment_status":"closed","ping_status":"closed","sticky":false,"template":"","format":"standard","meta":{"_acf_changed":false,"footnotes":""},"categories":[161],"tags":[],"class_list":["post-302011","post","type-post","status-publish","format-standard","has-post-thumbnail","hentry","category-quadradinho-em-foco"],"acf":[],"yoast_head":"<!-- This site is optimized with the Yoast SEO plugin v27.2 - https:\/\/yoast.com\/product\/yoast-seo-wordpress\/ -->\n<title>Manuten\u00e7\u00e3o de vias aumenta seguran\u00e7a para motoristas - Notibras<\/title>\n<meta name=\"robots\" content=\"index, follow, max-snippet:-1, max-image-preview:large, max-video-preview:-1\" \/>\n<link rel=\"canonical\" href=\"https:\/\/www.notibras.com\/site\/manutencao-de-vias-aumenta-seguranca-para-motoristas\/\" \/>\n<meta property=\"og:locale\" content=\"pt_BR\" \/>\n<meta property=\"og:type\" content=\"article\" \/>\n<meta property=\"og:title\" content=\"Manuten\u00e7\u00e3o de vias aumenta seguran\u00e7a para motoristas - Notibras\" \/>\n<meta property=\"og:description\" content=\"Vias reformadas, mais seguran\u00e7a para motoristas. O asfalto da Avenida Independ\u00eancia e do Setor Habitacional Mestre d\u2019Armas, em Planaltina, tem passado por melhorias. J\u00e1 na Fercal, estradas n\u00e3o pavimentadas do bairro Boa Vista est\u00e3o em processo de nivelamento. As a\u00e7\u00f5es, comandadas pela equipe do GDF Presente, come\u00e7aram na quarta-feira (29) e seguem at\u00e9 a pr\u00f3xima [&hellip;]\" \/>\n<meta property=\"og:url\" content=\"https:\/\/www.notibras.com\/site\/manutencao-de-vias-aumenta-seguranca-para-motoristas\/\" \/>\n<meta property=\"og:site_name\" content=\"Notibras\" \/>\n<meta property=\"article:publisher\" content=\"https:\/\/www.facebook.com\/notibras\/\" \/>\n<meta property=\"article:published_time\" content=\"2023-03-30T14:34:19+00:00\" \/>\n<meta property=\"article:modified_time\" content=\"2023-03-30T23:37:05+00:00\" \/>\n<meta property=\"og:image\" content=\"https:\/\/www.notibras.com\/site\/wp-content\/uploads\/2023\/03\/WhatsApp-Image-2023-03-30-at-13.56.34-3.jpg\" \/>\n\t<meta property=\"og:image:width\" content=\"1280\" \/>\n\t<meta property=\"og:image:height\" content=\"870\" \/>\n\t<meta property=\"og:image:type\" content=\"image\/jpeg\" \/>\n<meta name=\"author\" content=\"Reda\u00e7\u00e3o\" \/>\n<meta name=\"twitter:card\" content=\"summary_large_image\" \/>\n<meta name=\"twitter:creator\" content=\"@Notibras\" \/>\n<meta name=\"twitter:site\" content=\"@Notibras\" \/>\n<meta name=\"twitter:label1\" content=\"Escrito por\" \/>\n\t<meta name=\"twitter:data1\" content=\"Reda\u00e7\u00e3o\" \/>\n\t<meta name=\"twitter:label2\" content=\"Est. tempo de leitura\" \/>\n\t<meta name=\"twitter:data2\" content=\"3 minutos\" \/>\n<script type=\"application\/ld+json\" class=\"yoast-schema-graph\">{\"@context\":\"https:\/\/schema.org\",\"@graph\":[{\"@type\":\"Article\",\"@id\":\"https:\/\/www.notibras.com\/site\/manutencao-de-vias-aumenta-seguranca-para-motoristas\/#article\",\"isPartOf\":{\"@id\":\"https:\/\/www.notibras.com\/site\/manutencao-de-vias-aumenta-seguranca-para-motoristas\/\"},\"author\":{\"name\":\"Reda\u00e7\u00e3o\",\"@id\":\"https:\/\/www.notibras.com\/site\/#\/schema\/person\/36ab0979449956132d3e5b517ea76ac8\"},\"headline\":\"Manuten\u00e7\u00e3o de vias aumenta seguran\u00e7a para motoristas\",\"datePublished\":\"2023-03-30T14:34:19+00:00\",\"dateModified\":\"2023-03-30T23:37:05+00:00\",\"mainEntityOfPage\":{\"@id\":\"https:\/\/www.notibras.com\/site\/manutencao-de-vias-aumenta-seguranca-para-motoristas\/\"},\"wordCount\":476,\"publisher\":{\"@id\":\"https:\/\/www.notibras.com\/site\/#organization\"},\"image\":{\"@id\":\"https:\/\/www.notibras.com\/site\/manutencao-de-vias-aumenta-seguranca-para-motoristas\/#primaryimage\"},\"thumbnailUrl\":\"https:\/\/www.notibras.com\/site\/wp-content\/uploads\/2023\/03\/WhatsApp-Image-2023-03-30-at-13.56.34-3.jpg\",\"articleSection\":[\"Quadradinho em Foco\"],\"inLanguage\":\"pt-BR\"},{\"@type\":\"WebPage\",\"@id\":\"https:\/\/www.notibras.com\/site\/manutencao-de-vias-aumenta-seguranca-para-motoristas\/\",\"url\":\"https:\/\/www.notibras.com\/site\/manutencao-de-vias-aumenta-seguranca-para-motoristas\/\",\"name\":\"Manuten\u00e7\u00e3o de vias aumenta seguran\u00e7a para motoristas - Notibras\",\"isPartOf\":{\"@id\":\"https:\/\/www.notibras.com\/site\/#website\"},\"primaryImageOfPage\":{\"@id\":\"https:\/\/www.notibras.com\/site\/manutencao-de-vias-aumenta-seguranca-para-motoristas\/#primaryimage\"},\"image\":{\"@id\":\"https:\/\/www.notibras.com\/site\/manutencao-de-vias-aumenta-seguranca-para-motoristas\/#primaryimage\"},\"thumbnailUrl\":\"https:\/\/www.notibras.com\/site\/wp-content\/uploads\/2023\/03\/WhatsApp-Image-2023-03-30-at-13.56.34-3.jpg\",\"datePublished\":\"2023-03-30T14:34:19+00:00\",\"dateModified\":\"2023-03-30T23:37:05+00:00\",\"breadcrumb\":{\"@id\":\"https:\/\/www.notibras.com\/site\/manutencao-de-vias-aumenta-seguranca-para-motoristas\/#breadcrumb\"},\"inLanguage\":\"pt-BR\",\"potentialAction\":[{\"@type\":\"ReadAction\",\"target\":[\"https:\/\/www.notibras.com\/site\/manutencao-de-vias-aumenta-seguranca-para-motoristas\/\"]}]},{\"@type\":\"ImageObject\",\"inLanguage\":\"pt-BR\",\"@id\":\"https:\/\/www.notibras.com\/site\/manutencao-de-vias-aumenta-seguranca-para-motoristas\/#primaryimage\",\"url\":\"https:\/\/www.notibras.com\/site\/wp-content\/uploads\/2023\/03\/WhatsApp-Image-2023-03-30-at-13.56.34-3.jpg\",\"contentUrl\":\"https:\/\/www.notibras.com\/site\/wp-content\/uploads\/2023\/03\/WhatsApp-Image-2023-03-30-at-13.56.34-3.jpg\",\"width\":1280,\"height\":870},{\"@type\":\"BreadcrumbList\",\"@id\":\"https:\/\/www.notibras.com\/site\/manutencao-de-vias-aumenta-seguranca-para-motoristas\/#breadcrumb\",\"itemListElement\":[{\"@type\":\"ListItem\",\"position\":1,\"name\":\"In\u00edcio\",\"item\":\"https:\/\/www.notibras.com\/site\/\"},{\"@type\":\"ListItem\",\"position\":2,\"name\":\"Manuten\u00e7\u00e3o de vias aumenta seguran\u00e7a para motoristas\"}]},{\"@type\":\"WebSite\",\"@id\":\"https:\/\/www.notibras.com\/site\/#website\",\"url\":\"https:\/\/www.notibras.com\/site\/\",\"name\":\"Notibras\",\"description\":\"Not\u00edcias de Bras\u00edlia, do Brasil e do Mundo\",\"publisher\":{\"@id\":\"https:\/\/www.notibras.com\/site\/#organization\"},\"potentialAction\":[{\"@type\":\"SearchAction\",\"target\":{\"@type\":\"EntryPoint\",\"urlTemplate\":\"https:\/\/www.notibras.com\/site\/?s={search_term_string}\"},\"query-input\":{\"@type\":\"PropertyValueSpecification\",\"valueRequired\":true,\"valueName\":\"search_term_string\"}}],\"inLanguage\":\"pt-BR\"},{\"@type\":\"Organization\",\"@id\":\"https:\/\/www.notibras.com\/site\/#organization\",\"name\":\"Grupo Notibras de Comunica\u00e7\u00e3o\",\"url\":\"https:\/\/www.notibras.com\/site\/\",\"logo\":{\"@type\":\"ImageObject\",\"inLanguage\":\"pt-BR\",\"@id\":\"https:\/\/www.notibras.com\/site\/#\/schema\/logo\/image\/\",\"url\":\"https:\/\/www.notibras.com\/site\/wp-content\/uploads\/2023\/01\/notibras23.png\",\"contentUrl\":\"https:\/\/www.notibras.com\/site\/wp-content\/uploads\/2023\/01\/notibras23.png\",\"width\":350,\"height\":87,\"caption\":\"Grupo Notibras de Comunica\u00e7\u00e3o\"},\"image\":{\"@id\":\"https:\/\/www.notibras.com\/site\/#\/schema\/logo\/image\/\"},\"sameAs\":[\"https:\/\/www.facebook.com\/notibras\/\",\"https:\/\/x.com\/Notibras\",\"https:\/\/www.instagram.com\/notibras\/\"]},{\"@type\":\"Person\",\"@id\":\"https:\/\/www.notibras.com\/site\/#\/schema\/person\/36ab0979449956132d3e5b517ea76ac8\",\"name\":\"Reda\u00e7\u00e3o\",\"image\":{\"@type\":\"ImageObject\",\"inLanguage\":\"pt-BR\",\"@id\":\"https:\/\/secure.gravatar.com\/avatar\/e0a867bdedb85fd243eadf09663511f96fc81e0720a4a42581f334ad4303aa6b?s=96&d=mm&r=g\",\"url\":\"https:\/\/secure.gravatar.com\/avatar\/e0a867bdedb85fd243eadf09663511f96fc81e0720a4a42581f334ad4303aa6b?s=96&d=mm&r=g\",\"contentUrl\":\"https:\/\/secure.gravatar.com\/avatar\/e0a867bdedb85fd243eadf09663511f96fc81e0720a4a42581f334ad4303aa6b?s=96&d=mm&r=g\",\"caption\":\"Reda\u00e7\u00e3o\"}}]}<\/script>\n<!-- \/ Yoast SEO plugin. -->","yoast_head_json":{"title":"Manuten\u00e7\u00e3o de vias aumenta seguran\u00e7a para motoristas - Notibras","robots":{"index":"index","follow":"follow","max-snippet":"max-snippet:-1","max-image-preview":"max-image-preview:large","max-video-preview":"max-video-preview:-1"},"canonical":"https:\/\/www.notibras.com\/site\/manutencao-de-vias-aumenta-seguranca-para-motoristas\/","og_locale":"pt_BR","og_type":"article","og_title":"Manuten\u00e7\u00e3o de vias aumenta seguran\u00e7a para motoristas - Notibras","og_description":"Vias reformadas, mais seguran\u00e7a para motoristas. O asfalto da Avenida Independ\u00eancia e do Setor Habitacional Mestre d\u2019Armas, em Planaltina, tem passado por melhorias. J\u00e1 na Fercal, estradas n\u00e3o pavimentadas do bairro Boa Vista est\u00e3o em processo de nivelamento. As a\u00e7\u00f5es, comandadas pela equipe do GDF Presente, come\u00e7aram na quarta-feira (29) e seguem at\u00e9 a pr\u00f3xima [&hellip;]","og_url":"https:\/\/www.notibras.com\/site\/manutencao-de-vias-aumenta-seguranca-para-motoristas\/","og_site_name":"Notibras","article_publisher":"https:\/\/www.facebook.com\/notibras\/","article_published_time":"2023-03-30T14:34:19+00:00","article_modified_time":"2023-03-30T23:37:05+00:00","og_image":[{"width":1280,"height":870,"url":"https:\/\/www.notibras.com\/site\/wp-content\/uploads\/2023\/03\/WhatsApp-Image-2023-03-30-at-13.56.34-3.jpg","type":"image\/jpeg"}],"author":"Reda\u00e7\u00e3o","twitter_card":"summary_large_image","twitter_creator":"@Notibras","twitter_site":"@Notibras","twitter_misc":{"Escrito por":"Reda\u00e7\u00e3o","Est. tempo de leitura":"3 minutos"},"schema":{"@context":"https:\/\/schema.org","@graph":[{"@type":"Article","@id":"https:\/\/www.notibras.com\/site\/manutencao-de-vias-aumenta-seguranca-para-motoristas\/#article","isPartOf":{"@id":"https:\/\/www.notibras.com\/site\/manutencao-de-vias-aumenta-seguranca-para-motoristas\/"},"author":{"name":"Reda\u00e7\u00e3o","@id":"https:\/\/www.notibras.com\/site\/#\/schema\/person\/36ab0979449956132d3e5b517ea76ac8"},"headline":"Manuten\u00e7\u00e3o de vias aumenta seguran\u00e7a para motoristas","datePublished":"2023-03-30T14:34:19+00:00","dateModified":"2023-03-30T23:37:05+00:00","mainEntityOfPage":{"@id":"https:\/\/www.notibras.com\/site\/manutencao-de-vias-aumenta-seguranca-para-motoristas\/"},"wordCount":476,"publisher":{"@id":"https:\/\/www.notibras.com\/site\/#organization"},"image":{"@id":"https:\/\/www.notibras.com\/site\/manutencao-de-vias-aumenta-seguranca-para-motoristas\/#primaryimage"},"thumbnailUrl":"https:\/\/www.notibras.com\/site\/wp-content\/uploads\/2023\/03\/WhatsApp-Image-2023-03-30-at-13.56.34-3.jpg","articleSection":["Quadradinho em Foco"],"inLanguage":"pt-BR"},{"@type":"WebPage","@id":"https:\/\/www.notibras.com\/site\/manutencao-de-vias-aumenta-seguranca-para-motoristas\/","url":"https:\/\/www.notibras.com\/site\/manutencao-de-vias-aumenta-seguranca-para-motoristas\/","name":"Manuten\u00e7\u00e3o de vias aumenta seguran\u00e7a para motoristas - Notibras","isPartOf":{"@id":"https:\/\/www.notibras.com\/site\/#website"},"primaryImageOfPage":{"@id":"https:\/\/www.notibras.com\/site\/manutencao-de-vias-aumenta-seguranca-para-motoristas\/#primaryimage"},"image":{"@id":"https:\/\/www.notibras.com\/site\/manutencao-de-vias-aumenta-seguranca-para-motoristas\/#primaryimage"},"thumbnailUrl":"https:\/\/www.notibras.com\/site\/wp-content\/uploads\/2023\/03\/WhatsApp-Image-2023-03-30-at-13.56.34-3.jpg","datePublished":"2023-03-30T14:34:19+00:00","dateModified":"2023-03-30T23:37:05+00:00","breadcrumb":{"@id":"https:\/\/www.notibras.com\/site\/manutencao-de-vias-aumenta-seguranca-para-motoristas\/#breadcrumb"},"inLanguage":"pt-BR","potentialAction":[{"@type":"ReadAction","target":["https:\/\/www.notibras.com\/site\/manutencao-de-vias-aumenta-seguranca-para-motoristas\/"]}]},{"@type":"ImageObject","inLanguage":"pt-BR","@id":"https:\/\/www.notibras.com\/site\/manutencao-de-vias-aumenta-seguranca-para-motoristas\/#primaryimage","url":"https:\/\/www.notibras.com\/site\/wp-content\/uploads\/2023\/03\/WhatsApp-Image-2023-03-30-at-13.56.34-3.jpg","contentUrl":"https:\/\/www.notibras.com\/site\/wp-content\/uploads\/2023\/03\/WhatsApp-Image-2023-03-30-at-13.56.34-3.jpg","width":1280,"height":870},{"@type":"BreadcrumbList","@id":"https:\/\/www.notibras.com\/site\/manutencao-de-vias-aumenta-seguranca-para-motoristas\/#breadcrumb","itemListElement":[{"@type":"ListItem","position":1,"name":"In\u00edcio","item":"https:\/\/www.notibras.com\/site\/"},{"@type":"ListItem","position":2,"name":"Manuten\u00e7\u00e3o de vias aumenta seguran\u00e7a para motoristas"}]},{"@type":"WebSite","@id":"https:\/\/www.notibras.com\/site\/#website","url":"https:\/\/www.notibras.com\/site\/","name":"Notibras","description":"Not\u00edcias de Bras\u00edlia, do Brasil e do Mundo","publisher":{"@id":"https:\/\/www.notibras.com\/site\/#organization"},"potentialAction":[{"@type":"SearchAction","target":{"@type":"EntryPoint","urlTemplate":"https:\/\/www.notibras.com\/site\/?s={search_term_string}"},"query-input":{"@type":"PropertyValueSpecification","valueRequired":true,"valueName":"search_term_string"}}],"inLanguage":"pt-BR"},{"@type":"Organization","@id":"https:\/\/www.notibras.com\/site\/#organization","name":"Grupo Notibras de Comunica\u00e7\u00e3o","url":"https:\/\/www.notibras.com\/site\/","logo":{"@type":"ImageObject","inLanguage":"pt-BR","@id":"https:\/\/www.notibras.com\/site\/#\/schema\/logo\/image\/","url":"https:\/\/www.notibras.com\/site\/wp-content\/uploads\/2023\/01\/notibras23.png","contentUrl":"https:\/\/www.notibras.com\/site\/wp-content\/uploads\/2023\/01\/notibras23.png","width":350,"height":87,"caption":"Grupo Notibras de Comunica\u00e7\u00e3o"},"image":{"@id":"https:\/\/www.notibras.com\/site\/#\/schema\/logo\/image\/"},"sameAs":["https:\/\/www.facebook.com\/notibras\/","https:\/\/x.com\/Notibras","https:\/\/www.instagram.com\/notibras\/"]},{"@type":"Person","@id":"https:\/\/www.notibras.com\/site\/#\/schema\/person\/36ab0979449956132d3e5b517ea76ac8","name":"Reda\u00e7\u00e3o","image":{"@type":"ImageObject","inLanguage":"pt-BR","@id":"https:\/\/secure.gravatar.com\/avatar\/e0a867bdedb85fd243eadf09663511f96fc81e0720a4a42581f334ad4303aa6b?s=96&d=mm&r=g","url":"https:\/\/secure.gravatar.com\/avatar\/e0a867bdedb85fd243eadf09663511f96fc81e0720a4a42581f334ad4303aa6b?s=96&d=mm&r=g","contentUrl":"https:\/\/secure.gravatar.com\/avatar\/e0a867bdedb85fd243eadf09663511f96fc81e0720a4a42581f334ad4303aa6b?s=96&d=mm&r=g","caption":"Reda\u00e7\u00e3o"}}]}},"amp_enabled":true,"_links":{"self":[{"href":"https:\/\/www.notibras.com\/site\/wp-json\/wp\/v2\/posts\/302011","targetHints":{"allow":["GET"]}}],"collection":[{"href":"https:\/\/www.notibras.com\/site\/wp-json\/wp\/v2\/posts"}],"about":[{"href":"https:\/\/www.notibras.com\/site\/wp-json\/wp\/v2\/types\/post"}],"author":[{"embeddable":true,"href":"https:\/\/www.notibras.com\/site\/wp-json\/wp\/v2\/users\/2"}],"replies":[{"embeddable":true,"href":"https:\/\/www.notibras.com\/site\/wp-json\/wp\/v2\/comments?post=302011"}],"version-history":[{"count":1,"href":"https:\/\/www.notibras.com\/site\/wp-json\/wp\/v2\/posts\/302011\/revisions"}],"predecessor-version":[{"id":302013,"href":"https:\/\/www.notibras.com\/site\/wp-json\/wp\/v2\/posts\/302011\/revisions\/302013"}],"wp:featuredmedia":[{"embeddable":true,"href":"https:\/\/www.notibras.com\/site\/wp-json\/wp\/v2\/media\/302012"}],"wp:attachment":[{"href":"https:\/\/www.notibras.com\/site\/wp-json\/wp\/v2\/media?parent=302011"}],"wp:term":[{"taxonomy":"category","embeddable":true,"href":"https:\/\/www.notibras.com\/site\/wp-json\/wp\/v2\/categories?post=302011"},{"taxonomy":"post_tag","embeddable":true,"href":"https:\/\/www.notibras.com\/site\/wp-json\/wp\/v2\/tags?post=302011"}],"curies":[{"name":"wp","href":"https:\/\/api.w.org\/{rel}","templated":true}]}}