{"id":302018,"date":"2023-03-30T10:49:03","date_gmt":"2023-03-30T13:49:03","guid":{"rendered":"https:\/\/www.notibras.com\/site\/?p=302018"},"modified":"2023-03-30T20:52:45","modified_gmt":"2023-03-30T23:52:45","slug":"ressurreicao-de-cristo-vai-custar-mais-de-13-milhao","status":"publish","type":"post","link":"https:\/\/www.notibras.com\/site\/ressurreicao-de-cristo-vai-custar-mais-de-13-milhao\/","title":{"rendered":"Ressurrei\u00e7\u00e3o de Cristo vai custar mais de 1,3 milh\u00e3o"},"content":{"rendered":"<p>A tradicional encena\u00e7\u00e3o da Via Sacra no Morro da Capelinha, em Planaltina, est\u00e1 completando 50 anos. Esta edi\u00e7\u00e3o vai contar com cerca de 1.400 volunt\u00e1rios, entre eles atores, coordenadores, figurantes, al\u00e9m da cenografia. A expectativa de p\u00fablico varia de 70 a 150 mil pessoas, um grande evento, que movimenta a cidade. O evento vai custar 1 milh\u00e3o 307 mil aos cofres p\u00fablicos.<\/p>\n<p>A Via Sacra em Planaltina, que foi interrompida por dois anos em virtude da pandemia da covid-19, retornou no ano passado, e neste ano promete algo mais elaborado. Muita f\u00e9 e determina\u00e7\u00e3o arrastam a multid\u00e3o de pessoas, que chega de diversas partes do pa\u00eds para acompanhar o espet\u00e1culo sobre a morte e a ressurrei\u00e7\u00e3o de Cristo.<\/p>\n<p>\u201cEste \u00e9 um dos eventos mais aguardado durante o ano. Traz uma movimenta\u00e7\u00e3o tur\u00edstica significativa para todos os segmentos. Segundo o Minist\u00e9rio do Turismo, a Semana Santa deve movimentar mais de 1,3 milh\u00e3o de fi\u00e9is pelo pa\u00eds. A expectativa de maior fluxo est\u00e1 concentrado nas cidades de Aparecida (SP), Juazeiro do Norte (CE), Trindade (GO), Brejo da Madre de Deus (PE) e Planaltina (DF)\u201d, afirma o secret\u00e1rio de Turismo do DF, Cristiano Ara\u00fajo.<\/p>\n","protected":false},"excerpt":{"rendered":"<p>A tradicional encena\u00e7\u00e3o da Via Sacra no Morro da Capelinha, em Planaltina, est\u00e1 completando 50 anos. Esta edi\u00e7\u00e3o vai contar com cerca de 1.400 volunt\u00e1rios, entre eles atores, coordenadores, figurantes, al\u00e9m da cenografia. A expectativa de p\u00fablico varia de 70 a 150 mil pessoas, um grande evento, que movimenta a cidade. O evento vai custar [&hellip;]<\/p>\n","protected":false},"author":2,"featured_media":302019,"comment_status":"closed","ping_status":"closed","sticky":false,"template":"","format":"standard","meta":{"_acf_changed":false,"footnotes":""},"categories":[161],"tags":[],"class_list":["post-302018","post","type-post","status-publish","format-standard","has-post-thumbnail","hentry","category-quadradinho-em-foco"],"acf":[],"yoast_head":"<!-- This site is optimized with the Yoast SEO plugin v27.2 - https:\/\/yoast.com\/product\/yoast-seo-wordpress\/ -->\n<title>Ressurrei\u00e7\u00e3o de Cristo vai custar mais de 1,3 milh\u00e3o - Notibras<\/title>\n<meta name=\"robots\" content=\"index, follow, max-snippet:-1, max-image-preview:large, max-video-preview:-1\" \/>\n<link rel=\"canonical\" href=\"https:\/\/www.notibras.com\/site\/ressurreicao-de-cristo-vai-custar-mais-de-13-milhao\/\" \/>\n<meta property=\"og:locale\" content=\"pt_BR\" \/>\n<meta property=\"og:type\" content=\"article\" \/>\n<meta property=\"og:title\" content=\"Ressurrei\u00e7\u00e3o de Cristo vai custar mais de 1,3 milh\u00e3o - Notibras\" \/>\n<meta property=\"og:description\" content=\"A tradicional encena\u00e7\u00e3o da Via Sacra no Morro da Capelinha, em Planaltina, est\u00e1 completando 50 anos. Esta edi\u00e7\u00e3o vai contar com cerca de 1.400 volunt\u00e1rios, entre eles atores, coordenadores, figurantes, al\u00e9m da cenografia. A expectativa de p\u00fablico varia de 70 a 150 mil pessoas, um grande evento, que movimenta a cidade. O evento vai custar [&hellip;]\" \/>\n<meta property=\"og:url\" content=\"https:\/\/www.notibras.com\/site\/ressurreicao-de-cristo-vai-custar-mais-de-13-milhao\/\" \/>\n<meta property=\"og:site_name\" content=\"Notibras\" \/>\n<meta property=\"article:publisher\" content=\"https:\/\/www.facebook.com\/notibras\/\" \/>\n<meta property=\"article:published_time\" content=\"2023-03-30T13:49:03+00:00\" \/>\n<meta property=\"article:modified_time\" content=\"2023-03-30T23:52:45+00:00\" \/>\n<meta property=\"og:image\" content=\"https:\/\/www.notibras.com\/site\/wp-content\/uploads\/2023\/03\/Via-Sacra-no-Morro-da-Capelinha_Fotos-Tony-Oliveira_4-768x512-1.jpeg\" \/>\n\t<meta property=\"og:image:width\" content=\"768\" \/>\n\t<meta property=\"og:image:height\" content=\"512\" \/>\n\t<meta property=\"og:image:type\" content=\"image\/jpeg\" \/>\n<meta name=\"author\" content=\"Reda\u00e7\u00e3o\" \/>\n<meta name=\"twitter:card\" content=\"summary_large_image\" \/>\n<meta name=\"twitter:creator\" content=\"@Notibras\" \/>\n<meta name=\"twitter:site\" content=\"@Notibras\" \/>\n<meta name=\"twitter:label1\" content=\"Escrito por\" \/>\n\t<meta name=\"twitter:data1\" content=\"Reda\u00e7\u00e3o\" \/>\n\t<meta name=\"twitter:label2\" content=\"Est. tempo de leitura\" \/>\n\t<meta name=\"twitter:data2\" content=\"2 minutos\" \/>\n<script type=\"application\/ld+json\" class=\"yoast-schema-graph\">{\"@context\":\"https:\/\/schema.org\",\"@graph\":[{\"@type\":\"Article\",\"@id\":\"https:\/\/www.notibras.com\/site\/ressurreicao-de-cristo-vai-custar-mais-de-13-milhao\/#article\",\"isPartOf\":{\"@id\":\"https:\/\/www.notibras.com\/site\/ressurreicao-de-cristo-vai-custar-mais-de-13-milhao\/\"},\"author\":{\"name\":\"Reda\u00e7\u00e3o\",\"@id\":\"https:\/\/www.notibras.com\/site\/#\/schema\/person\/36ab0979449956132d3e5b517ea76ac8\"},\"headline\":\"Ressurrei\u00e7\u00e3o de Cristo vai custar mais de 1,3 milh\u00e3o\",\"datePublished\":\"2023-03-30T13:49:03+00:00\",\"dateModified\":\"2023-03-30T23:52:45+00:00\",\"mainEntityOfPage\":{\"@id\":\"https:\/\/www.notibras.com\/site\/ressurreicao-de-cristo-vai-custar-mais-de-13-milhao\/\"},\"wordCount\":213,\"publisher\":{\"@id\":\"https:\/\/www.notibras.com\/site\/#organization\"},\"image\":{\"@id\":\"https:\/\/www.notibras.com\/site\/ressurreicao-de-cristo-vai-custar-mais-de-13-milhao\/#primaryimage\"},\"thumbnailUrl\":\"https:\/\/www.notibras.com\/site\/wp-content\/uploads\/2023\/03\/Via-Sacra-no-Morro-da-Capelinha_Fotos-Tony-Oliveira_4-768x512-1.jpeg\",\"articleSection\":[\"Quadradinho em Foco\"],\"inLanguage\":\"pt-BR\"},{\"@type\":\"WebPage\",\"@id\":\"https:\/\/www.notibras.com\/site\/ressurreicao-de-cristo-vai-custar-mais-de-13-milhao\/\",\"url\":\"https:\/\/www.notibras.com\/site\/ressurreicao-de-cristo-vai-custar-mais-de-13-milhao\/\",\"name\":\"Ressurrei\u00e7\u00e3o de Cristo vai custar mais de 1,3 milh\u00e3o - Notibras\",\"isPartOf\":{\"@id\":\"https:\/\/www.notibras.com\/site\/#website\"},\"primaryImageOfPage\":{\"@id\":\"https:\/\/www.notibras.com\/site\/ressurreicao-de-cristo-vai-custar-mais-de-13-milhao\/#primaryimage\"},\"image\":{\"@id\":\"https:\/\/www.notibras.com\/site\/ressurreicao-de-cristo-vai-custar-mais-de-13-milhao\/#primaryimage\"},\"thumbnailUrl\":\"https:\/\/www.notibras.com\/site\/wp-content\/uploads\/2023\/03\/Via-Sacra-no-Morro-da-Capelinha_Fotos-Tony-Oliveira_4-768x512-1.jpeg\",\"datePublished\":\"2023-03-30T13:49:03+00:00\",\"dateModified\":\"2023-03-30T23:52:45+00:00\",\"breadcrumb\":{\"@id\":\"https:\/\/www.notibras.com\/site\/ressurreicao-de-cristo-vai-custar-mais-de-13-milhao\/#breadcrumb\"},\"inLanguage\":\"pt-BR\",\"potentialAction\":[{\"@type\":\"ReadAction\",\"target\":[\"https:\/\/www.notibras.com\/site\/ressurreicao-de-cristo-vai-custar-mais-de-13-milhao\/\"]}]},{\"@type\":\"ImageObject\",\"inLanguage\":\"pt-BR\",\"@id\":\"https:\/\/www.notibras.com\/site\/ressurreicao-de-cristo-vai-custar-mais-de-13-milhao\/#primaryimage\",\"url\":\"https:\/\/www.notibras.com\/site\/wp-content\/uploads\/2023\/03\/Via-Sacra-no-Morro-da-Capelinha_Fotos-Tony-Oliveira_4-768x512-1.jpeg\",\"contentUrl\":\"https:\/\/www.notibras.com\/site\/wp-content\/uploads\/2023\/03\/Via-Sacra-no-Morro-da-Capelinha_Fotos-Tony-Oliveira_4-768x512-1.jpeg\",\"width\":768,\"height\":512},{\"@type\":\"BreadcrumbList\",\"@id\":\"https:\/\/www.notibras.com\/site\/ressurreicao-de-cristo-vai-custar-mais-de-13-milhao\/#breadcrumb\",\"itemListElement\":[{\"@type\":\"ListItem\",\"position\":1,\"name\":\"In\u00edcio\",\"item\":\"https:\/\/www.notibras.com\/site\/\"},{\"@type\":\"ListItem\",\"position\":2,\"name\":\"Ressurrei\u00e7\u00e3o de Cristo vai custar mais de 1,3 milh\u00e3o\"}]},{\"@type\":\"WebSite\",\"@id\":\"https:\/\/www.notibras.com\/site\/#website\",\"url\":\"https:\/\/www.notibras.com\/site\/\",\"name\":\"Notibras\",\"description\":\"Not\u00edcias de Bras\u00edlia, do Brasil e do Mundo\",\"publisher\":{\"@id\":\"https:\/\/www.notibras.com\/site\/#organization\"},\"potentialAction\":[{\"@type\":\"SearchAction\",\"target\":{\"@type\":\"EntryPoint\",\"urlTemplate\":\"https:\/\/www.notibras.com\/site\/?s={search_term_string}\"},\"query-input\":{\"@type\":\"PropertyValueSpecification\",\"valueRequired\":true,\"valueName\":\"search_term_string\"}}],\"inLanguage\":\"pt-BR\"},{\"@type\":\"Organization\",\"@id\":\"https:\/\/www.notibras.com\/site\/#organization\",\"name\":\"Grupo Notibras de Comunica\u00e7\u00e3o\",\"url\":\"https:\/\/www.notibras.com\/site\/\",\"logo\":{\"@type\":\"ImageObject\",\"inLanguage\":\"pt-BR\",\"@id\":\"https:\/\/www.notibras.com\/site\/#\/schema\/logo\/image\/\",\"url\":\"https:\/\/www.notibras.com\/site\/wp-content\/uploads\/2023\/01\/notibras23.png\",\"contentUrl\":\"https:\/\/www.notibras.com\/site\/wp-content\/uploads\/2023\/01\/notibras23.png\",\"width\":350,\"height\":87,\"caption\":\"Grupo Notibras de Comunica\u00e7\u00e3o\"},\"image\":{\"@id\":\"https:\/\/www.notibras.com\/site\/#\/schema\/logo\/image\/\"},\"sameAs\":[\"https:\/\/www.facebook.com\/notibras\/\",\"https:\/\/x.com\/Notibras\",\"https:\/\/www.instagram.com\/notibras\/\"]},{\"@type\":\"Person\",\"@id\":\"https:\/\/www.notibras.com\/site\/#\/schema\/person\/36ab0979449956132d3e5b517ea76ac8\",\"name\":\"Reda\u00e7\u00e3o\",\"image\":{\"@type\":\"ImageObject\",\"inLanguage\":\"pt-BR\",\"@id\":\"https:\/\/secure.gravatar.com\/avatar\/e0a867bdedb85fd243eadf09663511f96fc81e0720a4a42581f334ad4303aa6b?s=96&d=mm&r=g\",\"url\":\"https:\/\/secure.gravatar.com\/avatar\/e0a867bdedb85fd243eadf09663511f96fc81e0720a4a42581f334ad4303aa6b?s=96&d=mm&r=g\",\"contentUrl\":\"https:\/\/secure.gravatar.com\/avatar\/e0a867bdedb85fd243eadf09663511f96fc81e0720a4a42581f334ad4303aa6b?s=96&d=mm&r=g\",\"caption\":\"Reda\u00e7\u00e3o\"}}]}<\/script>\n<!-- \/ Yoast SEO plugin. -->","yoast_head_json":{"title":"Ressurrei\u00e7\u00e3o de Cristo vai custar mais de 1,3 milh\u00e3o - Notibras","robots":{"index":"index","follow":"follow","max-snippet":"max-snippet:-1","max-image-preview":"max-image-preview:large","max-video-preview":"max-video-preview:-1"},"canonical":"https:\/\/www.notibras.com\/site\/ressurreicao-de-cristo-vai-custar-mais-de-13-milhao\/","og_locale":"pt_BR","og_type":"article","og_title":"Ressurrei\u00e7\u00e3o de Cristo vai custar mais de 1,3 milh\u00e3o - Notibras","og_description":"A tradicional encena\u00e7\u00e3o da Via Sacra no Morro da Capelinha, em Planaltina, est\u00e1 completando 50 anos. Esta edi\u00e7\u00e3o vai contar com cerca de 1.400 volunt\u00e1rios, entre eles atores, coordenadores, figurantes, al\u00e9m da cenografia. A expectativa de p\u00fablico varia de 70 a 150 mil pessoas, um grande evento, que movimenta a cidade. O evento vai custar [&hellip;]","og_url":"https:\/\/www.notibras.com\/site\/ressurreicao-de-cristo-vai-custar-mais-de-13-milhao\/","og_site_name":"Notibras","article_publisher":"https:\/\/www.facebook.com\/notibras\/","article_published_time":"2023-03-30T13:49:03+00:00","article_modified_time":"2023-03-30T23:52:45+00:00","og_image":[{"width":768,"height":512,"url":"https:\/\/www.notibras.com\/site\/wp-content\/uploads\/2023\/03\/Via-Sacra-no-Morro-da-Capelinha_Fotos-Tony-Oliveira_4-768x512-1.jpeg","type":"image\/jpeg"}],"author":"Reda\u00e7\u00e3o","twitter_card":"summary_large_image","twitter_creator":"@Notibras","twitter_site":"@Notibras","twitter_misc":{"Escrito por":"Reda\u00e7\u00e3o","Est. tempo de leitura":"2 minutos"},"schema":{"@context":"https:\/\/schema.org","@graph":[{"@type":"Article","@id":"https:\/\/www.notibras.com\/site\/ressurreicao-de-cristo-vai-custar-mais-de-13-milhao\/#article","isPartOf":{"@id":"https:\/\/www.notibras.com\/site\/ressurreicao-de-cristo-vai-custar-mais-de-13-milhao\/"},"author":{"name":"Reda\u00e7\u00e3o","@id":"https:\/\/www.notibras.com\/site\/#\/schema\/person\/36ab0979449956132d3e5b517ea76ac8"},"headline":"Ressurrei\u00e7\u00e3o de Cristo vai custar mais de 1,3 milh\u00e3o","datePublished":"2023-03-30T13:49:03+00:00","dateModified":"2023-03-30T23:52:45+00:00","mainEntityOfPage":{"@id":"https:\/\/www.notibras.com\/site\/ressurreicao-de-cristo-vai-custar-mais-de-13-milhao\/"},"wordCount":213,"publisher":{"@id":"https:\/\/www.notibras.com\/site\/#organization"},"image":{"@id":"https:\/\/www.notibras.com\/site\/ressurreicao-de-cristo-vai-custar-mais-de-13-milhao\/#primaryimage"},"thumbnailUrl":"https:\/\/www.notibras.com\/site\/wp-content\/uploads\/2023\/03\/Via-Sacra-no-Morro-da-Capelinha_Fotos-Tony-Oliveira_4-768x512-1.jpeg","articleSection":["Quadradinho em Foco"],"inLanguage":"pt-BR"},{"@type":"WebPage","@id":"https:\/\/www.notibras.com\/site\/ressurreicao-de-cristo-vai-custar-mais-de-13-milhao\/","url":"https:\/\/www.notibras.com\/site\/ressurreicao-de-cristo-vai-custar-mais-de-13-milhao\/","name":"Ressurrei\u00e7\u00e3o de Cristo vai custar mais de 1,3 milh\u00e3o - Notibras","isPartOf":{"@id":"https:\/\/www.notibras.com\/site\/#website"},"primaryImageOfPage":{"@id":"https:\/\/www.notibras.com\/site\/ressurreicao-de-cristo-vai-custar-mais-de-13-milhao\/#primaryimage"},"image":{"@id":"https:\/\/www.notibras.com\/site\/ressurreicao-de-cristo-vai-custar-mais-de-13-milhao\/#primaryimage"},"thumbnailUrl":"https:\/\/www.notibras.com\/site\/wp-content\/uploads\/2023\/03\/Via-Sacra-no-Morro-da-Capelinha_Fotos-Tony-Oliveira_4-768x512-1.jpeg","datePublished":"2023-03-30T13:49:03+00:00","dateModified":"2023-03-30T23:52:45+00:00","breadcrumb":{"@id":"https:\/\/www.notibras.com\/site\/ressurreicao-de-cristo-vai-custar-mais-de-13-milhao\/#breadcrumb"},"inLanguage":"pt-BR","potentialAction":[{"@type":"ReadAction","target":["https:\/\/www.notibras.com\/site\/ressurreicao-de-cristo-vai-custar-mais-de-13-milhao\/"]}]},{"@type":"ImageObject","inLanguage":"pt-BR","@id":"https:\/\/www.notibras.com\/site\/ressurreicao-de-cristo-vai-custar-mais-de-13-milhao\/#primaryimage","url":"https:\/\/www.notibras.com\/site\/wp-content\/uploads\/2023\/03\/Via-Sacra-no-Morro-da-Capelinha_Fotos-Tony-Oliveira_4-768x512-1.jpeg","contentUrl":"https:\/\/www.notibras.com\/site\/wp-content\/uploads\/2023\/03\/Via-Sacra-no-Morro-da-Capelinha_Fotos-Tony-Oliveira_4-768x512-1.jpeg","width":768,"height":512},{"@type":"BreadcrumbList","@id":"https:\/\/www.notibras.com\/site\/ressurreicao-de-cristo-vai-custar-mais-de-13-milhao\/#breadcrumb","itemListElement":[{"@type":"ListItem","position":1,"name":"In\u00edcio","item":"https:\/\/www.notibras.com\/site\/"},{"@type":"ListItem","position":2,"name":"Ressurrei\u00e7\u00e3o de Cristo vai custar mais de 1,3 milh\u00e3o"}]},{"@type":"WebSite","@id":"https:\/\/www.notibras.com\/site\/#website","url":"https:\/\/www.notibras.com\/site\/","name":"Notibras","description":"Not\u00edcias de Bras\u00edlia, do Brasil e do Mundo","publisher":{"@id":"https:\/\/www.notibras.com\/site\/#organization"},"potentialAction":[{"@type":"SearchAction","target":{"@type":"EntryPoint","urlTemplate":"https:\/\/www.notibras.com\/site\/?s={search_term_string}"},"query-input":{"@type":"PropertyValueSpecification","valueRequired":true,"valueName":"search_term_string"}}],"inLanguage":"pt-BR"},{"@type":"Organization","@id":"https:\/\/www.notibras.com\/site\/#organization","name":"Grupo Notibras de Comunica\u00e7\u00e3o","url":"https:\/\/www.notibras.com\/site\/","logo":{"@type":"ImageObject","inLanguage":"pt-BR","@id":"https:\/\/www.notibras.com\/site\/#\/schema\/logo\/image\/","url":"https:\/\/www.notibras.com\/site\/wp-content\/uploads\/2023\/01\/notibras23.png","contentUrl":"https:\/\/www.notibras.com\/site\/wp-content\/uploads\/2023\/01\/notibras23.png","width":350,"height":87,"caption":"Grupo Notibras de Comunica\u00e7\u00e3o"},"image":{"@id":"https:\/\/www.notibras.com\/site\/#\/schema\/logo\/image\/"},"sameAs":["https:\/\/www.facebook.com\/notibras\/","https:\/\/x.com\/Notibras","https:\/\/www.instagram.com\/notibras\/"]},{"@type":"Person","@id":"https:\/\/www.notibras.com\/site\/#\/schema\/person\/36ab0979449956132d3e5b517ea76ac8","name":"Reda\u00e7\u00e3o","image":{"@type":"ImageObject","inLanguage":"pt-BR","@id":"https:\/\/secure.gravatar.com\/avatar\/e0a867bdedb85fd243eadf09663511f96fc81e0720a4a42581f334ad4303aa6b?s=96&d=mm&r=g","url":"https:\/\/secure.gravatar.com\/avatar\/e0a867bdedb85fd243eadf09663511f96fc81e0720a4a42581f334ad4303aa6b?s=96&d=mm&r=g","contentUrl":"https:\/\/secure.gravatar.com\/avatar\/e0a867bdedb85fd243eadf09663511f96fc81e0720a4a42581f334ad4303aa6b?s=96&d=mm&r=g","caption":"Reda\u00e7\u00e3o"}}]}},"amp_enabled":true,"_links":{"self":[{"href":"https:\/\/www.notibras.com\/site\/wp-json\/wp\/v2\/posts\/302018","targetHints":{"allow":["GET"]}}],"collection":[{"href":"https:\/\/www.notibras.com\/site\/wp-json\/wp\/v2\/posts"}],"about":[{"href":"https:\/\/www.notibras.com\/site\/wp-json\/wp\/v2\/types\/post"}],"author":[{"embeddable":true,"href":"https:\/\/www.notibras.com\/site\/wp-json\/wp\/v2\/users\/2"}],"replies":[{"embeddable":true,"href":"https:\/\/www.notibras.com\/site\/wp-json\/wp\/v2\/comments?post=302018"}],"version-history":[{"count":1,"href":"https:\/\/www.notibras.com\/site\/wp-json\/wp\/v2\/posts\/302018\/revisions"}],"predecessor-version":[{"id":302020,"href":"https:\/\/www.notibras.com\/site\/wp-json\/wp\/v2\/posts\/302018\/revisions\/302020"}],"wp:featuredmedia":[{"embeddable":true,"href":"https:\/\/www.notibras.com\/site\/wp-json\/wp\/v2\/media\/302019"}],"wp:attachment":[{"href":"https:\/\/www.notibras.com\/site\/wp-json\/wp\/v2\/media?parent=302018"}],"wp:term":[{"taxonomy":"category","embeddable":true,"href":"https:\/\/www.notibras.com\/site\/wp-json\/wp\/v2\/categories?post=302018"},{"taxonomy":"post_tag","embeddable":true,"href":"https:\/\/www.notibras.com\/site\/wp-json\/wp\/v2\/tags?post=302018"}],"curies":[{"name":"wp","href":"https:\/\/api.w.org\/{rel}","templated":true}]}}