{"id":302021,"date":"2023-03-30T00:55:14","date_gmt":"2023-03-30T03:55:14","guid":{"rendered":"https:\/\/www.notibras.com\/site\/?p=302021"},"modified":"2023-03-30T20:57:59","modified_gmt":"2023-03-30T23:57:59","slug":"produtores-rurais-aprendem-a-usar-capim-de-corte","status":"publish","type":"post","link":"https:\/\/www.notibras.com\/site\/produtores-rurais-aprendem-a-usar-capim-de-corte\/","title":{"rendered":"Produtores rurais aprendem a usar capim de corte"},"content":{"rendered":"<p>Aproximadamente 40 produtores rurais de Brazl\u00e2ndia participaram, na quarta-feira (29), de uma reuni\u00e3o t\u00e9cnica sobre produ\u00e7\u00e3o de capim BRS Capia\u00e7u realizada pelo escrit\u00f3rio da Empresa de Assist\u00eancia T\u00e9cnica e Extens\u00e3o Rural (Emater-DF) da regi\u00e3o. O objetivo foi orient\u00e1-los sobre o melhor aproveitamento desse capim de corte, que pode ser usado tanto como massa verde quanto na silagem para alimenta\u00e7\u00e3o animal.<\/p>\n<p>Os produtores tamb\u00e9m receberam informa\u00e7\u00f5es sobre o cultivo e as caracter\u00edsticas da planta, dados sobre a valida\u00e7\u00e3o em campo da variedade desenvolvida pela Embrapa Cerrados e sobre como oferecer o volumoso (silagem) na alimenta\u00e7\u00e3o animal. \u201cA inten\u00e7\u00e3o \u00e9 que o produtor tenha condi\u00e7\u00f5es de aproveitar as vantagens desse material fant\u00e1stico\u201d, destacou o m\u00e9dico-veterin\u00e1rio da Emater em Brazl\u00e2ndia, M\u00e1rio Paschoal.<\/p>\n<p>O objetivo da reuni\u00e3o t\u00e9cnica foi orientar os produtores sobre o melhor aproveitamento do capim BRS Capia\u00e7u, que pode ser usado tanto como massa verde quanto na silagem para alimenta\u00e7\u00e3o animal | Foto: Divulga\u00e7\u00e3o\/Emater-DF<br \/>\nSegundo o veterin\u00e1rio da Emater, historicamente os criadores usam a silagem de milho na \u00e9poca de seca. Atualmente, os pre\u00e7os desse tipo de silo est\u00e3o elevados e o BRS Capia\u00e7u surge como uma alternativa interessante. \u201cA silagem de milho continua sendo imbat\u00edvel na quest\u00e3o energ\u00e9tica na alimenta\u00e7\u00e3o do animal, mas o Capia\u00e7u vem se mostrando fant\u00e1stico tanto na alta produ\u00e7\u00e3o de massa, quanto na quest\u00e3o nutricional\u201d, afirmou Paschoal.<\/p>\n<p>\u201cOutra vantagem \u00e9 que ele \u00e9 tolerante as temperaturas mais baixas. E irrigando o produtor tem material verde o ano inteiro, que pode ser oferecido tanto cortado no cocho, como pode ser armazenado na forma de silagem\u201d, ressaltou.<\/p>\n<p>Um dos participantes do curso, o criador de gado de corte Aur\u00e9lio Tinoco de Oliveira, come\u00e7ou seu plantio de BRS Capia\u00e7u desde o ano passado. Interessado em aprender mais sobre o capim BRS Capia\u00e7u, fez quest\u00e3o de participar da reuni\u00e3o t\u00e9cnica da Emater. \u201cA gente tem sempre que buscar novas tecnologias e agregar informa\u00e7\u00f5es, n\u00e3o podemos pensar que j\u00e1 sabemos tudo\u201d, disse o produtor.<\/p>\n<p>Atualmente os animais de Aur\u00e9lio se alimentam apenas do pasto rotacionado em piquetes. Mas nesse pr\u00f3ximo per\u00edodo seco, o produtor vai experimentar introduzir o BRS Capia\u00e7u na alimenta\u00e7\u00e3o, que foi plantado no ano passado. \u201cN\u00e3o foi um investimento alto, at\u00e9 porque estou replicando as mudas que comprei e acredito que \u00e9 uma boa resposta para a suplementa\u00e7\u00e3o na \u00e9poca da seca\u201d, afirmou Aur\u00e9lio.<\/p>\n","protected":false},"excerpt":{"rendered":"<p>Aproximadamente 40 produtores rurais de Brazl\u00e2ndia participaram, na quarta-feira (29), de uma reuni\u00e3o t\u00e9cnica sobre produ\u00e7\u00e3o de capim BRS Capia\u00e7u realizada pelo escrit\u00f3rio da Empresa de Assist\u00eancia T\u00e9cnica e Extens\u00e3o Rural (Emater-DF) da regi\u00e3o. O objetivo foi orient\u00e1-los sobre o melhor aproveitamento desse capim de corte, que pode ser usado tanto como massa verde quanto [&hellip;]<\/p>\n","protected":false},"author":2,"featured_media":302022,"comment_status":"closed","ping_status":"closed","sticky":false,"template":"","format":"standard","meta":{"_acf_changed":false,"footnotes":""},"categories":[161],"tags":[],"class_list":["post-302021","post","type-post","status-publish","format-standard","has-post-thumbnail","hentry","category-quadradinho-em-foco"],"acf":[],"yoast_head":"<!-- This site is optimized with the Yoast SEO plugin v27.2 - https:\/\/yoast.com\/product\/yoast-seo-wordpress\/ -->\n<title>Produtores rurais aprendem a usar capim de corte - Notibras<\/title>\n<meta name=\"robots\" content=\"index, follow, max-snippet:-1, max-image-preview:large, max-video-preview:-1\" \/>\n<link rel=\"canonical\" href=\"https:\/\/www.notibras.com\/site\/produtores-rurais-aprendem-a-usar-capim-de-corte\/\" \/>\n<meta property=\"og:locale\" content=\"pt_BR\" \/>\n<meta property=\"og:type\" content=\"article\" \/>\n<meta property=\"og:title\" content=\"Produtores rurais aprendem a usar capim de corte - Notibras\" \/>\n<meta property=\"og:description\" content=\"Aproximadamente 40 produtores rurais de Brazl\u00e2ndia participaram, na quarta-feira (29), de uma reuni\u00e3o t\u00e9cnica sobre produ\u00e7\u00e3o de capim BRS Capia\u00e7u realizada pelo escrit\u00f3rio da Empresa de Assist\u00eancia T\u00e9cnica e Extens\u00e3o Rural (Emater-DF) da regi\u00e3o. O objetivo foi orient\u00e1-los sobre o melhor aproveitamento desse capim de corte, que pode ser usado tanto como massa verde quanto [&hellip;]\" \/>\n<meta property=\"og:url\" content=\"https:\/\/www.notibras.com\/site\/produtores-rurais-aprendem-a-usar-capim-de-corte\/\" \/>\n<meta property=\"og:site_name\" content=\"Notibras\" \/>\n<meta property=\"article:publisher\" content=\"https:\/\/www.facebook.com\/notibras\/\" \/>\n<meta property=\"article:published_time\" content=\"2023-03-30T03:55:14+00:00\" \/>\n<meta property=\"article:modified_time\" content=\"2023-03-30T23:57:59+00:00\" \/>\n<meta property=\"og:image\" content=\"https:\/\/www.notibras.com\/site\/wp-content\/uploads\/2023\/03\/IMG_6813-scaled-1.jpg\" \/>\n\t<meta property=\"og:image:width\" content=\"2560\" \/>\n\t<meta property=\"og:image:height\" content=\"1707\" \/>\n\t<meta property=\"og:image:type\" content=\"image\/jpeg\" \/>\n<meta name=\"author\" content=\"Reda\u00e7\u00e3o\" \/>\n<meta name=\"twitter:card\" content=\"summary_large_image\" \/>\n<meta name=\"twitter:creator\" content=\"@Notibras\" \/>\n<meta name=\"twitter:site\" content=\"@Notibras\" \/>\n<meta name=\"twitter:label1\" content=\"Escrito por\" \/>\n\t<meta name=\"twitter:data1\" content=\"Reda\u00e7\u00e3o\" \/>\n\t<meta name=\"twitter:label2\" content=\"Est. tempo de leitura\" \/>\n\t<meta name=\"twitter:data2\" content=\"3 minutos\" \/>\n<script type=\"application\/ld+json\" class=\"yoast-schema-graph\">{\"@context\":\"https:\/\/schema.org\",\"@graph\":[{\"@type\":\"Article\",\"@id\":\"https:\/\/www.notibras.com\/site\/produtores-rurais-aprendem-a-usar-capim-de-corte\/#article\",\"isPartOf\":{\"@id\":\"https:\/\/www.notibras.com\/site\/produtores-rurais-aprendem-a-usar-capim-de-corte\/\"},\"author\":{\"name\":\"Reda\u00e7\u00e3o\",\"@id\":\"https:\/\/www.notibras.com\/site\/#\/schema\/person\/36ab0979449956132d3e5b517ea76ac8\"},\"headline\":\"Produtores rurais aprendem a usar capim de corte\",\"datePublished\":\"2023-03-30T03:55:14+00:00\",\"dateModified\":\"2023-03-30T23:57:59+00:00\",\"mainEntityOfPage\":{\"@id\":\"https:\/\/www.notibras.com\/site\/produtores-rurais-aprendem-a-usar-capim-de-corte\/\"},\"wordCount\":446,\"publisher\":{\"@id\":\"https:\/\/www.notibras.com\/site\/#organization\"},\"image\":{\"@id\":\"https:\/\/www.notibras.com\/site\/produtores-rurais-aprendem-a-usar-capim-de-corte\/#primaryimage\"},\"thumbnailUrl\":\"https:\/\/www.notibras.com\/site\/wp-content\/uploads\/2023\/03\/IMG_6813-scaled-1.jpg\",\"articleSection\":[\"Quadradinho em Foco\"],\"inLanguage\":\"pt-BR\"},{\"@type\":\"WebPage\",\"@id\":\"https:\/\/www.notibras.com\/site\/produtores-rurais-aprendem-a-usar-capim-de-corte\/\",\"url\":\"https:\/\/www.notibras.com\/site\/produtores-rurais-aprendem-a-usar-capim-de-corte\/\",\"name\":\"Produtores rurais aprendem a usar capim de corte - Notibras\",\"isPartOf\":{\"@id\":\"https:\/\/www.notibras.com\/site\/#website\"},\"primaryImageOfPage\":{\"@id\":\"https:\/\/www.notibras.com\/site\/produtores-rurais-aprendem-a-usar-capim-de-corte\/#primaryimage\"},\"image\":{\"@id\":\"https:\/\/www.notibras.com\/site\/produtores-rurais-aprendem-a-usar-capim-de-corte\/#primaryimage\"},\"thumbnailUrl\":\"https:\/\/www.notibras.com\/site\/wp-content\/uploads\/2023\/03\/IMG_6813-scaled-1.jpg\",\"datePublished\":\"2023-03-30T03:55:14+00:00\",\"dateModified\":\"2023-03-30T23:57:59+00:00\",\"breadcrumb\":{\"@id\":\"https:\/\/www.notibras.com\/site\/produtores-rurais-aprendem-a-usar-capim-de-corte\/#breadcrumb\"},\"inLanguage\":\"pt-BR\",\"potentialAction\":[{\"@type\":\"ReadAction\",\"target\":[\"https:\/\/www.notibras.com\/site\/produtores-rurais-aprendem-a-usar-capim-de-corte\/\"]}]},{\"@type\":\"ImageObject\",\"inLanguage\":\"pt-BR\",\"@id\":\"https:\/\/www.notibras.com\/site\/produtores-rurais-aprendem-a-usar-capim-de-corte\/#primaryimage\",\"url\":\"https:\/\/www.notibras.com\/site\/wp-content\/uploads\/2023\/03\/IMG_6813-scaled-1.jpg\",\"contentUrl\":\"https:\/\/www.notibras.com\/site\/wp-content\/uploads\/2023\/03\/IMG_6813-scaled-1.jpg\",\"width\":2560,\"height\":1707},{\"@type\":\"BreadcrumbList\",\"@id\":\"https:\/\/www.notibras.com\/site\/produtores-rurais-aprendem-a-usar-capim-de-corte\/#breadcrumb\",\"itemListElement\":[{\"@type\":\"ListItem\",\"position\":1,\"name\":\"In\u00edcio\",\"item\":\"https:\/\/www.notibras.com\/site\/\"},{\"@type\":\"ListItem\",\"position\":2,\"name\":\"Produtores rurais aprendem a usar capim de corte\"}]},{\"@type\":\"WebSite\",\"@id\":\"https:\/\/www.notibras.com\/site\/#website\",\"url\":\"https:\/\/www.notibras.com\/site\/\",\"name\":\"Notibras\",\"description\":\"Not\u00edcias de Bras\u00edlia, do Brasil e do Mundo\",\"publisher\":{\"@id\":\"https:\/\/www.notibras.com\/site\/#organization\"},\"potentialAction\":[{\"@type\":\"SearchAction\",\"target\":{\"@type\":\"EntryPoint\",\"urlTemplate\":\"https:\/\/www.notibras.com\/site\/?s={search_term_string}\"},\"query-input\":{\"@type\":\"PropertyValueSpecification\",\"valueRequired\":true,\"valueName\":\"search_term_string\"}}],\"inLanguage\":\"pt-BR\"},{\"@type\":\"Organization\",\"@id\":\"https:\/\/www.notibras.com\/site\/#organization\",\"name\":\"Grupo Notibras de Comunica\u00e7\u00e3o\",\"url\":\"https:\/\/www.notibras.com\/site\/\",\"logo\":{\"@type\":\"ImageObject\",\"inLanguage\":\"pt-BR\",\"@id\":\"https:\/\/www.notibras.com\/site\/#\/schema\/logo\/image\/\",\"url\":\"https:\/\/www.notibras.com\/site\/wp-content\/uploads\/2023\/01\/notibras23.png\",\"contentUrl\":\"https:\/\/www.notibras.com\/site\/wp-content\/uploads\/2023\/01\/notibras23.png\",\"width\":350,\"height\":87,\"caption\":\"Grupo Notibras de Comunica\u00e7\u00e3o\"},\"image\":{\"@id\":\"https:\/\/www.notibras.com\/site\/#\/schema\/logo\/image\/\"},\"sameAs\":[\"https:\/\/www.facebook.com\/notibras\/\",\"https:\/\/x.com\/Notibras\",\"https:\/\/www.instagram.com\/notibras\/\"]},{\"@type\":\"Person\",\"@id\":\"https:\/\/www.notibras.com\/site\/#\/schema\/person\/36ab0979449956132d3e5b517ea76ac8\",\"name\":\"Reda\u00e7\u00e3o\",\"image\":{\"@type\":\"ImageObject\",\"inLanguage\":\"pt-BR\",\"@id\":\"https:\/\/secure.gravatar.com\/avatar\/e0a867bdedb85fd243eadf09663511f96fc81e0720a4a42581f334ad4303aa6b?s=96&d=mm&r=g\",\"url\":\"https:\/\/secure.gravatar.com\/avatar\/e0a867bdedb85fd243eadf09663511f96fc81e0720a4a42581f334ad4303aa6b?s=96&d=mm&r=g\",\"contentUrl\":\"https:\/\/secure.gravatar.com\/avatar\/e0a867bdedb85fd243eadf09663511f96fc81e0720a4a42581f334ad4303aa6b?s=96&d=mm&r=g\",\"caption\":\"Reda\u00e7\u00e3o\"}}]}<\/script>\n<!-- \/ Yoast SEO plugin. -->","yoast_head_json":{"title":"Produtores rurais aprendem a usar capim de corte - Notibras","robots":{"index":"index","follow":"follow","max-snippet":"max-snippet:-1","max-image-preview":"max-image-preview:large","max-video-preview":"max-video-preview:-1"},"canonical":"https:\/\/www.notibras.com\/site\/produtores-rurais-aprendem-a-usar-capim-de-corte\/","og_locale":"pt_BR","og_type":"article","og_title":"Produtores rurais aprendem a usar capim de corte - Notibras","og_description":"Aproximadamente 40 produtores rurais de Brazl\u00e2ndia participaram, na quarta-feira (29), de uma reuni\u00e3o t\u00e9cnica sobre produ\u00e7\u00e3o de capim BRS Capia\u00e7u realizada pelo escrit\u00f3rio da Empresa de Assist\u00eancia T\u00e9cnica e Extens\u00e3o Rural (Emater-DF) da regi\u00e3o. O objetivo foi orient\u00e1-los sobre o melhor aproveitamento desse capim de corte, que pode ser usado tanto como massa verde quanto [&hellip;]","og_url":"https:\/\/www.notibras.com\/site\/produtores-rurais-aprendem-a-usar-capim-de-corte\/","og_site_name":"Notibras","article_publisher":"https:\/\/www.facebook.com\/notibras\/","article_published_time":"2023-03-30T03:55:14+00:00","article_modified_time":"2023-03-30T23:57:59+00:00","og_image":[{"width":2560,"height":1707,"url":"https:\/\/www.notibras.com\/site\/wp-content\/uploads\/2023\/03\/IMG_6813-scaled-1.jpg","type":"image\/jpeg"}],"author":"Reda\u00e7\u00e3o","twitter_card":"summary_large_image","twitter_creator":"@Notibras","twitter_site":"@Notibras","twitter_misc":{"Escrito por":"Reda\u00e7\u00e3o","Est. tempo de leitura":"3 minutos"},"schema":{"@context":"https:\/\/schema.org","@graph":[{"@type":"Article","@id":"https:\/\/www.notibras.com\/site\/produtores-rurais-aprendem-a-usar-capim-de-corte\/#article","isPartOf":{"@id":"https:\/\/www.notibras.com\/site\/produtores-rurais-aprendem-a-usar-capim-de-corte\/"},"author":{"name":"Reda\u00e7\u00e3o","@id":"https:\/\/www.notibras.com\/site\/#\/schema\/person\/36ab0979449956132d3e5b517ea76ac8"},"headline":"Produtores rurais aprendem a usar capim de corte","datePublished":"2023-03-30T03:55:14+00:00","dateModified":"2023-03-30T23:57:59+00:00","mainEntityOfPage":{"@id":"https:\/\/www.notibras.com\/site\/produtores-rurais-aprendem-a-usar-capim-de-corte\/"},"wordCount":446,"publisher":{"@id":"https:\/\/www.notibras.com\/site\/#organization"},"image":{"@id":"https:\/\/www.notibras.com\/site\/produtores-rurais-aprendem-a-usar-capim-de-corte\/#primaryimage"},"thumbnailUrl":"https:\/\/www.notibras.com\/site\/wp-content\/uploads\/2023\/03\/IMG_6813-scaled-1.jpg","articleSection":["Quadradinho em Foco"],"inLanguage":"pt-BR"},{"@type":"WebPage","@id":"https:\/\/www.notibras.com\/site\/produtores-rurais-aprendem-a-usar-capim-de-corte\/","url":"https:\/\/www.notibras.com\/site\/produtores-rurais-aprendem-a-usar-capim-de-corte\/","name":"Produtores rurais aprendem a usar capim de corte - Notibras","isPartOf":{"@id":"https:\/\/www.notibras.com\/site\/#website"},"primaryImageOfPage":{"@id":"https:\/\/www.notibras.com\/site\/produtores-rurais-aprendem-a-usar-capim-de-corte\/#primaryimage"},"image":{"@id":"https:\/\/www.notibras.com\/site\/produtores-rurais-aprendem-a-usar-capim-de-corte\/#primaryimage"},"thumbnailUrl":"https:\/\/www.notibras.com\/site\/wp-content\/uploads\/2023\/03\/IMG_6813-scaled-1.jpg","datePublished":"2023-03-30T03:55:14+00:00","dateModified":"2023-03-30T23:57:59+00:00","breadcrumb":{"@id":"https:\/\/www.notibras.com\/site\/produtores-rurais-aprendem-a-usar-capim-de-corte\/#breadcrumb"},"inLanguage":"pt-BR","potentialAction":[{"@type":"ReadAction","target":["https:\/\/www.notibras.com\/site\/produtores-rurais-aprendem-a-usar-capim-de-corte\/"]}]},{"@type":"ImageObject","inLanguage":"pt-BR","@id":"https:\/\/www.notibras.com\/site\/produtores-rurais-aprendem-a-usar-capim-de-corte\/#primaryimage","url":"https:\/\/www.notibras.com\/site\/wp-content\/uploads\/2023\/03\/IMG_6813-scaled-1.jpg","contentUrl":"https:\/\/www.notibras.com\/site\/wp-content\/uploads\/2023\/03\/IMG_6813-scaled-1.jpg","width":2560,"height":1707},{"@type":"BreadcrumbList","@id":"https:\/\/www.notibras.com\/site\/produtores-rurais-aprendem-a-usar-capim-de-corte\/#breadcrumb","itemListElement":[{"@type":"ListItem","position":1,"name":"In\u00edcio","item":"https:\/\/www.notibras.com\/site\/"},{"@type":"ListItem","position":2,"name":"Produtores rurais aprendem a usar capim de corte"}]},{"@type":"WebSite","@id":"https:\/\/www.notibras.com\/site\/#website","url":"https:\/\/www.notibras.com\/site\/","name":"Notibras","description":"Not\u00edcias de Bras\u00edlia, do Brasil e do Mundo","publisher":{"@id":"https:\/\/www.notibras.com\/site\/#organization"},"potentialAction":[{"@type":"SearchAction","target":{"@type":"EntryPoint","urlTemplate":"https:\/\/www.notibras.com\/site\/?s={search_term_string}"},"query-input":{"@type":"PropertyValueSpecification","valueRequired":true,"valueName":"search_term_string"}}],"inLanguage":"pt-BR"},{"@type":"Organization","@id":"https:\/\/www.notibras.com\/site\/#organization","name":"Grupo Notibras de Comunica\u00e7\u00e3o","url":"https:\/\/www.notibras.com\/site\/","logo":{"@type":"ImageObject","inLanguage":"pt-BR","@id":"https:\/\/www.notibras.com\/site\/#\/schema\/logo\/image\/","url":"https:\/\/www.notibras.com\/site\/wp-content\/uploads\/2023\/01\/notibras23.png","contentUrl":"https:\/\/www.notibras.com\/site\/wp-content\/uploads\/2023\/01\/notibras23.png","width":350,"height":87,"caption":"Grupo Notibras de Comunica\u00e7\u00e3o"},"image":{"@id":"https:\/\/www.notibras.com\/site\/#\/schema\/logo\/image\/"},"sameAs":["https:\/\/www.facebook.com\/notibras\/","https:\/\/x.com\/Notibras","https:\/\/www.instagram.com\/notibras\/"]},{"@type":"Person","@id":"https:\/\/www.notibras.com\/site\/#\/schema\/person\/36ab0979449956132d3e5b517ea76ac8","name":"Reda\u00e7\u00e3o","image":{"@type":"ImageObject","inLanguage":"pt-BR","@id":"https:\/\/secure.gravatar.com\/avatar\/e0a867bdedb85fd243eadf09663511f96fc81e0720a4a42581f334ad4303aa6b?s=96&d=mm&r=g","url":"https:\/\/secure.gravatar.com\/avatar\/e0a867bdedb85fd243eadf09663511f96fc81e0720a4a42581f334ad4303aa6b?s=96&d=mm&r=g","contentUrl":"https:\/\/secure.gravatar.com\/avatar\/e0a867bdedb85fd243eadf09663511f96fc81e0720a4a42581f334ad4303aa6b?s=96&d=mm&r=g","caption":"Reda\u00e7\u00e3o"}}]}},"amp_enabled":true,"_links":{"self":[{"href":"https:\/\/www.notibras.com\/site\/wp-json\/wp\/v2\/posts\/302021","targetHints":{"allow":["GET"]}}],"collection":[{"href":"https:\/\/www.notibras.com\/site\/wp-json\/wp\/v2\/posts"}],"about":[{"href":"https:\/\/www.notibras.com\/site\/wp-json\/wp\/v2\/types\/post"}],"author":[{"embeddable":true,"href":"https:\/\/www.notibras.com\/site\/wp-json\/wp\/v2\/users\/2"}],"replies":[{"embeddable":true,"href":"https:\/\/www.notibras.com\/site\/wp-json\/wp\/v2\/comments?post=302021"}],"version-history":[{"count":1,"href":"https:\/\/www.notibras.com\/site\/wp-json\/wp\/v2\/posts\/302021\/revisions"}],"predecessor-version":[{"id":302023,"href":"https:\/\/www.notibras.com\/site\/wp-json\/wp\/v2\/posts\/302021\/revisions\/302023"}],"wp:featuredmedia":[{"embeddable":true,"href":"https:\/\/www.notibras.com\/site\/wp-json\/wp\/v2\/media\/302022"}],"wp:attachment":[{"href":"https:\/\/www.notibras.com\/site\/wp-json\/wp\/v2\/media?parent=302021"}],"wp:term":[{"taxonomy":"category","embeddable":true,"href":"https:\/\/www.notibras.com\/site\/wp-json\/wp\/v2\/categories?post=302021"},{"taxonomy":"post_tag","embeddable":true,"href":"https:\/\/www.notibras.com\/site\/wp-json\/wp\/v2\/tags?post=302021"}],"curies":[{"name":"wp","href":"https:\/\/api.w.org\/{rel}","templated":true}]}}