{"id":302024,"date":"2023-03-30T10:00:14","date_gmt":"2023-03-30T13:00:14","guid":{"rendered":"https:\/\/www.notibras.com\/site\/?p=302024"},"modified":"2023-03-30T21:02:31","modified_gmt":"2023-03-31T00:02:31","slug":"302024-2","status":"publish","type":"post","link":"https:\/\/www.notibras.com\/site\/302024-2\/","title":{"rendered":"Antecipada vacina\u00e7\u00e3o para crian\u00e7as de 6 meses a 5 anos"},"content":{"rendered":"<p>A Secretaria de Sa\u00fade do Distrito Federal (SES-DF) vai adiantar para esta sexta-feira (31) o in\u00edcio da campanha de vacina\u00e7\u00e3o contra a gripe (v\u00edrus influenza). As equipes de imuniza\u00e7\u00e3o v\u00e3o a 21 creches para atender as crian\u00e7as de seis meses a cinco anos, 11 meses e 29 dias. O Distrito Federal conta com 216.544 crian\u00e7as nessa faixa et\u00e1ria.<\/p>\n<p>A orienta\u00e7\u00e3o para as fam\u00edlias \u00e9 que nesta sexta-feira (31) as crian\u00e7as estejam com um documento de identifica\u00e7\u00e3o e o cart\u00e3o de vacina. Os pais ou respons\u00e1veis devem assinar um termo de autoriza\u00e7\u00e3o e estarem presentes no momento da vacina\u00e7\u00e3o, que deve ocorrer no in\u00edcio do hor\u00e1rio das aulas, a partir das 15h. N\u00e3o ser\u00e3o vacinadas as crian\u00e7as com sintomas de gripe.<\/p>\n<p>\u201cCom essa nossa ida \u00e0s creches, vamos buscar a quebra da circula\u00e7\u00e3o desse v\u00edrus, aumentar a cobertura vacinal e a capacidade de defesa das nossas crian\u00e7as. E \u00e9 um pedido do nosso governador, a uni\u00e3o das v\u00e1rias secretarias para a entrega de pol\u00edticas p\u00fablicas\u201d, afirma a secret\u00e1ria de Sa\u00fade, Lucilene Flor\u00eancio.<\/p>\n<p>\u201cA Secretaria de Sa\u00fade \u00e9 uma grande parceira nossa e, assim como fizemos em outras campanhas de vacina\u00e7\u00e3o, nos juntamos para auxiliar na amplia\u00e7\u00e3o da cobertura vacinal e protegermos os nossos estudantes do v\u00edrus da gripe. \u00c9 muito importante que as fam\u00edlias compreendam a import\u00e2ncia de imunizarem seus filhos nesse momento\u201d, completa a secret\u00e1ria de Educa\u00e7\u00e3o, H\u00e9lvia Paranagu\u00e1.<\/p>\n<p>No s\u00e1bado (1\u00ba), haver\u00e1 vacina\u00e7\u00e3o em espa\u00e7os p\u00fablicos e, a partir de segunda-feira (3), come\u00e7ar\u00e1 o atendimento na rede de unidades b\u00e1sicas de sa\u00fade. Os locais ser\u00e3o divulgados no site da Secretaria de Sa\u00fade.<\/p>\n<p>\u201cOs pais das crian\u00e7as que n\u00e3o forem das creches atendidas nesta sexta-feira poder\u00e3o lev\u00e1-las para se vacinar no s\u00e1bado e, a partir de segunda-feira, nas unidades b\u00e1sicas de sa\u00fade (UBSs). Tamb\u00e9m vamos prosseguir na parceria com a Secretaria de Educa\u00e7\u00e3o\u201d, detalha a chefe do N\u00facleo de Vigil\u00e2ncia Epidemiol\u00f3gica (NVEP) da Regi\u00e3o Sudoeste de Sa\u00fade, Kelly Coelho.<\/p>\n<p>Prevista para come\u00e7ar no dia 10 de abril, a vacina\u00e7\u00e3o contra gripe para as crian\u00e7as dessa faixa et\u00e1ria foi antecipada por conta do aumento dos casos de s\u00edndromes respirat\u00f3rias. \u201cAs crian\u00e7as menores de dois anos s\u00e3o um grupo de risco, com maior gravidade, que costumam ter uma piora, ficando em um estado que necessita maior aten\u00e7\u00e3o\u201d, explica a coordenadora da Aten\u00e7\u00e3o Prim\u00e1ria \u00e0 Sa\u00fade, Ram\u00e1 Celani.<\/p>\n<p>De acordo a Diretoria de Vigil\u00e2ncia Epidemiol\u00f3gica (Divep) da SES, at\u00e9 o in\u00edcio de mar\u00e7o, 61,8% dos casos graves por v\u00edrus respirat\u00f3rios foram registrados em crian\u00e7as com menos de dois anos de idade. \u201cO v\u00edrus influenza j\u00e1 est\u00e1 circulando aqui no DF e, com a vacina\u00e7\u00e3o desta faixa et\u00e1ria, evitaremos a forma grave e os \u00f3bitos pela doen\u00e7a\u201d, explica a respons\u00e1vel t\u00e9cnica de doen\u00e7as respirat\u00f3rias da Divep, Bruna Camargos.<\/p>\n<p>A vacina que ser\u00e1 aplicada \u00e9 do tipo trivalente, pois protege contra os v\u00edrus A\/Sydney\/5\/2021 (H1N1)pdm09, A\/Darwin\/9\/2021 (H3N2) e B\/Austria\/1359417\/2021 (linhagem B\/Victoria), tendo sido desenvolvida a partir das cepas em circula\u00e7\u00e3o no Brasil. Ap\u00f3s a vacina\u00e7\u00e3o, em duas a tr\u00eas semanas passam a ser detectados anticorpos contra a doen\u00e7a. O tempo previsto de prote\u00e7\u00e3o vai de seis a 12 meses, dependendo do indiv\u00edduo, o que justifica a vacina\u00e7\u00e3o ocorrer anualmente.<\/p>\n<p>A Secretaria de Sa\u00fade recebeu mais de 180 mil doses encaminhadas pelo Minist\u00e9rio da Sa\u00fade e iniciou a distribui\u00e7\u00e3o entre as sete regi\u00f5es de sa\u00fade do DF. O objetivo \u00e9 oferecer as vacinas para aplica\u00e7\u00e3o nas unidades b\u00e1sicas de sa\u00fade, creches e em a\u00e7\u00f5es externas, como em parques, pra\u00e7as, feiras, centros comerciais e outros espa\u00e7os de grande circula\u00e7\u00e3o.<\/p>\n<p>No dia 10 de abril, ser\u00e1 iniciada a campanha de vacina\u00e7\u00e3o para outros grupos: idosos com 60 anos e mais, gestantes, pu\u00e9rperas, professores das escolas p\u00fablicas e privadas, trabalhadores da sa\u00fade e do transporte coletivo rodovi\u00e1rio, caminhoneiros, portu\u00e1rios, profissionais das for\u00e7as de seguran\u00e7a e salvamento e das for\u00e7as armadas, funcion\u00e1rios do sistema prisional, adolescentes e jovens de 12 a 21 anos de idade sob medidas socioeducativas, popula\u00e7\u00e3o privada de liberdade, pessoas portadoras de doen\u00e7as cr\u00f4nicas n\u00e3o transmiss\u00edveis e outras condi\u00e7\u00f5es cl\u00ednicas especiais, pessoas com defici\u00eancia permanente e povos ind\u00edgenas. At\u00e9 o fim da campanha, o Distrito Federal receber\u00e1 do Minist\u00e9rio da Sa\u00fade um total de 1.112.000 doses.<\/p>\n","protected":false},"excerpt":{"rendered":"<p>A Secretaria de Sa\u00fade do Distrito Federal (SES-DF) vai adiantar para esta sexta-feira (31) o in\u00edcio da campanha de vacina\u00e7\u00e3o contra a gripe (v\u00edrus influenza). As equipes de imuniza\u00e7\u00e3o v\u00e3o a 21 creches para atender as crian\u00e7as de seis meses a cinco anos, 11 meses e 29 dias. O Distrito Federal conta com 216.544 crian\u00e7as [&hellip;]<\/p>\n","protected":false},"author":2,"featured_media":302025,"comment_status":"closed","ping_status":"closed","sticky":false,"template":"","format":"standard","meta":{"_acf_changed":false,"footnotes":""},"categories":[161],"tags":[],"class_list":["post-302024","post","type-post","status-publish","format-standard","has-post-thumbnail","hentry","category-quadradinho-em-foco"],"acf":[],"yoast_head":"<!-- This site is optimized with the Yoast SEO plugin v27.2 - https:\/\/yoast.com\/product\/yoast-seo-wordpress\/ -->\n<title>Antecipada vacina\u00e7\u00e3o para crian\u00e7as de 6 meses a 5 anos - Notibras<\/title>\n<meta name=\"robots\" content=\"index, follow, max-snippet:-1, max-image-preview:large, max-video-preview:-1\" \/>\n<link rel=\"canonical\" href=\"https:\/\/www.notibras.com\/site\/302024-2\/\" \/>\n<meta property=\"og:locale\" content=\"pt_BR\" \/>\n<meta property=\"og:type\" content=\"article\" \/>\n<meta property=\"og:title\" content=\"Antecipada vacina\u00e7\u00e3o para crian\u00e7as de 6 meses a 5 anos - Notibras\" \/>\n<meta property=\"og:description\" content=\"A Secretaria de Sa\u00fade do Distrito Federal (SES-DF) vai adiantar para esta sexta-feira (31) o in\u00edcio da campanha de vacina\u00e7\u00e3o contra a gripe (v\u00edrus influenza). As equipes de imuniza\u00e7\u00e3o v\u00e3o a 21 creches para atender as crian\u00e7as de seis meses a cinco anos, 11 meses e 29 dias. O Distrito Federal conta com 216.544 crian\u00e7as [&hellip;]\" \/>\n<meta property=\"og:url\" content=\"https:\/\/www.notibras.com\/site\/302024-2\/\" \/>\n<meta property=\"og:site_name\" content=\"Notibras\" \/>\n<meta property=\"article:publisher\" content=\"https:\/\/www.facebook.com\/notibras\/\" \/>\n<meta property=\"article:published_time\" content=\"2023-03-30T13:00:14+00:00\" \/>\n<meta property=\"article:modified_time\" content=\"2023-03-31T00:02:31+00:00\" \/>\n<meta property=\"og:image\" content=\"https:\/\/www.notibras.com\/site\/wp-content\/uploads\/2023\/03\/vaaina.gdf_.jpg\" \/>\n\t<meta property=\"og:image:width\" content=\"768\" \/>\n\t<meta property=\"og:image:height\" content=\"512\" \/>\n\t<meta property=\"og:image:type\" content=\"image\/jpeg\" \/>\n<meta name=\"author\" content=\"Reda\u00e7\u00e3o\" \/>\n<meta name=\"twitter:card\" content=\"summary_large_image\" \/>\n<meta name=\"twitter:creator\" content=\"@Notibras\" \/>\n<meta name=\"twitter:site\" content=\"@Notibras\" \/>\n<meta name=\"twitter:label1\" content=\"Escrito por\" \/>\n\t<meta name=\"twitter:data1\" content=\"Reda\u00e7\u00e3o\" \/>\n\t<meta name=\"twitter:label2\" content=\"Est. tempo de leitura\" \/>\n\t<meta name=\"twitter:data2\" content=\"4 minutos\" \/>\n<script type=\"application\/ld+json\" class=\"yoast-schema-graph\">{\"@context\":\"https:\/\/schema.org\",\"@graph\":[{\"@type\":\"Article\",\"@id\":\"https:\/\/www.notibras.com\/site\/302024-2\/#article\",\"isPartOf\":{\"@id\":\"https:\/\/www.notibras.com\/site\/302024-2\/\"},\"author\":{\"name\":\"Reda\u00e7\u00e3o\",\"@id\":\"https:\/\/www.notibras.com\/site\/#\/schema\/person\/36ab0979449956132d3e5b517ea76ac8\"},\"headline\":\"Antecipada vacina\u00e7\u00e3o para crian\u00e7as de 6 meses a 5 anos\",\"datePublished\":\"2023-03-30T13:00:14+00:00\",\"dateModified\":\"2023-03-31T00:02:31+00:00\",\"mainEntityOfPage\":{\"@id\":\"https:\/\/www.notibras.com\/site\/302024-2\/\"},\"wordCount\":816,\"publisher\":{\"@id\":\"https:\/\/www.notibras.com\/site\/#organization\"},\"image\":{\"@id\":\"https:\/\/www.notibras.com\/site\/302024-2\/#primaryimage\"},\"thumbnailUrl\":\"https:\/\/www.notibras.com\/site\/wp-content\/uploads\/2023\/03\/vaaina.gdf_.jpg\",\"articleSection\":[\"Quadradinho em Foco\"],\"inLanguage\":\"pt-BR\"},{\"@type\":\"WebPage\",\"@id\":\"https:\/\/www.notibras.com\/site\/302024-2\/\",\"url\":\"https:\/\/www.notibras.com\/site\/302024-2\/\",\"name\":\"Antecipada vacina\u00e7\u00e3o para crian\u00e7as de 6 meses a 5 anos - Notibras\",\"isPartOf\":{\"@id\":\"https:\/\/www.notibras.com\/site\/#website\"},\"primaryImageOfPage\":{\"@id\":\"https:\/\/www.notibras.com\/site\/302024-2\/#primaryimage\"},\"image\":{\"@id\":\"https:\/\/www.notibras.com\/site\/302024-2\/#primaryimage\"},\"thumbnailUrl\":\"https:\/\/www.notibras.com\/site\/wp-content\/uploads\/2023\/03\/vaaina.gdf_.jpg\",\"datePublished\":\"2023-03-30T13:00:14+00:00\",\"dateModified\":\"2023-03-31T00:02:31+00:00\",\"breadcrumb\":{\"@id\":\"https:\/\/www.notibras.com\/site\/302024-2\/#breadcrumb\"},\"inLanguage\":\"pt-BR\",\"potentialAction\":[{\"@type\":\"ReadAction\",\"target\":[\"https:\/\/www.notibras.com\/site\/302024-2\/\"]}]},{\"@type\":\"ImageObject\",\"inLanguage\":\"pt-BR\",\"@id\":\"https:\/\/www.notibras.com\/site\/302024-2\/#primaryimage\",\"url\":\"https:\/\/www.notibras.com\/site\/wp-content\/uploads\/2023\/03\/vaaina.gdf_.jpg\",\"contentUrl\":\"https:\/\/www.notibras.com\/site\/wp-content\/uploads\/2023\/03\/vaaina.gdf_.jpg\",\"width\":768,\"height\":512},{\"@type\":\"BreadcrumbList\",\"@id\":\"https:\/\/www.notibras.com\/site\/302024-2\/#breadcrumb\",\"itemListElement\":[{\"@type\":\"ListItem\",\"position\":1,\"name\":\"In\u00edcio\",\"item\":\"https:\/\/www.notibras.com\/site\/\"},{\"@type\":\"ListItem\",\"position\":2,\"name\":\"Antecipada vacina\u00e7\u00e3o para crian\u00e7as de 6 meses a 5 anos\"}]},{\"@type\":\"WebSite\",\"@id\":\"https:\/\/www.notibras.com\/site\/#website\",\"url\":\"https:\/\/www.notibras.com\/site\/\",\"name\":\"Notibras\",\"description\":\"Not\u00edcias de Bras\u00edlia, do Brasil e do Mundo\",\"publisher\":{\"@id\":\"https:\/\/www.notibras.com\/site\/#organization\"},\"potentialAction\":[{\"@type\":\"SearchAction\",\"target\":{\"@type\":\"EntryPoint\",\"urlTemplate\":\"https:\/\/www.notibras.com\/site\/?s={search_term_string}\"},\"query-input\":{\"@type\":\"PropertyValueSpecification\",\"valueRequired\":true,\"valueName\":\"search_term_string\"}}],\"inLanguage\":\"pt-BR\"},{\"@type\":\"Organization\",\"@id\":\"https:\/\/www.notibras.com\/site\/#organization\",\"name\":\"Grupo Notibras de Comunica\u00e7\u00e3o\",\"url\":\"https:\/\/www.notibras.com\/site\/\",\"logo\":{\"@type\":\"ImageObject\",\"inLanguage\":\"pt-BR\",\"@id\":\"https:\/\/www.notibras.com\/site\/#\/schema\/logo\/image\/\",\"url\":\"https:\/\/www.notibras.com\/site\/wp-content\/uploads\/2023\/01\/notibras23.png\",\"contentUrl\":\"https:\/\/www.notibras.com\/site\/wp-content\/uploads\/2023\/01\/notibras23.png\",\"width\":350,\"height\":87,\"caption\":\"Grupo Notibras de Comunica\u00e7\u00e3o\"},\"image\":{\"@id\":\"https:\/\/www.notibras.com\/site\/#\/schema\/logo\/image\/\"},\"sameAs\":[\"https:\/\/www.facebook.com\/notibras\/\",\"https:\/\/x.com\/Notibras\",\"https:\/\/www.instagram.com\/notibras\/\"]},{\"@type\":\"Person\",\"@id\":\"https:\/\/www.notibras.com\/site\/#\/schema\/person\/36ab0979449956132d3e5b517ea76ac8\",\"name\":\"Reda\u00e7\u00e3o\",\"image\":{\"@type\":\"ImageObject\",\"inLanguage\":\"pt-BR\",\"@id\":\"https:\/\/secure.gravatar.com\/avatar\/e0a867bdedb85fd243eadf09663511f96fc81e0720a4a42581f334ad4303aa6b?s=96&d=mm&r=g\",\"url\":\"https:\/\/secure.gravatar.com\/avatar\/e0a867bdedb85fd243eadf09663511f96fc81e0720a4a42581f334ad4303aa6b?s=96&d=mm&r=g\",\"contentUrl\":\"https:\/\/secure.gravatar.com\/avatar\/e0a867bdedb85fd243eadf09663511f96fc81e0720a4a42581f334ad4303aa6b?s=96&d=mm&r=g\",\"caption\":\"Reda\u00e7\u00e3o\"}}]}<\/script>\n<!-- \/ Yoast SEO plugin. -->","yoast_head_json":{"title":"Antecipada vacina\u00e7\u00e3o para crian\u00e7as de 6 meses a 5 anos - Notibras","robots":{"index":"index","follow":"follow","max-snippet":"max-snippet:-1","max-image-preview":"max-image-preview:large","max-video-preview":"max-video-preview:-1"},"canonical":"https:\/\/www.notibras.com\/site\/302024-2\/","og_locale":"pt_BR","og_type":"article","og_title":"Antecipada vacina\u00e7\u00e3o para crian\u00e7as de 6 meses a 5 anos - Notibras","og_description":"A Secretaria de Sa\u00fade do Distrito Federal (SES-DF) vai adiantar para esta sexta-feira (31) o in\u00edcio da campanha de vacina\u00e7\u00e3o contra a gripe (v\u00edrus influenza). As equipes de imuniza\u00e7\u00e3o v\u00e3o a 21 creches para atender as crian\u00e7as de seis meses a cinco anos, 11 meses e 29 dias. O Distrito Federal conta com 216.544 crian\u00e7as [&hellip;]","og_url":"https:\/\/www.notibras.com\/site\/302024-2\/","og_site_name":"Notibras","article_publisher":"https:\/\/www.facebook.com\/notibras\/","article_published_time":"2023-03-30T13:00:14+00:00","article_modified_time":"2023-03-31T00:02:31+00:00","og_image":[{"width":768,"height":512,"url":"https:\/\/www.notibras.com\/site\/wp-content\/uploads\/2023\/03\/vaaina.gdf_.jpg","type":"image\/jpeg"}],"author":"Reda\u00e7\u00e3o","twitter_card":"summary_large_image","twitter_creator":"@Notibras","twitter_site":"@Notibras","twitter_misc":{"Escrito por":"Reda\u00e7\u00e3o","Est. tempo de leitura":"4 minutos"},"schema":{"@context":"https:\/\/schema.org","@graph":[{"@type":"Article","@id":"https:\/\/www.notibras.com\/site\/302024-2\/#article","isPartOf":{"@id":"https:\/\/www.notibras.com\/site\/302024-2\/"},"author":{"name":"Reda\u00e7\u00e3o","@id":"https:\/\/www.notibras.com\/site\/#\/schema\/person\/36ab0979449956132d3e5b517ea76ac8"},"headline":"Antecipada vacina\u00e7\u00e3o para crian\u00e7as de 6 meses a 5 anos","datePublished":"2023-03-30T13:00:14+00:00","dateModified":"2023-03-31T00:02:31+00:00","mainEntityOfPage":{"@id":"https:\/\/www.notibras.com\/site\/302024-2\/"},"wordCount":816,"publisher":{"@id":"https:\/\/www.notibras.com\/site\/#organization"},"image":{"@id":"https:\/\/www.notibras.com\/site\/302024-2\/#primaryimage"},"thumbnailUrl":"https:\/\/www.notibras.com\/site\/wp-content\/uploads\/2023\/03\/vaaina.gdf_.jpg","articleSection":["Quadradinho em Foco"],"inLanguage":"pt-BR"},{"@type":"WebPage","@id":"https:\/\/www.notibras.com\/site\/302024-2\/","url":"https:\/\/www.notibras.com\/site\/302024-2\/","name":"Antecipada vacina\u00e7\u00e3o para crian\u00e7as de 6 meses a 5 anos - Notibras","isPartOf":{"@id":"https:\/\/www.notibras.com\/site\/#website"},"primaryImageOfPage":{"@id":"https:\/\/www.notibras.com\/site\/302024-2\/#primaryimage"},"image":{"@id":"https:\/\/www.notibras.com\/site\/302024-2\/#primaryimage"},"thumbnailUrl":"https:\/\/www.notibras.com\/site\/wp-content\/uploads\/2023\/03\/vaaina.gdf_.jpg","datePublished":"2023-03-30T13:00:14+00:00","dateModified":"2023-03-31T00:02:31+00:00","breadcrumb":{"@id":"https:\/\/www.notibras.com\/site\/302024-2\/#breadcrumb"},"inLanguage":"pt-BR","potentialAction":[{"@type":"ReadAction","target":["https:\/\/www.notibras.com\/site\/302024-2\/"]}]},{"@type":"ImageObject","inLanguage":"pt-BR","@id":"https:\/\/www.notibras.com\/site\/302024-2\/#primaryimage","url":"https:\/\/www.notibras.com\/site\/wp-content\/uploads\/2023\/03\/vaaina.gdf_.jpg","contentUrl":"https:\/\/www.notibras.com\/site\/wp-content\/uploads\/2023\/03\/vaaina.gdf_.jpg","width":768,"height":512},{"@type":"BreadcrumbList","@id":"https:\/\/www.notibras.com\/site\/302024-2\/#breadcrumb","itemListElement":[{"@type":"ListItem","position":1,"name":"In\u00edcio","item":"https:\/\/www.notibras.com\/site\/"},{"@type":"ListItem","position":2,"name":"Antecipada vacina\u00e7\u00e3o para crian\u00e7as de 6 meses a 5 anos"}]},{"@type":"WebSite","@id":"https:\/\/www.notibras.com\/site\/#website","url":"https:\/\/www.notibras.com\/site\/","name":"Notibras","description":"Not\u00edcias de Bras\u00edlia, do Brasil e do Mundo","publisher":{"@id":"https:\/\/www.notibras.com\/site\/#organization"},"potentialAction":[{"@type":"SearchAction","target":{"@type":"EntryPoint","urlTemplate":"https:\/\/www.notibras.com\/site\/?s={search_term_string}"},"query-input":{"@type":"PropertyValueSpecification","valueRequired":true,"valueName":"search_term_string"}}],"inLanguage":"pt-BR"},{"@type":"Organization","@id":"https:\/\/www.notibras.com\/site\/#organization","name":"Grupo Notibras de Comunica\u00e7\u00e3o","url":"https:\/\/www.notibras.com\/site\/","logo":{"@type":"ImageObject","inLanguage":"pt-BR","@id":"https:\/\/www.notibras.com\/site\/#\/schema\/logo\/image\/","url":"https:\/\/www.notibras.com\/site\/wp-content\/uploads\/2023\/01\/notibras23.png","contentUrl":"https:\/\/www.notibras.com\/site\/wp-content\/uploads\/2023\/01\/notibras23.png","width":350,"height":87,"caption":"Grupo Notibras de Comunica\u00e7\u00e3o"},"image":{"@id":"https:\/\/www.notibras.com\/site\/#\/schema\/logo\/image\/"},"sameAs":["https:\/\/www.facebook.com\/notibras\/","https:\/\/x.com\/Notibras","https:\/\/www.instagram.com\/notibras\/"]},{"@type":"Person","@id":"https:\/\/www.notibras.com\/site\/#\/schema\/person\/36ab0979449956132d3e5b517ea76ac8","name":"Reda\u00e7\u00e3o","image":{"@type":"ImageObject","inLanguage":"pt-BR","@id":"https:\/\/secure.gravatar.com\/avatar\/e0a867bdedb85fd243eadf09663511f96fc81e0720a4a42581f334ad4303aa6b?s=96&d=mm&r=g","url":"https:\/\/secure.gravatar.com\/avatar\/e0a867bdedb85fd243eadf09663511f96fc81e0720a4a42581f334ad4303aa6b?s=96&d=mm&r=g","contentUrl":"https:\/\/secure.gravatar.com\/avatar\/e0a867bdedb85fd243eadf09663511f96fc81e0720a4a42581f334ad4303aa6b?s=96&d=mm&r=g","caption":"Reda\u00e7\u00e3o"}}]}},"amp_enabled":true,"_links":{"self":[{"href":"https:\/\/www.notibras.com\/site\/wp-json\/wp\/v2\/posts\/302024","targetHints":{"allow":["GET"]}}],"collection":[{"href":"https:\/\/www.notibras.com\/site\/wp-json\/wp\/v2\/posts"}],"about":[{"href":"https:\/\/www.notibras.com\/site\/wp-json\/wp\/v2\/types\/post"}],"author":[{"embeddable":true,"href":"https:\/\/www.notibras.com\/site\/wp-json\/wp\/v2\/users\/2"}],"replies":[{"embeddable":true,"href":"https:\/\/www.notibras.com\/site\/wp-json\/wp\/v2\/comments?post=302024"}],"version-history":[{"count":2,"href":"https:\/\/www.notibras.com\/site\/wp-json\/wp\/v2\/posts\/302024\/revisions"}],"predecessor-version":[{"id":302027,"href":"https:\/\/www.notibras.com\/site\/wp-json\/wp\/v2\/posts\/302024\/revisions\/302027"}],"wp:featuredmedia":[{"embeddable":true,"href":"https:\/\/www.notibras.com\/site\/wp-json\/wp\/v2\/media\/302025"}],"wp:attachment":[{"href":"https:\/\/www.notibras.com\/site\/wp-json\/wp\/v2\/media?parent=302024"}],"wp:term":[{"taxonomy":"category","embeddable":true,"href":"https:\/\/www.notibras.com\/site\/wp-json\/wp\/v2\/categories?post=302024"},{"taxonomy":"post_tag","embeddable":true,"href":"https:\/\/www.notibras.com\/site\/wp-json\/wp\/v2\/tags?post=302024"}],"curies":[{"name":"wp","href":"https:\/\/api.w.org\/{rel}","templated":true}]}}