{"id":30203,"date":"2014-12-03T10:08:33","date_gmt":"2014-12-03T13:08:33","guid":{"rendered":"http:\/\/www.notibras.com\/site\/?p=30203"},"modified":"2014-12-03T10:10:58","modified_gmt":"2014-12-03T13:10:58","slug":"suape-posto-da-redencao-economica-e-o-retrato-de-uma-triste-historia","status":"publish","type":"post","link":"https:\/\/www.notibras.com\/site\/suape-posto-da-redencao-economica-e-o-retrato-de-uma-triste-historia\/","title":{"rendered":"Suape, porto para a reden\u00e7\u00e3o econ\u00f4mica, vira uma triste hist\u00f3ria"},"content":{"rendered":"<p>A ideia de construir um porto que impulsionasse o crescimento econ\u00f4mico de Pernambuco j\u00e1 tem mais de cinq\u00fcenta anos. Foi durante a d\u00e9cada de 1960, durante o governo de Nilo Coelho (1967-1971), que se iniciaram as primeiras sondagens para a viabiliza\u00e7\u00e3o desse projeto.<\/p>\n<p>No governo de Eraldo Gueiros, em 1974, foi lan\u00e7ada a Pedra Fundamental do Porto de Suape. No entanto, apenas em 1978, j\u00e1 durante o governo de Moura Cavalcanti (1975-1979), atrav\u00e9s da Lei no 7.763\/78, foi criada a empresa Suape Complexo Industrial e Portu\u00e1rio (CIPS), para administrar o distrito industrial, o desenvolvimento das obras e a implanta\u00e7\u00e3o e explora\u00e7\u00e3o das atividades portu\u00e1rias. Portanto, em novembro de 2014, o CIPS completou 36 anos de uma triste hist\u00f3ria.<\/p>\n<p>N\u00e3o houve nenhuma comemora\u00e7\u00e3o ou lembran\u00e7a espec\u00edfica desta data por parte do governo do Estado, cuja empresa p\u00fablica de economia mista gerencia o Complexo de Suape, exceto por um informe publicit\u00e1rio ufanista em um dos jornais pernambucanos, enaltecendo as realiza\u00e7\u00f5es e fazendo autoelogios, destacando os aspectos econ\u00f4micos e o numero e diversidade de empresas que se agregaram \u00e0 sua \u00e1rea industrial-portu\u00e1ria.<\/p>\n<p>Com certeza este n\u00e3o \u00e9 momento de se festejar. Por uma \u00fanica raz\u00e3o, o empreendimento que foi mostrado como redentor da economia pernambucana, \u201ca joia da coroa\u201d, tamb\u00e9m chamado de \u201cEldorado\u201d, est\u00e1 hoje presente nas p\u00e1ginas policiais da m\u00eddia nacional, pela corrup\u00e7\u00e3o comprovada na constru\u00e7\u00e3o da Refinaria do Nordeste (RNEST), e pelos desdobramentos dos conflitos sociais e trabalhistas gerados com a desmobiliza\u00e7\u00e3o de mais de 40.000 trabalhadores, entre 2014 e 2016.<\/p>\n<p>Para a implanta\u00e7\u00e3o das empresas no Complexo houve a expuls\u00e3o de comunidades inteiras de moradores que residiam naquele local h\u00e1 d\u00e9cadas, sem que uma alternativa adequada de moradia lhes fosse oferecida. Houve tamb\u00e9m uma devasta\u00e7\u00e3o ambiental nunca vista no Estado em t\u00e3o pouco tempo. Para as pessoas diretamente atingidas, inv\u00e9s do progresso t\u00e3o propalado pela propaganda oficial, a empresa Suape s\u00f3 tem deixado \u00f4nus.<\/p>\n<p>N\u00e3o \u00e9 de hoje as cr\u00edticas a este modelo concentrador e predador de desenvolvimento, encampadas pelo F\u00f3rum Suape Espa\u00e7o Socioambiental (www.forumsuape.ning.com) e pelas organiza\u00e7\u00f5es e pessoas f\u00edsicas que o comp\u00f5em. Suape foi, desde o seu in\u00edcio, objeto de pol\u00eamicas delimitadoras de fronteiras pol\u00edticas. Como exemplo, em abril de 1975, economistas, soci\u00f3logos, ecologistas, historiadores e ge\u00f3grafos publicaram um manifesto contra o projeto do Porto de Suape, chamado pela imprensa como o \u201cManifesto dos Cientistas\u201d, idealizado pelo economista-ec\u00f3logo Clovis Cavalcanti, tamb\u00e9m primeiro signat\u00e1rio do referido manifesto. Cabe destacar o car\u00e1ter revolucion\u00e1rio e atual do manifesto, que tinha o objetivo de denunciar os impactos sociais e ambientais do empreendimento.<\/p>\n<p>Expans\u00e3o sem planejamento, crescimento econ\u00f4mico baseado em um \u201cmodelo predador\u201d, n\u00e3o inclusivo, com devasta\u00e7\u00e3o ambiental, com ind\u00fastrias sujas, continua sendo a marca do complexo de Suape. A atra\u00e7\u00e3o por ind\u00fastrias altamente agressoras ao meio ambiente, aliado a perdas e injusti\u00e7as cometidas (preju\u00edzos, danos f\u00edsicos e morais, expuls\u00f5es, expropria\u00e7\u00f5es, priva\u00e7\u00f5es, desgra\u00e7as, destrui\u00e7\u00f5es de vidas e de bens), muitas delas permanentes e irrevers\u00edveis, enseja uma ampla discuss\u00e3o sobre que tipo de desenvolvimento que queremos.<\/p>\n<blockquote><p>Afinal, por mais que a propaganda oficial tente esconder, nos 13.500 ha de \u00e1rea circunscrita do Complexo de Suape habitavam mais de 15.000 fam\u00edlias nativas, que foram tratadas como \u201cinvasoras\u201d, sendo a maioria expulsa com trucul\u00eancia dos seus lares, dos s\u00edtios onde viviam muito antes das ind\u00fastrias chegarem por aquelas bandas.<\/p><\/blockquote>\n<p>Direitos foram negados. Promessas n\u00e3o foram cumpridas. Indeniza\u00e7\u00f5es (quando pagas) foram desprez\u00edveis diante da impressionante valoriza\u00e7\u00e3o das terras (atualmente, em m\u00e9dia, um ha vale em torno de um milh\u00e3o de reais).<\/p>\n<p>Mas n\u00e3o foram atingidas somente as popula\u00e7\u00f5es nativas (pescadores, agricultores familiares, trabalhadores). Os moradores das cidades do entorno do Complexo sofrem as conseq\u00fc\u00eancias decorrentes da falta de planejamento daquele empreendimento. Problemas com transporte, sa\u00fade, aumento da viol\u00eancia e do uso das drogas, gravidez precoce de meninas e adolescentes, car\u00eancia de saneamento e moradia s\u00e3o algumas das mazelas com as quais convivem os habitantes desses munic\u00edpios. Enquanto isso, as prometidas melhorias das condi\u00e7\u00f5es de vida ainda est\u00e3o no campo das promessas, conforme atestam os indicadores locais de desenvolvimento humano. O crescimento dos indicadores econ\u00f4micos ocorreu, mas foi insuficiente, e n\u00e3o se refletiu em desenvolvimento sustent\u00e1vel da regi\u00e3o.<\/p>\n<p>J\u00e1 passou do tempo de utilizar a estrat\u00e9gia de somente contar vantagens sobre este empreendimento, e impedir a discuss\u00e3o cr\u00edtica do modelo adotado, impondo esse modelo, pela for\u00e7a, como op\u00e7\u00e3o \u00fanica.<\/p>\n<p>\u00c9 inadmiss\u00edvel fechar os olhos para a grande devasta\u00e7\u00e3o ambiental causada com a derrubada de florestas, o soterramento de manguezais \u2013 necess\u00e1rios para manter a vida de muitas esp\u00e9cies \u2013 e a polui\u00e7\u00e3o de rios e riachos, que permitiam a manuten\u00e7\u00e3o do modo de vida de popula\u00e7\u00f5es inteiras. Al\u00e9m dos tr\u00e1gicos e graves problemas sociais induzidos por uma estrat\u00e9gia que deve ser revista \u2013 faz tempo!<\/p>\n<p><strong>Heitor Scalambrini Costa<\/strong><\/p>\n","protected":false},"excerpt":{"rendered":"<p>A ideia de construir um porto que impulsionasse o crescimento econ\u00f4mico de Pernambuco j\u00e1 tem mais de cinq\u00fcenta anos. Foi durante a d\u00e9cada de 1960, durante o governo de Nilo Coelho (1967-1971), que se iniciaram as primeiras sondagens para a viabiliza\u00e7\u00e3o desse projeto. No governo de Eraldo Gueiros, em 1974, foi lan\u00e7ada a Pedra Fundamental [&hellip;]<\/p>\n","protected":false},"author":2,"featured_media":30204,"comment_status":"open","ping_status":"closed","sticky":false,"template":"","format":"standard","meta":{"_acf_changed":false,"footnotes":""},"categories":[25],"tags":[],"class_list":["post-30203","post","type-post","status-publish","format-standard","has-post-thumbnail","hentry","category-opina-ai"],"acf":[],"yoast_head":"<!-- This site is optimized with the Yoast SEO plugin v27.2 - https:\/\/yoast.com\/product\/yoast-seo-wordpress\/ -->\n<title>Suape, porto para a reden\u00e7\u00e3o econ\u00f4mica, vira uma triste hist\u00f3ria - Notibras<\/title>\n<meta name=\"robots\" content=\"index, follow, max-snippet:-1, max-image-preview:large, max-video-preview:-1\" \/>\n<link rel=\"canonical\" href=\"https:\/\/www.notibras.com\/site\/suape-posto-da-redencao-economica-e-o-retrato-de-uma-triste-historia\/\" \/>\n<meta property=\"og:locale\" content=\"pt_BR\" \/>\n<meta property=\"og:type\" content=\"article\" \/>\n<meta property=\"og:title\" content=\"Suape, porto para a reden\u00e7\u00e3o econ\u00f4mica, vira uma triste hist\u00f3ria - Notibras\" \/>\n<meta property=\"og:description\" content=\"A ideia de construir um porto que impulsionasse o crescimento econ\u00f4mico de Pernambuco j\u00e1 tem mais de cinq\u00fcenta anos. Foi durante a d\u00e9cada de 1960, durante o governo de Nilo Coelho (1967-1971), que se iniciaram as primeiras sondagens para a viabiliza\u00e7\u00e3o desse projeto. No governo de Eraldo Gueiros, em 1974, foi lan\u00e7ada a Pedra Fundamental [&hellip;]\" \/>\n<meta property=\"og:url\" content=\"https:\/\/www.notibras.com\/site\/suape-posto-da-redencao-economica-e-o-retrato-de-uma-triste-historia\/\" \/>\n<meta property=\"og:site_name\" content=\"Notibras\" \/>\n<meta property=\"article:publisher\" content=\"https:\/\/www.facebook.com\/notibras\/\" \/>\n<meta property=\"article:published_time\" content=\"2014-12-03T13:08:33+00:00\" \/>\n<meta property=\"article:modified_time\" content=\"2014-12-03T13:10:58+00:00\" \/>\n<meta property=\"og:image\" content=\"https:\/\/www.notibras.com\/site\/wp-content\/uploads\/2014\/12\/177_1Foto_a__rea_Porto_de_Suape.jpg\" \/>\n\t<meta property=\"og:image:width\" content=\"850\" \/>\n\t<meta property=\"og:image:height\" content=\"567\" \/>\n\t<meta property=\"og:image:type\" content=\"image\/jpeg\" \/>\n<meta name=\"author\" content=\"Reda\u00e7\u00e3o\" \/>\n<meta name=\"twitter:card\" content=\"summary_large_image\" \/>\n<meta name=\"twitter:creator\" content=\"@Notibras\" \/>\n<meta name=\"twitter:site\" content=\"@Notibras\" \/>\n<meta name=\"twitter:label1\" content=\"Escrito por\" \/>\n\t<meta name=\"twitter:data1\" content=\"Reda\u00e7\u00e3o\" \/>\n\t<meta name=\"twitter:label2\" content=\"Est. tempo de leitura\" \/>\n\t<meta name=\"twitter:data2\" content=\"4 minutos\" \/>\n<script type=\"application\/ld+json\" class=\"yoast-schema-graph\">{\"@context\":\"https:\/\/schema.org\",\"@graph\":[{\"@type\":\"Article\",\"@id\":\"https:\/\/www.notibras.com\/site\/suape-posto-da-redencao-economica-e-o-retrato-de-uma-triste-historia\/#article\",\"isPartOf\":{\"@id\":\"https:\/\/www.notibras.com\/site\/suape-posto-da-redencao-economica-e-o-retrato-de-uma-triste-historia\/\"},\"author\":{\"name\":\"Reda\u00e7\u00e3o\",\"@id\":\"https:\/\/www.notibras.com\/site\/#\/schema\/person\/36ab0979449956132d3e5b517ea76ac8\"},\"headline\":\"Suape, porto para a reden\u00e7\u00e3o econ\u00f4mica, vira uma triste hist\u00f3ria\",\"datePublished\":\"2014-12-03T13:08:33+00:00\",\"dateModified\":\"2014-12-03T13:10:58+00:00\",\"mainEntityOfPage\":{\"@id\":\"https:\/\/www.notibras.com\/site\/suape-posto-da-redencao-economica-e-o-retrato-de-uma-triste-historia\/\"},\"wordCount\":886,\"commentCount\":0,\"publisher\":{\"@id\":\"https:\/\/www.notibras.com\/site\/#organization\"},\"image\":{\"@id\":\"https:\/\/www.notibras.com\/site\/suape-posto-da-redencao-economica-e-o-retrato-de-uma-triste-historia\/#primaryimage\"},\"thumbnailUrl\":\"https:\/\/www.notibras.com\/site\/wp-content\/uploads\/2014\/12\/177_1Foto_a__rea_Porto_de_Suape.jpg\",\"articleSection\":[\"Opina a\u00ed\"],\"inLanguage\":\"pt-BR\",\"potentialAction\":[{\"@type\":\"CommentAction\",\"name\":\"Comment\",\"target\":[\"https:\/\/www.notibras.com\/site\/suape-posto-da-redencao-economica-e-o-retrato-de-uma-triste-historia\/#respond\"]}]},{\"@type\":\"WebPage\",\"@id\":\"https:\/\/www.notibras.com\/site\/suape-posto-da-redencao-economica-e-o-retrato-de-uma-triste-historia\/\",\"url\":\"https:\/\/www.notibras.com\/site\/suape-posto-da-redencao-economica-e-o-retrato-de-uma-triste-historia\/\",\"name\":\"Suape, porto para a reden\u00e7\u00e3o econ\u00f4mica, vira uma triste hist\u00f3ria - Notibras\",\"isPartOf\":{\"@id\":\"https:\/\/www.notibras.com\/site\/#website\"},\"primaryImageOfPage\":{\"@id\":\"https:\/\/www.notibras.com\/site\/suape-posto-da-redencao-economica-e-o-retrato-de-uma-triste-historia\/#primaryimage\"},\"image\":{\"@id\":\"https:\/\/www.notibras.com\/site\/suape-posto-da-redencao-economica-e-o-retrato-de-uma-triste-historia\/#primaryimage\"},\"thumbnailUrl\":\"https:\/\/www.notibras.com\/site\/wp-content\/uploads\/2014\/12\/177_1Foto_a__rea_Porto_de_Suape.jpg\",\"datePublished\":\"2014-12-03T13:08:33+00:00\",\"dateModified\":\"2014-12-03T13:10:58+00:00\",\"breadcrumb\":{\"@id\":\"https:\/\/www.notibras.com\/site\/suape-posto-da-redencao-economica-e-o-retrato-de-uma-triste-historia\/#breadcrumb\"},\"inLanguage\":\"pt-BR\",\"potentialAction\":[{\"@type\":\"ReadAction\",\"target\":[\"https:\/\/www.notibras.com\/site\/suape-posto-da-redencao-economica-e-o-retrato-de-uma-triste-historia\/\"]}]},{\"@type\":\"ImageObject\",\"inLanguage\":\"pt-BR\",\"@id\":\"https:\/\/www.notibras.com\/site\/suape-posto-da-redencao-economica-e-o-retrato-de-uma-triste-historia\/#primaryimage\",\"url\":\"https:\/\/www.notibras.com\/site\/wp-content\/uploads\/2014\/12\/177_1Foto_a__rea_Porto_de_Suape.jpg\",\"contentUrl\":\"https:\/\/www.notibras.com\/site\/wp-content\/uploads\/2014\/12\/177_1Foto_a__rea_Porto_de_Suape.jpg\",\"width\":850,\"height\":567},{\"@type\":\"BreadcrumbList\",\"@id\":\"https:\/\/www.notibras.com\/site\/suape-posto-da-redencao-economica-e-o-retrato-de-uma-triste-historia\/#breadcrumb\",\"itemListElement\":[{\"@type\":\"ListItem\",\"position\":1,\"name\":\"In\u00edcio\",\"item\":\"https:\/\/www.notibras.com\/site\/\"},{\"@type\":\"ListItem\",\"position\":2,\"name\":\"Suape, porto para a reden\u00e7\u00e3o econ\u00f4mica, vira uma triste hist\u00f3ria\"}]},{\"@type\":\"WebSite\",\"@id\":\"https:\/\/www.notibras.com\/site\/#website\",\"url\":\"https:\/\/www.notibras.com\/site\/\",\"name\":\"Notibras\",\"description\":\"Not\u00edcias de Bras\u00edlia, do Brasil e do Mundo\",\"publisher\":{\"@id\":\"https:\/\/www.notibras.com\/site\/#organization\"},\"potentialAction\":[{\"@type\":\"SearchAction\",\"target\":{\"@type\":\"EntryPoint\",\"urlTemplate\":\"https:\/\/www.notibras.com\/site\/?s={search_term_string}\"},\"query-input\":{\"@type\":\"PropertyValueSpecification\",\"valueRequired\":true,\"valueName\":\"search_term_string\"}}],\"inLanguage\":\"pt-BR\"},{\"@type\":\"Organization\",\"@id\":\"https:\/\/www.notibras.com\/site\/#organization\",\"name\":\"Grupo Notibras de Comunica\u00e7\u00e3o\",\"url\":\"https:\/\/www.notibras.com\/site\/\",\"logo\":{\"@type\":\"ImageObject\",\"inLanguage\":\"pt-BR\",\"@id\":\"https:\/\/www.notibras.com\/site\/#\/schema\/logo\/image\/\",\"url\":\"https:\/\/www.notibras.com\/site\/wp-content\/uploads\/2023\/01\/notibras23.png\",\"contentUrl\":\"https:\/\/www.notibras.com\/site\/wp-content\/uploads\/2023\/01\/notibras23.png\",\"width\":350,\"height\":87,\"caption\":\"Grupo Notibras de Comunica\u00e7\u00e3o\"},\"image\":{\"@id\":\"https:\/\/www.notibras.com\/site\/#\/schema\/logo\/image\/\"},\"sameAs\":[\"https:\/\/www.facebook.com\/notibras\/\",\"https:\/\/x.com\/Notibras\",\"https:\/\/www.instagram.com\/notibras\/\"]},{\"@type\":\"Person\",\"@id\":\"https:\/\/www.notibras.com\/site\/#\/schema\/person\/36ab0979449956132d3e5b517ea76ac8\",\"name\":\"Reda\u00e7\u00e3o\",\"image\":{\"@type\":\"ImageObject\",\"inLanguage\":\"pt-BR\",\"@id\":\"https:\/\/secure.gravatar.com\/avatar\/e0a867bdedb85fd243eadf09663511f96fc81e0720a4a42581f334ad4303aa6b?s=96&d=mm&r=g\",\"url\":\"https:\/\/secure.gravatar.com\/avatar\/e0a867bdedb85fd243eadf09663511f96fc81e0720a4a42581f334ad4303aa6b?s=96&d=mm&r=g\",\"contentUrl\":\"https:\/\/secure.gravatar.com\/avatar\/e0a867bdedb85fd243eadf09663511f96fc81e0720a4a42581f334ad4303aa6b?s=96&d=mm&r=g\",\"caption\":\"Reda\u00e7\u00e3o\"}}]}<\/script>\n<!-- \/ Yoast SEO plugin. -->","yoast_head_json":{"title":"Suape, porto para a reden\u00e7\u00e3o econ\u00f4mica, vira uma triste hist\u00f3ria - Notibras","robots":{"index":"index","follow":"follow","max-snippet":"max-snippet:-1","max-image-preview":"max-image-preview:large","max-video-preview":"max-video-preview:-1"},"canonical":"https:\/\/www.notibras.com\/site\/suape-posto-da-redencao-economica-e-o-retrato-de-uma-triste-historia\/","og_locale":"pt_BR","og_type":"article","og_title":"Suape, porto para a reden\u00e7\u00e3o econ\u00f4mica, vira uma triste hist\u00f3ria - Notibras","og_description":"A ideia de construir um porto que impulsionasse o crescimento econ\u00f4mico de Pernambuco j\u00e1 tem mais de cinq\u00fcenta anos. Foi durante a d\u00e9cada de 1960, durante o governo de Nilo Coelho (1967-1971), que se iniciaram as primeiras sondagens para a viabiliza\u00e7\u00e3o desse projeto. No governo de Eraldo Gueiros, em 1974, foi lan\u00e7ada a Pedra Fundamental [&hellip;]","og_url":"https:\/\/www.notibras.com\/site\/suape-posto-da-redencao-economica-e-o-retrato-de-uma-triste-historia\/","og_site_name":"Notibras","article_publisher":"https:\/\/www.facebook.com\/notibras\/","article_published_time":"2014-12-03T13:08:33+00:00","article_modified_time":"2014-12-03T13:10:58+00:00","og_image":[{"width":850,"height":567,"url":"https:\/\/www.notibras.com\/site\/wp-content\/uploads\/2014\/12\/177_1Foto_a__rea_Porto_de_Suape.jpg","type":"image\/jpeg"}],"author":"Reda\u00e7\u00e3o","twitter_card":"summary_large_image","twitter_creator":"@Notibras","twitter_site":"@Notibras","twitter_misc":{"Escrito por":"Reda\u00e7\u00e3o","Est. tempo de leitura":"4 minutos"},"schema":{"@context":"https:\/\/schema.org","@graph":[{"@type":"Article","@id":"https:\/\/www.notibras.com\/site\/suape-posto-da-redencao-economica-e-o-retrato-de-uma-triste-historia\/#article","isPartOf":{"@id":"https:\/\/www.notibras.com\/site\/suape-posto-da-redencao-economica-e-o-retrato-de-uma-triste-historia\/"},"author":{"name":"Reda\u00e7\u00e3o","@id":"https:\/\/www.notibras.com\/site\/#\/schema\/person\/36ab0979449956132d3e5b517ea76ac8"},"headline":"Suape, porto para a reden\u00e7\u00e3o econ\u00f4mica, vira uma triste hist\u00f3ria","datePublished":"2014-12-03T13:08:33+00:00","dateModified":"2014-12-03T13:10:58+00:00","mainEntityOfPage":{"@id":"https:\/\/www.notibras.com\/site\/suape-posto-da-redencao-economica-e-o-retrato-de-uma-triste-historia\/"},"wordCount":886,"commentCount":0,"publisher":{"@id":"https:\/\/www.notibras.com\/site\/#organization"},"image":{"@id":"https:\/\/www.notibras.com\/site\/suape-posto-da-redencao-economica-e-o-retrato-de-uma-triste-historia\/#primaryimage"},"thumbnailUrl":"https:\/\/www.notibras.com\/site\/wp-content\/uploads\/2014\/12\/177_1Foto_a__rea_Porto_de_Suape.jpg","articleSection":["Opina a\u00ed"],"inLanguage":"pt-BR","potentialAction":[{"@type":"CommentAction","name":"Comment","target":["https:\/\/www.notibras.com\/site\/suape-posto-da-redencao-economica-e-o-retrato-de-uma-triste-historia\/#respond"]}]},{"@type":"WebPage","@id":"https:\/\/www.notibras.com\/site\/suape-posto-da-redencao-economica-e-o-retrato-de-uma-triste-historia\/","url":"https:\/\/www.notibras.com\/site\/suape-posto-da-redencao-economica-e-o-retrato-de-uma-triste-historia\/","name":"Suape, porto para a reden\u00e7\u00e3o econ\u00f4mica, vira uma triste hist\u00f3ria - Notibras","isPartOf":{"@id":"https:\/\/www.notibras.com\/site\/#website"},"primaryImageOfPage":{"@id":"https:\/\/www.notibras.com\/site\/suape-posto-da-redencao-economica-e-o-retrato-de-uma-triste-historia\/#primaryimage"},"image":{"@id":"https:\/\/www.notibras.com\/site\/suape-posto-da-redencao-economica-e-o-retrato-de-uma-triste-historia\/#primaryimage"},"thumbnailUrl":"https:\/\/www.notibras.com\/site\/wp-content\/uploads\/2014\/12\/177_1Foto_a__rea_Porto_de_Suape.jpg","datePublished":"2014-12-03T13:08:33+00:00","dateModified":"2014-12-03T13:10:58+00:00","breadcrumb":{"@id":"https:\/\/www.notibras.com\/site\/suape-posto-da-redencao-economica-e-o-retrato-de-uma-triste-historia\/#breadcrumb"},"inLanguage":"pt-BR","potentialAction":[{"@type":"ReadAction","target":["https:\/\/www.notibras.com\/site\/suape-posto-da-redencao-economica-e-o-retrato-de-uma-triste-historia\/"]}]},{"@type":"ImageObject","inLanguage":"pt-BR","@id":"https:\/\/www.notibras.com\/site\/suape-posto-da-redencao-economica-e-o-retrato-de-uma-triste-historia\/#primaryimage","url":"https:\/\/www.notibras.com\/site\/wp-content\/uploads\/2014\/12\/177_1Foto_a__rea_Porto_de_Suape.jpg","contentUrl":"https:\/\/www.notibras.com\/site\/wp-content\/uploads\/2014\/12\/177_1Foto_a__rea_Porto_de_Suape.jpg","width":850,"height":567},{"@type":"BreadcrumbList","@id":"https:\/\/www.notibras.com\/site\/suape-posto-da-redencao-economica-e-o-retrato-de-uma-triste-historia\/#breadcrumb","itemListElement":[{"@type":"ListItem","position":1,"name":"In\u00edcio","item":"https:\/\/www.notibras.com\/site\/"},{"@type":"ListItem","position":2,"name":"Suape, porto para a reden\u00e7\u00e3o econ\u00f4mica, vira uma triste hist\u00f3ria"}]},{"@type":"WebSite","@id":"https:\/\/www.notibras.com\/site\/#website","url":"https:\/\/www.notibras.com\/site\/","name":"Notibras","description":"Not\u00edcias de Bras\u00edlia, do Brasil e do Mundo","publisher":{"@id":"https:\/\/www.notibras.com\/site\/#organization"},"potentialAction":[{"@type":"SearchAction","target":{"@type":"EntryPoint","urlTemplate":"https:\/\/www.notibras.com\/site\/?s={search_term_string}"},"query-input":{"@type":"PropertyValueSpecification","valueRequired":true,"valueName":"search_term_string"}}],"inLanguage":"pt-BR"},{"@type":"Organization","@id":"https:\/\/www.notibras.com\/site\/#organization","name":"Grupo Notibras de Comunica\u00e7\u00e3o","url":"https:\/\/www.notibras.com\/site\/","logo":{"@type":"ImageObject","inLanguage":"pt-BR","@id":"https:\/\/www.notibras.com\/site\/#\/schema\/logo\/image\/","url":"https:\/\/www.notibras.com\/site\/wp-content\/uploads\/2023\/01\/notibras23.png","contentUrl":"https:\/\/www.notibras.com\/site\/wp-content\/uploads\/2023\/01\/notibras23.png","width":350,"height":87,"caption":"Grupo Notibras de Comunica\u00e7\u00e3o"},"image":{"@id":"https:\/\/www.notibras.com\/site\/#\/schema\/logo\/image\/"},"sameAs":["https:\/\/www.facebook.com\/notibras\/","https:\/\/x.com\/Notibras","https:\/\/www.instagram.com\/notibras\/"]},{"@type":"Person","@id":"https:\/\/www.notibras.com\/site\/#\/schema\/person\/36ab0979449956132d3e5b517ea76ac8","name":"Reda\u00e7\u00e3o","image":{"@type":"ImageObject","inLanguage":"pt-BR","@id":"https:\/\/secure.gravatar.com\/avatar\/e0a867bdedb85fd243eadf09663511f96fc81e0720a4a42581f334ad4303aa6b?s=96&d=mm&r=g","url":"https:\/\/secure.gravatar.com\/avatar\/e0a867bdedb85fd243eadf09663511f96fc81e0720a4a42581f334ad4303aa6b?s=96&d=mm&r=g","contentUrl":"https:\/\/secure.gravatar.com\/avatar\/e0a867bdedb85fd243eadf09663511f96fc81e0720a4a42581f334ad4303aa6b?s=96&d=mm&r=g","caption":"Reda\u00e7\u00e3o"}}]}},"amp_enabled":true,"_links":{"self":[{"href":"https:\/\/www.notibras.com\/site\/wp-json\/wp\/v2\/posts\/30203","targetHints":{"allow":["GET"]}}],"collection":[{"href":"https:\/\/www.notibras.com\/site\/wp-json\/wp\/v2\/posts"}],"about":[{"href":"https:\/\/www.notibras.com\/site\/wp-json\/wp\/v2\/types\/post"}],"author":[{"embeddable":true,"href":"https:\/\/www.notibras.com\/site\/wp-json\/wp\/v2\/users\/2"}],"replies":[{"embeddable":true,"href":"https:\/\/www.notibras.com\/site\/wp-json\/wp\/v2\/comments?post=30203"}],"version-history":[{"count":0,"href":"https:\/\/www.notibras.com\/site\/wp-json\/wp\/v2\/posts\/30203\/revisions"}],"wp:featuredmedia":[{"embeddable":true,"href":"https:\/\/www.notibras.com\/site\/wp-json\/wp\/v2\/media\/30204"}],"wp:attachment":[{"href":"https:\/\/www.notibras.com\/site\/wp-json\/wp\/v2\/media?parent=30203"}],"wp:term":[{"taxonomy":"category","embeddable":true,"href":"https:\/\/www.notibras.com\/site\/wp-json\/wp\/v2\/categories?post=30203"},{"taxonomy":"post_tag","embeddable":true,"href":"https:\/\/www.notibras.com\/site\/wp-json\/wp\/v2\/tags?post=30203"}],"curies":[{"name":"wp","href":"https:\/\/api.w.org\/{rel}","templated":true}]}}