{"id":302082,"date":"2023-04-01T00:00:53","date_gmt":"2023-04-01T03:00:53","guid":{"rendered":"https:\/\/www.notibras.com\/site\/?p=302082"},"modified":"2023-04-01T09:11:51","modified_gmt":"2023-04-01T12:11:51","slug":"coleta-seletiva-cresce-23-e-de-residuos-44","status":"publish","type":"post","link":"https:\/\/www.notibras.com\/site\/coleta-seletiva-cresce-23-e-de-residuos-44\/","title":{"rendered":"Coleta seletiva cresce 23% e de res\u00edduos 4,4%"},"content":{"rendered":"<p>O Servi\u00e7o de Limpeza Urbana (SLU) publicou\u00a0 o Relat\u00f3rio Anual de Atividades 2022, que re\u00fane as principais informa\u00e7\u00f5es dispon\u00edveis sobre a opera\u00e7\u00e3o da autarquia no Distrito Federal.<\/p>\n<p>O documento, produzido anualmente desde 2015, traz os principais n\u00fameros relacionados \u00e0s atividades do SLU, como as quantidades de res\u00edduos coletados, tratados e destinados e as atividades de limpeza em vias e logradouros p\u00fablicos. O relat\u00f3rio tamb\u00e9m apresenta as a\u00e7\u00f5es e projetos desenvolvidos pela autarquia para melhorar a qualidade dos servi\u00e7os e reduzir os impactos ambientais e sociais dos res\u00edduos s\u00f3lidos no DF.<\/p>\n<p>Segundo o documento, em compara\u00e7\u00e3o com os n\u00fameros de 2021, houve uma redu\u00e7\u00e3o na coleta dos res\u00edduos domiciliares, que passou de 729.082,7 toneladas em 2021 para 696.995,94 toneladas em 2022, uma queda de 4,4%. A remo\u00e7\u00e3o manual e mecanizada de entulhos diminuiu 2%, de 612.086 toneladas em 2021 para 600.048,4 toneladas em 2022. J\u00e1 a coleta seletiva teve um crescimento de 6%, passando de 31.865,72 toneladas, em 2021, para 41.484,02 toneladas em 2022.<\/p>\n<p>Em rela\u00e7\u00e3o \u00e0 doa\u00e7\u00e3o de britados reciclados na Unidade de Recebimento de Entulhos (URE), houve aumento de 24,5%, de 64.008,86 toneladas em 2021 para 79.664,61 toneladas em 2022.<\/p>\n<p>A varri\u00e7\u00e3o manual de vias e logradouros p\u00fablicos aumentou 0,84%: de 1.053.705,3 quil\u00f4metros, em 2021, avan\u00e7ou para 1.062.528,2 quil\u00f4metros em 2022. A varri\u00e7\u00e3o mecanizada, por sua vez, teve um aumento de 24,8%, de 171.517,1 quil\u00f4metros em 2021 para 214.002,1 quil\u00f4metros em 2022.<\/p>\n<p>Os res\u00edduos processados nas usinas de tratamento mec\u00e2nico biol\u00f3gico (UTMBs) da Asa Sul e de Ceil\u00e2ndia cresceram 9,3%, de 251.348 toneladas em 2021 para 274.659 toneladas em 2022. Quanto aos res\u00edduos domiciliares do Aterro Sanit\u00e1rio de Bras\u00edlia (ASB), houve redu\u00e7\u00e3o de 5,5%: de 760.763 toneladas em 2021 para 718.547,7 toneladas em 2022.<\/p>\n<p>Os res\u00edduos de entulhos aterrados na URE aumentaram 1,3%, de 1.466.145,31 toneladas em 2021 para 1.485.844,51 toneladas em 2022. A retirada de res\u00edduos dos papa-entulhos diminuiu 12%, de 26.375 toneladas em 2021 para 23.216 toneladas em 2022.<\/p>\n<p>A coleta de animais mortos em vias p\u00fablicas teve aumento de 4%, de 76,82 toneladas em 2021 para 79,95 toneladas em 2022.<\/p>\n","protected":false},"excerpt":{"rendered":"<p>O Servi\u00e7o de Limpeza Urbana (SLU) publicou\u00a0 o Relat\u00f3rio Anual de Atividades 2022, que re\u00fane as principais informa\u00e7\u00f5es dispon\u00edveis sobre a opera\u00e7\u00e3o da autarquia no Distrito Federal. O documento, produzido anualmente desde 2015, traz os principais n\u00fameros relacionados \u00e0s atividades do SLU, como as quantidades de res\u00edduos coletados, tratados e destinados e as atividades de [&hellip;]<\/p>\n","protected":false},"author":2,"featured_media":302083,"comment_status":"closed","ping_status":"closed","sticky":false,"template":"","format":"standard","meta":{"_acf_changed":false,"footnotes":""},"categories":[161],"tags":[],"class_list":["post-302082","post","type-post","status-publish","format-standard","has-post-thumbnail","hentry","category-quadradinho-em-foco"],"acf":[],"yoast_head":"<!-- This site is optimized with the Yoast SEO plugin v27.2 - https:\/\/yoast.com\/product\/yoast-seo-wordpress\/ -->\n<title>Coleta seletiva cresce 23% e de res\u00edduos 4,4% - Notibras<\/title>\n<meta name=\"robots\" content=\"index, follow, max-snippet:-1, max-image-preview:large, max-video-preview:-1\" \/>\n<link rel=\"canonical\" href=\"https:\/\/www.notibras.com\/site\/coleta-seletiva-cresce-23-e-de-residuos-44\/\" \/>\n<meta property=\"og:locale\" content=\"pt_BR\" \/>\n<meta property=\"og:type\" content=\"article\" \/>\n<meta property=\"og:title\" content=\"Coleta seletiva cresce 23% e de res\u00edduos 4,4% - Notibras\" \/>\n<meta property=\"og:description\" content=\"O Servi\u00e7o de Limpeza Urbana (SLU) publicou\u00a0 o Relat\u00f3rio Anual de Atividades 2022, que re\u00fane as principais informa\u00e7\u00f5es dispon\u00edveis sobre a opera\u00e7\u00e3o da autarquia no Distrito Federal. O documento, produzido anualmente desde 2015, traz os principais n\u00fameros relacionados \u00e0s atividades do SLU, como as quantidades de res\u00edduos coletados, tratados e destinados e as atividades de [&hellip;]\" \/>\n<meta property=\"og:url\" content=\"https:\/\/www.notibras.com\/site\/coleta-seletiva-cresce-23-e-de-residuos-44\/\" \/>\n<meta property=\"og:site_name\" content=\"Notibras\" \/>\n<meta property=\"article:publisher\" content=\"https:\/\/www.facebook.com\/notibras\/\" \/>\n<meta property=\"article:published_time\" content=\"2023-04-01T03:00:53+00:00\" \/>\n<meta property=\"article:modified_time\" content=\"2023-04-01T12:11:51+00:00\" \/>\n<meta property=\"og:image\" content=\"https:\/\/www.notibras.com\/site\/wp-content\/uploads\/2023\/04\/Ascom-SLU-.jpeg\" \/>\n\t<meta property=\"og:image:width\" content=\"749\" \/>\n\t<meta property=\"og:image:height\" content=\"450\" \/>\n\t<meta property=\"og:image:type\" content=\"image\/jpeg\" \/>\n<meta name=\"author\" content=\"Reda\u00e7\u00e3o\" \/>\n<meta name=\"twitter:card\" content=\"summary_large_image\" \/>\n<meta name=\"twitter:creator\" content=\"@Notibras\" \/>\n<meta name=\"twitter:site\" content=\"@Notibras\" \/>\n<meta name=\"twitter:label1\" content=\"Escrito por\" \/>\n\t<meta name=\"twitter:data1\" content=\"Reda\u00e7\u00e3o\" \/>\n\t<meta name=\"twitter:label2\" content=\"Est. tempo de leitura\" \/>\n\t<meta name=\"twitter:data2\" content=\"2 minutos\" \/>\n<script type=\"application\/ld+json\" class=\"yoast-schema-graph\">{\"@context\":\"https:\/\/schema.org\",\"@graph\":[{\"@type\":\"Article\",\"@id\":\"https:\/\/www.notibras.com\/site\/coleta-seletiva-cresce-23-e-de-residuos-44\/#article\",\"isPartOf\":{\"@id\":\"https:\/\/www.notibras.com\/site\/coleta-seletiva-cresce-23-e-de-residuos-44\/\"},\"author\":{\"name\":\"Reda\u00e7\u00e3o\",\"@id\":\"https:\/\/www.notibras.com\/site\/#\/schema\/person\/36ab0979449956132d3e5b517ea76ac8\"},\"headline\":\"Coleta seletiva cresce 23% e de res\u00edduos 4,4%\",\"datePublished\":\"2023-04-01T03:00:53+00:00\",\"dateModified\":\"2023-04-01T12:11:51+00:00\",\"mainEntityOfPage\":{\"@id\":\"https:\/\/www.notibras.com\/site\/coleta-seletiva-cresce-23-e-de-residuos-44\/\"},\"wordCount\":333,\"publisher\":{\"@id\":\"https:\/\/www.notibras.com\/site\/#organization\"},\"image\":{\"@id\":\"https:\/\/www.notibras.com\/site\/coleta-seletiva-cresce-23-e-de-residuos-44\/#primaryimage\"},\"thumbnailUrl\":\"https:\/\/www.notibras.com\/site\/wp-content\/uploads\/2023\/04\/Ascom-SLU-.jpeg\",\"articleSection\":[\"Quadradinho em Foco\"],\"inLanguage\":\"pt-BR\"},{\"@type\":\"WebPage\",\"@id\":\"https:\/\/www.notibras.com\/site\/coleta-seletiva-cresce-23-e-de-residuos-44\/\",\"url\":\"https:\/\/www.notibras.com\/site\/coleta-seletiva-cresce-23-e-de-residuos-44\/\",\"name\":\"Coleta seletiva cresce 23% e de res\u00edduos 4,4% - Notibras\",\"isPartOf\":{\"@id\":\"https:\/\/www.notibras.com\/site\/#website\"},\"primaryImageOfPage\":{\"@id\":\"https:\/\/www.notibras.com\/site\/coleta-seletiva-cresce-23-e-de-residuos-44\/#primaryimage\"},\"image\":{\"@id\":\"https:\/\/www.notibras.com\/site\/coleta-seletiva-cresce-23-e-de-residuos-44\/#primaryimage\"},\"thumbnailUrl\":\"https:\/\/www.notibras.com\/site\/wp-content\/uploads\/2023\/04\/Ascom-SLU-.jpeg\",\"datePublished\":\"2023-04-01T03:00:53+00:00\",\"dateModified\":\"2023-04-01T12:11:51+00:00\",\"breadcrumb\":{\"@id\":\"https:\/\/www.notibras.com\/site\/coleta-seletiva-cresce-23-e-de-residuos-44\/#breadcrumb\"},\"inLanguage\":\"pt-BR\",\"potentialAction\":[{\"@type\":\"ReadAction\",\"target\":[\"https:\/\/www.notibras.com\/site\/coleta-seletiva-cresce-23-e-de-residuos-44\/\"]}]},{\"@type\":\"ImageObject\",\"inLanguage\":\"pt-BR\",\"@id\":\"https:\/\/www.notibras.com\/site\/coleta-seletiva-cresce-23-e-de-residuos-44\/#primaryimage\",\"url\":\"https:\/\/www.notibras.com\/site\/wp-content\/uploads\/2023\/04\/Ascom-SLU-.jpeg\",\"contentUrl\":\"https:\/\/www.notibras.com\/site\/wp-content\/uploads\/2023\/04\/Ascom-SLU-.jpeg\",\"width\":749,\"height\":450},{\"@type\":\"BreadcrumbList\",\"@id\":\"https:\/\/www.notibras.com\/site\/coleta-seletiva-cresce-23-e-de-residuos-44\/#breadcrumb\",\"itemListElement\":[{\"@type\":\"ListItem\",\"position\":1,\"name\":\"In\u00edcio\",\"item\":\"https:\/\/www.notibras.com\/site\/\"},{\"@type\":\"ListItem\",\"position\":2,\"name\":\"Coleta seletiva cresce 23% e de res\u00edduos 4,4%\"}]},{\"@type\":\"WebSite\",\"@id\":\"https:\/\/www.notibras.com\/site\/#website\",\"url\":\"https:\/\/www.notibras.com\/site\/\",\"name\":\"Notibras\",\"description\":\"Not\u00edcias de Bras\u00edlia, do Brasil e do Mundo\",\"publisher\":{\"@id\":\"https:\/\/www.notibras.com\/site\/#organization\"},\"potentialAction\":[{\"@type\":\"SearchAction\",\"target\":{\"@type\":\"EntryPoint\",\"urlTemplate\":\"https:\/\/www.notibras.com\/site\/?s={search_term_string}\"},\"query-input\":{\"@type\":\"PropertyValueSpecification\",\"valueRequired\":true,\"valueName\":\"search_term_string\"}}],\"inLanguage\":\"pt-BR\"},{\"@type\":\"Organization\",\"@id\":\"https:\/\/www.notibras.com\/site\/#organization\",\"name\":\"Grupo Notibras de Comunica\u00e7\u00e3o\",\"url\":\"https:\/\/www.notibras.com\/site\/\",\"logo\":{\"@type\":\"ImageObject\",\"inLanguage\":\"pt-BR\",\"@id\":\"https:\/\/www.notibras.com\/site\/#\/schema\/logo\/image\/\",\"url\":\"https:\/\/www.notibras.com\/site\/wp-content\/uploads\/2023\/01\/notibras23.png\",\"contentUrl\":\"https:\/\/www.notibras.com\/site\/wp-content\/uploads\/2023\/01\/notibras23.png\",\"width\":350,\"height\":87,\"caption\":\"Grupo Notibras de Comunica\u00e7\u00e3o\"},\"image\":{\"@id\":\"https:\/\/www.notibras.com\/site\/#\/schema\/logo\/image\/\"},\"sameAs\":[\"https:\/\/www.facebook.com\/notibras\/\",\"https:\/\/x.com\/Notibras\",\"https:\/\/www.instagram.com\/notibras\/\"]},{\"@type\":\"Person\",\"@id\":\"https:\/\/www.notibras.com\/site\/#\/schema\/person\/36ab0979449956132d3e5b517ea76ac8\",\"name\":\"Reda\u00e7\u00e3o\",\"image\":{\"@type\":\"ImageObject\",\"inLanguage\":\"pt-BR\",\"@id\":\"https:\/\/secure.gravatar.com\/avatar\/e0a867bdedb85fd243eadf09663511f96fc81e0720a4a42581f334ad4303aa6b?s=96&d=mm&r=g\",\"url\":\"https:\/\/secure.gravatar.com\/avatar\/e0a867bdedb85fd243eadf09663511f96fc81e0720a4a42581f334ad4303aa6b?s=96&d=mm&r=g\",\"contentUrl\":\"https:\/\/secure.gravatar.com\/avatar\/e0a867bdedb85fd243eadf09663511f96fc81e0720a4a42581f334ad4303aa6b?s=96&d=mm&r=g\",\"caption\":\"Reda\u00e7\u00e3o\"}}]}<\/script>\n<!-- \/ Yoast SEO plugin. -->","yoast_head_json":{"title":"Coleta seletiva cresce 23% e de res\u00edduos 4,4% - Notibras","robots":{"index":"index","follow":"follow","max-snippet":"max-snippet:-1","max-image-preview":"max-image-preview:large","max-video-preview":"max-video-preview:-1"},"canonical":"https:\/\/www.notibras.com\/site\/coleta-seletiva-cresce-23-e-de-residuos-44\/","og_locale":"pt_BR","og_type":"article","og_title":"Coleta seletiva cresce 23% e de res\u00edduos 4,4% - Notibras","og_description":"O Servi\u00e7o de Limpeza Urbana (SLU) publicou\u00a0 o Relat\u00f3rio Anual de Atividades 2022, que re\u00fane as principais informa\u00e7\u00f5es dispon\u00edveis sobre a opera\u00e7\u00e3o da autarquia no Distrito Federal. O documento, produzido anualmente desde 2015, traz os principais n\u00fameros relacionados \u00e0s atividades do SLU, como as quantidades de res\u00edduos coletados, tratados e destinados e as atividades de [&hellip;]","og_url":"https:\/\/www.notibras.com\/site\/coleta-seletiva-cresce-23-e-de-residuos-44\/","og_site_name":"Notibras","article_publisher":"https:\/\/www.facebook.com\/notibras\/","article_published_time":"2023-04-01T03:00:53+00:00","article_modified_time":"2023-04-01T12:11:51+00:00","og_image":[{"width":749,"height":450,"url":"https:\/\/www.notibras.com\/site\/wp-content\/uploads\/2023\/04\/Ascom-SLU-.jpeg","type":"image\/jpeg"}],"author":"Reda\u00e7\u00e3o","twitter_card":"summary_large_image","twitter_creator":"@Notibras","twitter_site":"@Notibras","twitter_misc":{"Escrito por":"Reda\u00e7\u00e3o","Est. tempo de leitura":"2 minutos"},"schema":{"@context":"https:\/\/schema.org","@graph":[{"@type":"Article","@id":"https:\/\/www.notibras.com\/site\/coleta-seletiva-cresce-23-e-de-residuos-44\/#article","isPartOf":{"@id":"https:\/\/www.notibras.com\/site\/coleta-seletiva-cresce-23-e-de-residuos-44\/"},"author":{"name":"Reda\u00e7\u00e3o","@id":"https:\/\/www.notibras.com\/site\/#\/schema\/person\/36ab0979449956132d3e5b517ea76ac8"},"headline":"Coleta seletiva cresce 23% e de res\u00edduos 4,4%","datePublished":"2023-04-01T03:00:53+00:00","dateModified":"2023-04-01T12:11:51+00:00","mainEntityOfPage":{"@id":"https:\/\/www.notibras.com\/site\/coleta-seletiva-cresce-23-e-de-residuos-44\/"},"wordCount":333,"publisher":{"@id":"https:\/\/www.notibras.com\/site\/#organization"},"image":{"@id":"https:\/\/www.notibras.com\/site\/coleta-seletiva-cresce-23-e-de-residuos-44\/#primaryimage"},"thumbnailUrl":"https:\/\/www.notibras.com\/site\/wp-content\/uploads\/2023\/04\/Ascom-SLU-.jpeg","articleSection":["Quadradinho em Foco"],"inLanguage":"pt-BR"},{"@type":"WebPage","@id":"https:\/\/www.notibras.com\/site\/coleta-seletiva-cresce-23-e-de-residuos-44\/","url":"https:\/\/www.notibras.com\/site\/coleta-seletiva-cresce-23-e-de-residuos-44\/","name":"Coleta seletiva cresce 23% e de res\u00edduos 4,4% - Notibras","isPartOf":{"@id":"https:\/\/www.notibras.com\/site\/#website"},"primaryImageOfPage":{"@id":"https:\/\/www.notibras.com\/site\/coleta-seletiva-cresce-23-e-de-residuos-44\/#primaryimage"},"image":{"@id":"https:\/\/www.notibras.com\/site\/coleta-seletiva-cresce-23-e-de-residuos-44\/#primaryimage"},"thumbnailUrl":"https:\/\/www.notibras.com\/site\/wp-content\/uploads\/2023\/04\/Ascom-SLU-.jpeg","datePublished":"2023-04-01T03:00:53+00:00","dateModified":"2023-04-01T12:11:51+00:00","breadcrumb":{"@id":"https:\/\/www.notibras.com\/site\/coleta-seletiva-cresce-23-e-de-residuos-44\/#breadcrumb"},"inLanguage":"pt-BR","potentialAction":[{"@type":"ReadAction","target":["https:\/\/www.notibras.com\/site\/coleta-seletiva-cresce-23-e-de-residuos-44\/"]}]},{"@type":"ImageObject","inLanguage":"pt-BR","@id":"https:\/\/www.notibras.com\/site\/coleta-seletiva-cresce-23-e-de-residuos-44\/#primaryimage","url":"https:\/\/www.notibras.com\/site\/wp-content\/uploads\/2023\/04\/Ascom-SLU-.jpeg","contentUrl":"https:\/\/www.notibras.com\/site\/wp-content\/uploads\/2023\/04\/Ascom-SLU-.jpeg","width":749,"height":450},{"@type":"BreadcrumbList","@id":"https:\/\/www.notibras.com\/site\/coleta-seletiva-cresce-23-e-de-residuos-44\/#breadcrumb","itemListElement":[{"@type":"ListItem","position":1,"name":"In\u00edcio","item":"https:\/\/www.notibras.com\/site\/"},{"@type":"ListItem","position":2,"name":"Coleta seletiva cresce 23% e de res\u00edduos 4,4%"}]},{"@type":"WebSite","@id":"https:\/\/www.notibras.com\/site\/#website","url":"https:\/\/www.notibras.com\/site\/","name":"Notibras","description":"Not\u00edcias de Bras\u00edlia, do Brasil e do Mundo","publisher":{"@id":"https:\/\/www.notibras.com\/site\/#organization"},"potentialAction":[{"@type":"SearchAction","target":{"@type":"EntryPoint","urlTemplate":"https:\/\/www.notibras.com\/site\/?s={search_term_string}"},"query-input":{"@type":"PropertyValueSpecification","valueRequired":true,"valueName":"search_term_string"}}],"inLanguage":"pt-BR"},{"@type":"Organization","@id":"https:\/\/www.notibras.com\/site\/#organization","name":"Grupo Notibras de Comunica\u00e7\u00e3o","url":"https:\/\/www.notibras.com\/site\/","logo":{"@type":"ImageObject","inLanguage":"pt-BR","@id":"https:\/\/www.notibras.com\/site\/#\/schema\/logo\/image\/","url":"https:\/\/www.notibras.com\/site\/wp-content\/uploads\/2023\/01\/notibras23.png","contentUrl":"https:\/\/www.notibras.com\/site\/wp-content\/uploads\/2023\/01\/notibras23.png","width":350,"height":87,"caption":"Grupo Notibras de Comunica\u00e7\u00e3o"},"image":{"@id":"https:\/\/www.notibras.com\/site\/#\/schema\/logo\/image\/"},"sameAs":["https:\/\/www.facebook.com\/notibras\/","https:\/\/x.com\/Notibras","https:\/\/www.instagram.com\/notibras\/"]},{"@type":"Person","@id":"https:\/\/www.notibras.com\/site\/#\/schema\/person\/36ab0979449956132d3e5b517ea76ac8","name":"Reda\u00e7\u00e3o","image":{"@type":"ImageObject","inLanguage":"pt-BR","@id":"https:\/\/secure.gravatar.com\/avatar\/e0a867bdedb85fd243eadf09663511f96fc81e0720a4a42581f334ad4303aa6b?s=96&d=mm&r=g","url":"https:\/\/secure.gravatar.com\/avatar\/e0a867bdedb85fd243eadf09663511f96fc81e0720a4a42581f334ad4303aa6b?s=96&d=mm&r=g","contentUrl":"https:\/\/secure.gravatar.com\/avatar\/e0a867bdedb85fd243eadf09663511f96fc81e0720a4a42581f334ad4303aa6b?s=96&d=mm&r=g","caption":"Reda\u00e7\u00e3o"}}]}},"amp_enabled":true,"_links":{"self":[{"href":"https:\/\/www.notibras.com\/site\/wp-json\/wp\/v2\/posts\/302082","targetHints":{"allow":["GET"]}}],"collection":[{"href":"https:\/\/www.notibras.com\/site\/wp-json\/wp\/v2\/posts"}],"about":[{"href":"https:\/\/www.notibras.com\/site\/wp-json\/wp\/v2\/types\/post"}],"author":[{"embeddable":true,"href":"https:\/\/www.notibras.com\/site\/wp-json\/wp\/v2\/users\/2"}],"replies":[{"embeddable":true,"href":"https:\/\/www.notibras.com\/site\/wp-json\/wp\/v2\/comments?post=302082"}],"version-history":[{"count":1,"href":"https:\/\/www.notibras.com\/site\/wp-json\/wp\/v2\/posts\/302082\/revisions"}],"predecessor-version":[{"id":302084,"href":"https:\/\/www.notibras.com\/site\/wp-json\/wp\/v2\/posts\/302082\/revisions\/302084"}],"wp:featuredmedia":[{"embeddable":true,"href":"https:\/\/www.notibras.com\/site\/wp-json\/wp\/v2\/media\/302083"}],"wp:attachment":[{"href":"https:\/\/www.notibras.com\/site\/wp-json\/wp\/v2\/media?parent=302082"}],"wp:term":[{"taxonomy":"category","embeddable":true,"href":"https:\/\/www.notibras.com\/site\/wp-json\/wp\/v2\/categories?post=302082"},{"taxonomy":"post_tag","embeddable":true,"href":"https:\/\/www.notibras.com\/site\/wp-json\/wp\/v2\/tags?post=302082"}],"curies":[{"name":"wp","href":"https:\/\/api.w.org\/{rel}","templated":true}]}}