{"id":302088,"date":"2023-04-01T00:00:47","date_gmt":"2023-04-01T03:00:47","guid":{"rendered":"https:\/\/www.notibras.com\/site\/?p=302088"},"modified":"2023-04-01T09:25:28","modified_gmt":"2023-04-01T12:25:28","slug":"procon-fecha-curso-irregular-de-tecnico-em-enfermagem","status":"publish","type":"post","link":"https:\/\/www.notibras.com\/site\/procon-fecha-curso-irregular-de-tecnico-em-enfermagem\/","title":{"rendered":"Procon fecha curso irregular de t\u00e9cnico em enfermagem"},"content":{"rendered":"<p>O Procon interditou uma escola de ensino t\u00e9cnico em enfermagem localizada em Planaltina, no DF. O estabelecimento, que, nos contratos, \u00e9 conhecido por Instituto DNA Cursos e Gradua\u00e7\u00f5es, mas agora se nomeia de RNA F\u00eanix Gradua\u00e7\u00e3o, foi fechado por tempo indeterminado. A institui\u00e7\u00e3o atrai alunos por meio de an\u00fancios nas redes sociais.<\/p>\n<p>O fechamento do local foi efetuado pelo Procon ap\u00f3s descumprimento de ordem anterior do \u00f3rg\u00e3o para que a escola regularizasse a situa\u00e7\u00e3o do curso, que no momento n\u00e3o tem credenciamento nem autoriza\u00e7\u00e3o junto \u00e0 Secretaria de Educa\u00e7\u00e3o (SEE). O Procon j\u00e1 recebeu nove notifica\u00e7\u00f5es de pessoas que, ap\u00f3s conclu\u00edrem o curso oferecido na institui\u00e7\u00e3o, n\u00e3o receberam os diplomas.<\/p>\n<p>\u201cTivemos recentemente a den\u00fancia de uma consumidora que fez o curso e n\u00e3o conseguiu os documentos de conclus\u00e3o\u201d, informa o diretor-geral do Procon, Marcelo Nascimento. \u201cNessa oportunidade, os respons\u00e1veis apresentaram pap\u00e9is com protocolos da Secretaria de Educa\u00e7\u00e3o, alegando que j\u00e1 poderiam operar, mas n\u00e3o podem. Eles t\u00eam que ter autoriza\u00e7\u00e3o para ministrar curso t\u00e9cnico. A escola foi autuada, e o Procon determinou que ela n\u00e3o prestasse o curso sem autoriza\u00e7\u00e3o.\u201d<\/p>\n<p>Como houve desobedi\u00eancia da primeira decis\u00e3o do Procon, o \u00f3rg\u00e3o agora determinou o fechamento total da escola, suspendendo todas as atividades. Consumidores que foram lesados pela institui\u00e7\u00e3o devem procurar o Procon para registrar reclama\u00e7\u00e3o e receber orienta\u00e7\u00f5es sobre como proceder para repara\u00e7\u00e3o na Justi\u00e7a.<\/p>\n","protected":false},"excerpt":{"rendered":"<p>O Procon interditou uma escola de ensino t\u00e9cnico em enfermagem localizada em Planaltina, no DF. O estabelecimento, que, nos contratos, \u00e9 conhecido por Instituto DNA Cursos e Gradua\u00e7\u00f5es, mas agora se nomeia de RNA F\u00eanix Gradua\u00e7\u00e3o, foi fechado por tempo indeterminado. A institui\u00e7\u00e3o atrai alunos por meio de an\u00fancios nas redes sociais. O fechamento do [&hellip;]<\/p>\n","protected":false},"author":2,"featured_media":229283,"comment_status":"closed","ping_status":"closed","sticky":false,"template":"","format":"standard","meta":{"_acf_changed":false,"footnotes":""},"categories":[161],"tags":[],"class_list":["post-302088","post","type-post","status-publish","format-standard","has-post-thumbnail","hentry","category-quadradinho-em-foco"],"acf":[],"yoast_head":"<!-- This site is optimized with the Yoast SEO plugin v27.2 - https:\/\/yoast.com\/product\/yoast-seo-wordpress\/ -->\n<title>Procon fecha curso irregular de t\u00e9cnico em enfermagem - Notibras<\/title>\n<meta name=\"robots\" content=\"index, follow, max-snippet:-1, max-image-preview:large, max-video-preview:-1\" \/>\n<link rel=\"canonical\" href=\"https:\/\/www.notibras.com\/site\/procon-fecha-curso-irregular-de-tecnico-em-enfermagem\/\" \/>\n<meta property=\"og:locale\" content=\"pt_BR\" \/>\n<meta property=\"og:type\" content=\"article\" \/>\n<meta property=\"og:title\" content=\"Procon fecha curso irregular de t\u00e9cnico em enfermagem - Notibras\" \/>\n<meta property=\"og:description\" content=\"O Procon interditou uma escola de ensino t\u00e9cnico em enfermagem localizada em Planaltina, no DF. O estabelecimento, que, nos contratos, \u00e9 conhecido por Instituto DNA Cursos e Gradua\u00e7\u00f5es, mas agora se nomeia de RNA F\u00eanix Gradua\u00e7\u00e3o, foi fechado por tempo indeterminado. A institui\u00e7\u00e3o atrai alunos por meio de an\u00fancios nas redes sociais. O fechamento do [&hellip;]\" \/>\n<meta property=\"og:url\" content=\"https:\/\/www.notibras.com\/site\/procon-fecha-curso-irregular-de-tecnico-em-enfermagem\/\" \/>\n<meta property=\"og:site_name\" content=\"Notibras\" \/>\n<meta property=\"article:publisher\" content=\"https:\/\/www.facebook.com\/notibras\/\" \/>\n<meta property=\"article:published_time\" content=\"2023-04-01T03:00:47+00:00\" \/>\n<meta property=\"article:modified_time\" content=\"2023-04-01T12:25:28+00:00\" \/>\n<meta property=\"og:image\" content=\"https:\/\/www.notibras.com\/site\/wp-content\/uploads\/2020\/04\/Coronavirus-Covid19-1-1-868x644-1.jpg\" \/>\n\t<meta property=\"og:image:width\" content=\"868\" \/>\n\t<meta property=\"og:image:height\" content=\"644\" \/>\n\t<meta property=\"og:image:type\" content=\"image\/jpeg\" \/>\n<meta name=\"author\" content=\"Reda\u00e7\u00e3o\" \/>\n<meta name=\"twitter:card\" content=\"summary_large_image\" \/>\n<meta name=\"twitter:creator\" content=\"@Notibras\" \/>\n<meta name=\"twitter:site\" content=\"@Notibras\" \/>\n<meta name=\"twitter:label1\" content=\"Escrito por\" \/>\n\t<meta name=\"twitter:data1\" content=\"Reda\u00e7\u00e3o\" \/>\n\t<meta name=\"twitter:label2\" content=\"Est. tempo de leitura\" \/>\n\t<meta name=\"twitter:data2\" content=\"2 minutos\" \/>\n<script type=\"application\/ld+json\" class=\"yoast-schema-graph\">{\"@context\":\"https:\/\/schema.org\",\"@graph\":[{\"@type\":\"Article\",\"@id\":\"https:\/\/www.notibras.com\/site\/procon-fecha-curso-irregular-de-tecnico-em-enfermagem\/#article\",\"isPartOf\":{\"@id\":\"https:\/\/www.notibras.com\/site\/procon-fecha-curso-irregular-de-tecnico-em-enfermagem\/\"},\"author\":{\"name\":\"Reda\u00e7\u00e3o\",\"@id\":\"https:\/\/www.notibras.com\/site\/#\/schema\/person\/36ab0979449956132d3e5b517ea76ac8\"},\"headline\":\"Procon fecha curso irregular de t\u00e9cnico em enfermagem\",\"datePublished\":\"2023-04-01T03:00:47+00:00\",\"dateModified\":\"2023-04-01T12:25:28+00:00\",\"mainEntityOfPage\":{\"@id\":\"https:\/\/www.notibras.com\/site\/procon-fecha-curso-irregular-de-tecnico-em-enfermagem\/\"},\"wordCount\":268,\"publisher\":{\"@id\":\"https:\/\/www.notibras.com\/site\/#organization\"},\"image\":{\"@id\":\"https:\/\/www.notibras.com\/site\/procon-fecha-curso-irregular-de-tecnico-em-enfermagem\/#primaryimage\"},\"thumbnailUrl\":\"https:\/\/www.notibras.com\/site\/wp-content\/uploads\/2020\/04\/Coronavirus-Covid19-1-1-868x644-1.jpg\",\"articleSection\":[\"Quadradinho em Foco\"],\"inLanguage\":\"pt-BR\"},{\"@type\":\"WebPage\",\"@id\":\"https:\/\/www.notibras.com\/site\/procon-fecha-curso-irregular-de-tecnico-em-enfermagem\/\",\"url\":\"https:\/\/www.notibras.com\/site\/procon-fecha-curso-irregular-de-tecnico-em-enfermagem\/\",\"name\":\"Procon fecha curso irregular de t\u00e9cnico em enfermagem - Notibras\",\"isPartOf\":{\"@id\":\"https:\/\/www.notibras.com\/site\/#website\"},\"primaryImageOfPage\":{\"@id\":\"https:\/\/www.notibras.com\/site\/procon-fecha-curso-irregular-de-tecnico-em-enfermagem\/#primaryimage\"},\"image\":{\"@id\":\"https:\/\/www.notibras.com\/site\/procon-fecha-curso-irregular-de-tecnico-em-enfermagem\/#primaryimage\"},\"thumbnailUrl\":\"https:\/\/www.notibras.com\/site\/wp-content\/uploads\/2020\/04\/Coronavirus-Covid19-1-1-868x644-1.jpg\",\"datePublished\":\"2023-04-01T03:00:47+00:00\",\"dateModified\":\"2023-04-01T12:25:28+00:00\",\"breadcrumb\":{\"@id\":\"https:\/\/www.notibras.com\/site\/procon-fecha-curso-irregular-de-tecnico-em-enfermagem\/#breadcrumb\"},\"inLanguage\":\"pt-BR\",\"potentialAction\":[{\"@type\":\"ReadAction\",\"target\":[\"https:\/\/www.notibras.com\/site\/procon-fecha-curso-irregular-de-tecnico-em-enfermagem\/\"]}]},{\"@type\":\"ImageObject\",\"inLanguage\":\"pt-BR\",\"@id\":\"https:\/\/www.notibras.com\/site\/procon-fecha-curso-irregular-de-tecnico-em-enfermagem\/#primaryimage\",\"url\":\"https:\/\/www.notibras.com\/site\/wp-content\/uploads\/2020\/04\/Coronavirus-Covid19-1-1-868x644-1.jpg\",\"contentUrl\":\"https:\/\/www.notibras.com\/site\/wp-content\/uploads\/2020\/04\/Coronavirus-Covid19-1-1-868x644-1.jpg\",\"width\":868,\"height\":644},{\"@type\":\"BreadcrumbList\",\"@id\":\"https:\/\/www.notibras.com\/site\/procon-fecha-curso-irregular-de-tecnico-em-enfermagem\/#breadcrumb\",\"itemListElement\":[{\"@type\":\"ListItem\",\"position\":1,\"name\":\"In\u00edcio\",\"item\":\"https:\/\/www.notibras.com\/site\/\"},{\"@type\":\"ListItem\",\"position\":2,\"name\":\"Procon fecha curso irregular de t\u00e9cnico em enfermagem\"}]},{\"@type\":\"WebSite\",\"@id\":\"https:\/\/www.notibras.com\/site\/#website\",\"url\":\"https:\/\/www.notibras.com\/site\/\",\"name\":\"Notibras\",\"description\":\"Not\u00edcias de Bras\u00edlia, do Brasil e do Mundo\",\"publisher\":{\"@id\":\"https:\/\/www.notibras.com\/site\/#organization\"},\"potentialAction\":[{\"@type\":\"SearchAction\",\"target\":{\"@type\":\"EntryPoint\",\"urlTemplate\":\"https:\/\/www.notibras.com\/site\/?s={search_term_string}\"},\"query-input\":{\"@type\":\"PropertyValueSpecification\",\"valueRequired\":true,\"valueName\":\"search_term_string\"}}],\"inLanguage\":\"pt-BR\"},{\"@type\":\"Organization\",\"@id\":\"https:\/\/www.notibras.com\/site\/#organization\",\"name\":\"Grupo Notibras de Comunica\u00e7\u00e3o\",\"url\":\"https:\/\/www.notibras.com\/site\/\",\"logo\":{\"@type\":\"ImageObject\",\"inLanguage\":\"pt-BR\",\"@id\":\"https:\/\/www.notibras.com\/site\/#\/schema\/logo\/image\/\",\"url\":\"https:\/\/www.notibras.com\/site\/wp-content\/uploads\/2023\/01\/notibras23.png\",\"contentUrl\":\"https:\/\/www.notibras.com\/site\/wp-content\/uploads\/2023\/01\/notibras23.png\",\"width\":350,\"height\":87,\"caption\":\"Grupo Notibras de Comunica\u00e7\u00e3o\"},\"image\":{\"@id\":\"https:\/\/www.notibras.com\/site\/#\/schema\/logo\/image\/\"},\"sameAs\":[\"https:\/\/www.facebook.com\/notibras\/\",\"https:\/\/x.com\/Notibras\",\"https:\/\/www.instagram.com\/notibras\/\"]},{\"@type\":\"Person\",\"@id\":\"https:\/\/www.notibras.com\/site\/#\/schema\/person\/36ab0979449956132d3e5b517ea76ac8\",\"name\":\"Reda\u00e7\u00e3o\",\"image\":{\"@type\":\"ImageObject\",\"inLanguage\":\"pt-BR\",\"@id\":\"https:\/\/secure.gravatar.com\/avatar\/e0a867bdedb85fd243eadf09663511f96fc81e0720a4a42581f334ad4303aa6b?s=96&d=mm&r=g\",\"url\":\"https:\/\/secure.gravatar.com\/avatar\/e0a867bdedb85fd243eadf09663511f96fc81e0720a4a42581f334ad4303aa6b?s=96&d=mm&r=g\",\"contentUrl\":\"https:\/\/secure.gravatar.com\/avatar\/e0a867bdedb85fd243eadf09663511f96fc81e0720a4a42581f334ad4303aa6b?s=96&d=mm&r=g\",\"caption\":\"Reda\u00e7\u00e3o\"}}]}<\/script>\n<!-- \/ Yoast SEO plugin. -->","yoast_head_json":{"title":"Procon fecha curso irregular de t\u00e9cnico em enfermagem - Notibras","robots":{"index":"index","follow":"follow","max-snippet":"max-snippet:-1","max-image-preview":"max-image-preview:large","max-video-preview":"max-video-preview:-1"},"canonical":"https:\/\/www.notibras.com\/site\/procon-fecha-curso-irregular-de-tecnico-em-enfermagem\/","og_locale":"pt_BR","og_type":"article","og_title":"Procon fecha curso irregular de t\u00e9cnico em enfermagem - Notibras","og_description":"O Procon interditou uma escola de ensino t\u00e9cnico em enfermagem localizada em Planaltina, no DF. O estabelecimento, que, nos contratos, \u00e9 conhecido por Instituto DNA Cursos e Gradua\u00e7\u00f5es, mas agora se nomeia de RNA F\u00eanix Gradua\u00e7\u00e3o, foi fechado por tempo indeterminado. A institui\u00e7\u00e3o atrai alunos por meio de an\u00fancios nas redes sociais. O fechamento do [&hellip;]","og_url":"https:\/\/www.notibras.com\/site\/procon-fecha-curso-irregular-de-tecnico-em-enfermagem\/","og_site_name":"Notibras","article_publisher":"https:\/\/www.facebook.com\/notibras\/","article_published_time":"2023-04-01T03:00:47+00:00","article_modified_time":"2023-04-01T12:25:28+00:00","og_image":[{"width":868,"height":644,"url":"https:\/\/www.notibras.com\/site\/wp-content\/uploads\/2020\/04\/Coronavirus-Covid19-1-1-868x644-1.jpg","type":"image\/jpeg"}],"author":"Reda\u00e7\u00e3o","twitter_card":"summary_large_image","twitter_creator":"@Notibras","twitter_site":"@Notibras","twitter_misc":{"Escrito por":"Reda\u00e7\u00e3o","Est. tempo de leitura":"2 minutos"},"schema":{"@context":"https:\/\/schema.org","@graph":[{"@type":"Article","@id":"https:\/\/www.notibras.com\/site\/procon-fecha-curso-irregular-de-tecnico-em-enfermagem\/#article","isPartOf":{"@id":"https:\/\/www.notibras.com\/site\/procon-fecha-curso-irregular-de-tecnico-em-enfermagem\/"},"author":{"name":"Reda\u00e7\u00e3o","@id":"https:\/\/www.notibras.com\/site\/#\/schema\/person\/36ab0979449956132d3e5b517ea76ac8"},"headline":"Procon fecha curso irregular de t\u00e9cnico em enfermagem","datePublished":"2023-04-01T03:00:47+00:00","dateModified":"2023-04-01T12:25:28+00:00","mainEntityOfPage":{"@id":"https:\/\/www.notibras.com\/site\/procon-fecha-curso-irregular-de-tecnico-em-enfermagem\/"},"wordCount":268,"publisher":{"@id":"https:\/\/www.notibras.com\/site\/#organization"},"image":{"@id":"https:\/\/www.notibras.com\/site\/procon-fecha-curso-irregular-de-tecnico-em-enfermagem\/#primaryimage"},"thumbnailUrl":"https:\/\/www.notibras.com\/site\/wp-content\/uploads\/2020\/04\/Coronavirus-Covid19-1-1-868x644-1.jpg","articleSection":["Quadradinho em Foco"],"inLanguage":"pt-BR"},{"@type":"WebPage","@id":"https:\/\/www.notibras.com\/site\/procon-fecha-curso-irregular-de-tecnico-em-enfermagem\/","url":"https:\/\/www.notibras.com\/site\/procon-fecha-curso-irregular-de-tecnico-em-enfermagem\/","name":"Procon fecha curso irregular de t\u00e9cnico em enfermagem - Notibras","isPartOf":{"@id":"https:\/\/www.notibras.com\/site\/#website"},"primaryImageOfPage":{"@id":"https:\/\/www.notibras.com\/site\/procon-fecha-curso-irregular-de-tecnico-em-enfermagem\/#primaryimage"},"image":{"@id":"https:\/\/www.notibras.com\/site\/procon-fecha-curso-irregular-de-tecnico-em-enfermagem\/#primaryimage"},"thumbnailUrl":"https:\/\/www.notibras.com\/site\/wp-content\/uploads\/2020\/04\/Coronavirus-Covid19-1-1-868x644-1.jpg","datePublished":"2023-04-01T03:00:47+00:00","dateModified":"2023-04-01T12:25:28+00:00","breadcrumb":{"@id":"https:\/\/www.notibras.com\/site\/procon-fecha-curso-irregular-de-tecnico-em-enfermagem\/#breadcrumb"},"inLanguage":"pt-BR","potentialAction":[{"@type":"ReadAction","target":["https:\/\/www.notibras.com\/site\/procon-fecha-curso-irregular-de-tecnico-em-enfermagem\/"]}]},{"@type":"ImageObject","inLanguage":"pt-BR","@id":"https:\/\/www.notibras.com\/site\/procon-fecha-curso-irregular-de-tecnico-em-enfermagem\/#primaryimage","url":"https:\/\/www.notibras.com\/site\/wp-content\/uploads\/2020\/04\/Coronavirus-Covid19-1-1-868x644-1.jpg","contentUrl":"https:\/\/www.notibras.com\/site\/wp-content\/uploads\/2020\/04\/Coronavirus-Covid19-1-1-868x644-1.jpg","width":868,"height":644},{"@type":"BreadcrumbList","@id":"https:\/\/www.notibras.com\/site\/procon-fecha-curso-irregular-de-tecnico-em-enfermagem\/#breadcrumb","itemListElement":[{"@type":"ListItem","position":1,"name":"In\u00edcio","item":"https:\/\/www.notibras.com\/site\/"},{"@type":"ListItem","position":2,"name":"Procon fecha curso irregular de t\u00e9cnico em enfermagem"}]},{"@type":"WebSite","@id":"https:\/\/www.notibras.com\/site\/#website","url":"https:\/\/www.notibras.com\/site\/","name":"Notibras","description":"Not\u00edcias de Bras\u00edlia, do Brasil e do Mundo","publisher":{"@id":"https:\/\/www.notibras.com\/site\/#organization"},"potentialAction":[{"@type":"SearchAction","target":{"@type":"EntryPoint","urlTemplate":"https:\/\/www.notibras.com\/site\/?s={search_term_string}"},"query-input":{"@type":"PropertyValueSpecification","valueRequired":true,"valueName":"search_term_string"}}],"inLanguage":"pt-BR"},{"@type":"Organization","@id":"https:\/\/www.notibras.com\/site\/#organization","name":"Grupo Notibras de Comunica\u00e7\u00e3o","url":"https:\/\/www.notibras.com\/site\/","logo":{"@type":"ImageObject","inLanguage":"pt-BR","@id":"https:\/\/www.notibras.com\/site\/#\/schema\/logo\/image\/","url":"https:\/\/www.notibras.com\/site\/wp-content\/uploads\/2023\/01\/notibras23.png","contentUrl":"https:\/\/www.notibras.com\/site\/wp-content\/uploads\/2023\/01\/notibras23.png","width":350,"height":87,"caption":"Grupo Notibras de Comunica\u00e7\u00e3o"},"image":{"@id":"https:\/\/www.notibras.com\/site\/#\/schema\/logo\/image\/"},"sameAs":["https:\/\/www.facebook.com\/notibras\/","https:\/\/x.com\/Notibras","https:\/\/www.instagram.com\/notibras\/"]},{"@type":"Person","@id":"https:\/\/www.notibras.com\/site\/#\/schema\/person\/36ab0979449956132d3e5b517ea76ac8","name":"Reda\u00e7\u00e3o","image":{"@type":"ImageObject","inLanguage":"pt-BR","@id":"https:\/\/secure.gravatar.com\/avatar\/e0a867bdedb85fd243eadf09663511f96fc81e0720a4a42581f334ad4303aa6b?s=96&d=mm&r=g","url":"https:\/\/secure.gravatar.com\/avatar\/e0a867bdedb85fd243eadf09663511f96fc81e0720a4a42581f334ad4303aa6b?s=96&d=mm&r=g","contentUrl":"https:\/\/secure.gravatar.com\/avatar\/e0a867bdedb85fd243eadf09663511f96fc81e0720a4a42581f334ad4303aa6b?s=96&d=mm&r=g","caption":"Reda\u00e7\u00e3o"}}]}},"amp_enabled":true,"_links":{"self":[{"href":"https:\/\/www.notibras.com\/site\/wp-json\/wp\/v2\/posts\/302088","targetHints":{"allow":["GET"]}}],"collection":[{"href":"https:\/\/www.notibras.com\/site\/wp-json\/wp\/v2\/posts"}],"about":[{"href":"https:\/\/www.notibras.com\/site\/wp-json\/wp\/v2\/types\/post"}],"author":[{"embeddable":true,"href":"https:\/\/www.notibras.com\/site\/wp-json\/wp\/v2\/users\/2"}],"replies":[{"embeddable":true,"href":"https:\/\/www.notibras.com\/site\/wp-json\/wp\/v2\/comments?post=302088"}],"version-history":[{"count":1,"href":"https:\/\/www.notibras.com\/site\/wp-json\/wp\/v2\/posts\/302088\/revisions"}],"predecessor-version":[{"id":302089,"href":"https:\/\/www.notibras.com\/site\/wp-json\/wp\/v2\/posts\/302088\/revisions\/302089"}],"wp:featuredmedia":[{"embeddable":true,"href":"https:\/\/www.notibras.com\/site\/wp-json\/wp\/v2\/media\/229283"}],"wp:attachment":[{"href":"https:\/\/www.notibras.com\/site\/wp-json\/wp\/v2\/media?parent=302088"}],"wp:term":[{"taxonomy":"category","embeddable":true,"href":"https:\/\/www.notibras.com\/site\/wp-json\/wp\/v2\/categories?post=302088"},{"taxonomy":"post_tag","embeddable":true,"href":"https:\/\/www.notibras.com\/site\/wp-json\/wp\/v2\/tags?post=302088"}],"curies":[{"name":"wp","href":"https:\/\/api.w.org\/{rel}","templated":true}]}}