{"id":302090,"date":"2023-04-01T00:00:34","date_gmt":"2023-04-01T03:00:34","guid":{"rendered":"https:\/\/www.notibras.com\/site\/?p=302090"},"modified":"2023-04-01T09:34:16","modified_gmt":"2023-04-01T12:34:16","slug":"ceu-de-brasilia-ganha-um-presente-multicolorido","status":"publish","type":"post","link":"https:\/\/www.notibras.com\/site\/ceu-de-brasilia-ganha-um-presente-multicolorido\/","title":{"rendered":"C\u00e9u de Bras\u00edlia ganha um presente multicolorido"},"content":{"rendered":"<p>Para quem nunca viu um bal\u00e3o de perto, chegou a oportunidade. A Esplanada dos Minist\u00e9rios recebe at\u00e9 domingo (2), o Circuito Cultural de Balonismo: Cultura, c\u00e9u, sol e cerrado, evento que abre o m\u00eas de anivers\u00e1rio da cidade. A entrada ser\u00e1 gratuita e contar\u00e1 com shows, feiras de artesanato, espet\u00e1culos de bal\u00f5es e apresenta\u00e7\u00e3o noturna de luzes (Night Glow).<\/p>\n<p>O projeto \u00e9 fruto de uma parceria do GDF com a organiza\u00e7\u00e3o da sociedade civil Associa\u00e7\u00e3o Luta pela Vida. O objetivo \u00e9 fomentar a economia criativa e incentivar atividades diversas, atrativas e tur\u00edsticas para o Distrito Federal e o Entorno. O evento recebeu investimento de R$ 499.978,00 e, segundo os organizadores, h\u00e1 previs\u00e3o de gerar 300 empregos diretos e 100 indiretos.<\/p>\n<p>Para Liana Souza, que veio da Bahia visitar a fam\u00edlia em Bras\u00edlia, a atra\u00e7\u00e3o j\u00e1 come\u00e7ou cedo. Assim que soube do evento, foi ver os bal\u00f5es no ar. A car\u00e1ter, usando uma cal\u00e7a com estampa de bal\u00f5es, a contadora fala animada do movimento na Esplanada. \u201cEu achei muito lindo, nunca tinha visto um bal\u00e3o de perto, s\u00f3 vejo pela TV. Ainda mais com esse nascer do sol em Bras\u00edlia, pronto, casou perfeitamente. S\u00e3o bal\u00f5es lindos, a vontade que a gente tem \u00e9 de voar, n\u00e9?\u201d, comenta Liana.<\/p>\n<p>O piloto Johnny Alvarez, mais conhecido como \u201cJohnny do Bal\u00e3o\u201d, \u00e9 presidente da Confedera\u00e7\u00e3o Brasileira de Balonismo. Ele destaca o que faz de Bras\u00edlia um lugar ideal para praticar o balonismo como esporte.<\/p>\n<p>\u201cNessa \u00e9poca do ano, entre a primavera e o ver\u00e3o, o clima de Bras\u00edlia fica perfeito para a pr\u00e1tica do balonismo. Pelo fato de ser plan\u00edcie, tem as condi\u00e7\u00f5es certas de climatologia e relevo. A sensa\u00e7\u00e3o de voar em Bras\u00edlia \u00e9 que voc\u00ea n\u00e3o precisa ir t\u00e3o alto pra ver toda a topografia da cidade, por ser muito plana voc\u00ea consegue ver muito longe com pouca altura. E ainda tem as edifica\u00e7\u00f5es, Oscar Niemeyer, essas coisas. \u00c9 quase um romance l\u00e1 em cima voando\u201d, ressalta Johnny.<\/p>\n<p>R\u00f4mulo Gonsalves \u00e9 diretor do Projeto Circuito Cultural Balonismo. Ele comentou sobre a realiza\u00e7\u00e3o do evento e destacou a import\u00e2ncia do apoio da Secretaria de Cultura e Economia Criativa do DF.<\/p>\n<p>\u201cTem tudo a ver com a Esplanada dos Minist\u00e9rios, o c\u00e9u de Bras\u00edlia \u00e9 incompar\u00e1vel. Ent\u00e3o apresentamos o projeto para a Secretaria de Cultura e fomos muito bem recebidos pelo secret\u00e1rio, que abra\u00e7ou a ideia. O balonismo tamb\u00e9m \u00e9 um exemplo da economia criativa, porque o pessoal se diverte trabalhando. Nossa expectativa \u00e9 trazer uma amostra do que \u00e9 o balonismo para Bras\u00edlia, para no futuro fazer outro evento maior, com mais bal\u00f5es para que mais pessoas possam aproveitar desse voo\u201d.<\/p>\n<p>Bruno Dias, piloto de bal\u00e3o por hobby e morador da capital, faz um convite para quem quiser apreciar o evento neste fim de semana.<\/p>\n<p>\u201cBras\u00edlia tem o c\u00e9u mais bonito do Brasil. Sou bem suspeito pra falar disso, mas sendo brasiliense e tendo a oportunidade de estar em um evento como esse, a ideia \u00e9 trazer o balonismo para que o p\u00fablico tenha acesso, colorir o c\u00e9u de Bras\u00edlia. A cidade merece um evento desse, merece ter contato com um esporte t\u00e3o bacana. Essa \u00e9 uma bela oportunidade, h\u00e1 muito tempo a gente n\u00e3o tem o bal\u00e3o, principalmente aqui na Esplanada, que \u00e9 um local incr\u00edvel. Vale a pena trazer a fam\u00edlia, amigos, convidar todos. S\u00f3 o fato de estar pr\u00f3ximo do bal\u00e3o e entender como funciona a flutuabilidade j\u00e1 \u00e9 uma experi\u00eancia que com certeza marca a vida da pessoa\u201d.<\/p>\n<p>O evento teve in\u00edcio nesta sexta-feira, \u00e0s 15h, com programa\u00e7\u00e3o infantil, feiras de artesanato e de alimenta\u00e7\u00e3o, com food trucks que funcionar\u00e3o at\u00e9 as 22h. Cinco bal\u00f5es realizar\u00e3o a subida e ficar\u00e3o posicionados sobre a Esplanada dos Minist\u00e9rios, a poucos metros do ch\u00e3o. O show de luzes dos ve\u00edculos, intitulado Night Glow, come\u00e7a \u00e0s 19h30, com apresenta\u00e7\u00f5es musicais depois. A programa\u00e7\u00e3o completa tamb\u00e9m est\u00e1 dispon\u00edvel no site e no instagram do Circuito Cultural de Balonismo.<\/p>\n","protected":false},"excerpt":{"rendered":"<p>Para quem nunca viu um bal\u00e3o de perto, chegou a oportunidade. A Esplanada dos Minist\u00e9rios recebe at\u00e9 domingo (2), o Circuito Cultural de Balonismo: Cultura, c\u00e9u, sol e cerrado, evento que abre o m\u00eas de anivers\u00e1rio da cidade. A entrada ser\u00e1 gratuita e contar\u00e1 com shows, feiras de artesanato, espet\u00e1culos de bal\u00f5es e apresenta\u00e7\u00e3o noturna [&hellip;]<\/p>\n","protected":false},"author":2,"featured_media":302091,"comment_status":"closed","ping_status":"closed","sticky":false,"template":"","format":"standard","meta":{"_acf_changed":false,"footnotes":""},"categories":[161],"tags":[],"class_list":["post-302090","post","type-post","status-publish","format-standard","has-post-thumbnail","hentry","category-quadradinho-em-foco"],"acf":[],"yoast_head":"<!-- This site is optimized with the Yoast SEO plugin v27.2 - https:\/\/yoast.com\/product\/yoast-seo-wordpress\/ -->\n<title>C\u00e9u de Bras\u00edlia ganha um presente multicolorido - Notibras<\/title>\n<meta name=\"robots\" content=\"index, follow, max-snippet:-1, max-image-preview:large, max-video-preview:-1\" \/>\n<link rel=\"canonical\" href=\"https:\/\/www.notibras.com\/site\/ceu-de-brasilia-ganha-um-presente-multicolorido\/\" \/>\n<meta property=\"og:locale\" content=\"pt_BR\" \/>\n<meta property=\"og:type\" content=\"article\" \/>\n<meta property=\"og:title\" content=\"C\u00e9u de Bras\u00edlia ganha um presente multicolorido - Notibras\" \/>\n<meta property=\"og:description\" content=\"Para quem nunca viu um bal\u00e3o de perto, chegou a oportunidade. A Esplanada dos Minist\u00e9rios recebe at\u00e9 domingo (2), o Circuito Cultural de Balonismo: Cultura, c\u00e9u, sol e cerrado, evento que abre o m\u00eas de anivers\u00e1rio da cidade. A entrada ser\u00e1 gratuita e contar\u00e1 com shows, feiras de artesanato, espet\u00e1culos de bal\u00f5es e apresenta\u00e7\u00e3o noturna [&hellip;]\" \/>\n<meta property=\"og:url\" content=\"https:\/\/www.notibras.com\/site\/ceu-de-brasilia-ganha-um-presente-multicolorido\/\" \/>\n<meta property=\"og:site_name\" content=\"Notibras\" \/>\n<meta property=\"article:publisher\" content=\"https:\/\/www.facebook.com\/notibras\/\" \/>\n<meta property=\"article:published_time\" content=\"2023-04-01T03:00:34+00:00\" \/>\n<meta property=\"article:modified_time\" content=\"2023-04-01T12:34:16+00:00\" \/>\n<meta property=\"og:image\" content=\"https:\/\/www.notibras.com\/site\/wp-content\/uploads\/2023\/04\/dentro-36-1536x1024-1.jpg\" \/>\n\t<meta property=\"og:image:width\" content=\"1536\" \/>\n\t<meta property=\"og:image:height\" content=\"1024\" \/>\n\t<meta property=\"og:image:type\" content=\"image\/jpeg\" \/>\n<meta name=\"author\" content=\"Reda\u00e7\u00e3o\" \/>\n<meta name=\"twitter:card\" content=\"summary_large_image\" \/>\n<meta name=\"twitter:creator\" content=\"@Notibras\" \/>\n<meta name=\"twitter:site\" content=\"@Notibras\" \/>\n<meta name=\"twitter:label1\" content=\"Escrito por\" \/>\n\t<meta name=\"twitter:data1\" content=\"Reda\u00e7\u00e3o\" \/>\n\t<meta name=\"twitter:label2\" content=\"Est. tempo de leitura\" \/>\n\t<meta name=\"twitter:data2\" content=\"4 minutos\" \/>\n<script type=\"application\/ld+json\" class=\"yoast-schema-graph\">{\"@context\":\"https:\/\/schema.org\",\"@graph\":[{\"@type\":\"Article\",\"@id\":\"https:\/\/www.notibras.com\/site\/ceu-de-brasilia-ganha-um-presente-multicolorido\/#article\",\"isPartOf\":{\"@id\":\"https:\/\/www.notibras.com\/site\/ceu-de-brasilia-ganha-um-presente-multicolorido\/\"},\"author\":{\"name\":\"Reda\u00e7\u00e3o\",\"@id\":\"https:\/\/www.notibras.com\/site\/#\/schema\/person\/36ab0979449956132d3e5b517ea76ac8\"},\"headline\":\"C\u00e9u de Bras\u00edlia ganha um presente multicolorido\",\"datePublished\":\"2023-04-01T03:00:34+00:00\",\"dateModified\":\"2023-04-01T12:34:16+00:00\",\"mainEntityOfPage\":{\"@id\":\"https:\/\/www.notibras.com\/site\/ceu-de-brasilia-ganha-um-presente-multicolorido\/\"},\"wordCount\":723,\"publisher\":{\"@id\":\"https:\/\/www.notibras.com\/site\/#organization\"},\"image\":{\"@id\":\"https:\/\/www.notibras.com\/site\/ceu-de-brasilia-ganha-um-presente-multicolorido\/#primaryimage\"},\"thumbnailUrl\":\"https:\/\/www.notibras.com\/site\/wp-content\/uploads\/2023\/04\/dentro-36-1536x1024-1.jpg\",\"articleSection\":[\"Quadradinho em Foco\"],\"inLanguage\":\"pt-BR\"},{\"@type\":\"WebPage\",\"@id\":\"https:\/\/www.notibras.com\/site\/ceu-de-brasilia-ganha-um-presente-multicolorido\/\",\"url\":\"https:\/\/www.notibras.com\/site\/ceu-de-brasilia-ganha-um-presente-multicolorido\/\",\"name\":\"C\u00e9u de Bras\u00edlia ganha um presente multicolorido - Notibras\",\"isPartOf\":{\"@id\":\"https:\/\/www.notibras.com\/site\/#website\"},\"primaryImageOfPage\":{\"@id\":\"https:\/\/www.notibras.com\/site\/ceu-de-brasilia-ganha-um-presente-multicolorido\/#primaryimage\"},\"image\":{\"@id\":\"https:\/\/www.notibras.com\/site\/ceu-de-brasilia-ganha-um-presente-multicolorido\/#primaryimage\"},\"thumbnailUrl\":\"https:\/\/www.notibras.com\/site\/wp-content\/uploads\/2023\/04\/dentro-36-1536x1024-1.jpg\",\"datePublished\":\"2023-04-01T03:00:34+00:00\",\"dateModified\":\"2023-04-01T12:34:16+00:00\",\"breadcrumb\":{\"@id\":\"https:\/\/www.notibras.com\/site\/ceu-de-brasilia-ganha-um-presente-multicolorido\/#breadcrumb\"},\"inLanguage\":\"pt-BR\",\"potentialAction\":[{\"@type\":\"ReadAction\",\"target\":[\"https:\/\/www.notibras.com\/site\/ceu-de-brasilia-ganha-um-presente-multicolorido\/\"]}]},{\"@type\":\"ImageObject\",\"inLanguage\":\"pt-BR\",\"@id\":\"https:\/\/www.notibras.com\/site\/ceu-de-brasilia-ganha-um-presente-multicolorido\/#primaryimage\",\"url\":\"https:\/\/www.notibras.com\/site\/wp-content\/uploads\/2023\/04\/dentro-36-1536x1024-1.jpg\",\"contentUrl\":\"https:\/\/www.notibras.com\/site\/wp-content\/uploads\/2023\/04\/dentro-36-1536x1024-1.jpg\",\"width\":1536,\"height\":1024},{\"@type\":\"BreadcrumbList\",\"@id\":\"https:\/\/www.notibras.com\/site\/ceu-de-brasilia-ganha-um-presente-multicolorido\/#breadcrumb\",\"itemListElement\":[{\"@type\":\"ListItem\",\"position\":1,\"name\":\"In\u00edcio\",\"item\":\"https:\/\/www.notibras.com\/site\/\"},{\"@type\":\"ListItem\",\"position\":2,\"name\":\"C\u00e9u de Bras\u00edlia ganha um presente multicolorido\"}]},{\"@type\":\"WebSite\",\"@id\":\"https:\/\/www.notibras.com\/site\/#website\",\"url\":\"https:\/\/www.notibras.com\/site\/\",\"name\":\"Notibras\",\"description\":\"Not\u00edcias de Bras\u00edlia, do Brasil e do Mundo\",\"publisher\":{\"@id\":\"https:\/\/www.notibras.com\/site\/#organization\"},\"potentialAction\":[{\"@type\":\"SearchAction\",\"target\":{\"@type\":\"EntryPoint\",\"urlTemplate\":\"https:\/\/www.notibras.com\/site\/?s={search_term_string}\"},\"query-input\":{\"@type\":\"PropertyValueSpecification\",\"valueRequired\":true,\"valueName\":\"search_term_string\"}}],\"inLanguage\":\"pt-BR\"},{\"@type\":\"Organization\",\"@id\":\"https:\/\/www.notibras.com\/site\/#organization\",\"name\":\"Grupo Notibras de Comunica\u00e7\u00e3o\",\"url\":\"https:\/\/www.notibras.com\/site\/\",\"logo\":{\"@type\":\"ImageObject\",\"inLanguage\":\"pt-BR\",\"@id\":\"https:\/\/www.notibras.com\/site\/#\/schema\/logo\/image\/\",\"url\":\"https:\/\/www.notibras.com\/site\/wp-content\/uploads\/2023\/01\/notibras23.png\",\"contentUrl\":\"https:\/\/www.notibras.com\/site\/wp-content\/uploads\/2023\/01\/notibras23.png\",\"width\":350,\"height\":87,\"caption\":\"Grupo Notibras de Comunica\u00e7\u00e3o\"},\"image\":{\"@id\":\"https:\/\/www.notibras.com\/site\/#\/schema\/logo\/image\/\"},\"sameAs\":[\"https:\/\/www.facebook.com\/notibras\/\",\"https:\/\/x.com\/Notibras\",\"https:\/\/www.instagram.com\/notibras\/\"]},{\"@type\":\"Person\",\"@id\":\"https:\/\/www.notibras.com\/site\/#\/schema\/person\/36ab0979449956132d3e5b517ea76ac8\",\"name\":\"Reda\u00e7\u00e3o\",\"image\":{\"@type\":\"ImageObject\",\"inLanguage\":\"pt-BR\",\"@id\":\"https:\/\/secure.gravatar.com\/avatar\/e0a867bdedb85fd243eadf09663511f96fc81e0720a4a42581f334ad4303aa6b?s=96&d=mm&r=g\",\"url\":\"https:\/\/secure.gravatar.com\/avatar\/e0a867bdedb85fd243eadf09663511f96fc81e0720a4a42581f334ad4303aa6b?s=96&d=mm&r=g\",\"contentUrl\":\"https:\/\/secure.gravatar.com\/avatar\/e0a867bdedb85fd243eadf09663511f96fc81e0720a4a42581f334ad4303aa6b?s=96&d=mm&r=g\",\"caption\":\"Reda\u00e7\u00e3o\"}}]}<\/script>\n<!-- \/ Yoast SEO plugin. -->","yoast_head_json":{"title":"C\u00e9u de Bras\u00edlia ganha um presente multicolorido - Notibras","robots":{"index":"index","follow":"follow","max-snippet":"max-snippet:-1","max-image-preview":"max-image-preview:large","max-video-preview":"max-video-preview:-1"},"canonical":"https:\/\/www.notibras.com\/site\/ceu-de-brasilia-ganha-um-presente-multicolorido\/","og_locale":"pt_BR","og_type":"article","og_title":"C\u00e9u de Bras\u00edlia ganha um presente multicolorido - Notibras","og_description":"Para quem nunca viu um bal\u00e3o de perto, chegou a oportunidade. A Esplanada dos Minist\u00e9rios recebe at\u00e9 domingo (2), o Circuito Cultural de Balonismo: Cultura, c\u00e9u, sol e cerrado, evento que abre o m\u00eas de anivers\u00e1rio da cidade. A entrada ser\u00e1 gratuita e contar\u00e1 com shows, feiras de artesanato, espet\u00e1culos de bal\u00f5es e apresenta\u00e7\u00e3o noturna [&hellip;]","og_url":"https:\/\/www.notibras.com\/site\/ceu-de-brasilia-ganha-um-presente-multicolorido\/","og_site_name":"Notibras","article_publisher":"https:\/\/www.facebook.com\/notibras\/","article_published_time":"2023-04-01T03:00:34+00:00","article_modified_time":"2023-04-01T12:34:16+00:00","og_image":[{"width":1536,"height":1024,"url":"https:\/\/www.notibras.com\/site\/wp-content\/uploads\/2023\/04\/dentro-36-1536x1024-1.jpg","type":"image\/jpeg"}],"author":"Reda\u00e7\u00e3o","twitter_card":"summary_large_image","twitter_creator":"@Notibras","twitter_site":"@Notibras","twitter_misc":{"Escrito por":"Reda\u00e7\u00e3o","Est. tempo de leitura":"4 minutos"},"schema":{"@context":"https:\/\/schema.org","@graph":[{"@type":"Article","@id":"https:\/\/www.notibras.com\/site\/ceu-de-brasilia-ganha-um-presente-multicolorido\/#article","isPartOf":{"@id":"https:\/\/www.notibras.com\/site\/ceu-de-brasilia-ganha-um-presente-multicolorido\/"},"author":{"name":"Reda\u00e7\u00e3o","@id":"https:\/\/www.notibras.com\/site\/#\/schema\/person\/36ab0979449956132d3e5b517ea76ac8"},"headline":"C\u00e9u de Bras\u00edlia ganha um presente multicolorido","datePublished":"2023-04-01T03:00:34+00:00","dateModified":"2023-04-01T12:34:16+00:00","mainEntityOfPage":{"@id":"https:\/\/www.notibras.com\/site\/ceu-de-brasilia-ganha-um-presente-multicolorido\/"},"wordCount":723,"publisher":{"@id":"https:\/\/www.notibras.com\/site\/#organization"},"image":{"@id":"https:\/\/www.notibras.com\/site\/ceu-de-brasilia-ganha-um-presente-multicolorido\/#primaryimage"},"thumbnailUrl":"https:\/\/www.notibras.com\/site\/wp-content\/uploads\/2023\/04\/dentro-36-1536x1024-1.jpg","articleSection":["Quadradinho em Foco"],"inLanguage":"pt-BR"},{"@type":"WebPage","@id":"https:\/\/www.notibras.com\/site\/ceu-de-brasilia-ganha-um-presente-multicolorido\/","url":"https:\/\/www.notibras.com\/site\/ceu-de-brasilia-ganha-um-presente-multicolorido\/","name":"C\u00e9u de Bras\u00edlia ganha um presente multicolorido - Notibras","isPartOf":{"@id":"https:\/\/www.notibras.com\/site\/#website"},"primaryImageOfPage":{"@id":"https:\/\/www.notibras.com\/site\/ceu-de-brasilia-ganha-um-presente-multicolorido\/#primaryimage"},"image":{"@id":"https:\/\/www.notibras.com\/site\/ceu-de-brasilia-ganha-um-presente-multicolorido\/#primaryimage"},"thumbnailUrl":"https:\/\/www.notibras.com\/site\/wp-content\/uploads\/2023\/04\/dentro-36-1536x1024-1.jpg","datePublished":"2023-04-01T03:00:34+00:00","dateModified":"2023-04-01T12:34:16+00:00","breadcrumb":{"@id":"https:\/\/www.notibras.com\/site\/ceu-de-brasilia-ganha-um-presente-multicolorido\/#breadcrumb"},"inLanguage":"pt-BR","potentialAction":[{"@type":"ReadAction","target":["https:\/\/www.notibras.com\/site\/ceu-de-brasilia-ganha-um-presente-multicolorido\/"]}]},{"@type":"ImageObject","inLanguage":"pt-BR","@id":"https:\/\/www.notibras.com\/site\/ceu-de-brasilia-ganha-um-presente-multicolorido\/#primaryimage","url":"https:\/\/www.notibras.com\/site\/wp-content\/uploads\/2023\/04\/dentro-36-1536x1024-1.jpg","contentUrl":"https:\/\/www.notibras.com\/site\/wp-content\/uploads\/2023\/04\/dentro-36-1536x1024-1.jpg","width":1536,"height":1024},{"@type":"BreadcrumbList","@id":"https:\/\/www.notibras.com\/site\/ceu-de-brasilia-ganha-um-presente-multicolorido\/#breadcrumb","itemListElement":[{"@type":"ListItem","position":1,"name":"In\u00edcio","item":"https:\/\/www.notibras.com\/site\/"},{"@type":"ListItem","position":2,"name":"C\u00e9u de Bras\u00edlia ganha um presente multicolorido"}]},{"@type":"WebSite","@id":"https:\/\/www.notibras.com\/site\/#website","url":"https:\/\/www.notibras.com\/site\/","name":"Notibras","description":"Not\u00edcias de Bras\u00edlia, do Brasil e do Mundo","publisher":{"@id":"https:\/\/www.notibras.com\/site\/#organization"},"potentialAction":[{"@type":"SearchAction","target":{"@type":"EntryPoint","urlTemplate":"https:\/\/www.notibras.com\/site\/?s={search_term_string}"},"query-input":{"@type":"PropertyValueSpecification","valueRequired":true,"valueName":"search_term_string"}}],"inLanguage":"pt-BR"},{"@type":"Organization","@id":"https:\/\/www.notibras.com\/site\/#organization","name":"Grupo Notibras de Comunica\u00e7\u00e3o","url":"https:\/\/www.notibras.com\/site\/","logo":{"@type":"ImageObject","inLanguage":"pt-BR","@id":"https:\/\/www.notibras.com\/site\/#\/schema\/logo\/image\/","url":"https:\/\/www.notibras.com\/site\/wp-content\/uploads\/2023\/01\/notibras23.png","contentUrl":"https:\/\/www.notibras.com\/site\/wp-content\/uploads\/2023\/01\/notibras23.png","width":350,"height":87,"caption":"Grupo Notibras de Comunica\u00e7\u00e3o"},"image":{"@id":"https:\/\/www.notibras.com\/site\/#\/schema\/logo\/image\/"},"sameAs":["https:\/\/www.facebook.com\/notibras\/","https:\/\/x.com\/Notibras","https:\/\/www.instagram.com\/notibras\/"]},{"@type":"Person","@id":"https:\/\/www.notibras.com\/site\/#\/schema\/person\/36ab0979449956132d3e5b517ea76ac8","name":"Reda\u00e7\u00e3o","image":{"@type":"ImageObject","inLanguage":"pt-BR","@id":"https:\/\/secure.gravatar.com\/avatar\/e0a867bdedb85fd243eadf09663511f96fc81e0720a4a42581f334ad4303aa6b?s=96&d=mm&r=g","url":"https:\/\/secure.gravatar.com\/avatar\/e0a867bdedb85fd243eadf09663511f96fc81e0720a4a42581f334ad4303aa6b?s=96&d=mm&r=g","contentUrl":"https:\/\/secure.gravatar.com\/avatar\/e0a867bdedb85fd243eadf09663511f96fc81e0720a4a42581f334ad4303aa6b?s=96&d=mm&r=g","caption":"Reda\u00e7\u00e3o"}}]}},"amp_enabled":true,"_links":{"self":[{"href":"https:\/\/www.notibras.com\/site\/wp-json\/wp\/v2\/posts\/302090","targetHints":{"allow":["GET"]}}],"collection":[{"href":"https:\/\/www.notibras.com\/site\/wp-json\/wp\/v2\/posts"}],"about":[{"href":"https:\/\/www.notibras.com\/site\/wp-json\/wp\/v2\/types\/post"}],"author":[{"embeddable":true,"href":"https:\/\/www.notibras.com\/site\/wp-json\/wp\/v2\/users\/2"}],"replies":[{"embeddable":true,"href":"https:\/\/www.notibras.com\/site\/wp-json\/wp\/v2\/comments?post=302090"}],"version-history":[{"count":1,"href":"https:\/\/www.notibras.com\/site\/wp-json\/wp\/v2\/posts\/302090\/revisions"}],"predecessor-version":[{"id":302092,"href":"https:\/\/www.notibras.com\/site\/wp-json\/wp\/v2\/posts\/302090\/revisions\/302092"}],"wp:featuredmedia":[{"embeddable":true,"href":"https:\/\/www.notibras.com\/site\/wp-json\/wp\/v2\/media\/302091"}],"wp:attachment":[{"href":"https:\/\/www.notibras.com\/site\/wp-json\/wp\/v2\/media?parent=302090"}],"wp:term":[{"taxonomy":"category","embeddable":true,"href":"https:\/\/www.notibras.com\/site\/wp-json\/wp\/v2\/categories?post=302090"},{"taxonomy":"post_tag","embeddable":true,"href":"https:\/\/www.notibras.com\/site\/wp-json\/wp\/v2\/tags?post=302090"}],"curies":[{"name":"wp","href":"https:\/\/api.w.org\/{rel}","templated":true}]}}