{"id":302093,"date":"2023-04-01T00:01:39","date_gmt":"2023-04-01T03:01:39","guid":{"rendered":"https:\/\/www.notibras.com\/site\/?p=302093"},"modified":"2023-04-01T09:38:30","modified_gmt":"2023-04-01T12:38:30","slug":"paradas-de-onibus-sao-limpas-em-acao-contra-dengue","status":"publish","type":"post","link":"https:\/\/www.notibras.com\/site\/paradas-de-onibus-sao-limpas-em-acao-contra-dengue\/","title":{"rendered":"Paradas de \u00f4nibus s\u00e3o limpas em a\u00e7\u00e3o contra dengue"},"content":{"rendered":"<p>Como uma das formas de combater a prolifera\u00e7\u00e3o do mosquito Aedes aegypti na cidade, a Administra\u00e7\u00e3o Regional do Cruzeiro intensificou as a\u00e7\u00f5es e fez uma limpeza nos tetos e ao redor das paradas de \u00f4nibus.<\/p>\n<p>Em um \u00fanico dia, foram 19 locais limpos, livres de objetos que pudessem armazenar \u00e1gua. A a\u00e7\u00e3o foi executada com o apoio dos reeducandos da Funda\u00e7\u00e3o de Amparo ao Trabalhador Preso (Funap).<\/p>\n<p>\u201cAproveitamos o per\u00edodo da estiagem para que esse servi\u00e7o acontecesse\u201d, afirma o administrador do Cruzeiro, Gustavo Aires. \u201cSabemos que o combate \u00e0 dengue \u00e9 di\u00e1rio; e, se todos estivermos de m\u00e3os dadas, vamos diminuir cada vez mais o n\u00famero de pessoas infectadas.\u201d<\/p>\n","protected":false},"excerpt":{"rendered":"<p>Como uma das formas de combater a prolifera\u00e7\u00e3o do mosquito Aedes aegypti na cidade, a Administra\u00e7\u00e3o Regional do Cruzeiro intensificou as a\u00e7\u00f5es e fez uma limpeza nos tetos e ao redor das paradas de \u00f4nibus. Em um \u00fanico dia, foram 19 locais limpos, livres de objetos que pudessem armazenar \u00e1gua. A a\u00e7\u00e3o foi executada com [&hellip;]<\/p>\n","protected":false},"author":2,"featured_media":302094,"comment_status":"closed","ping_status":"closed","sticky":false,"template":"","format":"standard","meta":{"_acf_changed":false,"footnotes":""},"categories":[161],"tags":[],"class_list":["post-302093","post","type-post","status-publish","format-standard","has-post-thumbnail","hentry","category-quadradinho-em-foco"],"acf":[],"yoast_head":"<!-- This site is optimized with the Yoast SEO plugin v27.2 - https:\/\/yoast.com\/product\/yoast-seo-wordpress\/ -->\n<title>Paradas de \u00f4nibus s\u00e3o limpas em a\u00e7\u00e3o contra dengue - Notibras<\/title>\n<meta name=\"robots\" content=\"index, follow, max-snippet:-1, max-image-preview:large, max-video-preview:-1\" \/>\n<link rel=\"canonical\" href=\"https:\/\/www.notibras.com\/site\/paradas-de-onibus-sao-limpas-em-acao-contra-dengue\/\" \/>\n<meta property=\"og:locale\" content=\"pt_BR\" \/>\n<meta property=\"og:type\" content=\"article\" \/>\n<meta property=\"og:title\" content=\"Paradas de \u00f4nibus s\u00e3o limpas em a\u00e7\u00e3o contra dengue - Notibras\" \/>\n<meta property=\"og:description\" content=\"Como uma das formas de combater a prolifera\u00e7\u00e3o do mosquito Aedes aegypti na cidade, a Administra\u00e7\u00e3o Regional do Cruzeiro intensificou as a\u00e7\u00f5es e fez uma limpeza nos tetos e ao redor das paradas de \u00f4nibus. Em um \u00fanico dia, foram 19 locais limpos, livres de objetos que pudessem armazenar \u00e1gua. A a\u00e7\u00e3o foi executada com [&hellip;]\" \/>\n<meta property=\"og:url\" content=\"https:\/\/www.notibras.com\/site\/paradas-de-onibus-sao-limpas-em-acao-contra-dengue\/\" \/>\n<meta property=\"og:site_name\" content=\"Notibras\" \/>\n<meta property=\"article:publisher\" content=\"https:\/\/www.facebook.com\/notibras\/\" \/>\n<meta property=\"article:published_time\" content=\"2023-04-01T03:01:39+00:00\" \/>\n<meta property=\"article:modified_time\" content=\"2023-04-01T12:38:30+00:00\" \/>\n<meta property=\"og:image\" content=\"https:\/\/www.notibras.com\/site\/wp-content\/uploads\/2023\/04\/31.3.-Limpeza-no-Cruzeiro.-Foto-Divulgacao-Ascom-Cruzeiro3-e1680284428758-1536x1098-1.jpeg\" \/>\n\t<meta property=\"og:image:width\" content=\"1536\" \/>\n\t<meta property=\"og:image:height\" content=\"1098\" \/>\n\t<meta property=\"og:image:type\" content=\"image\/jpeg\" \/>\n<meta name=\"author\" content=\"Reda\u00e7\u00e3o\" \/>\n<meta name=\"twitter:card\" content=\"summary_large_image\" \/>\n<meta name=\"twitter:creator\" content=\"@Notibras\" \/>\n<meta name=\"twitter:site\" content=\"@Notibras\" \/>\n<meta name=\"twitter:label1\" content=\"Escrito por\" \/>\n\t<meta name=\"twitter:data1\" content=\"Reda\u00e7\u00e3o\" \/>\n\t<meta name=\"twitter:label2\" content=\"Est. tempo de leitura\" \/>\n\t<meta name=\"twitter:data2\" content=\"1 minuto\" \/>\n<script type=\"application\/ld+json\" class=\"yoast-schema-graph\">{\"@context\":\"https:\/\/schema.org\",\"@graph\":[{\"@type\":\"Article\",\"@id\":\"https:\/\/www.notibras.com\/site\/paradas-de-onibus-sao-limpas-em-acao-contra-dengue\/#article\",\"isPartOf\":{\"@id\":\"https:\/\/www.notibras.com\/site\/paradas-de-onibus-sao-limpas-em-acao-contra-dengue\/\"},\"author\":{\"name\":\"Reda\u00e7\u00e3o\",\"@id\":\"https:\/\/www.notibras.com\/site\/#\/schema\/person\/36ab0979449956132d3e5b517ea76ac8\"},\"headline\":\"Paradas de \u00f4nibus s\u00e3o limpas em a\u00e7\u00e3o contra dengue\",\"datePublished\":\"2023-04-01T03:01:39+00:00\",\"dateModified\":\"2023-04-01T12:38:30+00:00\",\"mainEntityOfPage\":{\"@id\":\"https:\/\/www.notibras.com\/site\/paradas-de-onibus-sao-limpas-em-acao-contra-dengue\/\"},\"wordCount\":127,\"publisher\":{\"@id\":\"https:\/\/www.notibras.com\/site\/#organization\"},\"image\":{\"@id\":\"https:\/\/www.notibras.com\/site\/paradas-de-onibus-sao-limpas-em-acao-contra-dengue\/#primaryimage\"},\"thumbnailUrl\":\"https:\/\/www.notibras.com\/site\/wp-content\/uploads\/2023\/04\/31.3.-Limpeza-no-Cruzeiro.-Foto-Divulgacao-Ascom-Cruzeiro3-e1680284428758-1536x1098-1.jpeg\",\"articleSection\":[\"Quadradinho em Foco\"],\"inLanguage\":\"pt-BR\"},{\"@type\":\"WebPage\",\"@id\":\"https:\/\/www.notibras.com\/site\/paradas-de-onibus-sao-limpas-em-acao-contra-dengue\/\",\"url\":\"https:\/\/www.notibras.com\/site\/paradas-de-onibus-sao-limpas-em-acao-contra-dengue\/\",\"name\":\"Paradas de \u00f4nibus s\u00e3o limpas em a\u00e7\u00e3o contra dengue - Notibras\",\"isPartOf\":{\"@id\":\"https:\/\/www.notibras.com\/site\/#website\"},\"primaryImageOfPage\":{\"@id\":\"https:\/\/www.notibras.com\/site\/paradas-de-onibus-sao-limpas-em-acao-contra-dengue\/#primaryimage\"},\"image\":{\"@id\":\"https:\/\/www.notibras.com\/site\/paradas-de-onibus-sao-limpas-em-acao-contra-dengue\/#primaryimage\"},\"thumbnailUrl\":\"https:\/\/www.notibras.com\/site\/wp-content\/uploads\/2023\/04\/31.3.-Limpeza-no-Cruzeiro.-Foto-Divulgacao-Ascom-Cruzeiro3-e1680284428758-1536x1098-1.jpeg\",\"datePublished\":\"2023-04-01T03:01:39+00:00\",\"dateModified\":\"2023-04-01T12:38:30+00:00\",\"breadcrumb\":{\"@id\":\"https:\/\/www.notibras.com\/site\/paradas-de-onibus-sao-limpas-em-acao-contra-dengue\/#breadcrumb\"},\"inLanguage\":\"pt-BR\",\"potentialAction\":[{\"@type\":\"ReadAction\",\"target\":[\"https:\/\/www.notibras.com\/site\/paradas-de-onibus-sao-limpas-em-acao-contra-dengue\/\"]}]},{\"@type\":\"ImageObject\",\"inLanguage\":\"pt-BR\",\"@id\":\"https:\/\/www.notibras.com\/site\/paradas-de-onibus-sao-limpas-em-acao-contra-dengue\/#primaryimage\",\"url\":\"https:\/\/www.notibras.com\/site\/wp-content\/uploads\/2023\/04\/31.3.-Limpeza-no-Cruzeiro.-Foto-Divulgacao-Ascom-Cruzeiro3-e1680284428758-1536x1098-1.jpeg\",\"contentUrl\":\"https:\/\/www.notibras.com\/site\/wp-content\/uploads\/2023\/04\/31.3.-Limpeza-no-Cruzeiro.-Foto-Divulgacao-Ascom-Cruzeiro3-e1680284428758-1536x1098-1.jpeg\",\"width\":1536,\"height\":1098},{\"@type\":\"BreadcrumbList\",\"@id\":\"https:\/\/www.notibras.com\/site\/paradas-de-onibus-sao-limpas-em-acao-contra-dengue\/#breadcrumb\",\"itemListElement\":[{\"@type\":\"ListItem\",\"position\":1,\"name\":\"In\u00edcio\",\"item\":\"https:\/\/www.notibras.com\/site\/\"},{\"@type\":\"ListItem\",\"position\":2,\"name\":\"Paradas de \u00f4nibus s\u00e3o limpas em a\u00e7\u00e3o contra dengue\"}]},{\"@type\":\"WebSite\",\"@id\":\"https:\/\/www.notibras.com\/site\/#website\",\"url\":\"https:\/\/www.notibras.com\/site\/\",\"name\":\"Notibras\",\"description\":\"Not\u00edcias de Bras\u00edlia, do Brasil e do Mundo\",\"publisher\":{\"@id\":\"https:\/\/www.notibras.com\/site\/#organization\"},\"potentialAction\":[{\"@type\":\"SearchAction\",\"target\":{\"@type\":\"EntryPoint\",\"urlTemplate\":\"https:\/\/www.notibras.com\/site\/?s={search_term_string}\"},\"query-input\":{\"@type\":\"PropertyValueSpecification\",\"valueRequired\":true,\"valueName\":\"search_term_string\"}}],\"inLanguage\":\"pt-BR\"},{\"@type\":\"Organization\",\"@id\":\"https:\/\/www.notibras.com\/site\/#organization\",\"name\":\"Grupo Notibras de Comunica\u00e7\u00e3o\",\"url\":\"https:\/\/www.notibras.com\/site\/\",\"logo\":{\"@type\":\"ImageObject\",\"inLanguage\":\"pt-BR\",\"@id\":\"https:\/\/www.notibras.com\/site\/#\/schema\/logo\/image\/\",\"url\":\"https:\/\/www.notibras.com\/site\/wp-content\/uploads\/2023\/01\/notibras23.png\",\"contentUrl\":\"https:\/\/www.notibras.com\/site\/wp-content\/uploads\/2023\/01\/notibras23.png\",\"width\":350,\"height\":87,\"caption\":\"Grupo Notibras de Comunica\u00e7\u00e3o\"},\"image\":{\"@id\":\"https:\/\/www.notibras.com\/site\/#\/schema\/logo\/image\/\"},\"sameAs\":[\"https:\/\/www.facebook.com\/notibras\/\",\"https:\/\/x.com\/Notibras\",\"https:\/\/www.instagram.com\/notibras\/\"]},{\"@type\":\"Person\",\"@id\":\"https:\/\/www.notibras.com\/site\/#\/schema\/person\/36ab0979449956132d3e5b517ea76ac8\",\"name\":\"Reda\u00e7\u00e3o\",\"image\":{\"@type\":\"ImageObject\",\"inLanguage\":\"pt-BR\",\"@id\":\"https:\/\/secure.gravatar.com\/avatar\/e0a867bdedb85fd243eadf09663511f96fc81e0720a4a42581f334ad4303aa6b?s=96&d=mm&r=g\",\"url\":\"https:\/\/secure.gravatar.com\/avatar\/e0a867bdedb85fd243eadf09663511f96fc81e0720a4a42581f334ad4303aa6b?s=96&d=mm&r=g\",\"contentUrl\":\"https:\/\/secure.gravatar.com\/avatar\/e0a867bdedb85fd243eadf09663511f96fc81e0720a4a42581f334ad4303aa6b?s=96&d=mm&r=g\",\"caption\":\"Reda\u00e7\u00e3o\"}}]}<\/script>\n<!-- \/ Yoast SEO plugin. -->","yoast_head_json":{"title":"Paradas de \u00f4nibus s\u00e3o limpas em a\u00e7\u00e3o contra dengue - Notibras","robots":{"index":"index","follow":"follow","max-snippet":"max-snippet:-1","max-image-preview":"max-image-preview:large","max-video-preview":"max-video-preview:-1"},"canonical":"https:\/\/www.notibras.com\/site\/paradas-de-onibus-sao-limpas-em-acao-contra-dengue\/","og_locale":"pt_BR","og_type":"article","og_title":"Paradas de \u00f4nibus s\u00e3o limpas em a\u00e7\u00e3o contra dengue - Notibras","og_description":"Como uma das formas de combater a prolifera\u00e7\u00e3o do mosquito Aedes aegypti na cidade, a Administra\u00e7\u00e3o Regional do Cruzeiro intensificou as a\u00e7\u00f5es e fez uma limpeza nos tetos e ao redor das paradas de \u00f4nibus. Em um \u00fanico dia, foram 19 locais limpos, livres de objetos que pudessem armazenar \u00e1gua. A a\u00e7\u00e3o foi executada com [&hellip;]","og_url":"https:\/\/www.notibras.com\/site\/paradas-de-onibus-sao-limpas-em-acao-contra-dengue\/","og_site_name":"Notibras","article_publisher":"https:\/\/www.facebook.com\/notibras\/","article_published_time":"2023-04-01T03:01:39+00:00","article_modified_time":"2023-04-01T12:38:30+00:00","og_image":[{"width":1536,"height":1098,"url":"https:\/\/www.notibras.com\/site\/wp-content\/uploads\/2023\/04\/31.3.-Limpeza-no-Cruzeiro.-Foto-Divulgacao-Ascom-Cruzeiro3-e1680284428758-1536x1098-1.jpeg","type":"image\/jpeg"}],"author":"Reda\u00e7\u00e3o","twitter_card":"summary_large_image","twitter_creator":"@Notibras","twitter_site":"@Notibras","twitter_misc":{"Escrito por":"Reda\u00e7\u00e3o","Est. tempo de leitura":"1 minuto"},"schema":{"@context":"https:\/\/schema.org","@graph":[{"@type":"Article","@id":"https:\/\/www.notibras.com\/site\/paradas-de-onibus-sao-limpas-em-acao-contra-dengue\/#article","isPartOf":{"@id":"https:\/\/www.notibras.com\/site\/paradas-de-onibus-sao-limpas-em-acao-contra-dengue\/"},"author":{"name":"Reda\u00e7\u00e3o","@id":"https:\/\/www.notibras.com\/site\/#\/schema\/person\/36ab0979449956132d3e5b517ea76ac8"},"headline":"Paradas de \u00f4nibus s\u00e3o limpas em a\u00e7\u00e3o contra dengue","datePublished":"2023-04-01T03:01:39+00:00","dateModified":"2023-04-01T12:38:30+00:00","mainEntityOfPage":{"@id":"https:\/\/www.notibras.com\/site\/paradas-de-onibus-sao-limpas-em-acao-contra-dengue\/"},"wordCount":127,"publisher":{"@id":"https:\/\/www.notibras.com\/site\/#organization"},"image":{"@id":"https:\/\/www.notibras.com\/site\/paradas-de-onibus-sao-limpas-em-acao-contra-dengue\/#primaryimage"},"thumbnailUrl":"https:\/\/www.notibras.com\/site\/wp-content\/uploads\/2023\/04\/31.3.-Limpeza-no-Cruzeiro.-Foto-Divulgacao-Ascom-Cruzeiro3-e1680284428758-1536x1098-1.jpeg","articleSection":["Quadradinho em Foco"],"inLanguage":"pt-BR"},{"@type":"WebPage","@id":"https:\/\/www.notibras.com\/site\/paradas-de-onibus-sao-limpas-em-acao-contra-dengue\/","url":"https:\/\/www.notibras.com\/site\/paradas-de-onibus-sao-limpas-em-acao-contra-dengue\/","name":"Paradas de \u00f4nibus s\u00e3o limpas em a\u00e7\u00e3o contra dengue - Notibras","isPartOf":{"@id":"https:\/\/www.notibras.com\/site\/#website"},"primaryImageOfPage":{"@id":"https:\/\/www.notibras.com\/site\/paradas-de-onibus-sao-limpas-em-acao-contra-dengue\/#primaryimage"},"image":{"@id":"https:\/\/www.notibras.com\/site\/paradas-de-onibus-sao-limpas-em-acao-contra-dengue\/#primaryimage"},"thumbnailUrl":"https:\/\/www.notibras.com\/site\/wp-content\/uploads\/2023\/04\/31.3.-Limpeza-no-Cruzeiro.-Foto-Divulgacao-Ascom-Cruzeiro3-e1680284428758-1536x1098-1.jpeg","datePublished":"2023-04-01T03:01:39+00:00","dateModified":"2023-04-01T12:38:30+00:00","breadcrumb":{"@id":"https:\/\/www.notibras.com\/site\/paradas-de-onibus-sao-limpas-em-acao-contra-dengue\/#breadcrumb"},"inLanguage":"pt-BR","potentialAction":[{"@type":"ReadAction","target":["https:\/\/www.notibras.com\/site\/paradas-de-onibus-sao-limpas-em-acao-contra-dengue\/"]}]},{"@type":"ImageObject","inLanguage":"pt-BR","@id":"https:\/\/www.notibras.com\/site\/paradas-de-onibus-sao-limpas-em-acao-contra-dengue\/#primaryimage","url":"https:\/\/www.notibras.com\/site\/wp-content\/uploads\/2023\/04\/31.3.-Limpeza-no-Cruzeiro.-Foto-Divulgacao-Ascom-Cruzeiro3-e1680284428758-1536x1098-1.jpeg","contentUrl":"https:\/\/www.notibras.com\/site\/wp-content\/uploads\/2023\/04\/31.3.-Limpeza-no-Cruzeiro.-Foto-Divulgacao-Ascom-Cruzeiro3-e1680284428758-1536x1098-1.jpeg","width":1536,"height":1098},{"@type":"BreadcrumbList","@id":"https:\/\/www.notibras.com\/site\/paradas-de-onibus-sao-limpas-em-acao-contra-dengue\/#breadcrumb","itemListElement":[{"@type":"ListItem","position":1,"name":"In\u00edcio","item":"https:\/\/www.notibras.com\/site\/"},{"@type":"ListItem","position":2,"name":"Paradas de \u00f4nibus s\u00e3o limpas em a\u00e7\u00e3o contra dengue"}]},{"@type":"WebSite","@id":"https:\/\/www.notibras.com\/site\/#website","url":"https:\/\/www.notibras.com\/site\/","name":"Notibras","description":"Not\u00edcias de Bras\u00edlia, do Brasil e do Mundo","publisher":{"@id":"https:\/\/www.notibras.com\/site\/#organization"},"potentialAction":[{"@type":"SearchAction","target":{"@type":"EntryPoint","urlTemplate":"https:\/\/www.notibras.com\/site\/?s={search_term_string}"},"query-input":{"@type":"PropertyValueSpecification","valueRequired":true,"valueName":"search_term_string"}}],"inLanguage":"pt-BR"},{"@type":"Organization","@id":"https:\/\/www.notibras.com\/site\/#organization","name":"Grupo Notibras de Comunica\u00e7\u00e3o","url":"https:\/\/www.notibras.com\/site\/","logo":{"@type":"ImageObject","inLanguage":"pt-BR","@id":"https:\/\/www.notibras.com\/site\/#\/schema\/logo\/image\/","url":"https:\/\/www.notibras.com\/site\/wp-content\/uploads\/2023\/01\/notibras23.png","contentUrl":"https:\/\/www.notibras.com\/site\/wp-content\/uploads\/2023\/01\/notibras23.png","width":350,"height":87,"caption":"Grupo Notibras de Comunica\u00e7\u00e3o"},"image":{"@id":"https:\/\/www.notibras.com\/site\/#\/schema\/logo\/image\/"},"sameAs":["https:\/\/www.facebook.com\/notibras\/","https:\/\/x.com\/Notibras","https:\/\/www.instagram.com\/notibras\/"]},{"@type":"Person","@id":"https:\/\/www.notibras.com\/site\/#\/schema\/person\/36ab0979449956132d3e5b517ea76ac8","name":"Reda\u00e7\u00e3o","image":{"@type":"ImageObject","inLanguage":"pt-BR","@id":"https:\/\/secure.gravatar.com\/avatar\/e0a867bdedb85fd243eadf09663511f96fc81e0720a4a42581f334ad4303aa6b?s=96&d=mm&r=g","url":"https:\/\/secure.gravatar.com\/avatar\/e0a867bdedb85fd243eadf09663511f96fc81e0720a4a42581f334ad4303aa6b?s=96&d=mm&r=g","contentUrl":"https:\/\/secure.gravatar.com\/avatar\/e0a867bdedb85fd243eadf09663511f96fc81e0720a4a42581f334ad4303aa6b?s=96&d=mm&r=g","caption":"Reda\u00e7\u00e3o"}}]}},"amp_enabled":true,"_links":{"self":[{"href":"https:\/\/www.notibras.com\/site\/wp-json\/wp\/v2\/posts\/302093","targetHints":{"allow":["GET"]}}],"collection":[{"href":"https:\/\/www.notibras.com\/site\/wp-json\/wp\/v2\/posts"}],"about":[{"href":"https:\/\/www.notibras.com\/site\/wp-json\/wp\/v2\/types\/post"}],"author":[{"embeddable":true,"href":"https:\/\/www.notibras.com\/site\/wp-json\/wp\/v2\/users\/2"}],"replies":[{"embeddable":true,"href":"https:\/\/www.notibras.com\/site\/wp-json\/wp\/v2\/comments?post=302093"}],"version-history":[{"count":1,"href":"https:\/\/www.notibras.com\/site\/wp-json\/wp\/v2\/posts\/302093\/revisions"}],"predecessor-version":[{"id":302095,"href":"https:\/\/www.notibras.com\/site\/wp-json\/wp\/v2\/posts\/302093\/revisions\/302095"}],"wp:featuredmedia":[{"embeddable":true,"href":"https:\/\/www.notibras.com\/site\/wp-json\/wp\/v2\/media\/302094"}],"wp:attachment":[{"href":"https:\/\/www.notibras.com\/site\/wp-json\/wp\/v2\/media?parent=302093"}],"wp:term":[{"taxonomy":"category","embeddable":true,"href":"https:\/\/www.notibras.com\/site\/wp-json\/wp\/v2\/categories?post=302093"},{"taxonomy":"post_tag","embeddable":true,"href":"https:\/\/www.notibras.com\/site\/wp-json\/wp\/v2\/tags?post=302093"}],"curies":[{"name":"wp","href":"https:\/\/api.w.org\/{rel}","templated":true}]}}