{"id":302180,"date":"2023-04-03T00:46:47","date_gmt":"2023-04-03T03:46:47","guid":{"rendered":"https:\/\/www.notibras.com\/site\/?p=302180"},"modified":"2023-04-03T09:48:50","modified_gmt":"2023-04-03T12:48:50","slug":"participacao-feminina-na-esplanada-esta-estagnada","status":"publish","type":"post","link":"https:\/\/www.notibras.com\/site\/participacao-feminina-na-esplanada-esta-estagnada\/","title":{"rendered":"Participa\u00e7\u00e3o feminina na Esplanada est\u00e1 estagnada"},"content":{"rendered":"<p>O Minist\u00e9rio da Gest\u00e3o e da Inova\u00e7\u00e3o em Servi\u00e7os P\u00fablicos (MGI) lan\u00e7ou o Observat\u00f3rio de Pessoal, um portal de pesquisa de acesso p\u00fablico sobre os dados de pessoal do governo federal. Divulgada na \u00faltima semana, a plataforma re\u00fane dados estat\u00edsticos e informa\u00e7\u00f5es sobre tabelas de remunera\u00e7\u00e3o dos servidores.<\/p>\n<p>Entre os dados, est\u00e3o compara\u00e7\u00f5es sobre as presen\u00e7as masculina e feminina em cargos de alta e m\u00e9dia lideran\u00e7as e o perfil dos ocupantes quanto \u00e0 idade, estado civil e escolaridade. O Observat\u00f3rio de Pessoal tamb\u00e9m apresenta um recorte sobre pessoas com defici\u00eancia e de mulheres negras e ind\u00edgenas na lideran\u00e7a p\u00fablica.<\/p>\n<p>De acordo com a ministra Esther Dweck, na primeira vers\u00e3o do relat\u00f3rio de pessoal, foi constatada uma redu\u00e7\u00e3o do n\u00famero de mulheres em cargos efetivos do governo, que passou de 46%, em fevereiro de 2019, para 45% em fevereiro de 2023.<\/p>\n<p>\u201cO per\u00edodo de aus\u00eancia de concursos gerais e continuidade dos concursos em \u00e1reas predominantemente masculinas, como militares e seguran\u00e7a p\u00fablica, foi um dos fatores que fizeram o percentual geral de mulheres no servi\u00e7o p\u00fablico ficar estagnado\u201d, explicou a ministra durante evento de lan\u00e7amento da plataforma. \u201cE quando olhamos sobre as mulheres no papel de lideran\u00e7as, nem na m\u00e9dia, nem na alta lideran\u00e7a, \u00e9 proporcional \u00e0 quantidade de servidoras na administra\u00e7\u00e3o p\u00fablica federal e mais abaixo ainda da m\u00e9dia feminina da popula\u00e7\u00e3o brasileira\u201d, acrescentou.<\/p>\n<p>De acordo com o recorte apresentado sobre o estado civil dos ocupantes em cargos de lideran\u00e7a, o relat\u00f3rio do Observat\u00f3rio de Pessoal mostrou que, estatisticamente, a chance de homens com filhos menores de idade exercerem cargos de m\u00e9dia e alta gest\u00e3o \u00e9 3,2 vezes maior do que entre mulheres nas mesmas condi\u00e7\u00f5es. \u201cIsso reflete a dificuldade das mulheres em aceitar o cargo ou de serem chamadas a assumir cargos de gest\u00e3o, porque o trabalho de cuidados geralmente fica com a mulher, e ela n\u00e3o consegue, ou n\u00e3o pode, aumentar sua responsabilidade. Mas \u00e9 importante que a mulher seja chamada e a decis\u00e3o de assumir, ou n\u00e3o, a lideran\u00e7a seja um fator pessoal, e n\u00e3o de incapacidade t\u00e9cnica\u201d, afirmou a ministra.<\/p>\n<p>Ainda segundo Esther Dweck, a ideia do observat\u00f3rio e do relat\u00f3rio sobre pessoal, por meio do recorte de g\u00eanero, ra\u00e7a e etnia, \u00e9 consolidar uma pol\u00edtica de transpar\u00eancia ativa e disponibilizar os dados de forma simples.<\/p>\n<p>Como forma de ampliar a presen\u00e7a de pessoas negras em cargos de lideran\u00e7a, incluindo paridade entre homens e mulheres, o governo federal vai implementar um programa que reserva at\u00e9 30% de vagas em cargos de comiss\u00e3o e fun\u00e7\u00f5es de confian\u00e7a na estrutura do Poder Executivo, incluindo administra\u00e7\u00e3o direta, autarquias e funda\u00e7\u00f5es. O decreto foi assinado h\u00e1 pouco mais de 10 dias pelo presidente Luiz In\u00e1cio Lula da Silva.<\/p>\n","protected":false},"excerpt":{"rendered":"<p>O Minist\u00e9rio da Gest\u00e3o e da Inova\u00e7\u00e3o em Servi\u00e7os P\u00fablicos (MGI) lan\u00e7ou o Observat\u00f3rio de Pessoal, um portal de pesquisa de acesso p\u00fablico sobre os dados de pessoal do governo federal. Divulgada na \u00faltima semana, a plataforma re\u00fane dados estat\u00edsticos e informa\u00e7\u00f5es sobre tabelas de remunera\u00e7\u00e3o dos servidores. Entre os dados, est\u00e3o compara\u00e7\u00f5es sobre as [&hellip;]<\/p>\n","protected":false},"author":2,"featured_media":302181,"comment_status":"closed","ping_status":"closed","sticky":false,"template":"","format":"standard","meta":{"_acf_changed":false,"footnotes":""},"categories":[161],"tags":[],"class_list":["post-302180","post","type-post","status-publish","format-standard","has-post-thumbnail","hentry","category-quadradinho-em-foco"],"acf":[],"yoast_head":"<!-- This site is optimized with the Yoast SEO plugin v27.2 - https:\/\/yoast.com\/product\/yoast-seo-wordpress\/ -->\n<title>Participa\u00e7\u00e3o feminina na Esplanada est\u00e1 estagnada - Notibras<\/title>\n<meta name=\"robots\" content=\"index, follow, max-snippet:-1, max-image-preview:large, max-video-preview:-1\" \/>\n<link rel=\"canonical\" href=\"https:\/\/www.notibras.com\/site\/participacao-feminina-na-esplanada-esta-estagnada\/\" \/>\n<meta property=\"og:locale\" content=\"pt_BR\" \/>\n<meta property=\"og:type\" content=\"article\" \/>\n<meta property=\"og:title\" content=\"Participa\u00e7\u00e3o feminina na Esplanada est\u00e1 estagnada - Notibras\" \/>\n<meta property=\"og:description\" content=\"O Minist\u00e9rio da Gest\u00e3o e da Inova\u00e7\u00e3o em Servi\u00e7os P\u00fablicos (MGI) lan\u00e7ou o Observat\u00f3rio de Pessoal, um portal de pesquisa de acesso p\u00fablico sobre os dados de pessoal do governo federal. Divulgada na \u00faltima semana, a plataforma re\u00fane dados estat\u00edsticos e informa\u00e7\u00f5es sobre tabelas de remunera\u00e7\u00e3o dos servidores. Entre os dados, est\u00e3o compara\u00e7\u00f5es sobre as [&hellip;]\" \/>\n<meta property=\"og:url\" content=\"https:\/\/www.notibras.com\/site\/participacao-feminina-na-esplanada-esta-estagnada\/\" \/>\n<meta property=\"og:site_name\" content=\"Notibras\" \/>\n<meta property=\"article:publisher\" content=\"https:\/\/www.facebook.com\/notibras\/\" \/>\n<meta property=\"article:published_time\" content=\"2023-04-03T03:46:47+00:00\" \/>\n<meta property=\"article:modified_time\" content=\"2023-04-03T12:48:50+00:00\" \/>\n<meta property=\"og:image\" content=\"https:\/\/www.notibras.com\/site\/wp-content\/uploads\/2023\/04\/esplanada_07_setembro_preparativos_jfcrz_abr_0109220490.jpg\" \/>\n\t<meta property=\"og:image:width\" content=\"1170\" \/>\n\t<meta property=\"og:image:height\" content=\"700\" \/>\n\t<meta property=\"og:image:type\" content=\"image\/jpeg\" \/>\n<meta name=\"author\" content=\"Reda\u00e7\u00e3o\" \/>\n<meta name=\"twitter:card\" content=\"summary_large_image\" \/>\n<meta name=\"twitter:creator\" content=\"@Notibras\" \/>\n<meta name=\"twitter:site\" content=\"@Notibras\" \/>\n<meta name=\"twitter:label1\" content=\"Escrito por\" \/>\n\t<meta name=\"twitter:data1\" content=\"Reda\u00e7\u00e3o\" \/>\n\t<meta name=\"twitter:label2\" content=\"Est. tempo de leitura\" \/>\n\t<meta name=\"twitter:data2\" content=\"3 minutos\" \/>\n<script type=\"application\/ld+json\" class=\"yoast-schema-graph\">{\"@context\":\"https:\/\/schema.org\",\"@graph\":[{\"@type\":\"Article\",\"@id\":\"https:\/\/www.notibras.com\/site\/participacao-feminina-na-esplanada-esta-estagnada\/#article\",\"isPartOf\":{\"@id\":\"https:\/\/www.notibras.com\/site\/participacao-feminina-na-esplanada-esta-estagnada\/\"},\"author\":{\"name\":\"Reda\u00e7\u00e3o\",\"@id\":\"https:\/\/www.notibras.com\/site\/#\/schema\/person\/36ab0979449956132d3e5b517ea76ac8\"},\"headline\":\"Participa\u00e7\u00e3o feminina na Esplanada est\u00e1 estagnada\",\"datePublished\":\"2023-04-03T03:46:47+00:00\",\"dateModified\":\"2023-04-03T12:48:50+00:00\",\"mainEntityOfPage\":{\"@id\":\"https:\/\/www.notibras.com\/site\/participacao-feminina-na-esplanada-esta-estagnada\/\"},\"wordCount\":510,\"publisher\":{\"@id\":\"https:\/\/www.notibras.com\/site\/#organization\"},\"image\":{\"@id\":\"https:\/\/www.notibras.com\/site\/participacao-feminina-na-esplanada-esta-estagnada\/#primaryimage\"},\"thumbnailUrl\":\"https:\/\/www.notibras.com\/site\/wp-content\/uploads\/2023\/04\/esplanada_07_setembro_preparativos_jfcrz_abr_0109220490.jpg\",\"articleSection\":[\"Quadradinho em Foco\"],\"inLanguage\":\"pt-BR\"},{\"@type\":\"WebPage\",\"@id\":\"https:\/\/www.notibras.com\/site\/participacao-feminina-na-esplanada-esta-estagnada\/\",\"url\":\"https:\/\/www.notibras.com\/site\/participacao-feminina-na-esplanada-esta-estagnada\/\",\"name\":\"Participa\u00e7\u00e3o feminina na Esplanada est\u00e1 estagnada - Notibras\",\"isPartOf\":{\"@id\":\"https:\/\/www.notibras.com\/site\/#website\"},\"primaryImageOfPage\":{\"@id\":\"https:\/\/www.notibras.com\/site\/participacao-feminina-na-esplanada-esta-estagnada\/#primaryimage\"},\"image\":{\"@id\":\"https:\/\/www.notibras.com\/site\/participacao-feminina-na-esplanada-esta-estagnada\/#primaryimage\"},\"thumbnailUrl\":\"https:\/\/www.notibras.com\/site\/wp-content\/uploads\/2023\/04\/esplanada_07_setembro_preparativos_jfcrz_abr_0109220490.jpg\",\"datePublished\":\"2023-04-03T03:46:47+00:00\",\"dateModified\":\"2023-04-03T12:48:50+00:00\",\"breadcrumb\":{\"@id\":\"https:\/\/www.notibras.com\/site\/participacao-feminina-na-esplanada-esta-estagnada\/#breadcrumb\"},\"inLanguage\":\"pt-BR\",\"potentialAction\":[{\"@type\":\"ReadAction\",\"target\":[\"https:\/\/www.notibras.com\/site\/participacao-feminina-na-esplanada-esta-estagnada\/\"]}]},{\"@type\":\"ImageObject\",\"inLanguage\":\"pt-BR\",\"@id\":\"https:\/\/www.notibras.com\/site\/participacao-feminina-na-esplanada-esta-estagnada\/#primaryimage\",\"url\":\"https:\/\/www.notibras.com\/site\/wp-content\/uploads\/2023\/04\/esplanada_07_setembro_preparativos_jfcrz_abr_0109220490.jpg\",\"contentUrl\":\"https:\/\/www.notibras.com\/site\/wp-content\/uploads\/2023\/04\/esplanada_07_setembro_preparativos_jfcrz_abr_0109220490.jpg\",\"width\":1170,\"height\":700,\"caption\":\"Esplanada dos Minist\u00e9rios recebe preparativos para o desfile c\u00edvico-militar de 7 de Setembro\"},{\"@type\":\"BreadcrumbList\",\"@id\":\"https:\/\/www.notibras.com\/site\/participacao-feminina-na-esplanada-esta-estagnada\/#breadcrumb\",\"itemListElement\":[{\"@type\":\"ListItem\",\"position\":1,\"name\":\"In\u00edcio\",\"item\":\"https:\/\/www.notibras.com\/site\/\"},{\"@type\":\"ListItem\",\"position\":2,\"name\":\"Participa\u00e7\u00e3o feminina na Esplanada est\u00e1 estagnada\"}]},{\"@type\":\"WebSite\",\"@id\":\"https:\/\/www.notibras.com\/site\/#website\",\"url\":\"https:\/\/www.notibras.com\/site\/\",\"name\":\"Notibras\",\"description\":\"Not\u00edcias de Bras\u00edlia, do Brasil e do Mundo\",\"publisher\":{\"@id\":\"https:\/\/www.notibras.com\/site\/#organization\"},\"potentialAction\":[{\"@type\":\"SearchAction\",\"target\":{\"@type\":\"EntryPoint\",\"urlTemplate\":\"https:\/\/www.notibras.com\/site\/?s={search_term_string}\"},\"query-input\":{\"@type\":\"PropertyValueSpecification\",\"valueRequired\":true,\"valueName\":\"search_term_string\"}}],\"inLanguage\":\"pt-BR\"},{\"@type\":\"Organization\",\"@id\":\"https:\/\/www.notibras.com\/site\/#organization\",\"name\":\"Grupo Notibras de Comunica\u00e7\u00e3o\",\"url\":\"https:\/\/www.notibras.com\/site\/\",\"logo\":{\"@type\":\"ImageObject\",\"inLanguage\":\"pt-BR\",\"@id\":\"https:\/\/www.notibras.com\/site\/#\/schema\/logo\/image\/\",\"url\":\"https:\/\/www.notibras.com\/site\/wp-content\/uploads\/2023\/01\/notibras23.png\",\"contentUrl\":\"https:\/\/www.notibras.com\/site\/wp-content\/uploads\/2023\/01\/notibras23.png\",\"width\":350,\"height\":87,\"caption\":\"Grupo Notibras de Comunica\u00e7\u00e3o\"},\"image\":{\"@id\":\"https:\/\/www.notibras.com\/site\/#\/schema\/logo\/image\/\"},\"sameAs\":[\"https:\/\/www.facebook.com\/notibras\/\",\"https:\/\/x.com\/Notibras\",\"https:\/\/www.instagram.com\/notibras\/\"]},{\"@type\":\"Person\",\"@id\":\"https:\/\/www.notibras.com\/site\/#\/schema\/person\/36ab0979449956132d3e5b517ea76ac8\",\"name\":\"Reda\u00e7\u00e3o\",\"image\":{\"@type\":\"ImageObject\",\"inLanguage\":\"pt-BR\",\"@id\":\"https:\/\/secure.gravatar.com\/avatar\/e0a867bdedb85fd243eadf09663511f96fc81e0720a4a42581f334ad4303aa6b?s=96&d=mm&r=g\",\"url\":\"https:\/\/secure.gravatar.com\/avatar\/e0a867bdedb85fd243eadf09663511f96fc81e0720a4a42581f334ad4303aa6b?s=96&d=mm&r=g\",\"contentUrl\":\"https:\/\/secure.gravatar.com\/avatar\/e0a867bdedb85fd243eadf09663511f96fc81e0720a4a42581f334ad4303aa6b?s=96&d=mm&r=g\",\"caption\":\"Reda\u00e7\u00e3o\"}}]}<\/script>\n<!-- \/ Yoast SEO plugin. -->","yoast_head_json":{"title":"Participa\u00e7\u00e3o feminina na Esplanada est\u00e1 estagnada - Notibras","robots":{"index":"index","follow":"follow","max-snippet":"max-snippet:-1","max-image-preview":"max-image-preview:large","max-video-preview":"max-video-preview:-1"},"canonical":"https:\/\/www.notibras.com\/site\/participacao-feminina-na-esplanada-esta-estagnada\/","og_locale":"pt_BR","og_type":"article","og_title":"Participa\u00e7\u00e3o feminina na Esplanada est\u00e1 estagnada - Notibras","og_description":"O Minist\u00e9rio da Gest\u00e3o e da Inova\u00e7\u00e3o em Servi\u00e7os P\u00fablicos (MGI) lan\u00e7ou o Observat\u00f3rio de Pessoal, um portal de pesquisa de acesso p\u00fablico sobre os dados de pessoal do governo federal. Divulgada na \u00faltima semana, a plataforma re\u00fane dados estat\u00edsticos e informa\u00e7\u00f5es sobre tabelas de remunera\u00e7\u00e3o dos servidores. Entre os dados, est\u00e3o compara\u00e7\u00f5es sobre as [&hellip;]","og_url":"https:\/\/www.notibras.com\/site\/participacao-feminina-na-esplanada-esta-estagnada\/","og_site_name":"Notibras","article_publisher":"https:\/\/www.facebook.com\/notibras\/","article_published_time":"2023-04-03T03:46:47+00:00","article_modified_time":"2023-04-03T12:48:50+00:00","og_image":[{"width":1170,"height":700,"url":"https:\/\/www.notibras.com\/site\/wp-content\/uploads\/2023\/04\/esplanada_07_setembro_preparativos_jfcrz_abr_0109220490.jpg","type":"image\/jpeg"}],"author":"Reda\u00e7\u00e3o","twitter_card":"summary_large_image","twitter_creator":"@Notibras","twitter_site":"@Notibras","twitter_misc":{"Escrito por":"Reda\u00e7\u00e3o","Est. tempo de leitura":"3 minutos"},"schema":{"@context":"https:\/\/schema.org","@graph":[{"@type":"Article","@id":"https:\/\/www.notibras.com\/site\/participacao-feminina-na-esplanada-esta-estagnada\/#article","isPartOf":{"@id":"https:\/\/www.notibras.com\/site\/participacao-feminina-na-esplanada-esta-estagnada\/"},"author":{"name":"Reda\u00e7\u00e3o","@id":"https:\/\/www.notibras.com\/site\/#\/schema\/person\/36ab0979449956132d3e5b517ea76ac8"},"headline":"Participa\u00e7\u00e3o feminina na Esplanada est\u00e1 estagnada","datePublished":"2023-04-03T03:46:47+00:00","dateModified":"2023-04-03T12:48:50+00:00","mainEntityOfPage":{"@id":"https:\/\/www.notibras.com\/site\/participacao-feminina-na-esplanada-esta-estagnada\/"},"wordCount":510,"publisher":{"@id":"https:\/\/www.notibras.com\/site\/#organization"},"image":{"@id":"https:\/\/www.notibras.com\/site\/participacao-feminina-na-esplanada-esta-estagnada\/#primaryimage"},"thumbnailUrl":"https:\/\/www.notibras.com\/site\/wp-content\/uploads\/2023\/04\/esplanada_07_setembro_preparativos_jfcrz_abr_0109220490.jpg","articleSection":["Quadradinho em Foco"],"inLanguage":"pt-BR"},{"@type":"WebPage","@id":"https:\/\/www.notibras.com\/site\/participacao-feminina-na-esplanada-esta-estagnada\/","url":"https:\/\/www.notibras.com\/site\/participacao-feminina-na-esplanada-esta-estagnada\/","name":"Participa\u00e7\u00e3o feminina na Esplanada est\u00e1 estagnada - Notibras","isPartOf":{"@id":"https:\/\/www.notibras.com\/site\/#website"},"primaryImageOfPage":{"@id":"https:\/\/www.notibras.com\/site\/participacao-feminina-na-esplanada-esta-estagnada\/#primaryimage"},"image":{"@id":"https:\/\/www.notibras.com\/site\/participacao-feminina-na-esplanada-esta-estagnada\/#primaryimage"},"thumbnailUrl":"https:\/\/www.notibras.com\/site\/wp-content\/uploads\/2023\/04\/esplanada_07_setembro_preparativos_jfcrz_abr_0109220490.jpg","datePublished":"2023-04-03T03:46:47+00:00","dateModified":"2023-04-03T12:48:50+00:00","breadcrumb":{"@id":"https:\/\/www.notibras.com\/site\/participacao-feminina-na-esplanada-esta-estagnada\/#breadcrumb"},"inLanguage":"pt-BR","potentialAction":[{"@type":"ReadAction","target":["https:\/\/www.notibras.com\/site\/participacao-feminina-na-esplanada-esta-estagnada\/"]}]},{"@type":"ImageObject","inLanguage":"pt-BR","@id":"https:\/\/www.notibras.com\/site\/participacao-feminina-na-esplanada-esta-estagnada\/#primaryimage","url":"https:\/\/www.notibras.com\/site\/wp-content\/uploads\/2023\/04\/esplanada_07_setembro_preparativos_jfcrz_abr_0109220490.jpg","contentUrl":"https:\/\/www.notibras.com\/site\/wp-content\/uploads\/2023\/04\/esplanada_07_setembro_preparativos_jfcrz_abr_0109220490.jpg","width":1170,"height":700,"caption":"Esplanada dos Minist\u00e9rios recebe preparativos para o desfile c\u00edvico-militar de 7 de Setembro"},{"@type":"BreadcrumbList","@id":"https:\/\/www.notibras.com\/site\/participacao-feminina-na-esplanada-esta-estagnada\/#breadcrumb","itemListElement":[{"@type":"ListItem","position":1,"name":"In\u00edcio","item":"https:\/\/www.notibras.com\/site\/"},{"@type":"ListItem","position":2,"name":"Participa\u00e7\u00e3o feminina na Esplanada est\u00e1 estagnada"}]},{"@type":"WebSite","@id":"https:\/\/www.notibras.com\/site\/#website","url":"https:\/\/www.notibras.com\/site\/","name":"Notibras","description":"Not\u00edcias de Bras\u00edlia, do Brasil e do Mundo","publisher":{"@id":"https:\/\/www.notibras.com\/site\/#organization"},"potentialAction":[{"@type":"SearchAction","target":{"@type":"EntryPoint","urlTemplate":"https:\/\/www.notibras.com\/site\/?s={search_term_string}"},"query-input":{"@type":"PropertyValueSpecification","valueRequired":true,"valueName":"search_term_string"}}],"inLanguage":"pt-BR"},{"@type":"Organization","@id":"https:\/\/www.notibras.com\/site\/#organization","name":"Grupo Notibras de Comunica\u00e7\u00e3o","url":"https:\/\/www.notibras.com\/site\/","logo":{"@type":"ImageObject","inLanguage":"pt-BR","@id":"https:\/\/www.notibras.com\/site\/#\/schema\/logo\/image\/","url":"https:\/\/www.notibras.com\/site\/wp-content\/uploads\/2023\/01\/notibras23.png","contentUrl":"https:\/\/www.notibras.com\/site\/wp-content\/uploads\/2023\/01\/notibras23.png","width":350,"height":87,"caption":"Grupo Notibras de Comunica\u00e7\u00e3o"},"image":{"@id":"https:\/\/www.notibras.com\/site\/#\/schema\/logo\/image\/"},"sameAs":["https:\/\/www.facebook.com\/notibras\/","https:\/\/x.com\/Notibras","https:\/\/www.instagram.com\/notibras\/"]},{"@type":"Person","@id":"https:\/\/www.notibras.com\/site\/#\/schema\/person\/36ab0979449956132d3e5b517ea76ac8","name":"Reda\u00e7\u00e3o","image":{"@type":"ImageObject","inLanguage":"pt-BR","@id":"https:\/\/secure.gravatar.com\/avatar\/e0a867bdedb85fd243eadf09663511f96fc81e0720a4a42581f334ad4303aa6b?s=96&d=mm&r=g","url":"https:\/\/secure.gravatar.com\/avatar\/e0a867bdedb85fd243eadf09663511f96fc81e0720a4a42581f334ad4303aa6b?s=96&d=mm&r=g","contentUrl":"https:\/\/secure.gravatar.com\/avatar\/e0a867bdedb85fd243eadf09663511f96fc81e0720a4a42581f334ad4303aa6b?s=96&d=mm&r=g","caption":"Reda\u00e7\u00e3o"}}]}},"amp_enabled":true,"_links":{"self":[{"href":"https:\/\/www.notibras.com\/site\/wp-json\/wp\/v2\/posts\/302180","targetHints":{"allow":["GET"]}}],"collection":[{"href":"https:\/\/www.notibras.com\/site\/wp-json\/wp\/v2\/posts"}],"about":[{"href":"https:\/\/www.notibras.com\/site\/wp-json\/wp\/v2\/types\/post"}],"author":[{"embeddable":true,"href":"https:\/\/www.notibras.com\/site\/wp-json\/wp\/v2\/users\/2"}],"replies":[{"embeddable":true,"href":"https:\/\/www.notibras.com\/site\/wp-json\/wp\/v2\/comments?post=302180"}],"version-history":[{"count":1,"href":"https:\/\/www.notibras.com\/site\/wp-json\/wp\/v2\/posts\/302180\/revisions"}],"predecessor-version":[{"id":302182,"href":"https:\/\/www.notibras.com\/site\/wp-json\/wp\/v2\/posts\/302180\/revisions\/302182"}],"wp:featuredmedia":[{"embeddable":true,"href":"https:\/\/www.notibras.com\/site\/wp-json\/wp\/v2\/media\/302181"}],"wp:attachment":[{"href":"https:\/\/www.notibras.com\/site\/wp-json\/wp\/v2\/media?parent=302180"}],"wp:term":[{"taxonomy":"category","embeddable":true,"href":"https:\/\/www.notibras.com\/site\/wp-json\/wp\/v2\/categories?post=302180"},{"taxonomy":"post_tag","embeddable":true,"href":"https:\/\/www.notibras.com\/site\/wp-json\/wp\/v2\/tags?post=302180"}],"curies":[{"name":"wp","href":"https:\/\/api.w.org\/{rel}","templated":true}]}}