{"id":302183,"date":"2023-04-03T00:32:20","date_gmt":"2023-04-03T03:32:20","guid":{"rendered":"https:\/\/www.notibras.com\/site\/?p=302183"},"modified":"2023-04-03T10:41:21","modified_gmt":"2023-04-03T13:41:21","slug":"302183-2","status":"publish","type":"post","link":"https:\/\/www.notibras.com\/site\/302183-2\/","title":{"rendered":"Campanha da voz entra em campo contra o cigarro"},"content":{"rendered":"<p>A 25\u00aa Campanha da Voz, promovida pela Academia Brasileira de Laringologia e Voz e pela Associa\u00e7\u00e3o Brasileira de Otorrinolaringologia e Cirurgia C\u00e9rvico-Facial, come\u00e7ou no fim de semana, oferecendo 96 dias de exames gratuitos para avalia\u00e7\u00e3o da boca e garganta de fumantes com mais de 40 anos e que tenham percep\u00e7\u00e3o de inc\u00f4modos nesses dois \u00f3rg\u00e3os. \u201cOs exames s\u00e3o a nossa prioridade\u201d, disse \u00e0 Ag\u00eancia Brasil o coordenador da iniciativa, Marcos Andr\u00e9 de Sarvat.<\/p>\n<p>Essas doen\u00e7as podem evoluir para tumores caso n\u00e3o sejam tratadas logo. \u201cQueremos oferecer atendimento mais cedo\u201d, afirmou.<\/p>\n<p>O objetivo \u00e9 fazer um diagn\u00f3stico precoce que pode salvar a vida de muitos fumantes \u201ce fazer com que parem de fumar. O sistema tem que oferecer condi\u00e7\u00f5es para que se interrompa o v\u00edcio que, infelizmente, pegou tanta gente na juventude\u201d.<\/p>\n<p>As estat\u00edsticas mostram que, entre as pessoas que fumam, a incid\u00eancia de c\u00e2ncer de boca e garganta \u00e9 de oito a dez vezes maior do que entre as que n\u00e3o fumam. \u201cAs pessoas t\u00eam que ser ajudadas e parar de fumar\u201d, acrescentou.<\/p>\n<p>A Campanha da Voz 2023 tem como tema \u201cAfine a sua sa\u00fade; cuide da sua voz\u201d. Ela vai comemorar o Dia Mundial da Voz, em 16 de abril, e ter\u00e1 a participa\u00e7\u00e3o dos atores Ta\u00eds Ara\u00fajo e Marco Nanini como embaixadores para a preven\u00e7\u00e3o do c\u00e2ncer da boca e da garganta.<\/p>\n<p><strong>Dimens\u00e3o maior<\/strong><br \/>\nMarcos de Sarvat salientou que este ano a Campanha da Voz se juntou \u00e0 Campanha Julho Verde, da Sociedade Brasileira de Cirurgia de Cabe\u00e7a e Pesco\u00e7o (SBCCP), de preven\u00e7\u00e3o e conscientiza\u00e7\u00e3o do c\u00e2ncer de cabe\u00e7a e pesco\u00e7o, para dar uma dimens\u00e3o maior \u00e0 opera\u00e7\u00e3o, a ser realizada durante 96 dias.<\/p>\n<p>\u201cVamos atender mais gente em mais tempo. \u00c9 muito mais f\u00e1cil para os m\u00e9dicos e para os pacientes\u201d, explicou. Os mutir\u00f5es de exames e atendimento m\u00e9dico especializado gratuito ocorrer\u00e3o em unidades p\u00fablicas e privadas de diversas cidades do Brasil, entre os dias 10 de abril e 31 de julho.<\/p>\n<p>Os interessados podem fazer o agendamento pelo site www.bocaegarganta.com.br a partir do dia 3 deste m\u00eas.<\/p>\n<p>Est\u00e3o sendo oferecidos 12 mil exames no pa\u00eds. Participar\u00e3o do mutir\u00e3o 150 unidades de sa\u00fade, englobando servi\u00e7os p\u00fablicos e privados.<\/p>\n<p>O coordenador da campanha espera que esse n\u00famero chegue a 200 unidades. Ele revelou que o Brasil apresenta oito mil casos de c\u00e2ncer de laringe por ano e 25 mil ocorr\u00eancias de c\u00e2ncer de boca\/ano.<\/p>\n<p>Segundo a Organiza\u00e7\u00e3o Mundial de Sa\u00fade (OMS), os tumores encontrados na tireoide, boca, faringe, laringe, paratireoide, gl\u00e2ndulas salivares, pesco\u00e7o e face est\u00e3o entre os dez mais comuns no mundo. A chance de cura de um tumor na laringe e corda vocal, se for descoberto na fase inicial, \u00e9 de 95%.<\/p>\n<p>\u201cFicam curados com pequenos procedimentos\u201d, acrescentou. No Brasil, entretanto, a cura beneficia somente 33% dos doentes. \u201cMas a gente pode melhorar muito isso. Reduz a fila, o sofrimento, depois a perda e reduz tamb\u00e9m o custo do tratamento porque, se o tumor for grande, o custo \u00e9 muito maior, inclusive para o pr\u00f3prio Estado\u201d, explicou.<\/p>\n<p><strong>Sintomas<\/strong><br \/>\nAlguns sintomas podem alertar a pessoa sobre algo que n\u00e3o vai bem. Entre eles, a ferida na boca, dor para engolir, incha\u00e7o na boca e afta que n\u00e3o some e cresce.<\/p>\n<p>Na garganta, chamam a aten\u00e7\u00e3o tamb\u00e9m a dificuldade de engolir, pigarro insistente e dificuldade para respirar. \u201cS\u00e3o inc\u00f4modos na garganta que persistem por algumas semanas\u201d, salientou.<\/p>\n<p>A prioridade, contudo, \u00e9 deixar o h\u00e1bito do fumo. Marcos observou que a segunda etapa \u00e9 o tratamento.<\/p>\n<p>\u201cEsse \u00e9 outro obst\u00e1culo que n\u00f3s temos que superar. N\u00f3s temos filas para tratamento\u201d. Ele ressaltou que, se houver mais tumor inicial no pa\u00eds e menos tumor avan\u00e7ado, vai ser muito mais vi\u00e1vel para o sistema de sa\u00fade nacional tratar. \u201c\u00c9 para isso que a gente est\u00e1 tentando colaborar. A solidariedade \u00e9 fundamental nesse processo\u201d, concluiu.<\/p>\n","protected":false},"excerpt":{"rendered":"<p>A 25\u00aa Campanha da Voz, promovida pela Academia Brasileira de Laringologia e Voz e pela Associa\u00e7\u00e3o Brasileira de Otorrinolaringologia e Cirurgia C\u00e9rvico-Facial, come\u00e7ou no fim de semana, oferecendo 96 dias de exames gratuitos para avalia\u00e7\u00e3o da boca e garganta de fumantes com mais de 40 anos e que tenham percep\u00e7\u00e3o de inc\u00f4modos nesses dois \u00f3rg\u00e3os. [&hellip;]<\/p>\n","protected":false},"author":2,"featured_media":302184,"comment_status":"closed","ping_status":"closed","sticky":false,"template":"","format":"standard","meta":{"_acf_changed":false,"footnotes":""},"categories":[161],"tags":[],"class_list":["post-302183","post","type-post","status-publish","format-standard","has-post-thumbnail","hentry","category-quadradinho-em-foco"],"acf":[],"yoast_head":"<!-- This site is optimized with the Yoast SEO plugin v27.2 - https:\/\/yoast.com\/product\/yoast-seo-wordpress\/ -->\n<title>Campanha da voz entra em campo contra o cigarro - Notibras<\/title>\n<meta name=\"robots\" content=\"index, follow, max-snippet:-1, max-image-preview:large, max-video-preview:-1\" \/>\n<link rel=\"canonical\" href=\"https:\/\/www.notibras.com\/site\/302183-2\/\" \/>\n<meta property=\"og:locale\" content=\"pt_BR\" \/>\n<meta property=\"og:type\" content=\"article\" \/>\n<meta property=\"og:title\" content=\"Campanha da voz entra em campo contra o cigarro - Notibras\" \/>\n<meta property=\"og:description\" content=\"A 25\u00aa Campanha da Voz, promovida pela Academia Brasileira de Laringologia e Voz e pela Associa\u00e7\u00e3o Brasileira de Otorrinolaringologia e Cirurgia C\u00e9rvico-Facial, come\u00e7ou no fim de semana, oferecendo 96 dias de exames gratuitos para avalia\u00e7\u00e3o da boca e garganta de fumantes com mais de 40 anos e que tenham percep\u00e7\u00e3o de inc\u00f4modos nesses dois \u00f3rg\u00e3os. [&hellip;]\" \/>\n<meta property=\"og:url\" content=\"https:\/\/www.notibras.com\/site\/302183-2\/\" \/>\n<meta property=\"og:site_name\" content=\"Notibras\" \/>\n<meta property=\"article:publisher\" content=\"https:\/\/www.facebook.com\/notibras\/\" \/>\n<meta property=\"article:published_time\" content=\"2023-04-03T03:32:20+00:00\" \/>\n<meta property=\"article:modified_time\" content=\"2023-04-03T13:41:21+00:00\" \/>\n<meta property=\"og:image\" content=\"https:\/\/www.notibras.com\/site\/wp-content\/uploads\/2023\/04\/tabagismo_cigarrro2708201166.jpg\" \/>\n\t<meta property=\"og:image:width\" content=\"1170\" \/>\n\t<meta property=\"og:image:height\" content=\"700\" \/>\n\t<meta property=\"og:image:type\" content=\"image\/jpeg\" \/>\n<meta name=\"author\" content=\"Reda\u00e7\u00e3o\" \/>\n<meta name=\"twitter:card\" content=\"summary_large_image\" \/>\n<meta name=\"twitter:creator\" content=\"@Notibras\" \/>\n<meta name=\"twitter:site\" content=\"@Notibras\" \/>\n<meta name=\"twitter:label1\" content=\"Escrito por\" \/>\n\t<meta name=\"twitter:data1\" content=\"Reda\u00e7\u00e3o\" \/>\n\t<meta name=\"twitter:label2\" content=\"Est. tempo de leitura\" \/>\n\t<meta name=\"twitter:data2\" content=\"4 minutos\" \/>\n<script type=\"application\/ld+json\" class=\"yoast-schema-graph\">{\"@context\":\"https:\/\/schema.org\",\"@graph\":[{\"@type\":\"Article\",\"@id\":\"https:\/\/www.notibras.com\/site\/302183-2\/#article\",\"isPartOf\":{\"@id\":\"https:\/\/www.notibras.com\/site\/302183-2\/\"},\"author\":{\"name\":\"Reda\u00e7\u00e3o\",\"@id\":\"https:\/\/www.notibras.com\/site\/#\/schema\/person\/36ab0979449956132d3e5b517ea76ac8\"},\"headline\":\"Campanha da voz entra em campo contra o cigarro\",\"datePublished\":\"2023-04-03T03:32:20+00:00\",\"dateModified\":\"2023-04-03T13:41:21+00:00\",\"mainEntityOfPage\":{\"@id\":\"https:\/\/www.notibras.com\/site\/302183-2\/\"},\"wordCount\":693,\"publisher\":{\"@id\":\"https:\/\/www.notibras.com\/site\/#organization\"},\"image\":{\"@id\":\"https:\/\/www.notibras.com\/site\/302183-2\/#primaryimage\"},\"thumbnailUrl\":\"https:\/\/www.notibras.com\/site\/wp-content\/uploads\/2023\/04\/tabagismo_cigarrro2708201166.jpg\",\"articleSection\":[\"Quadradinho em Foco\"],\"inLanguage\":\"pt-BR\"},{\"@type\":\"WebPage\",\"@id\":\"https:\/\/www.notibras.com\/site\/302183-2\/\",\"url\":\"https:\/\/www.notibras.com\/site\/302183-2\/\",\"name\":\"Campanha da voz entra em campo contra o cigarro - Notibras\",\"isPartOf\":{\"@id\":\"https:\/\/www.notibras.com\/site\/#website\"},\"primaryImageOfPage\":{\"@id\":\"https:\/\/www.notibras.com\/site\/302183-2\/#primaryimage\"},\"image\":{\"@id\":\"https:\/\/www.notibras.com\/site\/302183-2\/#primaryimage\"},\"thumbnailUrl\":\"https:\/\/www.notibras.com\/site\/wp-content\/uploads\/2023\/04\/tabagismo_cigarrro2708201166.jpg\",\"datePublished\":\"2023-04-03T03:32:20+00:00\",\"dateModified\":\"2023-04-03T13:41:21+00:00\",\"breadcrumb\":{\"@id\":\"https:\/\/www.notibras.com\/site\/302183-2\/#breadcrumb\"},\"inLanguage\":\"pt-BR\",\"potentialAction\":[{\"@type\":\"ReadAction\",\"target\":[\"https:\/\/www.notibras.com\/site\/302183-2\/\"]}]},{\"@type\":\"ImageObject\",\"inLanguage\":\"pt-BR\",\"@id\":\"https:\/\/www.notibras.com\/site\/302183-2\/#primaryimage\",\"url\":\"https:\/\/www.notibras.com\/site\/wp-content\/uploads\/2023\/04\/tabagismo_cigarrro2708201166.jpg\",\"contentUrl\":\"https:\/\/www.notibras.com\/site\/wp-content\/uploads\/2023\/04\/tabagismo_cigarrro2708201166.jpg\",\"width\":1170,\"height\":700,\"caption\":\"Tabagismo, cigarrro\"},{\"@type\":\"BreadcrumbList\",\"@id\":\"https:\/\/www.notibras.com\/site\/302183-2\/#breadcrumb\",\"itemListElement\":[{\"@type\":\"ListItem\",\"position\":1,\"name\":\"In\u00edcio\",\"item\":\"https:\/\/www.notibras.com\/site\/\"},{\"@type\":\"ListItem\",\"position\":2,\"name\":\"Campanha da voz entra em campo contra o cigarro\"}]},{\"@type\":\"WebSite\",\"@id\":\"https:\/\/www.notibras.com\/site\/#website\",\"url\":\"https:\/\/www.notibras.com\/site\/\",\"name\":\"Notibras\",\"description\":\"Not\u00edcias de Bras\u00edlia, do Brasil e do Mundo\",\"publisher\":{\"@id\":\"https:\/\/www.notibras.com\/site\/#organization\"},\"potentialAction\":[{\"@type\":\"SearchAction\",\"target\":{\"@type\":\"EntryPoint\",\"urlTemplate\":\"https:\/\/www.notibras.com\/site\/?s={search_term_string}\"},\"query-input\":{\"@type\":\"PropertyValueSpecification\",\"valueRequired\":true,\"valueName\":\"search_term_string\"}}],\"inLanguage\":\"pt-BR\"},{\"@type\":\"Organization\",\"@id\":\"https:\/\/www.notibras.com\/site\/#organization\",\"name\":\"Grupo Notibras de Comunica\u00e7\u00e3o\",\"url\":\"https:\/\/www.notibras.com\/site\/\",\"logo\":{\"@type\":\"ImageObject\",\"inLanguage\":\"pt-BR\",\"@id\":\"https:\/\/www.notibras.com\/site\/#\/schema\/logo\/image\/\",\"url\":\"https:\/\/www.notibras.com\/site\/wp-content\/uploads\/2023\/01\/notibras23.png\",\"contentUrl\":\"https:\/\/www.notibras.com\/site\/wp-content\/uploads\/2023\/01\/notibras23.png\",\"width\":350,\"height\":87,\"caption\":\"Grupo Notibras de Comunica\u00e7\u00e3o\"},\"image\":{\"@id\":\"https:\/\/www.notibras.com\/site\/#\/schema\/logo\/image\/\"},\"sameAs\":[\"https:\/\/www.facebook.com\/notibras\/\",\"https:\/\/x.com\/Notibras\",\"https:\/\/www.instagram.com\/notibras\/\"]},{\"@type\":\"Person\",\"@id\":\"https:\/\/www.notibras.com\/site\/#\/schema\/person\/36ab0979449956132d3e5b517ea76ac8\",\"name\":\"Reda\u00e7\u00e3o\",\"image\":{\"@type\":\"ImageObject\",\"inLanguage\":\"pt-BR\",\"@id\":\"https:\/\/secure.gravatar.com\/avatar\/e0a867bdedb85fd243eadf09663511f96fc81e0720a4a42581f334ad4303aa6b?s=96&d=mm&r=g\",\"url\":\"https:\/\/secure.gravatar.com\/avatar\/e0a867bdedb85fd243eadf09663511f96fc81e0720a4a42581f334ad4303aa6b?s=96&d=mm&r=g\",\"contentUrl\":\"https:\/\/secure.gravatar.com\/avatar\/e0a867bdedb85fd243eadf09663511f96fc81e0720a4a42581f334ad4303aa6b?s=96&d=mm&r=g\",\"caption\":\"Reda\u00e7\u00e3o\"}}]}<\/script>\n<!-- \/ Yoast SEO plugin. -->","yoast_head_json":{"title":"Campanha da voz entra em campo contra o cigarro - Notibras","robots":{"index":"index","follow":"follow","max-snippet":"max-snippet:-1","max-image-preview":"max-image-preview:large","max-video-preview":"max-video-preview:-1"},"canonical":"https:\/\/www.notibras.com\/site\/302183-2\/","og_locale":"pt_BR","og_type":"article","og_title":"Campanha da voz entra em campo contra o cigarro - Notibras","og_description":"A 25\u00aa Campanha da Voz, promovida pela Academia Brasileira de Laringologia e Voz e pela Associa\u00e7\u00e3o Brasileira de Otorrinolaringologia e Cirurgia C\u00e9rvico-Facial, come\u00e7ou no fim de semana, oferecendo 96 dias de exames gratuitos para avalia\u00e7\u00e3o da boca e garganta de fumantes com mais de 40 anos e que tenham percep\u00e7\u00e3o de inc\u00f4modos nesses dois \u00f3rg\u00e3os. [&hellip;]","og_url":"https:\/\/www.notibras.com\/site\/302183-2\/","og_site_name":"Notibras","article_publisher":"https:\/\/www.facebook.com\/notibras\/","article_published_time":"2023-04-03T03:32:20+00:00","article_modified_time":"2023-04-03T13:41:21+00:00","og_image":[{"width":1170,"height":700,"url":"https:\/\/www.notibras.com\/site\/wp-content\/uploads\/2023\/04\/tabagismo_cigarrro2708201166.jpg","type":"image\/jpeg"}],"author":"Reda\u00e7\u00e3o","twitter_card":"summary_large_image","twitter_creator":"@Notibras","twitter_site":"@Notibras","twitter_misc":{"Escrito por":"Reda\u00e7\u00e3o","Est. tempo de leitura":"4 minutos"},"schema":{"@context":"https:\/\/schema.org","@graph":[{"@type":"Article","@id":"https:\/\/www.notibras.com\/site\/302183-2\/#article","isPartOf":{"@id":"https:\/\/www.notibras.com\/site\/302183-2\/"},"author":{"name":"Reda\u00e7\u00e3o","@id":"https:\/\/www.notibras.com\/site\/#\/schema\/person\/36ab0979449956132d3e5b517ea76ac8"},"headline":"Campanha da voz entra em campo contra o cigarro","datePublished":"2023-04-03T03:32:20+00:00","dateModified":"2023-04-03T13:41:21+00:00","mainEntityOfPage":{"@id":"https:\/\/www.notibras.com\/site\/302183-2\/"},"wordCount":693,"publisher":{"@id":"https:\/\/www.notibras.com\/site\/#organization"},"image":{"@id":"https:\/\/www.notibras.com\/site\/302183-2\/#primaryimage"},"thumbnailUrl":"https:\/\/www.notibras.com\/site\/wp-content\/uploads\/2023\/04\/tabagismo_cigarrro2708201166.jpg","articleSection":["Quadradinho em Foco"],"inLanguage":"pt-BR"},{"@type":"WebPage","@id":"https:\/\/www.notibras.com\/site\/302183-2\/","url":"https:\/\/www.notibras.com\/site\/302183-2\/","name":"Campanha da voz entra em campo contra o cigarro - Notibras","isPartOf":{"@id":"https:\/\/www.notibras.com\/site\/#website"},"primaryImageOfPage":{"@id":"https:\/\/www.notibras.com\/site\/302183-2\/#primaryimage"},"image":{"@id":"https:\/\/www.notibras.com\/site\/302183-2\/#primaryimage"},"thumbnailUrl":"https:\/\/www.notibras.com\/site\/wp-content\/uploads\/2023\/04\/tabagismo_cigarrro2708201166.jpg","datePublished":"2023-04-03T03:32:20+00:00","dateModified":"2023-04-03T13:41:21+00:00","breadcrumb":{"@id":"https:\/\/www.notibras.com\/site\/302183-2\/#breadcrumb"},"inLanguage":"pt-BR","potentialAction":[{"@type":"ReadAction","target":["https:\/\/www.notibras.com\/site\/302183-2\/"]}]},{"@type":"ImageObject","inLanguage":"pt-BR","@id":"https:\/\/www.notibras.com\/site\/302183-2\/#primaryimage","url":"https:\/\/www.notibras.com\/site\/wp-content\/uploads\/2023\/04\/tabagismo_cigarrro2708201166.jpg","contentUrl":"https:\/\/www.notibras.com\/site\/wp-content\/uploads\/2023\/04\/tabagismo_cigarrro2708201166.jpg","width":1170,"height":700,"caption":"Tabagismo, cigarrro"},{"@type":"BreadcrumbList","@id":"https:\/\/www.notibras.com\/site\/302183-2\/#breadcrumb","itemListElement":[{"@type":"ListItem","position":1,"name":"In\u00edcio","item":"https:\/\/www.notibras.com\/site\/"},{"@type":"ListItem","position":2,"name":"Campanha da voz entra em campo contra o cigarro"}]},{"@type":"WebSite","@id":"https:\/\/www.notibras.com\/site\/#website","url":"https:\/\/www.notibras.com\/site\/","name":"Notibras","description":"Not\u00edcias de Bras\u00edlia, do Brasil e do Mundo","publisher":{"@id":"https:\/\/www.notibras.com\/site\/#organization"},"potentialAction":[{"@type":"SearchAction","target":{"@type":"EntryPoint","urlTemplate":"https:\/\/www.notibras.com\/site\/?s={search_term_string}"},"query-input":{"@type":"PropertyValueSpecification","valueRequired":true,"valueName":"search_term_string"}}],"inLanguage":"pt-BR"},{"@type":"Organization","@id":"https:\/\/www.notibras.com\/site\/#organization","name":"Grupo Notibras de Comunica\u00e7\u00e3o","url":"https:\/\/www.notibras.com\/site\/","logo":{"@type":"ImageObject","inLanguage":"pt-BR","@id":"https:\/\/www.notibras.com\/site\/#\/schema\/logo\/image\/","url":"https:\/\/www.notibras.com\/site\/wp-content\/uploads\/2023\/01\/notibras23.png","contentUrl":"https:\/\/www.notibras.com\/site\/wp-content\/uploads\/2023\/01\/notibras23.png","width":350,"height":87,"caption":"Grupo Notibras de Comunica\u00e7\u00e3o"},"image":{"@id":"https:\/\/www.notibras.com\/site\/#\/schema\/logo\/image\/"},"sameAs":["https:\/\/www.facebook.com\/notibras\/","https:\/\/x.com\/Notibras","https:\/\/www.instagram.com\/notibras\/"]},{"@type":"Person","@id":"https:\/\/www.notibras.com\/site\/#\/schema\/person\/36ab0979449956132d3e5b517ea76ac8","name":"Reda\u00e7\u00e3o","image":{"@type":"ImageObject","inLanguage":"pt-BR","@id":"https:\/\/secure.gravatar.com\/avatar\/e0a867bdedb85fd243eadf09663511f96fc81e0720a4a42581f334ad4303aa6b?s=96&d=mm&r=g","url":"https:\/\/secure.gravatar.com\/avatar\/e0a867bdedb85fd243eadf09663511f96fc81e0720a4a42581f334ad4303aa6b?s=96&d=mm&r=g","contentUrl":"https:\/\/secure.gravatar.com\/avatar\/e0a867bdedb85fd243eadf09663511f96fc81e0720a4a42581f334ad4303aa6b?s=96&d=mm&r=g","caption":"Reda\u00e7\u00e3o"}}]}},"amp_enabled":true,"_links":{"self":[{"href":"https:\/\/www.notibras.com\/site\/wp-json\/wp\/v2\/posts\/302183","targetHints":{"allow":["GET"]}}],"collection":[{"href":"https:\/\/www.notibras.com\/site\/wp-json\/wp\/v2\/posts"}],"about":[{"href":"https:\/\/www.notibras.com\/site\/wp-json\/wp\/v2\/types\/post"}],"author":[{"embeddable":true,"href":"https:\/\/www.notibras.com\/site\/wp-json\/wp\/v2\/users\/2"}],"replies":[{"embeddable":true,"href":"https:\/\/www.notibras.com\/site\/wp-json\/wp\/v2\/comments?post=302183"}],"version-history":[{"count":3,"href":"https:\/\/www.notibras.com\/site\/wp-json\/wp\/v2\/posts\/302183\/revisions"}],"predecessor-version":[{"id":302187,"href":"https:\/\/www.notibras.com\/site\/wp-json\/wp\/v2\/posts\/302183\/revisions\/302187"}],"wp:featuredmedia":[{"embeddable":true,"href":"https:\/\/www.notibras.com\/site\/wp-json\/wp\/v2\/media\/302184"}],"wp:attachment":[{"href":"https:\/\/www.notibras.com\/site\/wp-json\/wp\/v2\/media?parent=302183"}],"wp:term":[{"taxonomy":"category","embeddable":true,"href":"https:\/\/www.notibras.com\/site\/wp-json\/wp\/v2\/categories?post=302183"},{"taxonomy":"post_tag","embeddable":true,"href":"https:\/\/www.notibras.com\/site\/wp-json\/wp\/v2\/tags?post=302183"}],"curies":[{"name":"wp","href":"https:\/\/api.w.org\/{rel}","templated":true}]}}