{"id":302188,"date":"2023-04-03T09:05:21","date_gmt":"2023-04-03T12:05:21","guid":{"rendered":"https:\/\/www.notibras.com\/site\/?p=302188"},"modified":"2023-04-03T10:44:47","modified_gmt":"2023-04-03T13:44:47","slug":"gdf-tem-quatro-centros-especializados-para-autistas","status":"publish","type":"post","link":"https:\/\/www.notibras.com\/site\/gdf-tem-quatro-centros-especializados-para-autistas\/","title":{"rendered":"GDF tem quatro centros especializados para autistas"},"content":{"rendered":"<p>O Dia Mundial de Conscientiza\u00e7\u00e3o do Autismo foi definido, em 2007, pela Organiza\u00e7\u00e3o das Na\u00e7\u00f5es Unidas e \u00e9 comemorado em 2 de abril. No DF, estima-se que mais de 13 mil pessoas tenham o diagn\u00f3stico de Transtorno do Espectro Autista (TEA). Para oferecer o suporte necess\u00e1rio a quem precisa, o Governo do Distrito Federal (GDF) disp\u00f5e de quatro centros especializados em reabilita\u00e7\u00e3o (CERs), que t\u00eam como foco o atendimento, diagn\u00f3stico e tratamento desse transtorno.<\/p>\n<p>Um deles, localizado no Hospital de Apoio (HAB), destaca-se no acolhimento \u00e0s fam\u00edlias e crian\u00e7as diagnosticadas com autismo. O CER do HAB foi criado em 2016 para acolher pacientes com a s\u00edndrome cong\u00eanita associada \u00e0 infec\u00e7\u00e3o pelo v\u00edrus zika. Depois de concluir seu objetivo, em 2017, o espa\u00e7o mudou o perfil de atendimento.<\/p>\n<p>A equipe multidisciplinar, composta por m\u00e9dicos neuropediatras e psiquiatras, psic\u00f3logos, fonoaudi\u00f3logos e assistentes sociais, concentra os esfor\u00e7os em promover o melhor atendimento. Isso inclui o enfoque nos procedimentos preventivos.<\/p>\n<p>\u201cSomos refer\u00eancia no atendimento e tratamento de jovens de at\u00e9 14 anos com autismo\u201d, afirma a neuropediatra Denize Bonfim, que atua no CER. \u201cO importante \u00e9 que a crian\u00e7a seja diagnosticada o mais cedo poss\u00edvel, de prefer\u00eancia antes dos 4 anos, pois nessa faixa et\u00e1ria o tratamento multidisciplinar \u00e9 crucial para o seu bom desenvolvimento.\u201d<\/p>\n<p><strong>Acolhimento<\/strong><br \/>\nAl\u00e9m de todo o suporte oferecido \u00e0 crian\u00e7a, os pais e as m\u00e3es tamb\u00e9m contam com o acolhimento da equipe. Profissionais da psicologia e assist\u00eancia social atuam nas demandas individuais de cada fam\u00edlia e trabalham no manejo comportamental dos envolvidos a fim de proporcionar um ambiente familiar adequado para amparar a crian\u00e7a rec\u00e9m-diagnosticada.<\/p>\n<p>\u201cO que n\u00f3s fazemos no servi\u00e7o social \u00e9 um recorte social de quem est\u00e1 sendo atendido\u201d, explica a assistente social Jozyanne da Silva. \u201cQuando essas fam\u00edlias chegam aqui, elas trazem muitas demandas sociais, que perpassam n\u00e3o s\u00f3 a vulnerabilidade e o risco social, mas tamb\u00e9m a dificuldade no acesso aos servi\u00e7os. Nosso objetivo \u00e9 viabilizar o acesso ao que \u00e9 de direito a essa crian\u00e7a e \u00e0 sua fam\u00edlia.\u201d<\/p>\n<p>Eliane Aguiar \u00e9 servidora p\u00fablica e m\u00e3e da pequena Antonella, de dois anos. As duas frequentam o tratamento no HAB desde abril do ano passado. \u201cO atendimento aqui \u00e9 maravilhoso\u201d, diz. \u201cInicialmente buscamos atendimento no posto de sa\u00fade na Asa Norte e, ent\u00e3o, fomos encaminhadas para o Hospital de Apoio. A Antonella faz de tudo aqui: fonoaudiologia, fisioterapia, terapia ocupacional.\u201d<\/p>\n<p>A sede do instituto Voc\u00ea Nunca Andar\u00e1 Sozinho foi inaugurada em junho do ano passado. O espa\u00e7o fica na QR 114 de Samambaia Sul e atende gratuitamente cerca de 400 pessoas, entre crian\u00e7as, jovens e adultos, com defici\u00eancia e em situa\u00e7\u00e3o de vulnerabilidade ou exclus\u00e3o social | Foto: Jaqueline Husni\/Ag\u00eancia Bras\u00edlia<br \/>\nSamambaia comemora Dia Mundial da Conscientiza\u00e7\u00e3o do Autismo<\/p>\n<p>O CER do Hospital de Apoio funciona de segunda a sexta-feira, exceto \u00e0s quartas-feiras. Somente em 2022, foram registrados mais de 1,8 mil atendimentos. A cada semana, o Centro recebe, em m\u00e9dia, oito novas crian\u00e7as para darem in\u00edcio ao tratamento.<\/p>\n<p>Para obter o diagn\u00f3stico do transtorno, o primeiro passo \u00e9 ir \u00e0 unidade b\u00e1sica de sa\u00fade (UBS) de refer\u00eancia. Ap\u00f3s isso, a equipe de regula\u00e7\u00e3o vai direcionar o paciente a um dos centros que mais se adequem ao perfil.<\/p>\n","protected":false},"excerpt":{"rendered":"<p>O Dia Mundial de Conscientiza\u00e7\u00e3o do Autismo foi definido, em 2007, pela Organiza\u00e7\u00e3o das Na\u00e7\u00f5es Unidas e \u00e9 comemorado em 2 de abril. No DF, estima-se que mais de 13 mil pessoas tenham o diagn\u00f3stico de Transtorno do Espectro Autista (TEA). Para oferecer o suporte necess\u00e1rio a quem precisa, o Governo do Distrito Federal (GDF) [&hellip;]<\/p>\n","protected":false},"author":2,"featured_media":302189,"comment_status":"closed","ping_status":"closed","sticky":false,"template":"","format":"standard","meta":{"_acf_changed":false,"footnotes":""},"categories":[161],"tags":[],"class_list":["post-302188","post","type-post","status-publish","format-standard","has-post-thumbnail","hentry","category-quadradinho-em-foco"],"acf":[],"yoast_head":"<!-- This site is optimized with the Yoast SEO plugin v27.2 - https:\/\/yoast.com\/product\/yoast-seo-wordpress\/ -->\n<title>GDF tem quatro centros especializados para autistas - Notibras<\/title>\n<meta name=\"robots\" content=\"index, follow, max-snippet:-1, max-image-preview:large, max-video-preview:-1\" \/>\n<link rel=\"canonical\" href=\"https:\/\/www.notibras.com\/site\/gdf-tem-quatro-centros-especializados-para-autistas\/\" \/>\n<meta property=\"og:locale\" content=\"pt_BR\" \/>\n<meta property=\"og:type\" content=\"article\" \/>\n<meta property=\"og:title\" content=\"GDF tem quatro centros especializados para autistas - Notibras\" \/>\n<meta property=\"og:description\" content=\"O Dia Mundial de Conscientiza\u00e7\u00e3o do Autismo foi definido, em 2007, pela Organiza\u00e7\u00e3o das Na\u00e7\u00f5es Unidas e \u00e9 comemorado em 2 de abril. No DF, estima-se que mais de 13 mil pessoas tenham o diagn\u00f3stico de Transtorno do Espectro Autista (TEA). Para oferecer o suporte necess\u00e1rio a quem precisa, o Governo do Distrito Federal (GDF) [&hellip;]\" \/>\n<meta property=\"og:url\" content=\"https:\/\/www.notibras.com\/site\/gdf-tem-quatro-centros-especializados-para-autistas\/\" \/>\n<meta property=\"og:site_name\" content=\"Notibras\" \/>\n<meta property=\"article:publisher\" content=\"https:\/\/www.facebook.com\/notibras\/\" \/>\n<meta property=\"article:published_time\" content=\"2023-04-03T12:05:21+00:00\" \/>\n<meta property=\"article:modified_time\" content=\"2023-04-03T13:44:47+00:00\" \/>\n<meta property=\"og:image\" content=\"https:\/\/www.notibras.com\/site\/wp-content\/uploads\/2023\/04\/Dentro-1-Eliane-e-Antonella-1536x1024-1.jpg\" \/>\n\t<meta property=\"og:image:width\" content=\"1536\" \/>\n\t<meta property=\"og:image:height\" content=\"1024\" \/>\n\t<meta property=\"og:image:type\" content=\"image\/jpeg\" \/>\n<meta name=\"author\" content=\"Reda\u00e7\u00e3o\" \/>\n<meta name=\"twitter:card\" content=\"summary_large_image\" \/>\n<meta name=\"twitter:creator\" content=\"@Notibras\" \/>\n<meta name=\"twitter:site\" content=\"@Notibras\" \/>\n<meta name=\"twitter:label1\" content=\"Escrito por\" \/>\n\t<meta name=\"twitter:data1\" content=\"Reda\u00e7\u00e3o\" \/>\n\t<meta name=\"twitter:label2\" content=\"Est. tempo de leitura\" \/>\n\t<meta name=\"twitter:data2\" content=\"3 minutos\" \/>\n<script type=\"application\/ld+json\" class=\"yoast-schema-graph\">{\"@context\":\"https:\/\/schema.org\",\"@graph\":[{\"@type\":\"Article\",\"@id\":\"https:\/\/www.notibras.com\/site\/gdf-tem-quatro-centros-especializados-para-autistas\/#article\",\"isPartOf\":{\"@id\":\"https:\/\/www.notibras.com\/site\/gdf-tem-quatro-centros-especializados-para-autistas\/\"},\"author\":{\"name\":\"Reda\u00e7\u00e3o\",\"@id\":\"https:\/\/www.notibras.com\/site\/#\/schema\/person\/36ab0979449956132d3e5b517ea76ac8\"},\"headline\":\"GDF tem quatro centros especializados para autistas\",\"datePublished\":\"2023-04-03T12:05:21+00:00\",\"dateModified\":\"2023-04-03T13:44:47+00:00\",\"mainEntityOfPage\":{\"@id\":\"https:\/\/www.notibras.com\/site\/gdf-tem-quatro-centros-especializados-para-autistas\/\"},\"wordCount\":577,\"publisher\":{\"@id\":\"https:\/\/www.notibras.com\/site\/#organization\"},\"image\":{\"@id\":\"https:\/\/www.notibras.com\/site\/gdf-tem-quatro-centros-especializados-para-autistas\/#primaryimage\"},\"thumbnailUrl\":\"https:\/\/www.notibras.com\/site\/wp-content\/uploads\/2023\/04\/Dentro-1-Eliane-e-Antonella-1536x1024-1.jpg\",\"articleSection\":[\"Quadradinho em Foco\"],\"inLanguage\":\"pt-BR\"},{\"@type\":\"WebPage\",\"@id\":\"https:\/\/www.notibras.com\/site\/gdf-tem-quatro-centros-especializados-para-autistas\/\",\"url\":\"https:\/\/www.notibras.com\/site\/gdf-tem-quatro-centros-especializados-para-autistas\/\",\"name\":\"GDF tem quatro centros especializados para autistas - Notibras\",\"isPartOf\":{\"@id\":\"https:\/\/www.notibras.com\/site\/#website\"},\"primaryImageOfPage\":{\"@id\":\"https:\/\/www.notibras.com\/site\/gdf-tem-quatro-centros-especializados-para-autistas\/#primaryimage\"},\"image\":{\"@id\":\"https:\/\/www.notibras.com\/site\/gdf-tem-quatro-centros-especializados-para-autistas\/#primaryimage\"},\"thumbnailUrl\":\"https:\/\/www.notibras.com\/site\/wp-content\/uploads\/2023\/04\/Dentro-1-Eliane-e-Antonella-1536x1024-1.jpg\",\"datePublished\":\"2023-04-03T12:05:21+00:00\",\"dateModified\":\"2023-04-03T13:44:47+00:00\",\"breadcrumb\":{\"@id\":\"https:\/\/www.notibras.com\/site\/gdf-tem-quatro-centros-especializados-para-autistas\/#breadcrumb\"},\"inLanguage\":\"pt-BR\",\"potentialAction\":[{\"@type\":\"ReadAction\",\"target\":[\"https:\/\/www.notibras.com\/site\/gdf-tem-quatro-centros-especializados-para-autistas\/\"]}]},{\"@type\":\"ImageObject\",\"inLanguage\":\"pt-BR\",\"@id\":\"https:\/\/www.notibras.com\/site\/gdf-tem-quatro-centros-especializados-para-autistas\/#primaryimage\",\"url\":\"https:\/\/www.notibras.com\/site\/wp-content\/uploads\/2023\/04\/Dentro-1-Eliane-e-Antonella-1536x1024-1.jpg\",\"contentUrl\":\"https:\/\/www.notibras.com\/site\/wp-content\/uploads\/2023\/04\/Dentro-1-Eliane-e-Antonella-1536x1024-1.jpg\",\"width\":1536,\"height\":1024},{\"@type\":\"BreadcrumbList\",\"@id\":\"https:\/\/www.notibras.com\/site\/gdf-tem-quatro-centros-especializados-para-autistas\/#breadcrumb\",\"itemListElement\":[{\"@type\":\"ListItem\",\"position\":1,\"name\":\"In\u00edcio\",\"item\":\"https:\/\/www.notibras.com\/site\/\"},{\"@type\":\"ListItem\",\"position\":2,\"name\":\"GDF tem quatro centros especializados para autistas\"}]},{\"@type\":\"WebSite\",\"@id\":\"https:\/\/www.notibras.com\/site\/#website\",\"url\":\"https:\/\/www.notibras.com\/site\/\",\"name\":\"Notibras\",\"description\":\"Not\u00edcias de Bras\u00edlia, do Brasil e do Mundo\",\"publisher\":{\"@id\":\"https:\/\/www.notibras.com\/site\/#organization\"},\"potentialAction\":[{\"@type\":\"SearchAction\",\"target\":{\"@type\":\"EntryPoint\",\"urlTemplate\":\"https:\/\/www.notibras.com\/site\/?s={search_term_string}\"},\"query-input\":{\"@type\":\"PropertyValueSpecification\",\"valueRequired\":true,\"valueName\":\"search_term_string\"}}],\"inLanguage\":\"pt-BR\"},{\"@type\":\"Organization\",\"@id\":\"https:\/\/www.notibras.com\/site\/#organization\",\"name\":\"Grupo Notibras de Comunica\u00e7\u00e3o\",\"url\":\"https:\/\/www.notibras.com\/site\/\",\"logo\":{\"@type\":\"ImageObject\",\"inLanguage\":\"pt-BR\",\"@id\":\"https:\/\/www.notibras.com\/site\/#\/schema\/logo\/image\/\",\"url\":\"https:\/\/www.notibras.com\/site\/wp-content\/uploads\/2023\/01\/notibras23.png\",\"contentUrl\":\"https:\/\/www.notibras.com\/site\/wp-content\/uploads\/2023\/01\/notibras23.png\",\"width\":350,\"height\":87,\"caption\":\"Grupo Notibras de Comunica\u00e7\u00e3o\"},\"image\":{\"@id\":\"https:\/\/www.notibras.com\/site\/#\/schema\/logo\/image\/\"},\"sameAs\":[\"https:\/\/www.facebook.com\/notibras\/\",\"https:\/\/x.com\/Notibras\",\"https:\/\/www.instagram.com\/notibras\/\"]},{\"@type\":\"Person\",\"@id\":\"https:\/\/www.notibras.com\/site\/#\/schema\/person\/36ab0979449956132d3e5b517ea76ac8\",\"name\":\"Reda\u00e7\u00e3o\",\"image\":{\"@type\":\"ImageObject\",\"inLanguage\":\"pt-BR\",\"@id\":\"https:\/\/secure.gravatar.com\/avatar\/e0a867bdedb85fd243eadf09663511f96fc81e0720a4a42581f334ad4303aa6b?s=96&d=mm&r=g\",\"url\":\"https:\/\/secure.gravatar.com\/avatar\/e0a867bdedb85fd243eadf09663511f96fc81e0720a4a42581f334ad4303aa6b?s=96&d=mm&r=g\",\"contentUrl\":\"https:\/\/secure.gravatar.com\/avatar\/e0a867bdedb85fd243eadf09663511f96fc81e0720a4a42581f334ad4303aa6b?s=96&d=mm&r=g\",\"caption\":\"Reda\u00e7\u00e3o\"}}]}<\/script>\n<!-- \/ Yoast SEO plugin. -->","yoast_head_json":{"title":"GDF tem quatro centros especializados para autistas - Notibras","robots":{"index":"index","follow":"follow","max-snippet":"max-snippet:-1","max-image-preview":"max-image-preview:large","max-video-preview":"max-video-preview:-1"},"canonical":"https:\/\/www.notibras.com\/site\/gdf-tem-quatro-centros-especializados-para-autistas\/","og_locale":"pt_BR","og_type":"article","og_title":"GDF tem quatro centros especializados para autistas - Notibras","og_description":"O Dia Mundial de Conscientiza\u00e7\u00e3o do Autismo foi definido, em 2007, pela Organiza\u00e7\u00e3o das Na\u00e7\u00f5es Unidas e \u00e9 comemorado em 2 de abril. No DF, estima-se que mais de 13 mil pessoas tenham o diagn\u00f3stico de Transtorno do Espectro Autista (TEA). Para oferecer o suporte necess\u00e1rio a quem precisa, o Governo do Distrito Federal (GDF) [&hellip;]","og_url":"https:\/\/www.notibras.com\/site\/gdf-tem-quatro-centros-especializados-para-autistas\/","og_site_name":"Notibras","article_publisher":"https:\/\/www.facebook.com\/notibras\/","article_published_time":"2023-04-03T12:05:21+00:00","article_modified_time":"2023-04-03T13:44:47+00:00","og_image":[{"width":1536,"height":1024,"url":"https:\/\/www.notibras.com\/site\/wp-content\/uploads\/2023\/04\/Dentro-1-Eliane-e-Antonella-1536x1024-1.jpg","type":"image\/jpeg"}],"author":"Reda\u00e7\u00e3o","twitter_card":"summary_large_image","twitter_creator":"@Notibras","twitter_site":"@Notibras","twitter_misc":{"Escrito por":"Reda\u00e7\u00e3o","Est. tempo de leitura":"3 minutos"},"schema":{"@context":"https:\/\/schema.org","@graph":[{"@type":"Article","@id":"https:\/\/www.notibras.com\/site\/gdf-tem-quatro-centros-especializados-para-autistas\/#article","isPartOf":{"@id":"https:\/\/www.notibras.com\/site\/gdf-tem-quatro-centros-especializados-para-autistas\/"},"author":{"name":"Reda\u00e7\u00e3o","@id":"https:\/\/www.notibras.com\/site\/#\/schema\/person\/36ab0979449956132d3e5b517ea76ac8"},"headline":"GDF tem quatro centros especializados para autistas","datePublished":"2023-04-03T12:05:21+00:00","dateModified":"2023-04-03T13:44:47+00:00","mainEntityOfPage":{"@id":"https:\/\/www.notibras.com\/site\/gdf-tem-quatro-centros-especializados-para-autistas\/"},"wordCount":577,"publisher":{"@id":"https:\/\/www.notibras.com\/site\/#organization"},"image":{"@id":"https:\/\/www.notibras.com\/site\/gdf-tem-quatro-centros-especializados-para-autistas\/#primaryimage"},"thumbnailUrl":"https:\/\/www.notibras.com\/site\/wp-content\/uploads\/2023\/04\/Dentro-1-Eliane-e-Antonella-1536x1024-1.jpg","articleSection":["Quadradinho em Foco"],"inLanguage":"pt-BR"},{"@type":"WebPage","@id":"https:\/\/www.notibras.com\/site\/gdf-tem-quatro-centros-especializados-para-autistas\/","url":"https:\/\/www.notibras.com\/site\/gdf-tem-quatro-centros-especializados-para-autistas\/","name":"GDF tem quatro centros especializados para autistas - Notibras","isPartOf":{"@id":"https:\/\/www.notibras.com\/site\/#website"},"primaryImageOfPage":{"@id":"https:\/\/www.notibras.com\/site\/gdf-tem-quatro-centros-especializados-para-autistas\/#primaryimage"},"image":{"@id":"https:\/\/www.notibras.com\/site\/gdf-tem-quatro-centros-especializados-para-autistas\/#primaryimage"},"thumbnailUrl":"https:\/\/www.notibras.com\/site\/wp-content\/uploads\/2023\/04\/Dentro-1-Eliane-e-Antonella-1536x1024-1.jpg","datePublished":"2023-04-03T12:05:21+00:00","dateModified":"2023-04-03T13:44:47+00:00","breadcrumb":{"@id":"https:\/\/www.notibras.com\/site\/gdf-tem-quatro-centros-especializados-para-autistas\/#breadcrumb"},"inLanguage":"pt-BR","potentialAction":[{"@type":"ReadAction","target":["https:\/\/www.notibras.com\/site\/gdf-tem-quatro-centros-especializados-para-autistas\/"]}]},{"@type":"ImageObject","inLanguage":"pt-BR","@id":"https:\/\/www.notibras.com\/site\/gdf-tem-quatro-centros-especializados-para-autistas\/#primaryimage","url":"https:\/\/www.notibras.com\/site\/wp-content\/uploads\/2023\/04\/Dentro-1-Eliane-e-Antonella-1536x1024-1.jpg","contentUrl":"https:\/\/www.notibras.com\/site\/wp-content\/uploads\/2023\/04\/Dentro-1-Eliane-e-Antonella-1536x1024-1.jpg","width":1536,"height":1024},{"@type":"BreadcrumbList","@id":"https:\/\/www.notibras.com\/site\/gdf-tem-quatro-centros-especializados-para-autistas\/#breadcrumb","itemListElement":[{"@type":"ListItem","position":1,"name":"In\u00edcio","item":"https:\/\/www.notibras.com\/site\/"},{"@type":"ListItem","position":2,"name":"GDF tem quatro centros especializados para autistas"}]},{"@type":"WebSite","@id":"https:\/\/www.notibras.com\/site\/#website","url":"https:\/\/www.notibras.com\/site\/","name":"Notibras","description":"Not\u00edcias de Bras\u00edlia, do Brasil e do Mundo","publisher":{"@id":"https:\/\/www.notibras.com\/site\/#organization"},"potentialAction":[{"@type":"SearchAction","target":{"@type":"EntryPoint","urlTemplate":"https:\/\/www.notibras.com\/site\/?s={search_term_string}"},"query-input":{"@type":"PropertyValueSpecification","valueRequired":true,"valueName":"search_term_string"}}],"inLanguage":"pt-BR"},{"@type":"Organization","@id":"https:\/\/www.notibras.com\/site\/#organization","name":"Grupo Notibras de Comunica\u00e7\u00e3o","url":"https:\/\/www.notibras.com\/site\/","logo":{"@type":"ImageObject","inLanguage":"pt-BR","@id":"https:\/\/www.notibras.com\/site\/#\/schema\/logo\/image\/","url":"https:\/\/www.notibras.com\/site\/wp-content\/uploads\/2023\/01\/notibras23.png","contentUrl":"https:\/\/www.notibras.com\/site\/wp-content\/uploads\/2023\/01\/notibras23.png","width":350,"height":87,"caption":"Grupo Notibras de Comunica\u00e7\u00e3o"},"image":{"@id":"https:\/\/www.notibras.com\/site\/#\/schema\/logo\/image\/"},"sameAs":["https:\/\/www.facebook.com\/notibras\/","https:\/\/x.com\/Notibras","https:\/\/www.instagram.com\/notibras\/"]},{"@type":"Person","@id":"https:\/\/www.notibras.com\/site\/#\/schema\/person\/36ab0979449956132d3e5b517ea76ac8","name":"Reda\u00e7\u00e3o","image":{"@type":"ImageObject","inLanguage":"pt-BR","@id":"https:\/\/secure.gravatar.com\/avatar\/e0a867bdedb85fd243eadf09663511f96fc81e0720a4a42581f334ad4303aa6b?s=96&d=mm&r=g","url":"https:\/\/secure.gravatar.com\/avatar\/e0a867bdedb85fd243eadf09663511f96fc81e0720a4a42581f334ad4303aa6b?s=96&d=mm&r=g","contentUrl":"https:\/\/secure.gravatar.com\/avatar\/e0a867bdedb85fd243eadf09663511f96fc81e0720a4a42581f334ad4303aa6b?s=96&d=mm&r=g","caption":"Reda\u00e7\u00e3o"}}]}},"amp_enabled":true,"_links":{"self":[{"href":"https:\/\/www.notibras.com\/site\/wp-json\/wp\/v2\/posts\/302188","targetHints":{"allow":["GET"]}}],"collection":[{"href":"https:\/\/www.notibras.com\/site\/wp-json\/wp\/v2\/posts"}],"about":[{"href":"https:\/\/www.notibras.com\/site\/wp-json\/wp\/v2\/types\/post"}],"author":[{"embeddable":true,"href":"https:\/\/www.notibras.com\/site\/wp-json\/wp\/v2\/users\/2"}],"replies":[{"embeddable":true,"href":"https:\/\/www.notibras.com\/site\/wp-json\/wp\/v2\/comments?post=302188"}],"version-history":[{"count":1,"href":"https:\/\/www.notibras.com\/site\/wp-json\/wp\/v2\/posts\/302188\/revisions"}],"predecessor-version":[{"id":302190,"href":"https:\/\/www.notibras.com\/site\/wp-json\/wp\/v2\/posts\/302188\/revisions\/302190"}],"wp:featuredmedia":[{"embeddable":true,"href":"https:\/\/www.notibras.com\/site\/wp-json\/wp\/v2\/media\/302189"}],"wp:attachment":[{"href":"https:\/\/www.notibras.com\/site\/wp-json\/wp\/v2\/media?parent=302188"}],"wp:term":[{"taxonomy":"category","embeddable":true,"href":"https:\/\/www.notibras.com\/site\/wp-json\/wp\/v2\/categories?post=302188"},{"taxonomy":"post_tag","embeddable":true,"href":"https:\/\/www.notibras.com\/site\/wp-json\/wp\/v2\/tags?post=302188"}],"curies":[{"name":"wp","href":"https:\/\/api.w.org\/{rel}","templated":true}]}}