{"id":302191,"date":"2023-04-03T06:49:54","date_gmt":"2023-04-03T09:49:54","guid":{"rendered":"https:\/\/www.notibras.com\/site\/?p=302191"},"modified":"2023-04-03T10:52:34","modified_gmt":"2023-04-03T13:52:34","slug":"mais-de-60-especies-colorem-o-df-o-ano-inteiro","status":"publish","type":"post","link":"https:\/\/www.notibras.com\/site\/mais-de-60-especies-colorem-o-df-o-ano-inteiro\/","title":{"rendered":"Mais de 60 esp\u00e9cies colorem o DF o ano inteiro"},"content":{"rendered":"<p>Independentemente da \u00e9poca do ano, ip\u00eas, flamboyants, paineiras, quaresmeiras, cambu\u00eds, magn\u00f3lias, entre outras tantas \u00e1rvores, colorem o Distrito Federal. S\u00e3o mais de 60 esp\u00e9cies que d\u00e3o flores, desenvolvidas e cultivadas pelo Departamento de Parques e Jardins da Companhia Urbanizadora da Nova Capital (Novacap).<\/p>\n<p>Diante tanta variedade, para o brasiliense, todo dia \u00e9 dia de flor. O ano come\u00e7a com a florada amarelo-alaranjada do cambu\u00ed, em janeiro, acompanhada de outras esp\u00e9cies, t\u00e3o coloridas quanto, como ing\u00e1-mirim, ing\u00e1-colar, jacarand\u00e1 cabi\u00fana, pau-jacar\u00e9, jenipapo, magn\u00f3lia e segaw\u00ea \u2013 tamb\u00e9m conhecida como tento.<\/p>\n<p>No m\u00eas da folia carnavalesca, a cidade tamb\u00e9m \u00e9 ornamentada pela natureza. Em fevereiro, as tonalidades de cor-de-rosa mais clara ou mais escura das paineiras come\u00e7am a aparecer e perduram at\u00e9 meados de junho. Tamb\u00e9m no segundo m\u00eas do ano, florescem os exemplares de araticum, jambol\u00e3o, palmeira-buriti, palmeira-guariroba, palmeira-jeriv\u00e1-a\u00e7u e pombeiro, em diferentes cores e formatos.<\/p>\n<p>Em mar\u00e7o, a festa continua com a florada rosa da bau\u00ednia, tamb\u00e9m conhecida como pata-de-vaca, com o vermelho dos chich\u00e1s e com o amarelo das lanterneiras. J\u00e1 neste m\u00eas, que marca o anivers\u00e1rio de Bras\u00edlia, um presente para a popula\u00e7\u00e3o vem com o lil\u00e1s e o roxo das quaresmeiras.<\/p>\n<p><strong>Os ip\u00eas<\/strong><br \/>\nJunho, por sua vez, traz a temporada dos ip\u00eas, o cart\u00e3o-postal da capital federal. O primeiro a aparecer \u00e9 o ip\u00ea-roxo, acompanhado pela beleza lil\u00e1s do jacarand\u00e1-mimoso, que floresce no mesmo m\u00eas. Em julho, agosto e setembro, as flores dos ip\u00eas amarelo, rosa e branco completam o arco-\u00edris brasiliense, que segue na cidade at\u00e9 outubro.<\/p>\n<p>Outras flores tamb\u00e9m s\u00e3o exibidas no d\u00e9cimo m\u00eas do ano. Os tons de vermelho do flamboyant e do jequitib\u00e1-vermelho decoram cal\u00e7adas e pistas por todo o DF, junto ao amarelo e ao cor-de-rosa do sibipiruna e do jequitib\u00e1-rosa, respectivamente.<\/p>\n<p>Em novembro, florescem os exemplares de carvoeiro e oiti \u2013 ambos nativos do cerrado. E, por fim, em dezembro, mais um mix de cores desponta no DF, trazido pela florada de aroeira-vermelha, cambu\u00ed, cl\u00fasia rosa e voqu\u00edsia.<\/p>\n<p><strong>Planejamento e seguran\u00e7a<\/strong><br \/>\nO plantio e manuten\u00e7\u00e3o de cada \u00e1rvore \u00e9 de responsabilidade do Departamento de Parques e Jardins (DPJ) da Companhia Urbanizadora da Nova Capital (Novacap). \u201cEfetuamos o programa anual de arboriza\u00e7\u00e3o, atendendo a todas as regi\u00f5es administrativas. Temos mais de 5,5 milh\u00f5es de \u00e1rvores em todo DF\u201d, explica o diretor do DPJ, Raimundo Silva. A regi\u00e3o com maior concentra\u00e7\u00e3o arb\u00f3rea \u00e9 o Plano Piloto.<\/p>\n<p>As \u00e1rvores s\u00e3o desenvolvidas no Viveiro 2 da Novacap, no Setor de Oficinas Norte, e passam por pesquisas e experimentos agron\u00f4micos. Respons\u00e1vel pelo viveiro, a chefe da Divis\u00e3o de Agronomia do DPJ, Janaina Gonz\u00e1les, explica que, fisiologicamente, todas as \u00e1rvores d\u00e3o flores, mas algumas se destacam devido \u00e0s caracter\u00edsticas dos ornamentos.<\/p>\n<p>\u201cToda flora\u00e7\u00e3o \u00e9 para desenvolver os frutos, faz parte da reprodu\u00e7\u00e3o das \u00e1rvores \u2013 s\u00f3 que algumas esp\u00e9cies se destacam pela exuber\u00e2ncia das flores, pela densidade, quantidade, tamanho, colora\u00e7\u00e3o\u201d, afirma Jana\u00edna.<\/p>\n","protected":false},"excerpt":{"rendered":"<p>Independentemente da \u00e9poca do ano, ip\u00eas, flamboyants, paineiras, quaresmeiras, cambu\u00eds, magn\u00f3lias, entre outras tantas \u00e1rvores, colorem o Distrito Federal. S\u00e3o mais de 60 esp\u00e9cies que d\u00e3o flores, desenvolvidas e cultivadas pelo Departamento de Parques e Jardins da Companhia Urbanizadora da Nova Capital (Novacap). Diante tanta variedade, para o brasiliense, todo dia \u00e9 dia de flor. [&hellip;]<\/p>\n","protected":false},"author":2,"featured_media":302192,"comment_status":"closed","ping_status":"closed","sticky":false,"template":"","format":"standard","meta":{"_acf_changed":false,"footnotes":""},"categories":[161],"tags":[],"class_list":["post-302191","post","type-post","status-publish","format-standard","has-post-thumbnail","hentry","category-quadradinho-em-foco"],"acf":[],"yoast_head":"<!-- This site is optimized with the Yoast SEO plugin v27.2 - https:\/\/yoast.com\/product\/yoast-seo-wordpress\/ -->\n<title>Mais de 60 esp\u00e9cies colorem o DF o ano inteiro - Notibras<\/title>\n<meta name=\"robots\" content=\"index, follow, max-snippet:-1, max-image-preview:large, max-video-preview:-1\" \/>\n<link rel=\"canonical\" href=\"https:\/\/www.notibras.com\/site\/mais-de-60-especies-colorem-o-df-o-ano-inteiro\/\" \/>\n<meta property=\"og:locale\" content=\"pt_BR\" \/>\n<meta property=\"og:type\" content=\"article\" \/>\n<meta property=\"og:title\" content=\"Mais de 60 esp\u00e9cies colorem o DF o ano inteiro - Notibras\" \/>\n<meta property=\"og:description\" content=\"Independentemente da \u00e9poca do ano, ip\u00eas, flamboyants, paineiras, quaresmeiras, cambu\u00eds, magn\u00f3lias, entre outras tantas \u00e1rvores, colorem o Distrito Federal. S\u00e3o mais de 60 esp\u00e9cies que d\u00e3o flores, desenvolvidas e cultivadas pelo Departamento de Parques e Jardins da Companhia Urbanizadora da Nova Capital (Novacap). Diante tanta variedade, para o brasiliense, todo dia \u00e9 dia de flor. [&hellip;]\" \/>\n<meta property=\"og:url\" content=\"https:\/\/www.notibras.com\/site\/mais-de-60-especies-colorem-o-df-o-ano-inteiro\/\" \/>\n<meta property=\"og:site_name\" content=\"Notibras\" \/>\n<meta property=\"article:publisher\" content=\"https:\/\/www.facebook.com\/notibras\/\" \/>\n<meta property=\"article:published_time\" content=\"2023-04-03T09:49:54+00:00\" \/>\n<meta property=\"article:modified_time\" content=\"2023-04-03T13:52:34+00:00\" \/>\n<meta property=\"og:image\" content=\"https:\/\/www.notibras.com\/site\/wp-content\/uploads\/2023\/04\/1o.4.-MATERIA-ARVORES.-Paineira-Rosa.-Foto-Paulo-H-Carvalho-1-2048x1360-1-1536x1020-1.jpg\" \/>\n\t<meta property=\"og:image:width\" content=\"1536\" \/>\n\t<meta property=\"og:image:height\" content=\"1020\" \/>\n\t<meta property=\"og:image:type\" content=\"image\/jpeg\" \/>\n<meta name=\"author\" content=\"Reda\u00e7\u00e3o\" \/>\n<meta name=\"twitter:card\" content=\"summary_large_image\" \/>\n<meta name=\"twitter:creator\" content=\"@Notibras\" \/>\n<meta name=\"twitter:site\" content=\"@Notibras\" \/>\n<meta name=\"twitter:label1\" content=\"Escrito por\" \/>\n\t<meta name=\"twitter:data1\" content=\"Reda\u00e7\u00e3o\" \/>\n\t<meta name=\"twitter:label2\" content=\"Est. tempo de leitura\" \/>\n\t<meta name=\"twitter:data2\" content=\"3 minutos\" \/>\n<script type=\"application\/ld+json\" class=\"yoast-schema-graph\">{\"@context\":\"https:\/\/schema.org\",\"@graph\":[{\"@type\":\"Article\",\"@id\":\"https:\/\/www.notibras.com\/site\/mais-de-60-especies-colorem-o-df-o-ano-inteiro\/#article\",\"isPartOf\":{\"@id\":\"https:\/\/www.notibras.com\/site\/mais-de-60-especies-colorem-o-df-o-ano-inteiro\/\"},\"author\":{\"name\":\"Reda\u00e7\u00e3o\",\"@id\":\"https:\/\/www.notibras.com\/site\/#\/schema\/person\/36ab0979449956132d3e5b517ea76ac8\"},\"headline\":\"Mais de 60 esp\u00e9cies colorem o DF o ano inteiro\",\"datePublished\":\"2023-04-03T09:49:54+00:00\",\"dateModified\":\"2023-04-03T13:52:34+00:00\",\"mainEntityOfPage\":{\"@id\":\"https:\/\/www.notibras.com\/site\/mais-de-60-especies-colorem-o-df-o-ano-inteiro\/\"},\"wordCount\":542,\"publisher\":{\"@id\":\"https:\/\/www.notibras.com\/site\/#organization\"},\"image\":{\"@id\":\"https:\/\/www.notibras.com\/site\/mais-de-60-especies-colorem-o-df-o-ano-inteiro\/#primaryimage\"},\"thumbnailUrl\":\"https:\/\/www.notibras.com\/site\/wp-content\/uploads\/2023\/04\/1o.4.-MATERIA-ARVORES.-Paineira-Rosa.-Foto-Paulo-H-Carvalho-1-2048x1360-1-1536x1020-1.jpg\",\"articleSection\":[\"Quadradinho em Foco\"],\"inLanguage\":\"pt-BR\"},{\"@type\":\"WebPage\",\"@id\":\"https:\/\/www.notibras.com\/site\/mais-de-60-especies-colorem-o-df-o-ano-inteiro\/\",\"url\":\"https:\/\/www.notibras.com\/site\/mais-de-60-especies-colorem-o-df-o-ano-inteiro\/\",\"name\":\"Mais de 60 esp\u00e9cies colorem o DF o ano inteiro - Notibras\",\"isPartOf\":{\"@id\":\"https:\/\/www.notibras.com\/site\/#website\"},\"primaryImageOfPage\":{\"@id\":\"https:\/\/www.notibras.com\/site\/mais-de-60-especies-colorem-o-df-o-ano-inteiro\/#primaryimage\"},\"image\":{\"@id\":\"https:\/\/www.notibras.com\/site\/mais-de-60-especies-colorem-o-df-o-ano-inteiro\/#primaryimage\"},\"thumbnailUrl\":\"https:\/\/www.notibras.com\/site\/wp-content\/uploads\/2023\/04\/1o.4.-MATERIA-ARVORES.-Paineira-Rosa.-Foto-Paulo-H-Carvalho-1-2048x1360-1-1536x1020-1.jpg\",\"datePublished\":\"2023-04-03T09:49:54+00:00\",\"dateModified\":\"2023-04-03T13:52:34+00:00\",\"breadcrumb\":{\"@id\":\"https:\/\/www.notibras.com\/site\/mais-de-60-especies-colorem-o-df-o-ano-inteiro\/#breadcrumb\"},\"inLanguage\":\"pt-BR\",\"potentialAction\":[{\"@type\":\"ReadAction\",\"target\":[\"https:\/\/www.notibras.com\/site\/mais-de-60-especies-colorem-o-df-o-ano-inteiro\/\"]}]},{\"@type\":\"ImageObject\",\"inLanguage\":\"pt-BR\",\"@id\":\"https:\/\/www.notibras.com\/site\/mais-de-60-especies-colorem-o-df-o-ano-inteiro\/#primaryimage\",\"url\":\"https:\/\/www.notibras.com\/site\/wp-content\/uploads\/2023\/04\/1o.4.-MATERIA-ARVORES.-Paineira-Rosa.-Foto-Paulo-H-Carvalho-1-2048x1360-1-1536x1020-1.jpg\",\"contentUrl\":\"https:\/\/www.notibras.com\/site\/wp-content\/uploads\/2023\/04\/1o.4.-MATERIA-ARVORES.-Paineira-Rosa.-Foto-Paulo-H-Carvalho-1-2048x1360-1-1536x1020-1.jpg\",\"width\":1536,\"height\":1020},{\"@type\":\"BreadcrumbList\",\"@id\":\"https:\/\/www.notibras.com\/site\/mais-de-60-especies-colorem-o-df-o-ano-inteiro\/#breadcrumb\",\"itemListElement\":[{\"@type\":\"ListItem\",\"position\":1,\"name\":\"In\u00edcio\",\"item\":\"https:\/\/www.notibras.com\/site\/\"},{\"@type\":\"ListItem\",\"position\":2,\"name\":\"Mais de 60 esp\u00e9cies colorem o DF o ano inteiro\"}]},{\"@type\":\"WebSite\",\"@id\":\"https:\/\/www.notibras.com\/site\/#website\",\"url\":\"https:\/\/www.notibras.com\/site\/\",\"name\":\"Notibras\",\"description\":\"Not\u00edcias de Bras\u00edlia, do Brasil e do Mundo\",\"publisher\":{\"@id\":\"https:\/\/www.notibras.com\/site\/#organization\"},\"potentialAction\":[{\"@type\":\"SearchAction\",\"target\":{\"@type\":\"EntryPoint\",\"urlTemplate\":\"https:\/\/www.notibras.com\/site\/?s={search_term_string}\"},\"query-input\":{\"@type\":\"PropertyValueSpecification\",\"valueRequired\":true,\"valueName\":\"search_term_string\"}}],\"inLanguage\":\"pt-BR\"},{\"@type\":\"Organization\",\"@id\":\"https:\/\/www.notibras.com\/site\/#organization\",\"name\":\"Grupo Notibras de Comunica\u00e7\u00e3o\",\"url\":\"https:\/\/www.notibras.com\/site\/\",\"logo\":{\"@type\":\"ImageObject\",\"inLanguage\":\"pt-BR\",\"@id\":\"https:\/\/www.notibras.com\/site\/#\/schema\/logo\/image\/\",\"url\":\"https:\/\/www.notibras.com\/site\/wp-content\/uploads\/2023\/01\/notibras23.png\",\"contentUrl\":\"https:\/\/www.notibras.com\/site\/wp-content\/uploads\/2023\/01\/notibras23.png\",\"width\":350,\"height\":87,\"caption\":\"Grupo Notibras de Comunica\u00e7\u00e3o\"},\"image\":{\"@id\":\"https:\/\/www.notibras.com\/site\/#\/schema\/logo\/image\/\"},\"sameAs\":[\"https:\/\/www.facebook.com\/notibras\/\",\"https:\/\/x.com\/Notibras\",\"https:\/\/www.instagram.com\/notibras\/\"]},{\"@type\":\"Person\",\"@id\":\"https:\/\/www.notibras.com\/site\/#\/schema\/person\/36ab0979449956132d3e5b517ea76ac8\",\"name\":\"Reda\u00e7\u00e3o\",\"image\":{\"@type\":\"ImageObject\",\"inLanguage\":\"pt-BR\",\"@id\":\"https:\/\/secure.gravatar.com\/avatar\/e0a867bdedb85fd243eadf09663511f96fc81e0720a4a42581f334ad4303aa6b?s=96&d=mm&r=g\",\"url\":\"https:\/\/secure.gravatar.com\/avatar\/e0a867bdedb85fd243eadf09663511f96fc81e0720a4a42581f334ad4303aa6b?s=96&d=mm&r=g\",\"contentUrl\":\"https:\/\/secure.gravatar.com\/avatar\/e0a867bdedb85fd243eadf09663511f96fc81e0720a4a42581f334ad4303aa6b?s=96&d=mm&r=g\",\"caption\":\"Reda\u00e7\u00e3o\"}}]}<\/script>\n<!-- \/ Yoast SEO plugin. -->","yoast_head_json":{"title":"Mais de 60 esp\u00e9cies colorem o DF o ano inteiro - Notibras","robots":{"index":"index","follow":"follow","max-snippet":"max-snippet:-1","max-image-preview":"max-image-preview:large","max-video-preview":"max-video-preview:-1"},"canonical":"https:\/\/www.notibras.com\/site\/mais-de-60-especies-colorem-o-df-o-ano-inteiro\/","og_locale":"pt_BR","og_type":"article","og_title":"Mais de 60 esp\u00e9cies colorem o DF o ano inteiro - Notibras","og_description":"Independentemente da \u00e9poca do ano, ip\u00eas, flamboyants, paineiras, quaresmeiras, cambu\u00eds, magn\u00f3lias, entre outras tantas \u00e1rvores, colorem o Distrito Federal. S\u00e3o mais de 60 esp\u00e9cies que d\u00e3o flores, desenvolvidas e cultivadas pelo Departamento de Parques e Jardins da Companhia Urbanizadora da Nova Capital (Novacap). Diante tanta variedade, para o brasiliense, todo dia \u00e9 dia de flor. [&hellip;]","og_url":"https:\/\/www.notibras.com\/site\/mais-de-60-especies-colorem-o-df-o-ano-inteiro\/","og_site_name":"Notibras","article_publisher":"https:\/\/www.facebook.com\/notibras\/","article_published_time":"2023-04-03T09:49:54+00:00","article_modified_time":"2023-04-03T13:52:34+00:00","og_image":[{"width":1536,"height":1020,"url":"https:\/\/www.notibras.com\/site\/wp-content\/uploads\/2023\/04\/1o.4.-MATERIA-ARVORES.-Paineira-Rosa.-Foto-Paulo-H-Carvalho-1-2048x1360-1-1536x1020-1.jpg","type":"image\/jpeg"}],"author":"Reda\u00e7\u00e3o","twitter_card":"summary_large_image","twitter_creator":"@Notibras","twitter_site":"@Notibras","twitter_misc":{"Escrito por":"Reda\u00e7\u00e3o","Est. tempo de leitura":"3 minutos"},"schema":{"@context":"https:\/\/schema.org","@graph":[{"@type":"Article","@id":"https:\/\/www.notibras.com\/site\/mais-de-60-especies-colorem-o-df-o-ano-inteiro\/#article","isPartOf":{"@id":"https:\/\/www.notibras.com\/site\/mais-de-60-especies-colorem-o-df-o-ano-inteiro\/"},"author":{"name":"Reda\u00e7\u00e3o","@id":"https:\/\/www.notibras.com\/site\/#\/schema\/person\/36ab0979449956132d3e5b517ea76ac8"},"headline":"Mais de 60 esp\u00e9cies colorem o DF o ano inteiro","datePublished":"2023-04-03T09:49:54+00:00","dateModified":"2023-04-03T13:52:34+00:00","mainEntityOfPage":{"@id":"https:\/\/www.notibras.com\/site\/mais-de-60-especies-colorem-o-df-o-ano-inteiro\/"},"wordCount":542,"publisher":{"@id":"https:\/\/www.notibras.com\/site\/#organization"},"image":{"@id":"https:\/\/www.notibras.com\/site\/mais-de-60-especies-colorem-o-df-o-ano-inteiro\/#primaryimage"},"thumbnailUrl":"https:\/\/www.notibras.com\/site\/wp-content\/uploads\/2023\/04\/1o.4.-MATERIA-ARVORES.-Paineira-Rosa.-Foto-Paulo-H-Carvalho-1-2048x1360-1-1536x1020-1.jpg","articleSection":["Quadradinho em Foco"],"inLanguage":"pt-BR"},{"@type":"WebPage","@id":"https:\/\/www.notibras.com\/site\/mais-de-60-especies-colorem-o-df-o-ano-inteiro\/","url":"https:\/\/www.notibras.com\/site\/mais-de-60-especies-colorem-o-df-o-ano-inteiro\/","name":"Mais de 60 esp\u00e9cies colorem o DF o ano inteiro - Notibras","isPartOf":{"@id":"https:\/\/www.notibras.com\/site\/#website"},"primaryImageOfPage":{"@id":"https:\/\/www.notibras.com\/site\/mais-de-60-especies-colorem-o-df-o-ano-inteiro\/#primaryimage"},"image":{"@id":"https:\/\/www.notibras.com\/site\/mais-de-60-especies-colorem-o-df-o-ano-inteiro\/#primaryimage"},"thumbnailUrl":"https:\/\/www.notibras.com\/site\/wp-content\/uploads\/2023\/04\/1o.4.-MATERIA-ARVORES.-Paineira-Rosa.-Foto-Paulo-H-Carvalho-1-2048x1360-1-1536x1020-1.jpg","datePublished":"2023-04-03T09:49:54+00:00","dateModified":"2023-04-03T13:52:34+00:00","breadcrumb":{"@id":"https:\/\/www.notibras.com\/site\/mais-de-60-especies-colorem-o-df-o-ano-inteiro\/#breadcrumb"},"inLanguage":"pt-BR","potentialAction":[{"@type":"ReadAction","target":["https:\/\/www.notibras.com\/site\/mais-de-60-especies-colorem-o-df-o-ano-inteiro\/"]}]},{"@type":"ImageObject","inLanguage":"pt-BR","@id":"https:\/\/www.notibras.com\/site\/mais-de-60-especies-colorem-o-df-o-ano-inteiro\/#primaryimage","url":"https:\/\/www.notibras.com\/site\/wp-content\/uploads\/2023\/04\/1o.4.-MATERIA-ARVORES.-Paineira-Rosa.-Foto-Paulo-H-Carvalho-1-2048x1360-1-1536x1020-1.jpg","contentUrl":"https:\/\/www.notibras.com\/site\/wp-content\/uploads\/2023\/04\/1o.4.-MATERIA-ARVORES.-Paineira-Rosa.-Foto-Paulo-H-Carvalho-1-2048x1360-1-1536x1020-1.jpg","width":1536,"height":1020},{"@type":"BreadcrumbList","@id":"https:\/\/www.notibras.com\/site\/mais-de-60-especies-colorem-o-df-o-ano-inteiro\/#breadcrumb","itemListElement":[{"@type":"ListItem","position":1,"name":"In\u00edcio","item":"https:\/\/www.notibras.com\/site\/"},{"@type":"ListItem","position":2,"name":"Mais de 60 esp\u00e9cies colorem o DF o ano inteiro"}]},{"@type":"WebSite","@id":"https:\/\/www.notibras.com\/site\/#website","url":"https:\/\/www.notibras.com\/site\/","name":"Notibras","description":"Not\u00edcias de Bras\u00edlia, do Brasil e do Mundo","publisher":{"@id":"https:\/\/www.notibras.com\/site\/#organization"},"potentialAction":[{"@type":"SearchAction","target":{"@type":"EntryPoint","urlTemplate":"https:\/\/www.notibras.com\/site\/?s={search_term_string}"},"query-input":{"@type":"PropertyValueSpecification","valueRequired":true,"valueName":"search_term_string"}}],"inLanguage":"pt-BR"},{"@type":"Organization","@id":"https:\/\/www.notibras.com\/site\/#organization","name":"Grupo Notibras de Comunica\u00e7\u00e3o","url":"https:\/\/www.notibras.com\/site\/","logo":{"@type":"ImageObject","inLanguage":"pt-BR","@id":"https:\/\/www.notibras.com\/site\/#\/schema\/logo\/image\/","url":"https:\/\/www.notibras.com\/site\/wp-content\/uploads\/2023\/01\/notibras23.png","contentUrl":"https:\/\/www.notibras.com\/site\/wp-content\/uploads\/2023\/01\/notibras23.png","width":350,"height":87,"caption":"Grupo Notibras de Comunica\u00e7\u00e3o"},"image":{"@id":"https:\/\/www.notibras.com\/site\/#\/schema\/logo\/image\/"},"sameAs":["https:\/\/www.facebook.com\/notibras\/","https:\/\/x.com\/Notibras","https:\/\/www.instagram.com\/notibras\/"]},{"@type":"Person","@id":"https:\/\/www.notibras.com\/site\/#\/schema\/person\/36ab0979449956132d3e5b517ea76ac8","name":"Reda\u00e7\u00e3o","image":{"@type":"ImageObject","inLanguage":"pt-BR","@id":"https:\/\/secure.gravatar.com\/avatar\/e0a867bdedb85fd243eadf09663511f96fc81e0720a4a42581f334ad4303aa6b?s=96&d=mm&r=g","url":"https:\/\/secure.gravatar.com\/avatar\/e0a867bdedb85fd243eadf09663511f96fc81e0720a4a42581f334ad4303aa6b?s=96&d=mm&r=g","contentUrl":"https:\/\/secure.gravatar.com\/avatar\/e0a867bdedb85fd243eadf09663511f96fc81e0720a4a42581f334ad4303aa6b?s=96&d=mm&r=g","caption":"Reda\u00e7\u00e3o"}}]}},"amp_enabled":true,"_links":{"self":[{"href":"https:\/\/www.notibras.com\/site\/wp-json\/wp\/v2\/posts\/302191","targetHints":{"allow":["GET"]}}],"collection":[{"href":"https:\/\/www.notibras.com\/site\/wp-json\/wp\/v2\/posts"}],"about":[{"href":"https:\/\/www.notibras.com\/site\/wp-json\/wp\/v2\/types\/post"}],"author":[{"embeddable":true,"href":"https:\/\/www.notibras.com\/site\/wp-json\/wp\/v2\/users\/2"}],"replies":[{"embeddable":true,"href":"https:\/\/www.notibras.com\/site\/wp-json\/wp\/v2\/comments?post=302191"}],"version-history":[{"count":1,"href":"https:\/\/www.notibras.com\/site\/wp-json\/wp\/v2\/posts\/302191\/revisions"}],"predecessor-version":[{"id":302193,"href":"https:\/\/www.notibras.com\/site\/wp-json\/wp\/v2\/posts\/302191\/revisions\/302193"}],"wp:featuredmedia":[{"embeddable":true,"href":"https:\/\/www.notibras.com\/site\/wp-json\/wp\/v2\/media\/302192"}],"wp:attachment":[{"href":"https:\/\/www.notibras.com\/site\/wp-json\/wp\/v2\/media?parent=302191"}],"wp:term":[{"taxonomy":"category","embeddable":true,"href":"https:\/\/www.notibras.com\/site\/wp-json\/wp\/v2\/categories?post=302191"},{"taxonomy":"post_tag","embeddable":true,"href":"https:\/\/www.notibras.com\/site\/wp-json\/wp\/v2\/tags?post=302191"}],"curies":[{"name":"wp","href":"https:\/\/api.w.org\/{rel}","templated":true}]}}