{"id":302283,"date":"2023-04-04T08:35:01","date_gmt":"2023-04-04T11:35:01","guid":{"rendered":"https:\/\/www.notibras.com\/site\/?p=302283"},"modified":"2023-04-04T08:58:39","modified_gmt":"2023-04-04T11:58:39","slug":"buriti-fecha-centro-de-brasilia-depois-da-porta-arrombada","status":"publish","type":"post","link":"https:\/\/www.notibras.com\/site\/buriti-fecha-centro-de-brasilia-depois-da-porta-arrombada\/","title":{"rendered":"Buriti fecha centro de Bras\u00edlia depois da porta arrombada"},"content":{"rendered":"<p>A zona c\u00edvico-administrativa, que compreende a regi\u00e3o central de Bras\u00edlia, passa a ser considerada \u00c1rea de Seguran\u00e7a Especial (ASE). Com isso, toda reuni\u00e3o ou manifesta\u00e7\u00e3o a ser realizada na localidade dever\u00e1 ser informada e cadastrada junto \u00e0 Secretaria de Seguran\u00e7a P\u00fablica de forma presencial ou online.<\/p>\n<p>A medida visa a prote\u00e7\u00e3o das pessoas, dos espa\u00e7os destinados aos principais \u00f3rg\u00e3os do governo federal e local, al\u00e9m da garantia da mobilidade urbana. Al\u00e9m disso, alguns dos edif\u00edcios e pra\u00e7as comp\u00f5em o Conjunto Urban\u00edstico de Bras\u00edlia (CUB), tombado pelos governos distrital e federal e que s\u00e3o inscritos na Lista do Patrim\u00f4nio Mundial pela Organiza\u00e7\u00e3o das Na\u00e7\u00f5es Unidas para a Educa\u00e7\u00e3o, a Ci\u00eancia e a Cultura (Unesco), e necessitam de preserva\u00e7\u00e3o.<\/p>\n<p>\u201cRealizar qualquer tipo de manifesta\u00e7\u00e3o \u00e9 um direito fundamental e expresso na Constitui\u00e7\u00e3o Federal, e isso ser\u00e1 expressamente garantido. O que estamos fazendo \u00e9 um ajuste para melhor prote\u00e7\u00e3o dos pr\u00e9dios p\u00fablicos, para possibilitar melhor organiza\u00e7\u00e3o das for\u00e7as de seguran\u00e7a e para assegurar a ordem p\u00fablica, a integridade dos manifestantes, do patrim\u00f4nio p\u00fablico e, tamb\u00e9m, garantir a mobilidade urbana\u201d, ressalta o secret\u00e1rio de Seguran\u00e7a P\u00fablica, Sandro Avelar.<\/p>\n<p>A ASE compreende as seguintes \u00e1reas e setores: Esplanada dos Minist\u00e9rios, Eixo Monumental, eixos rodovi\u00e1rios Sul e Norte, Esplanada da Torre, Plataforma Rodovi\u00e1ria, pra\u00e7as do Buriti e dos Tr\u00eas Poderes, setores culturais Norte e Sul, Setor de Divulga\u00e7\u00e3o Cultural \u2013 espa\u00e7o entre a Torre de TV e o Centro de Conven\u00e7\u00f5es -, e Setor do Pal\u00e1cio Presidencial, que compreende os pal\u00e1cios da Alvorada e Jaburu.<\/p>\n<p>A realiza\u00e7\u00e3o de reuni\u00f5es e manifesta\u00e7\u00f5es p\u00fablicas na ASE dever\u00e1 ser comunicada previamente \u00e0 Secretaria de Seguran\u00e7a P\u00fablica do Distrito Federal, com anteced\u00eancia m\u00ednima de cinco dias \u00fateis da data prevista para o ato p\u00fablico. O prazo m\u00ednimo estabelecido considera as particularidades da regi\u00e3o e o tempo para elaborar o planejamento de a\u00e7\u00f5es integradas entre os \u00f3rg\u00e3os que precisam atuar na opera\u00e7\u00e3o.<\/p>\n<p>A manifesta\u00e7\u00e3o ou reuni\u00e3o p\u00fablica poder\u00e1 n\u00e3o ocorrer naqueles casos em que houver conflito com outra reuni\u00e3o marcada para o mesmo dia, mesmo local \u2013 como j\u00e1 previsto na Constitui\u00e7\u00e3o Federal -, quando houver risco \u00e0 preserva\u00e7\u00e3o da ordem p\u00fablica, seguran\u00e7a de pessoas e do patrim\u00f4nio. Ser\u00e3o requisitos a preced\u00eancia da comunica\u00e7\u00e3o pr\u00e9via, as probabilidades de impactos para ordem p\u00fablica, especialmente para a seguran\u00e7a p\u00fablica e mobilidade urbana, previs\u00e3o de atividades c\u00edvicas, culturais e esportivas j\u00e1 licenciadas para o mesmo dia, em localidades pr\u00f3ximas no mesmo setor.<\/p>\n<p>Para pactuar essas quest\u00f5es, a SSP-DF poder\u00e1 convocar os organizadores ou respons\u00e1veis pela reuni\u00e3o ou manifesta\u00e7\u00e3o para alinhamento ou complemento de informa\u00e7\u00f5es, com o objetivo de viabilizar o interesse dos atos p\u00fablicos. As institui\u00e7\u00f5es, organiza\u00e7\u00f5es e ag\u00eancias (IOAs) que compreendem a opera\u00e7\u00e3o tamb\u00e9m poder\u00e3o ser convocadas. Esse tipo de reuni\u00e3o j\u00e1 \u00e9 feita em eventos previamente cadastrados ou informados.<\/p>\n<p>Tudo isso veio por meio de portaria do governo, que cria, ainda, no \u00e2mbito da SSP-DF, o Comit\u00ea T\u00e9cnico de Aprimoramento das Normas e Protocolos Relacionados \u00e0s Manifesta\u00e7\u00f5es P\u00fablicas (CTAMP), inst\u00e2ncia de natureza consultiva e propositiva para o aperfei\u00e7oamento das normas e protocolos relacionados \u00e0 atua\u00e7\u00e3o integrada dos \u00f3rg\u00e3os de seguran\u00e7a p\u00fablica e das IOAs em reuni\u00f5es e manifesta\u00e7\u00f5es p\u00fablicas no Distrito Federal.<\/p>\n<p>O CTAMP ser\u00e1 composto por um membro titular e o respectivo suplente, com poder de decis\u00e3o, indicados pelos dirigentes m\u00e1ximos dos seguintes \u00f3rg\u00e3os e entidade: SSP-DF, que o coordena o comit\u00ea, pol\u00edcias Civil (PCDF) e Militar do DF (PMDF), Corpo de Bombeiros Militar do Distrito Federal (CBMDF), Departamento de Tr\u00e2nsito (Detran-DF) e Casa Militar do Distrito Federal.<\/p>\n","protected":false},"excerpt":{"rendered":"<p>A zona c\u00edvico-administrativa, que compreende a regi\u00e3o central de Bras\u00edlia, passa a ser considerada \u00c1rea de Seguran\u00e7a Especial (ASE). Com isso, toda reuni\u00e3o ou manifesta\u00e7\u00e3o a ser realizada na localidade dever\u00e1 ser informada e cadastrada junto \u00e0 Secretaria de Seguran\u00e7a P\u00fablica de forma presencial ou online. A medida visa a prote\u00e7\u00e3o das pessoas, dos espa\u00e7os [&hellip;]<\/p>\n","protected":false},"author":2,"featured_media":302284,"comment_status":"closed","ping_status":"closed","sticky":false,"template":"","format":"standard","meta":{"_acf_changed":false,"footnotes":""},"categories":[1],"tags":[95],"class_list":["post-302283","post","type-post","status-publish","format-standard","has-post-thumbnail","hentry","category-brasilia","tag-capa"],"acf":[],"yoast_head":"<!-- This site is optimized with the Yoast SEO plugin v27.2 - https:\/\/yoast.com\/product\/yoast-seo-wordpress\/ -->\n<title>Buriti fecha centro de Bras\u00edlia depois da porta arrombada - Notibras<\/title>\n<meta name=\"robots\" content=\"index, follow, max-snippet:-1, max-image-preview:large, max-video-preview:-1\" \/>\n<link rel=\"canonical\" href=\"https:\/\/www.notibras.com\/site\/buriti-fecha-centro-de-brasilia-depois-da-porta-arrombada\/\" \/>\n<meta property=\"og:locale\" content=\"pt_BR\" \/>\n<meta property=\"og:type\" content=\"article\" \/>\n<meta property=\"og:title\" content=\"Buriti fecha centro de Bras\u00edlia depois da porta arrombada - Notibras\" \/>\n<meta property=\"og:description\" content=\"A zona c\u00edvico-administrativa, que compreende a regi\u00e3o central de Bras\u00edlia, passa a ser considerada \u00c1rea de Seguran\u00e7a Especial (ASE). Com isso, toda reuni\u00e3o ou manifesta\u00e7\u00e3o a ser realizada na localidade dever\u00e1 ser informada e cadastrada junto \u00e0 Secretaria de Seguran\u00e7a P\u00fablica de forma presencial ou online. A medida visa a prote\u00e7\u00e3o das pessoas, dos espa\u00e7os [&hellip;]\" \/>\n<meta property=\"og:url\" content=\"https:\/\/www.notibras.com\/site\/buriti-fecha-centro-de-brasilia-depois-da-porta-arrombada\/\" \/>\n<meta property=\"og:site_name\" content=\"Notibras\" \/>\n<meta property=\"article:publisher\" content=\"https:\/\/www.facebook.com\/notibras\/\" \/>\n<meta property=\"article:published_time\" content=\"2023-04-04T11:35:01+00:00\" \/>\n<meta property=\"article:modified_time\" content=\"2023-04-04T11:58:39+00:00\" \/>\n<meta property=\"og:image\" content=\"https:\/\/www.notibras.com\/site\/wp-content\/uploads\/2023\/04\/925581-_abr6627.jpg\" \/>\n\t<meta property=\"og:image:width\" content=\"770\" \/>\n\t<meta property=\"og:image:height\" content=\"513\" \/>\n\t<meta property=\"og:image:type\" content=\"image\/jpeg\" \/>\n<meta name=\"author\" content=\"Reda\u00e7\u00e3o\" \/>\n<meta name=\"twitter:card\" content=\"summary_large_image\" \/>\n<meta name=\"twitter:creator\" content=\"@Notibras\" \/>\n<meta name=\"twitter:site\" content=\"@Notibras\" \/>\n<meta name=\"twitter:label1\" content=\"Escrito por\" \/>\n\t<meta name=\"twitter:data1\" content=\"Reda\u00e7\u00e3o\" \/>\n\t<meta name=\"twitter:label2\" content=\"Est. tempo de leitura\" \/>\n\t<meta name=\"twitter:data2\" content=\"4 minutos\" \/>\n<script type=\"application\/ld+json\" class=\"yoast-schema-graph\">{\"@context\":\"https:\/\/schema.org\",\"@graph\":[{\"@type\":\"Article\",\"@id\":\"https:\/\/www.notibras.com\/site\/buriti-fecha-centro-de-brasilia-depois-da-porta-arrombada\/#article\",\"isPartOf\":{\"@id\":\"https:\/\/www.notibras.com\/site\/buriti-fecha-centro-de-brasilia-depois-da-porta-arrombada\/\"},\"author\":{\"name\":\"Reda\u00e7\u00e3o\",\"@id\":\"https:\/\/www.notibras.com\/site\/#\/schema\/person\/36ab0979449956132d3e5b517ea76ac8\"},\"headline\":\"Buriti fecha centro de Bras\u00edlia depois da porta arrombada\",\"datePublished\":\"2023-04-04T11:35:01+00:00\",\"dateModified\":\"2023-04-04T11:58:39+00:00\",\"mainEntityOfPage\":{\"@id\":\"https:\/\/www.notibras.com\/site\/buriti-fecha-centro-de-brasilia-depois-da-porta-arrombada\/\"},\"wordCount\":692,\"publisher\":{\"@id\":\"https:\/\/www.notibras.com\/site\/#organization\"},\"image\":{\"@id\":\"https:\/\/www.notibras.com\/site\/buriti-fecha-centro-de-brasilia-depois-da-porta-arrombada\/#primaryimage\"},\"thumbnailUrl\":\"https:\/\/www.notibras.com\/site\/wp-content\/uploads\/2023\/04\/925581-_abr6627.jpg\",\"keywords\":[\"capa\"],\"articleSection\":[\"Bras\u00edlia\"],\"inLanguage\":\"pt-BR\"},{\"@type\":\"WebPage\",\"@id\":\"https:\/\/www.notibras.com\/site\/buriti-fecha-centro-de-brasilia-depois-da-porta-arrombada\/\",\"url\":\"https:\/\/www.notibras.com\/site\/buriti-fecha-centro-de-brasilia-depois-da-porta-arrombada\/\",\"name\":\"Buriti fecha centro de Bras\u00edlia depois da porta arrombada - Notibras\",\"isPartOf\":{\"@id\":\"https:\/\/www.notibras.com\/site\/#website\"},\"primaryImageOfPage\":{\"@id\":\"https:\/\/www.notibras.com\/site\/buriti-fecha-centro-de-brasilia-depois-da-porta-arrombada\/#primaryimage\"},\"image\":{\"@id\":\"https:\/\/www.notibras.com\/site\/buriti-fecha-centro-de-brasilia-depois-da-porta-arrombada\/#primaryimage\"},\"thumbnailUrl\":\"https:\/\/www.notibras.com\/site\/wp-content\/uploads\/2023\/04\/925581-_abr6627.jpg\",\"datePublished\":\"2023-04-04T11:35:01+00:00\",\"dateModified\":\"2023-04-04T11:58:39+00:00\",\"breadcrumb\":{\"@id\":\"https:\/\/www.notibras.com\/site\/buriti-fecha-centro-de-brasilia-depois-da-porta-arrombada\/#breadcrumb\"},\"inLanguage\":\"pt-BR\",\"potentialAction\":[{\"@type\":\"ReadAction\",\"target\":[\"https:\/\/www.notibras.com\/site\/buriti-fecha-centro-de-brasilia-depois-da-porta-arrombada\/\"]}]},{\"@type\":\"ImageObject\",\"inLanguage\":\"pt-BR\",\"@id\":\"https:\/\/www.notibras.com\/site\/buriti-fecha-centro-de-brasilia-depois-da-porta-arrombada\/#primaryimage\",\"url\":\"https:\/\/www.notibras.com\/site\/wp-content\/uploads\/2023\/04\/925581-_abr6627.jpg\",\"contentUrl\":\"https:\/\/www.notibras.com\/site\/wp-content\/uploads\/2023\/04\/925581-_abr6627.jpg\",\"width\":770,\"height\":513,\"caption\":\"BRAS\u00cdLIA, DF, BRASIL, 03-08-2014, 10h00: O Ex\u00e9rcito Brasileiro realiza neste domingo (3), \u00e0s 10h, a tradicional cerim\u00f4nia c\u00edvico-militar de substitui\u00e7\u00e3o da Bandeira Nacional, na Pra\u00e7a dos Tr\u00eas Poderes. (Foto: Marcelo Camargo\/Ag\u00eancia Brasil)\"},{\"@type\":\"BreadcrumbList\",\"@id\":\"https:\/\/www.notibras.com\/site\/buriti-fecha-centro-de-brasilia-depois-da-porta-arrombada\/#breadcrumb\",\"itemListElement\":[{\"@type\":\"ListItem\",\"position\":1,\"name\":\"In\u00edcio\",\"item\":\"https:\/\/www.notibras.com\/site\/\"},{\"@type\":\"ListItem\",\"position\":2,\"name\":\"Buriti fecha centro de Bras\u00edlia depois da porta arrombada\"}]},{\"@type\":\"WebSite\",\"@id\":\"https:\/\/www.notibras.com\/site\/#website\",\"url\":\"https:\/\/www.notibras.com\/site\/\",\"name\":\"Notibras\",\"description\":\"Not\u00edcias de Bras\u00edlia, do Brasil e do Mundo\",\"publisher\":{\"@id\":\"https:\/\/www.notibras.com\/site\/#organization\"},\"potentialAction\":[{\"@type\":\"SearchAction\",\"target\":{\"@type\":\"EntryPoint\",\"urlTemplate\":\"https:\/\/www.notibras.com\/site\/?s={search_term_string}\"},\"query-input\":{\"@type\":\"PropertyValueSpecification\",\"valueRequired\":true,\"valueName\":\"search_term_string\"}}],\"inLanguage\":\"pt-BR\"},{\"@type\":\"Organization\",\"@id\":\"https:\/\/www.notibras.com\/site\/#organization\",\"name\":\"Grupo Notibras de Comunica\u00e7\u00e3o\",\"url\":\"https:\/\/www.notibras.com\/site\/\",\"logo\":{\"@type\":\"ImageObject\",\"inLanguage\":\"pt-BR\",\"@id\":\"https:\/\/www.notibras.com\/site\/#\/schema\/logo\/image\/\",\"url\":\"https:\/\/www.notibras.com\/site\/wp-content\/uploads\/2023\/01\/notibras23.png\",\"contentUrl\":\"https:\/\/www.notibras.com\/site\/wp-content\/uploads\/2023\/01\/notibras23.png\",\"width\":350,\"height\":87,\"caption\":\"Grupo Notibras de Comunica\u00e7\u00e3o\"},\"image\":{\"@id\":\"https:\/\/www.notibras.com\/site\/#\/schema\/logo\/image\/\"},\"sameAs\":[\"https:\/\/www.facebook.com\/notibras\/\",\"https:\/\/x.com\/Notibras\",\"https:\/\/www.instagram.com\/notibras\/\"]},{\"@type\":\"Person\",\"@id\":\"https:\/\/www.notibras.com\/site\/#\/schema\/person\/36ab0979449956132d3e5b517ea76ac8\",\"name\":\"Reda\u00e7\u00e3o\",\"image\":{\"@type\":\"ImageObject\",\"inLanguage\":\"pt-BR\",\"@id\":\"https:\/\/secure.gravatar.com\/avatar\/e0a867bdedb85fd243eadf09663511f96fc81e0720a4a42581f334ad4303aa6b?s=96&d=mm&r=g\",\"url\":\"https:\/\/secure.gravatar.com\/avatar\/e0a867bdedb85fd243eadf09663511f96fc81e0720a4a42581f334ad4303aa6b?s=96&d=mm&r=g\",\"contentUrl\":\"https:\/\/secure.gravatar.com\/avatar\/e0a867bdedb85fd243eadf09663511f96fc81e0720a4a42581f334ad4303aa6b?s=96&d=mm&r=g\",\"caption\":\"Reda\u00e7\u00e3o\"}}]}<\/script>\n<!-- \/ Yoast SEO plugin. -->","yoast_head_json":{"title":"Buriti fecha centro de Bras\u00edlia depois da porta arrombada - Notibras","robots":{"index":"index","follow":"follow","max-snippet":"max-snippet:-1","max-image-preview":"max-image-preview:large","max-video-preview":"max-video-preview:-1"},"canonical":"https:\/\/www.notibras.com\/site\/buriti-fecha-centro-de-brasilia-depois-da-porta-arrombada\/","og_locale":"pt_BR","og_type":"article","og_title":"Buriti fecha centro de Bras\u00edlia depois da porta arrombada - Notibras","og_description":"A zona c\u00edvico-administrativa, que compreende a regi\u00e3o central de Bras\u00edlia, passa a ser considerada \u00c1rea de Seguran\u00e7a Especial (ASE). Com isso, toda reuni\u00e3o ou manifesta\u00e7\u00e3o a ser realizada na localidade dever\u00e1 ser informada e cadastrada junto \u00e0 Secretaria de Seguran\u00e7a P\u00fablica de forma presencial ou online. A medida visa a prote\u00e7\u00e3o das pessoas, dos espa\u00e7os [&hellip;]","og_url":"https:\/\/www.notibras.com\/site\/buriti-fecha-centro-de-brasilia-depois-da-porta-arrombada\/","og_site_name":"Notibras","article_publisher":"https:\/\/www.facebook.com\/notibras\/","article_published_time":"2023-04-04T11:35:01+00:00","article_modified_time":"2023-04-04T11:58:39+00:00","og_image":[{"width":770,"height":513,"url":"https:\/\/www.notibras.com\/site\/wp-content\/uploads\/2023\/04\/925581-_abr6627.jpg","type":"image\/jpeg"}],"author":"Reda\u00e7\u00e3o","twitter_card":"summary_large_image","twitter_creator":"@Notibras","twitter_site":"@Notibras","twitter_misc":{"Escrito por":"Reda\u00e7\u00e3o","Est. tempo de leitura":"4 minutos"},"schema":{"@context":"https:\/\/schema.org","@graph":[{"@type":"Article","@id":"https:\/\/www.notibras.com\/site\/buriti-fecha-centro-de-brasilia-depois-da-porta-arrombada\/#article","isPartOf":{"@id":"https:\/\/www.notibras.com\/site\/buriti-fecha-centro-de-brasilia-depois-da-porta-arrombada\/"},"author":{"name":"Reda\u00e7\u00e3o","@id":"https:\/\/www.notibras.com\/site\/#\/schema\/person\/36ab0979449956132d3e5b517ea76ac8"},"headline":"Buriti fecha centro de Bras\u00edlia depois da porta arrombada","datePublished":"2023-04-04T11:35:01+00:00","dateModified":"2023-04-04T11:58:39+00:00","mainEntityOfPage":{"@id":"https:\/\/www.notibras.com\/site\/buriti-fecha-centro-de-brasilia-depois-da-porta-arrombada\/"},"wordCount":692,"publisher":{"@id":"https:\/\/www.notibras.com\/site\/#organization"},"image":{"@id":"https:\/\/www.notibras.com\/site\/buriti-fecha-centro-de-brasilia-depois-da-porta-arrombada\/#primaryimage"},"thumbnailUrl":"https:\/\/www.notibras.com\/site\/wp-content\/uploads\/2023\/04\/925581-_abr6627.jpg","keywords":["capa"],"articleSection":["Bras\u00edlia"],"inLanguage":"pt-BR"},{"@type":"WebPage","@id":"https:\/\/www.notibras.com\/site\/buriti-fecha-centro-de-brasilia-depois-da-porta-arrombada\/","url":"https:\/\/www.notibras.com\/site\/buriti-fecha-centro-de-brasilia-depois-da-porta-arrombada\/","name":"Buriti fecha centro de Bras\u00edlia depois da porta arrombada - Notibras","isPartOf":{"@id":"https:\/\/www.notibras.com\/site\/#website"},"primaryImageOfPage":{"@id":"https:\/\/www.notibras.com\/site\/buriti-fecha-centro-de-brasilia-depois-da-porta-arrombada\/#primaryimage"},"image":{"@id":"https:\/\/www.notibras.com\/site\/buriti-fecha-centro-de-brasilia-depois-da-porta-arrombada\/#primaryimage"},"thumbnailUrl":"https:\/\/www.notibras.com\/site\/wp-content\/uploads\/2023\/04\/925581-_abr6627.jpg","datePublished":"2023-04-04T11:35:01+00:00","dateModified":"2023-04-04T11:58:39+00:00","breadcrumb":{"@id":"https:\/\/www.notibras.com\/site\/buriti-fecha-centro-de-brasilia-depois-da-porta-arrombada\/#breadcrumb"},"inLanguage":"pt-BR","potentialAction":[{"@type":"ReadAction","target":["https:\/\/www.notibras.com\/site\/buriti-fecha-centro-de-brasilia-depois-da-porta-arrombada\/"]}]},{"@type":"ImageObject","inLanguage":"pt-BR","@id":"https:\/\/www.notibras.com\/site\/buriti-fecha-centro-de-brasilia-depois-da-porta-arrombada\/#primaryimage","url":"https:\/\/www.notibras.com\/site\/wp-content\/uploads\/2023\/04\/925581-_abr6627.jpg","contentUrl":"https:\/\/www.notibras.com\/site\/wp-content\/uploads\/2023\/04\/925581-_abr6627.jpg","width":770,"height":513,"caption":"BRAS\u00cdLIA, DF, BRASIL, 03-08-2014, 10h00: O Ex\u00e9rcito Brasileiro realiza neste domingo (3), \u00e0s 10h, a tradicional cerim\u00f4nia c\u00edvico-militar de substitui\u00e7\u00e3o da Bandeira Nacional, na Pra\u00e7a dos Tr\u00eas Poderes. (Foto: Marcelo Camargo\/Ag\u00eancia Brasil)"},{"@type":"BreadcrumbList","@id":"https:\/\/www.notibras.com\/site\/buriti-fecha-centro-de-brasilia-depois-da-porta-arrombada\/#breadcrumb","itemListElement":[{"@type":"ListItem","position":1,"name":"In\u00edcio","item":"https:\/\/www.notibras.com\/site\/"},{"@type":"ListItem","position":2,"name":"Buriti fecha centro de Bras\u00edlia depois da porta arrombada"}]},{"@type":"WebSite","@id":"https:\/\/www.notibras.com\/site\/#website","url":"https:\/\/www.notibras.com\/site\/","name":"Notibras","description":"Not\u00edcias de Bras\u00edlia, do Brasil e do Mundo","publisher":{"@id":"https:\/\/www.notibras.com\/site\/#organization"},"potentialAction":[{"@type":"SearchAction","target":{"@type":"EntryPoint","urlTemplate":"https:\/\/www.notibras.com\/site\/?s={search_term_string}"},"query-input":{"@type":"PropertyValueSpecification","valueRequired":true,"valueName":"search_term_string"}}],"inLanguage":"pt-BR"},{"@type":"Organization","@id":"https:\/\/www.notibras.com\/site\/#organization","name":"Grupo Notibras de Comunica\u00e7\u00e3o","url":"https:\/\/www.notibras.com\/site\/","logo":{"@type":"ImageObject","inLanguage":"pt-BR","@id":"https:\/\/www.notibras.com\/site\/#\/schema\/logo\/image\/","url":"https:\/\/www.notibras.com\/site\/wp-content\/uploads\/2023\/01\/notibras23.png","contentUrl":"https:\/\/www.notibras.com\/site\/wp-content\/uploads\/2023\/01\/notibras23.png","width":350,"height":87,"caption":"Grupo Notibras de Comunica\u00e7\u00e3o"},"image":{"@id":"https:\/\/www.notibras.com\/site\/#\/schema\/logo\/image\/"},"sameAs":["https:\/\/www.facebook.com\/notibras\/","https:\/\/x.com\/Notibras","https:\/\/www.instagram.com\/notibras\/"]},{"@type":"Person","@id":"https:\/\/www.notibras.com\/site\/#\/schema\/person\/36ab0979449956132d3e5b517ea76ac8","name":"Reda\u00e7\u00e3o","image":{"@type":"ImageObject","inLanguage":"pt-BR","@id":"https:\/\/secure.gravatar.com\/avatar\/e0a867bdedb85fd243eadf09663511f96fc81e0720a4a42581f334ad4303aa6b?s=96&d=mm&r=g","url":"https:\/\/secure.gravatar.com\/avatar\/e0a867bdedb85fd243eadf09663511f96fc81e0720a4a42581f334ad4303aa6b?s=96&d=mm&r=g","contentUrl":"https:\/\/secure.gravatar.com\/avatar\/e0a867bdedb85fd243eadf09663511f96fc81e0720a4a42581f334ad4303aa6b?s=96&d=mm&r=g","caption":"Reda\u00e7\u00e3o"}}]}},"amp_enabled":true,"_links":{"self":[{"href":"https:\/\/www.notibras.com\/site\/wp-json\/wp\/v2\/posts\/302283","targetHints":{"allow":["GET"]}}],"collection":[{"href":"https:\/\/www.notibras.com\/site\/wp-json\/wp\/v2\/posts"}],"about":[{"href":"https:\/\/www.notibras.com\/site\/wp-json\/wp\/v2\/types\/post"}],"author":[{"embeddable":true,"href":"https:\/\/www.notibras.com\/site\/wp-json\/wp\/v2\/users\/2"}],"replies":[{"embeddable":true,"href":"https:\/\/www.notibras.com\/site\/wp-json\/wp\/v2\/comments?post=302283"}],"version-history":[{"count":1,"href":"https:\/\/www.notibras.com\/site\/wp-json\/wp\/v2\/posts\/302283\/revisions"}],"predecessor-version":[{"id":302285,"href":"https:\/\/www.notibras.com\/site\/wp-json\/wp\/v2\/posts\/302283\/revisions\/302285"}],"wp:featuredmedia":[{"embeddable":true,"href":"https:\/\/www.notibras.com\/site\/wp-json\/wp\/v2\/media\/302284"}],"wp:attachment":[{"href":"https:\/\/www.notibras.com\/site\/wp-json\/wp\/v2\/media?parent=302283"}],"wp:term":[{"taxonomy":"category","embeddable":true,"href":"https:\/\/www.notibras.com\/site\/wp-json\/wp\/v2\/categories?post=302283"},{"taxonomy":"post_tag","embeddable":true,"href":"https:\/\/www.notibras.com\/site\/wp-json\/wp\/v2\/tags?post=302283"}],"curies":[{"name":"wp","href":"https:\/\/api.w.org\/{rel}","templated":true}]}}