{"id":302293,"date":"2023-04-04T00:48:11","date_gmt":"2023-04-04T03:48:11","guid":{"rendered":"https:\/\/www.notibras.com\/site\/?p=302293"},"modified":"2023-04-04T09:50:14","modified_gmt":"2023-04-04T12:50:14","slug":"plano-de-arborizacao-planta-60-mil-mudas-em-3-meses","status":"publish","type":"post","link":"https:\/\/www.notibras.com\/site\/plano-de-arborizacao-planta-60-mil-mudas-em-3-meses\/","title":{"rendered":"Plano de arboriza\u00e7\u00e3o planta 60 mil mudas em 3 meses"},"content":{"rendered":"<p>O Distrito Federal tem, aproximadamente, 5,5 milh\u00f5es de \u00e1rvores distribu\u00eddas em todas as regi\u00f5es administrativas (RAs), e esse n\u00famero n\u00e3o para de aumentar. O plano anual de arboriza\u00e7\u00e3o da Novacap para o bi\u00eanio 2022\/2023 prev\u00ea o plantio de 100 mil mudas \u2013 das quais 60 mil j\u00e1 foram instaladas no solo.<\/p>\n<p>Com a chegada da seca, o Departamento de Parques e Jardins (DPJ) priorizar\u00e1 a manuten\u00e7\u00e3o das \u00e1reas verdes j\u00e1 existentes e retomar\u00e1 o plantio nos meses chuvosos de outubro, novembro e dezembro.<\/p>\n<p>As cinco RAs que mais receberam mudas foram o Park Way (7.937), Sobradinho (6.654), Plano Piloto (4.696), Riacho Fundo II (4.661) e Santa Maria (3.657). A iniciativa \u00e9 indispens\u00e1vel para o desenvolvimento sustent\u00e1vel e a recomposi\u00e7\u00e3o das \u00e1reas verdes, visando \u00e0 melhoria da qualidade de vida dos habitantes e \u00e0 promo\u00e7\u00e3o da biodiversidade local.<\/p>\n<p>O plantio de mudas ocorre no per\u00edodo chuvoso, sempre de outubro a abril, temporada em que a disponibilidade de \u00e1gua \u00e9 maior. Durante essa \u00e9poca, as chuvas frequentes e a umidade do solo proporcionaram condi\u00e7\u00f5es para o crescimento e enraizamento das mudas, aumentando as chances de sobreviv\u00eancia e estabelecimento das plantas no ambiente.<\/p>\n<p>Diretor do DPJ da Novacap, Raimundo Silva conta que as necessidades de arboriza\u00e7\u00e3o e recomposi\u00e7\u00e3o ambiental s\u00e3o mapeadas por t\u00e9cnicos do \u00f3rg\u00e3o: \u201cAp\u00f3s o levantamento, \u00e9 feita uma an\u00e1lise dos pontos sugeridos. Dessa forma, \u00e9 elaborado um plano anual com os locais onde as plantas ser\u00e3o cultivadas\u201d.<\/p>\n<p>Cuidar das \u00e1reas verdes do Distrito Federal, ressalta o gestor, \u00e9 um desafio. \u201cO invent\u00e1rio florestal n\u00e3o \u00e9 uma tarefa simples; necessita de muita m\u00e3o de obra e recursos\u201d, pontua.<\/p>\n<p>A arboriza\u00e7\u00e3o de uma cidade n\u00e3o \u00e9 uma tarefa apenas decorativa. As \u00e1rvores purificam o ar, oferecem sombra, abrigam a fauna, atenuam a luminosidade excessiva, melhoram a umidade do ar, reduzem a a\u00e7\u00e3o dos ventos, diminuem ru\u00eddos e impactos sonoros e proporcionam conforto ambiental.<\/p>\n","protected":false},"excerpt":{"rendered":"<p>O Distrito Federal tem, aproximadamente, 5,5 milh\u00f5es de \u00e1rvores distribu\u00eddas em todas as regi\u00f5es administrativas (RAs), e esse n\u00famero n\u00e3o para de aumentar. O plano anual de arboriza\u00e7\u00e3o da Novacap para o bi\u00eanio 2022\/2023 prev\u00ea o plantio de 100 mil mudas \u2013 das quais 60 mil j\u00e1 foram instaladas no solo. Com a chegada da [&hellip;]<\/p>\n","protected":false},"author":2,"featured_media":302294,"comment_status":"closed","ping_status":"closed","sticky":false,"template":"","format":"standard","meta":{"_acf_changed":false,"footnotes":""},"categories":[161],"tags":[],"class_list":["post-302293","post","type-post","status-publish","format-standard","has-post-thumbnail","hentry","category-quadradinho-em-foco"],"acf":[],"yoast_head":"<!-- This site is optimized with the Yoast SEO plugin v27.2 - https:\/\/yoast.com\/product\/yoast-seo-wordpress\/ -->\n<title>Plano de arboriza\u00e7\u00e3o planta 60 mil mudas em 3 meses - Notibras<\/title>\n<meta name=\"robots\" content=\"index, follow, max-snippet:-1, max-image-preview:large, max-video-preview:-1\" \/>\n<link rel=\"canonical\" href=\"https:\/\/www.notibras.com\/site\/plano-de-arborizacao-planta-60-mil-mudas-em-3-meses\/\" \/>\n<meta property=\"og:locale\" content=\"pt_BR\" \/>\n<meta property=\"og:type\" content=\"article\" \/>\n<meta property=\"og:title\" content=\"Plano de arboriza\u00e7\u00e3o planta 60 mil mudas em 3 meses - Notibras\" \/>\n<meta property=\"og:description\" content=\"O Distrito Federal tem, aproximadamente, 5,5 milh\u00f5es de \u00e1rvores distribu\u00eddas em todas as regi\u00f5es administrativas (RAs), e esse n\u00famero n\u00e3o para de aumentar. O plano anual de arboriza\u00e7\u00e3o da Novacap para o bi\u00eanio 2022\/2023 prev\u00ea o plantio de 100 mil mudas \u2013 das quais 60 mil j\u00e1 foram instaladas no solo. Com a chegada da [&hellip;]\" \/>\n<meta property=\"og:url\" content=\"https:\/\/www.notibras.com\/site\/plano-de-arborizacao-planta-60-mil-mudas-em-3-meses\/\" \/>\n<meta property=\"og:site_name\" content=\"Notibras\" \/>\n<meta property=\"article:publisher\" content=\"https:\/\/www.facebook.com\/notibras\/\" \/>\n<meta property=\"article:published_time\" content=\"2023-04-04T03:48:11+00:00\" \/>\n<meta property=\"article:modified_time\" content=\"2023-04-04T12:50:14+00:00\" \/>\n<meta property=\"og:image\" content=\"https:\/\/www.notibras.com\/site\/wp-content\/uploads\/2023\/04\/28.3.-Plantio-da-Novacap.-Foto-Kiko-Paz-Novacap2-1536x989-1.jpeg\" \/>\n\t<meta property=\"og:image:width\" content=\"1536\" \/>\n\t<meta property=\"og:image:height\" content=\"989\" \/>\n\t<meta property=\"og:image:type\" content=\"image\/jpeg\" \/>\n<meta name=\"author\" content=\"Reda\u00e7\u00e3o\" \/>\n<meta name=\"twitter:card\" content=\"summary_large_image\" \/>\n<meta name=\"twitter:creator\" content=\"@Notibras\" \/>\n<meta name=\"twitter:site\" content=\"@Notibras\" \/>\n<meta name=\"twitter:label1\" content=\"Escrito por\" \/>\n\t<meta name=\"twitter:data1\" content=\"Reda\u00e7\u00e3o\" \/>\n\t<meta name=\"twitter:label2\" content=\"Est. tempo de leitura\" \/>\n\t<meta name=\"twitter:data2\" content=\"2 minutos\" \/>\n<script type=\"application\/ld+json\" class=\"yoast-schema-graph\">{\"@context\":\"https:\/\/schema.org\",\"@graph\":[{\"@type\":\"Article\",\"@id\":\"https:\/\/www.notibras.com\/site\/plano-de-arborizacao-planta-60-mil-mudas-em-3-meses\/#article\",\"isPartOf\":{\"@id\":\"https:\/\/www.notibras.com\/site\/plano-de-arborizacao-planta-60-mil-mudas-em-3-meses\/\"},\"author\":{\"name\":\"Reda\u00e7\u00e3o\",\"@id\":\"https:\/\/www.notibras.com\/site\/#\/schema\/person\/36ab0979449956132d3e5b517ea76ac8\"},\"headline\":\"Plano de arboriza\u00e7\u00e3o planta 60 mil mudas em 3 meses\",\"datePublished\":\"2023-04-04T03:48:11+00:00\",\"dateModified\":\"2023-04-04T12:50:14+00:00\",\"mainEntityOfPage\":{\"@id\":\"https:\/\/www.notibras.com\/site\/plano-de-arborizacao-planta-60-mil-mudas-em-3-meses\/\"},\"wordCount\":331,\"publisher\":{\"@id\":\"https:\/\/www.notibras.com\/site\/#organization\"},\"image\":{\"@id\":\"https:\/\/www.notibras.com\/site\/plano-de-arborizacao-planta-60-mil-mudas-em-3-meses\/#primaryimage\"},\"thumbnailUrl\":\"https:\/\/www.notibras.com\/site\/wp-content\/uploads\/2023\/04\/28.3.-Plantio-da-Novacap.-Foto-Kiko-Paz-Novacap2-1536x989-1.jpeg\",\"articleSection\":[\"Quadradinho em Foco\"],\"inLanguage\":\"pt-BR\"},{\"@type\":\"WebPage\",\"@id\":\"https:\/\/www.notibras.com\/site\/plano-de-arborizacao-planta-60-mil-mudas-em-3-meses\/\",\"url\":\"https:\/\/www.notibras.com\/site\/plano-de-arborizacao-planta-60-mil-mudas-em-3-meses\/\",\"name\":\"Plano de arboriza\u00e7\u00e3o planta 60 mil mudas em 3 meses - Notibras\",\"isPartOf\":{\"@id\":\"https:\/\/www.notibras.com\/site\/#website\"},\"primaryImageOfPage\":{\"@id\":\"https:\/\/www.notibras.com\/site\/plano-de-arborizacao-planta-60-mil-mudas-em-3-meses\/#primaryimage\"},\"image\":{\"@id\":\"https:\/\/www.notibras.com\/site\/plano-de-arborizacao-planta-60-mil-mudas-em-3-meses\/#primaryimage\"},\"thumbnailUrl\":\"https:\/\/www.notibras.com\/site\/wp-content\/uploads\/2023\/04\/28.3.-Plantio-da-Novacap.-Foto-Kiko-Paz-Novacap2-1536x989-1.jpeg\",\"datePublished\":\"2023-04-04T03:48:11+00:00\",\"dateModified\":\"2023-04-04T12:50:14+00:00\",\"breadcrumb\":{\"@id\":\"https:\/\/www.notibras.com\/site\/plano-de-arborizacao-planta-60-mil-mudas-em-3-meses\/#breadcrumb\"},\"inLanguage\":\"pt-BR\",\"potentialAction\":[{\"@type\":\"ReadAction\",\"target\":[\"https:\/\/www.notibras.com\/site\/plano-de-arborizacao-planta-60-mil-mudas-em-3-meses\/\"]}]},{\"@type\":\"ImageObject\",\"inLanguage\":\"pt-BR\",\"@id\":\"https:\/\/www.notibras.com\/site\/plano-de-arborizacao-planta-60-mil-mudas-em-3-meses\/#primaryimage\",\"url\":\"https:\/\/www.notibras.com\/site\/wp-content\/uploads\/2023\/04\/28.3.-Plantio-da-Novacap.-Foto-Kiko-Paz-Novacap2-1536x989-1.jpeg\",\"contentUrl\":\"https:\/\/www.notibras.com\/site\/wp-content\/uploads\/2023\/04\/28.3.-Plantio-da-Novacap.-Foto-Kiko-Paz-Novacap2-1536x989-1.jpeg\",\"width\":1536,\"height\":989},{\"@type\":\"BreadcrumbList\",\"@id\":\"https:\/\/www.notibras.com\/site\/plano-de-arborizacao-planta-60-mil-mudas-em-3-meses\/#breadcrumb\",\"itemListElement\":[{\"@type\":\"ListItem\",\"position\":1,\"name\":\"In\u00edcio\",\"item\":\"https:\/\/www.notibras.com\/site\/\"},{\"@type\":\"ListItem\",\"position\":2,\"name\":\"Plano de arboriza\u00e7\u00e3o planta 60 mil mudas em 3 meses\"}]},{\"@type\":\"WebSite\",\"@id\":\"https:\/\/www.notibras.com\/site\/#website\",\"url\":\"https:\/\/www.notibras.com\/site\/\",\"name\":\"Notibras\",\"description\":\"Not\u00edcias de Bras\u00edlia, do Brasil e do Mundo\",\"publisher\":{\"@id\":\"https:\/\/www.notibras.com\/site\/#organization\"},\"potentialAction\":[{\"@type\":\"SearchAction\",\"target\":{\"@type\":\"EntryPoint\",\"urlTemplate\":\"https:\/\/www.notibras.com\/site\/?s={search_term_string}\"},\"query-input\":{\"@type\":\"PropertyValueSpecification\",\"valueRequired\":true,\"valueName\":\"search_term_string\"}}],\"inLanguage\":\"pt-BR\"},{\"@type\":\"Organization\",\"@id\":\"https:\/\/www.notibras.com\/site\/#organization\",\"name\":\"Grupo Notibras de Comunica\u00e7\u00e3o\",\"url\":\"https:\/\/www.notibras.com\/site\/\",\"logo\":{\"@type\":\"ImageObject\",\"inLanguage\":\"pt-BR\",\"@id\":\"https:\/\/www.notibras.com\/site\/#\/schema\/logo\/image\/\",\"url\":\"https:\/\/www.notibras.com\/site\/wp-content\/uploads\/2023\/01\/notibras23.png\",\"contentUrl\":\"https:\/\/www.notibras.com\/site\/wp-content\/uploads\/2023\/01\/notibras23.png\",\"width\":350,\"height\":87,\"caption\":\"Grupo Notibras de Comunica\u00e7\u00e3o\"},\"image\":{\"@id\":\"https:\/\/www.notibras.com\/site\/#\/schema\/logo\/image\/\"},\"sameAs\":[\"https:\/\/www.facebook.com\/notibras\/\",\"https:\/\/x.com\/Notibras\",\"https:\/\/www.instagram.com\/notibras\/\"]},{\"@type\":\"Person\",\"@id\":\"https:\/\/www.notibras.com\/site\/#\/schema\/person\/36ab0979449956132d3e5b517ea76ac8\",\"name\":\"Reda\u00e7\u00e3o\",\"image\":{\"@type\":\"ImageObject\",\"inLanguage\":\"pt-BR\",\"@id\":\"https:\/\/secure.gravatar.com\/avatar\/e0a867bdedb85fd243eadf09663511f96fc81e0720a4a42581f334ad4303aa6b?s=96&d=mm&r=g\",\"url\":\"https:\/\/secure.gravatar.com\/avatar\/e0a867bdedb85fd243eadf09663511f96fc81e0720a4a42581f334ad4303aa6b?s=96&d=mm&r=g\",\"contentUrl\":\"https:\/\/secure.gravatar.com\/avatar\/e0a867bdedb85fd243eadf09663511f96fc81e0720a4a42581f334ad4303aa6b?s=96&d=mm&r=g\",\"caption\":\"Reda\u00e7\u00e3o\"}}]}<\/script>\n<!-- \/ Yoast SEO plugin. -->","yoast_head_json":{"title":"Plano de arboriza\u00e7\u00e3o planta 60 mil mudas em 3 meses - Notibras","robots":{"index":"index","follow":"follow","max-snippet":"max-snippet:-1","max-image-preview":"max-image-preview:large","max-video-preview":"max-video-preview:-1"},"canonical":"https:\/\/www.notibras.com\/site\/plano-de-arborizacao-planta-60-mil-mudas-em-3-meses\/","og_locale":"pt_BR","og_type":"article","og_title":"Plano de arboriza\u00e7\u00e3o planta 60 mil mudas em 3 meses - Notibras","og_description":"O Distrito Federal tem, aproximadamente, 5,5 milh\u00f5es de \u00e1rvores distribu\u00eddas em todas as regi\u00f5es administrativas (RAs), e esse n\u00famero n\u00e3o para de aumentar. O plano anual de arboriza\u00e7\u00e3o da Novacap para o bi\u00eanio 2022\/2023 prev\u00ea o plantio de 100 mil mudas \u2013 das quais 60 mil j\u00e1 foram instaladas no solo. Com a chegada da [&hellip;]","og_url":"https:\/\/www.notibras.com\/site\/plano-de-arborizacao-planta-60-mil-mudas-em-3-meses\/","og_site_name":"Notibras","article_publisher":"https:\/\/www.facebook.com\/notibras\/","article_published_time":"2023-04-04T03:48:11+00:00","article_modified_time":"2023-04-04T12:50:14+00:00","og_image":[{"width":1536,"height":989,"url":"https:\/\/www.notibras.com\/site\/wp-content\/uploads\/2023\/04\/28.3.-Plantio-da-Novacap.-Foto-Kiko-Paz-Novacap2-1536x989-1.jpeg","type":"image\/jpeg"}],"author":"Reda\u00e7\u00e3o","twitter_card":"summary_large_image","twitter_creator":"@Notibras","twitter_site":"@Notibras","twitter_misc":{"Escrito por":"Reda\u00e7\u00e3o","Est. tempo de leitura":"2 minutos"},"schema":{"@context":"https:\/\/schema.org","@graph":[{"@type":"Article","@id":"https:\/\/www.notibras.com\/site\/plano-de-arborizacao-planta-60-mil-mudas-em-3-meses\/#article","isPartOf":{"@id":"https:\/\/www.notibras.com\/site\/plano-de-arborizacao-planta-60-mil-mudas-em-3-meses\/"},"author":{"name":"Reda\u00e7\u00e3o","@id":"https:\/\/www.notibras.com\/site\/#\/schema\/person\/36ab0979449956132d3e5b517ea76ac8"},"headline":"Plano de arboriza\u00e7\u00e3o planta 60 mil mudas em 3 meses","datePublished":"2023-04-04T03:48:11+00:00","dateModified":"2023-04-04T12:50:14+00:00","mainEntityOfPage":{"@id":"https:\/\/www.notibras.com\/site\/plano-de-arborizacao-planta-60-mil-mudas-em-3-meses\/"},"wordCount":331,"publisher":{"@id":"https:\/\/www.notibras.com\/site\/#organization"},"image":{"@id":"https:\/\/www.notibras.com\/site\/plano-de-arborizacao-planta-60-mil-mudas-em-3-meses\/#primaryimage"},"thumbnailUrl":"https:\/\/www.notibras.com\/site\/wp-content\/uploads\/2023\/04\/28.3.-Plantio-da-Novacap.-Foto-Kiko-Paz-Novacap2-1536x989-1.jpeg","articleSection":["Quadradinho em Foco"],"inLanguage":"pt-BR"},{"@type":"WebPage","@id":"https:\/\/www.notibras.com\/site\/plano-de-arborizacao-planta-60-mil-mudas-em-3-meses\/","url":"https:\/\/www.notibras.com\/site\/plano-de-arborizacao-planta-60-mil-mudas-em-3-meses\/","name":"Plano de arboriza\u00e7\u00e3o planta 60 mil mudas em 3 meses - Notibras","isPartOf":{"@id":"https:\/\/www.notibras.com\/site\/#website"},"primaryImageOfPage":{"@id":"https:\/\/www.notibras.com\/site\/plano-de-arborizacao-planta-60-mil-mudas-em-3-meses\/#primaryimage"},"image":{"@id":"https:\/\/www.notibras.com\/site\/plano-de-arborizacao-planta-60-mil-mudas-em-3-meses\/#primaryimage"},"thumbnailUrl":"https:\/\/www.notibras.com\/site\/wp-content\/uploads\/2023\/04\/28.3.-Plantio-da-Novacap.-Foto-Kiko-Paz-Novacap2-1536x989-1.jpeg","datePublished":"2023-04-04T03:48:11+00:00","dateModified":"2023-04-04T12:50:14+00:00","breadcrumb":{"@id":"https:\/\/www.notibras.com\/site\/plano-de-arborizacao-planta-60-mil-mudas-em-3-meses\/#breadcrumb"},"inLanguage":"pt-BR","potentialAction":[{"@type":"ReadAction","target":["https:\/\/www.notibras.com\/site\/plano-de-arborizacao-planta-60-mil-mudas-em-3-meses\/"]}]},{"@type":"ImageObject","inLanguage":"pt-BR","@id":"https:\/\/www.notibras.com\/site\/plano-de-arborizacao-planta-60-mil-mudas-em-3-meses\/#primaryimage","url":"https:\/\/www.notibras.com\/site\/wp-content\/uploads\/2023\/04\/28.3.-Plantio-da-Novacap.-Foto-Kiko-Paz-Novacap2-1536x989-1.jpeg","contentUrl":"https:\/\/www.notibras.com\/site\/wp-content\/uploads\/2023\/04\/28.3.-Plantio-da-Novacap.-Foto-Kiko-Paz-Novacap2-1536x989-1.jpeg","width":1536,"height":989},{"@type":"BreadcrumbList","@id":"https:\/\/www.notibras.com\/site\/plano-de-arborizacao-planta-60-mil-mudas-em-3-meses\/#breadcrumb","itemListElement":[{"@type":"ListItem","position":1,"name":"In\u00edcio","item":"https:\/\/www.notibras.com\/site\/"},{"@type":"ListItem","position":2,"name":"Plano de arboriza\u00e7\u00e3o planta 60 mil mudas em 3 meses"}]},{"@type":"WebSite","@id":"https:\/\/www.notibras.com\/site\/#website","url":"https:\/\/www.notibras.com\/site\/","name":"Notibras","description":"Not\u00edcias de Bras\u00edlia, do Brasil e do Mundo","publisher":{"@id":"https:\/\/www.notibras.com\/site\/#organization"},"potentialAction":[{"@type":"SearchAction","target":{"@type":"EntryPoint","urlTemplate":"https:\/\/www.notibras.com\/site\/?s={search_term_string}"},"query-input":{"@type":"PropertyValueSpecification","valueRequired":true,"valueName":"search_term_string"}}],"inLanguage":"pt-BR"},{"@type":"Organization","@id":"https:\/\/www.notibras.com\/site\/#organization","name":"Grupo Notibras de Comunica\u00e7\u00e3o","url":"https:\/\/www.notibras.com\/site\/","logo":{"@type":"ImageObject","inLanguage":"pt-BR","@id":"https:\/\/www.notibras.com\/site\/#\/schema\/logo\/image\/","url":"https:\/\/www.notibras.com\/site\/wp-content\/uploads\/2023\/01\/notibras23.png","contentUrl":"https:\/\/www.notibras.com\/site\/wp-content\/uploads\/2023\/01\/notibras23.png","width":350,"height":87,"caption":"Grupo Notibras de Comunica\u00e7\u00e3o"},"image":{"@id":"https:\/\/www.notibras.com\/site\/#\/schema\/logo\/image\/"},"sameAs":["https:\/\/www.facebook.com\/notibras\/","https:\/\/x.com\/Notibras","https:\/\/www.instagram.com\/notibras\/"]},{"@type":"Person","@id":"https:\/\/www.notibras.com\/site\/#\/schema\/person\/36ab0979449956132d3e5b517ea76ac8","name":"Reda\u00e7\u00e3o","image":{"@type":"ImageObject","inLanguage":"pt-BR","@id":"https:\/\/secure.gravatar.com\/avatar\/e0a867bdedb85fd243eadf09663511f96fc81e0720a4a42581f334ad4303aa6b?s=96&d=mm&r=g","url":"https:\/\/secure.gravatar.com\/avatar\/e0a867bdedb85fd243eadf09663511f96fc81e0720a4a42581f334ad4303aa6b?s=96&d=mm&r=g","contentUrl":"https:\/\/secure.gravatar.com\/avatar\/e0a867bdedb85fd243eadf09663511f96fc81e0720a4a42581f334ad4303aa6b?s=96&d=mm&r=g","caption":"Reda\u00e7\u00e3o"}}]}},"amp_enabled":true,"_links":{"self":[{"href":"https:\/\/www.notibras.com\/site\/wp-json\/wp\/v2\/posts\/302293","targetHints":{"allow":["GET"]}}],"collection":[{"href":"https:\/\/www.notibras.com\/site\/wp-json\/wp\/v2\/posts"}],"about":[{"href":"https:\/\/www.notibras.com\/site\/wp-json\/wp\/v2\/types\/post"}],"author":[{"embeddable":true,"href":"https:\/\/www.notibras.com\/site\/wp-json\/wp\/v2\/users\/2"}],"replies":[{"embeddable":true,"href":"https:\/\/www.notibras.com\/site\/wp-json\/wp\/v2\/comments?post=302293"}],"version-history":[{"count":1,"href":"https:\/\/www.notibras.com\/site\/wp-json\/wp\/v2\/posts\/302293\/revisions"}],"predecessor-version":[{"id":302295,"href":"https:\/\/www.notibras.com\/site\/wp-json\/wp\/v2\/posts\/302293\/revisions\/302295"}],"wp:featuredmedia":[{"embeddable":true,"href":"https:\/\/www.notibras.com\/site\/wp-json\/wp\/v2\/media\/302294"}],"wp:attachment":[{"href":"https:\/\/www.notibras.com\/site\/wp-json\/wp\/v2\/media?parent=302293"}],"wp:term":[{"taxonomy":"category","embeddable":true,"href":"https:\/\/www.notibras.com\/site\/wp-json\/wp\/v2\/categories?post=302293"},{"taxonomy":"post_tag","embeddable":true,"href":"https:\/\/www.notibras.com\/site\/wp-json\/wp\/v2\/tags?post=302293"}],"curies":[{"name":"wp","href":"https:\/\/api.w.org\/{rel}","templated":true}]}}