{"id":302299,"date":"2023-04-04T00:00:09","date_gmt":"2023-04-04T03:00:09","guid":{"rendered":"https:\/\/www.notibras.com\/site\/?p=302299"},"modified":"2023-04-04T10:05:15","modified_gmt":"2023-04-04T13:05:15","slug":"novas-incubadoras-dao-mais-conforto-a-recem-nascidos","status":"publish","type":"post","link":"https:\/\/www.notibras.com\/site\/novas-incubadoras-dao-mais-conforto-a-recem-nascidos\/","title":{"rendered":"Novas incubadoras d\u00e3o mais conforto a rec\u00e9m-nascidos"},"content":{"rendered":"<p>A Secretaria de Sa\u00fade adquiriu 59 novas incubadoras, equipamentos fundamentais para o controle t\u00e9rmico de rec\u00e9m-nascidos internados em UTI neonatal. Com investimento total de R$ 2,5 milh\u00f5es, os novos aparelhos substituem os modelos antigos que est\u00e3o em uso.<\/p>\n<p>O Hospital Materno-Infantil de Bras\u00edlia (Hmib) vai receber 20 unidades. As demais ser\u00e3o distribu\u00eddas conforme a necessidade dos hospitais da Regi\u00e3o Leste (HRL) e das unidades regionais de Taguatinga, Planaltina, Asa Norte, Sobradinho, Ceil\u00e2ndia, Gama e Samambaia.<\/p>\n<p>A previs\u00e3o \u00e9 que as novas incubadoras j\u00e1 estejam funcionando na segunda quinzena deste m\u00eas. Esse prazo inclui a distribui\u00e7\u00e3o e a instala\u00e7\u00e3o dos equipamentos. Durante esse mesmo per\u00edodo, as equipes ser\u00e3o treinadas para manejar os aparelhos.<\/p>\n<p>\u201cA aquisi\u00e7\u00e3o dessas incubadoras chega em um momento de extrema import\u00e2ncia, em que enfrentamos um aumento de casos de doen\u00e7as respirat\u00f3rias infantis\u201d, ressalta a secret\u00e1ria de Sa\u00fade, Lucilene Flor\u00eancio. \u201cA moderniza\u00e7\u00e3o das nossas tecnologias e a renova\u00e7\u00e3o dos equipamentos vai garantir ainda mais conforto para as crian\u00e7as e mais seguran\u00e7a para os profissionais que fazem o manuseio das m\u00e1quinas \u2013 sem falar que a substitui\u00e7\u00e3o das incubadoras obsoletas vai aumentar nossa capacidade de atendimento.\u201d<\/p>\n<p>O subsecret\u00e1rio de Infraestrutura em Sa\u00fade, Luciano Miguel, refor\u00e7a: \u201cA Secretaria de Sa\u00fade est\u00e1 empenhada em garantir o pleno funcionamento de todas as incubadoras da rede; dessa forma, encontra-se em fase final o processo de licita\u00e7\u00e3o de manuten\u00e7\u00e3o de todas as incubadoras em uso\u201d. O contrato abrange o cuidado com aparelho em termos de inclui limpeza, troca de fia\u00e7\u00e3o e de pe\u00e7as, entre outros itens.<\/p>\n<p>A manuten\u00e7\u00e3o regular das incubadoras \u00e9 pr\u00e1tica adotada pela SES para assegurar o bom desempenho dos equipamentos, explica a m\u00e9dica Priscila Domingues, refer\u00eancia t\u00e9cnica distrital (RTD) em neonatologia: \u201cA manuten\u00e7\u00e3o preventiva garante a seguran\u00e7a no uso e amplia a vida \u00fatil da incubadora, enquanto a manuten\u00e7\u00e3o corretiva restabelece o seu funcionamento adequado\u201d.<\/p>\n","protected":false},"excerpt":{"rendered":"<p>A Secretaria de Sa\u00fade adquiriu 59 novas incubadoras, equipamentos fundamentais para o controle t\u00e9rmico de rec\u00e9m-nascidos internados em UTI neonatal. Com investimento total de R$ 2,5 milh\u00f5es, os novos aparelhos substituem os modelos antigos que est\u00e3o em uso. O Hospital Materno-Infantil de Bras\u00edlia (Hmib) vai receber 20 unidades. As demais ser\u00e3o distribu\u00eddas conforme a necessidade [&hellip;]<\/p>\n","protected":false},"author":2,"featured_media":302302,"comment_status":"closed","ping_status":"closed","sticky":false,"template":"","format":"standard","meta":{"_acf_changed":false,"footnotes":""},"categories":[161],"tags":[],"class_list":["post-302299","post","type-post","status-publish","format-standard","has-post-thumbnail","hentry","category-quadradinho-em-foco"],"acf":[],"yoast_head":"<!-- This site is optimized with the Yoast SEO plugin v27.2 - https:\/\/yoast.com\/product\/yoast-seo-wordpress\/ -->\n<title>Novas incubadoras d\u00e3o mais conforto a rec\u00e9m-nascidos - Notibras<\/title>\n<meta name=\"robots\" content=\"index, follow, max-snippet:-1, max-image-preview:large, max-video-preview:-1\" \/>\n<link rel=\"canonical\" href=\"https:\/\/www.notibras.com\/site\/novas-incubadoras-dao-mais-conforto-a-recem-nascidos\/\" \/>\n<meta property=\"og:locale\" content=\"pt_BR\" \/>\n<meta property=\"og:type\" content=\"article\" \/>\n<meta property=\"og:title\" content=\"Novas incubadoras d\u00e3o mais conforto a rec\u00e9m-nascidos - Notibras\" \/>\n<meta property=\"og:description\" content=\"A Secretaria de Sa\u00fade adquiriu 59 novas incubadoras, equipamentos fundamentais para o controle t\u00e9rmico de rec\u00e9m-nascidos internados em UTI neonatal. Com investimento total de R$ 2,5 milh\u00f5es, os novos aparelhos substituem os modelos antigos que est\u00e3o em uso. O Hospital Materno-Infantil de Bras\u00edlia (Hmib) vai receber 20 unidades. As demais ser\u00e3o distribu\u00eddas conforme a necessidade [&hellip;]\" \/>\n<meta property=\"og:url\" content=\"https:\/\/www.notibras.com\/site\/novas-incubadoras-dao-mais-conforto-a-recem-nascidos\/\" \/>\n<meta property=\"og:site_name\" content=\"Notibras\" \/>\n<meta property=\"article:publisher\" content=\"https:\/\/www.facebook.com\/notibras\/\" \/>\n<meta property=\"article:published_time\" content=\"2023-04-04T03:00:09+00:00\" \/>\n<meta property=\"article:modified_time\" content=\"2023-04-04T13:05:15+00:00\" \/>\n<meta property=\"og:image\" content=\"https:\/\/www.notibras.com\/site\/wp-content\/uploads\/2023\/04\/3.4.-Incubadoras.-Foto-Arquivo-Agencia-Saude-1536x1023-1.jpg\" \/>\n\t<meta property=\"og:image:width\" content=\"1536\" \/>\n\t<meta property=\"og:image:height\" content=\"1023\" \/>\n\t<meta property=\"og:image:type\" content=\"image\/jpeg\" \/>\n<meta name=\"author\" content=\"Reda\u00e7\u00e3o\" \/>\n<meta name=\"twitter:card\" content=\"summary_large_image\" \/>\n<meta name=\"twitter:creator\" content=\"@Notibras\" \/>\n<meta name=\"twitter:site\" content=\"@Notibras\" \/>\n<meta name=\"twitter:label1\" content=\"Escrito por\" \/>\n\t<meta name=\"twitter:data1\" content=\"Reda\u00e7\u00e3o\" \/>\n\t<meta name=\"twitter:label2\" content=\"Est. tempo de leitura\" \/>\n\t<meta name=\"twitter:data2\" content=\"2 minutos\" \/>\n<script type=\"application\/ld+json\" class=\"yoast-schema-graph\">{\"@context\":\"https:\/\/schema.org\",\"@graph\":[{\"@type\":\"Article\",\"@id\":\"https:\/\/www.notibras.com\/site\/novas-incubadoras-dao-mais-conforto-a-recem-nascidos\/#article\",\"isPartOf\":{\"@id\":\"https:\/\/www.notibras.com\/site\/novas-incubadoras-dao-mais-conforto-a-recem-nascidos\/\"},\"author\":{\"name\":\"Reda\u00e7\u00e3o\",\"@id\":\"https:\/\/www.notibras.com\/site\/#\/schema\/person\/36ab0979449956132d3e5b517ea76ac8\"},\"headline\":\"Novas incubadoras d\u00e3o mais conforto a rec\u00e9m-nascidos\",\"datePublished\":\"2023-04-04T03:00:09+00:00\",\"dateModified\":\"2023-04-04T13:05:15+00:00\",\"mainEntityOfPage\":{\"@id\":\"https:\/\/www.notibras.com\/site\/novas-incubadoras-dao-mais-conforto-a-recem-nascidos\/\"},\"wordCount\":351,\"publisher\":{\"@id\":\"https:\/\/www.notibras.com\/site\/#organization\"},\"image\":{\"@id\":\"https:\/\/www.notibras.com\/site\/novas-incubadoras-dao-mais-conforto-a-recem-nascidos\/#primaryimage\"},\"thumbnailUrl\":\"https:\/\/www.notibras.com\/site\/wp-content\/uploads\/2023\/04\/3.4.-Incubadoras.-Foto-Arquivo-Agencia-Saude-1536x1023-1.jpg\",\"articleSection\":[\"Quadradinho em Foco\"],\"inLanguage\":\"pt-BR\"},{\"@type\":\"WebPage\",\"@id\":\"https:\/\/www.notibras.com\/site\/novas-incubadoras-dao-mais-conforto-a-recem-nascidos\/\",\"url\":\"https:\/\/www.notibras.com\/site\/novas-incubadoras-dao-mais-conforto-a-recem-nascidos\/\",\"name\":\"Novas incubadoras d\u00e3o mais conforto a rec\u00e9m-nascidos - Notibras\",\"isPartOf\":{\"@id\":\"https:\/\/www.notibras.com\/site\/#website\"},\"primaryImageOfPage\":{\"@id\":\"https:\/\/www.notibras.com\/site\/novas-incubadoras-dao-mais-conforto-a-recem-nascidos\/#primaryimage\"},\"image\":{\"@id\":\"https:\/\/www.notibras.com\/site\/novas-incubadoras-dao-mais-conforto-a-recem-nascidos\/#primaryimage\"},\"thumbnailUrl\":\"https:\/\/www.notibras.com\/site\/wp-content\/uploads\/2023\/04\/3.4.-Incubadoras.-Foto-Arquivo-Agencia-Saude-1536x1023-1.jpg\",\"datePublished\":\"2023-04-04T03:00:09+00:00\",\"dateModified\":\"2023-04-04T13:05:15+00:00\",\"breadcrumb\":{\"@id\":\"https:\/\/www.notibras.com\/site\/novas-incubadoras-dao-mais-conforto-a-recem-nascidos\/#breadcrumb\"},\"inLanguage\":\"pt-BR\",\"potentialAction\":[{\"@type\":\"ReadAction\",\"target\":[\"https:\/\/www.notibras.com\/site\/novas-incubadoras-dao-mais-conforto-a-recem-nascidos\/\"]}]},{\"@type\":\"ImageObject\",\"inLanguage\":\"pt-BR\",\"@id\":\"https:\/\/www.notibras.com\/site\/novas-incubadoras-dao-mais-conforto-a-recem-nascidos\/#primaryimage\",\"url\":\"https:\/\/www.notibras.com\/site\/wp-content\/uploads\/2023\/04\/3.4.-Incubadoras.-Foto-Arquivo-Agencia-Saude-1536x1023-1.jpg\",\"contentUrl\":\"https:\/\/www.notibras.com\/site\/wp-content\/uploads\/2023\/04\/3.4.-Incubadoras.-Foto-Arquivo-Agencia-Saude-1536x1023-1.jpg\",\"width\":1536,\"height\":1023},{\"@type\":\"BreadcrumbList\",\"@id\":\"https:\/\/www.notibras.com\/site\/novas-incubadoras-dao-mais-conforto-a-recem-nascidos\/#breadcrumb\",\"itemListElement\":[{\"@type\":\"ListItem\",\"position\":1,\"name\":\"In\u00edcio\",\"item\":\"https:\/\/www.notibras.com\/site\/\"},{\"@type\":\"ListItem\",\"position\":2,\"name\":\"Novas incubadoras d\u00e3o mais conforto a rec\u00e9m-nascidos\"}]},{\"@type\":\"WebSite\",\"@id\":\"https:\/\/www.notibras.com\/site\/#website\",\"url\":\"https:\/\/www.notibras.com\/site\/\",\"name\":\"Notibras\",\"description\":\"Not\u00edcias de Bras\u00edlia, do Brasil e do Mundo\",\"publisher\":{\"@id\":\"https:\/\/www.notibras.com\/site\/#organization\"},\"potentialAction\":[{\"@type\":\"SearchAction\",\"target\":{\"@type\":\"EntryPoint\",\"urlTemplate\":\"https:\/\/www.notibras.com\/site\/?s={search_term_string}\"},\"query-input\":{\"@type\":\"PropertyValueSpecification\",\"valueRequired\":true,\"valueName\":\"search_term_string\"}}],\"inLanguage\":\"pt-BR\"},{\"@type\":\"Organization\",\"@id\":\"https:\/\/www.notibras.com\/site\/#organization\",\"name\":\"Grupo Notibras de Comunica\u00e7\u00e3o\",\"url\":\"https:\/\/www.notibras.com\/site\/\",\"logo\":{\"@type\":\"ImageObject\",\"inLanguage\":\"pt-BR\",\"@id\":\"https:\/\/www.notibras.com\/site\/#\/schema\/logo\/image\/\",\"url\":\"https:\/\/www.notibras.com\/site\/wp-content\/uploads\/2023\/01\/notibras23.png\",\"contentUrl\":\"https:\/\/www.notibras.com\/site\/wp-content\/uploads\/2023\/01\/notibras23.png\",\"width\":350,\"height\":87,\"caption\":\"Grupo Notibras de Comunica\u00e7\u00e3o\"},\"image\":{\"@id\":\"https:\/\/www.notibras.com\/site\/#\/schema\/logo\/image\/\"},\"sameAs\":[\"https:\/\/www.facebook.com\/notibras\/\",\"https:\/\/x.com\/Notibras\",\"https:\/\/www.instagram.com\/notibras\/\"]},{\"@type\":\"Person\",\"@id\":\"https:\/\/www.notibras.com\/site\/#\/schema\/person\/36ab0979449956132d3e5b517ea76ac8\",\"name\":\"Reda\u00e7\u00e3o\",\"image\":{\"@type\":\"ImageObject\",\"inLanguage\":\"pt-BR\",\"@id\":\"https:\/\/secure.gravatar.com\/avatar\/e0a867bdedb85fd243eadf09663511f96fc81e0720a4a42581f334ad4303aa6b?s=96&d=mm&r=g\",\"url\":\"https:\/\/secure.gravatar.com\/avatar\/e0a867bdedb85fd243eadf09663511f96fc81e0720a4a42581f334ad4303aa6b?s=96&d=mm&r=g\",\"contentUrl\":\"https:\/\/secure.gravatar.com\/avatar\/e0a867bdedb85fd243eadf09663511f96fc81e0720a4a42581f334ad4303aa6b?s=96&d=mm&r=g\",\"caption\":\"Reda\u00e7\u00e3o\"}}]}<\/script>\n<!-- \/ Yoast SEO plugin. -->","yoast_head_json":{"title":"Novas incubadoras d\u00e3o mais conforto a rec\u00e9m-nascidos - Notibras","robots":{"index":"index","follow":"follow","max-snippet":"max-snippet:-1","max-image-preview":"max-image-preview:large","max-video-preview":"max-video-preview:-1"},"canonical":"https:\/\/www.notibras.com\/site\/novas-incubadoras-dao-mais-conforto-a-recem-nascidos\/","og_locale":"pt_BR","og_type":"article","og_title":"Novas incubadoras d\u00e3o mais conforto a rec\u00e9m-nascidos - Notibras","og_description":"A Secretaria de Sa\u00fade adquiriu 59 novas incubadoras, equipamentos fundamentais para o controle t\u00e9rmico de rec\u00e9m-nascidos internados em UTI neonatal. Com investimento total de R$ 2,5 milh\u00f5es, os novos aparelhos substituem os modelos antigos que est\u00e3o em uso. O Hospital Materno-Infantil de Bras\u00edlia (Hmib) vai receber 20 unidades. As demais ser\u00e3o distribu\u00eddas conforme a necessidade [&hellip;]","og_url":"https:\/\/www.notibras.com\/site\/novas-incubadoras-dao-mais-conforto-a-recem-nascidos\/","og_site_name":"Notibras","article_publisher":"https:\/\/www.facebook.com\/notibras\/","article_published_time":"2023-04-04T03:00:09+00:00","article_modified_time":"2023-04-04T13:05:15+00:00","og_image":[{"width":1536,"height":1023,"url":"https:\/\/www.notibras.com\/site\/wp-content\/uploads\/2023\/04\/3.4.-Incubadoras.-Foto-Arquivo-Agencia-Saude-1536x1023-1.jpg","type":"image\/jpeg"}],"author":"Reda\u00e7\u00e3o","twitter_card":"summary_large_image","twitter_creator":"@Notibras","twitter_site":"@Notibras","twitter_misc":{"Escrito por":"Reda\u00e7\u00e3o","Est. tempo de leitura":"2 minutos"},"schema":{"@context":"https:\/\/schema.org","@graph":[{"@type":"Article","@id":"https:\/\/www.notibras.com\/site\/novas-incubadoras-dao-mais-conforto-a-recem-nascidos\/#article","isPartOf":{"@id":"https:\/\/www.notibras.com\/site\/novas-incubadoras-dao-mais-conforto-a-recem-nascidos\/"},"author":{"name":"Reda\u00e7\u00e3o","@id":"https:\/\/www.notibras.com\/site\/#\/schema\/person\/36ab0979449956132d3e5b517ea76ac8"},"headline":"Novas incubadoras d\u00e3o mais conforto a rec\u00e9m-nascidos","datePublished":"2023-04-04T03:00:09+00:00","dateModified":"2023-04-04T13:05:15+00:00","mainEntityOfPage":{"@id":"https:\/\/www.notibras.com\/site\/novas-incubadoras-dao-mais-conforto-a-recem-nascidos\/"},"wordCount":351,"publisher":{"@id":"https:\/\/www.notibras.com\/site\/#organization"},"image":{"@id":"https:\/\/www.notibras.com\/site\/novas-incubadoras-dao-mais-conforto-a-recem-nascidos\/#primaryimage"},"thumbnailUrl":"https:\/\/www.notibras.com\/site\/wp-content\/uploads\/2023\/04\/3.4.-Incubadoras.-Foto-Arquivo-Agencia-Saude-1536x1023-1.jpg","articleSection":["Quadradinho em Foco"],"inLanguage":"pt-BR"},{"@type":"WebPage","@id":"https:\/\/www.notibras.com\/site\/novas-incubadoras-dao-mais-conforto-a-recem-nascidos\/","url":"https:\/\/www.notibras.com\/site\/novas-incubadoras-dao-mais-conforto-a-recem-nascidos\/","name":"Novas incubadoras d\u00e3o mais conforto a rec\u00e9m-nascidos - Notibras","isPartOf":{"@id":"https:\/\/www.notibras.com\/site\/#website"},"primaryImageOfPage":{"@id":"https:\/\/www.notibras.com\/site\/novas-incubadoras-dao-mais-conforto-a-recem-nascidos\/#primaryimage"},"image":{"@id":"https:\/\/www.notibras.com\/site\/novas-incubadoras-dao-mais-conforto-a-recem-nascidos\/#primaryimage"},"thumbnailUrl":"https:\/\/www.notibras.com\/site\/wp-content\/uploads\/2023\/04\/3.4.-Incubadoras.-Foto-Arquivo-Agencia-Saude-1536x1023-1.jpg","datePublished":"2023-04-04T03:00:09+00:00","dateModified":"2023-04-04T13:05:15+00:00","breadcrumb":{"@id":"https:\/\/www.notibras.com\/site\/novas-incubadoras-dao-mais-conforto-a-recem-nascidos\/#breadcrumb"},"inLanguage":"pt-BR","potentialAction":[{"@type":"ReadAction","target":["https:\/\/www.notibras.com\/site\/novas-incubadoras-dao-mais-conforto-a-recem-nascidos\/"]}]},{"@type":"ImageObject","inLanguage":"pt-BR","@id":"https:\/\/www.notibras.com\/site\/novas-incubadoras-dao-mais-conforto-a-recem-nascidos\/#primaryimage","url":"https:\/\/www.notibras.com\/site\/wp-content\/uploads\/2023\/04\/3.4.-Incubadoras.-Foto-Arquivo-Agencia-Saude-1536x1023-1.jpg","contentUrl":"https:\/\/www.notibras.com\/site\/wp-content\/uploads\/2023\/04\/3.4.-Incubadoras.-Foto-Arquivo-Agencia-Saude-1536x1023-1.jpg","width":1536,"height":1023},{"@type":"BreadcrumbList","@id":"https:\/\/www.notibras.com\/site\/novas-incubadoras-dao-mais-conforto-a-recem-nascidos\/#breadcrumb","itemListElement":[{"@type":"ListItem","position":1,"name":"In\u00edcio","item":"https:\/\/www.notibras.com\/site\/"},{"@type":"ListItem","position":2,"name":"Novas incubadoras d\u00e3o mais conforto a rec\u00e9m-nascidos"}]},{"@type":"WebSite","@id":"https:\/\/www.notibras.com\/site\/#website","url":"https:\/\/www.notibras.com\/site\/","name":"Notibras","description":"Not\u00edcias de Bras\u00edlia, do Brasil e do Mundo","publisher":{"@id":"https:\/\/www.notibras.com\/site\/#organization"},"potentialAction":[{"@type":"SearchAction","target":{"@type":"EntryPoint","urlTemplate":"https:\/\/www.notibras.com\/site\/?s={search_term_string}"},"query-input":{"@type":"PropertyValueSpecification","valueRequired":true,"valueName":"search_term_string"}}],"inLanguage":"pt-BR"},{"@type":"Organization","@id":"https:\/\/www.notibras.com\/site\/#organization","name":"Grupo Notibras de Comunica\u00e7\u00e3o","url":"https:\/\/www.notibras.com\/site\/","logo":{"@type":"ImageObject","inLanguage":"pt-BR","@id":"https:\/\/www.notibras.com\/site\/#\/schema\/logo\/image\/","url":"https:\/\/www.notibras.com\/site\/wp-content\/uploads\/2023\/01\/notibras23.png","contentUrl":"https:\/\/www.notibras.com\/site\/wp-content\/uploads\/2023\/01\/notibras23.png","width":350,"height":87,"caption":"Grupo Notibras de Comunica\u00e7\u00e3o"},"image":{"@id":"https:\/\/www.notibras.com\/site\/#\/schema\/logo\/image\/"},"sameAs":["https:\/\/www.facebook.com\/notibras\/","https:\/\/x.com\/Notibras","https:\/\/www.instagram.com\/notibras\/"]},{"@type":"Person","@id":"https:\/\/www.notibras.com\/site\/#\/schema\/person\/36ab0979449956132d3e5b517ea76ac8","name":"Reda\u00e7\u00e3o","image":{"@type":"ImageObject","inLanguage":"pt-BR","@id":"https:\/\/secure.gravatar.com\/avatar\/e0a867bdedb85fd243eadf09663511f96fc81e0720a4a42581f334ad4303aa6b?s=96&d=mm&r=g","url":"https:\/\/secure.gravatar.com\/avatar\/e0a867bdedb85fd243eadf09663511f96fc81e0720a4a42581f334ad4303aa6b?s=96&d=mm&r=g","contentUrl":"https:\/\/secure.gravatar.com\/avatar\/e0a867bdedb85fd243eadf09663511f96fc81e0720a4a42581f334ad4303aa6b?s=96&d=mm&r=g","caption":"Reda\u00e7\u00e3o"}}]}},"amp_enabled":true,"_links":{"self":[{"href":"https:\/\/www.notibras.com\/site\/wp-json\/wp\/v2\/posts\/302299","targetHints":{"allow":["GET"]}}],"collection":[{"href":"https:\/\/www.notibras.com\/site\/wp-json\/wp\/v2\/posts"}],"about":[{"href":"https:\/\/www.notibras.com\/site\/wp-json\/wp\/v2\/types\/post"}],"author":[{"embeddable":true,"href":"https:\/\/www.notibras.com\/site\/wp-json\/wp\/v2\/users\/2"}],"replies":[{"embeddable":true,"href":"https:\/\/www.notibras.com\/site\/wp-json\/wp\/v2\/comments?post=302299"}],"version-history":[{"count":1,"href":"https:\/\/www.notibras.com\/site\/wp-json\/wp\/v2\/posts\/302299\/revisions"}],"predecessor-version":[{"id":302300,"href":"https:\/\/www.notibras.com\/site\/wp-json\/wp\/v2\/posts\/302299\/revisions\/302300"}],"wp:featuredmedia":[{"embeddable":true,"href":"https:\/\/www.notibras.com\/site\/wp-json\/wp\/v2\/media\/302302"}],"wp:attachment":[{"href":"https:\/\/www.notibras.com\/site\/wp-json\/wp\/v2\/media?parent=302299"}],"wp:term":[{"taxonomy":"category","embeddable":true,"href":"https:\/\/www.notibras.com\/site\/wp-json\/wp\/v2\/categories?post=302299"},{"taxonomy":"post_tag","embeddable":true,"href":"https:\/\/www.notibras.com\/site\/wp-json\/wp\/v2\/tags?post=302299"}],"curies":[{"name":"wp","href":"https:\/\/api.w.org\/{rel}","templated":true}]}}