{"id":302303,"date":"2023-04-04T00:00:32","date_gmt":"2023-04-04T03:00:32","guid":{"rendered":"https:\/\/www.notibras.com\/site\/?p=302303"},"modified":"2023-04-04T10:09:12","modified_gmt":"2023-04-04T13:09:12","slug":"comecam-obras-de-estreitamento-de-faixas-na-epig","status":"publish","type":"post","link":"https:\/\/www.notibras.com\/site\/comecam-obras-de-estreitamento-de-faixas-na-epig\/","title":{"rendered":"Come\u00e7am obras de estreitamento de faixas na Epig"},"content":{"rendered":"<p>Em fun\u00e7\u00e3o das obras de encaixe do viaduto da Estrada Parque Ind\u00fastrias Gr\u00e1ficas (Epig), sentido Eixo Monumental, na altura do Parque da Cidade, condutores que passam pela regi\u00e3o devem ficar atentos a dois estreitamentos de faixas na via, a partir desta ter\u00e7a-feira (4).<\/p>\n<p>Ser\u00e3o interditadas duas faixas em dois trechos distintos de 150 metros \u2013 o primeiro localizado antes dos tapumes da obra (sa\u00edda da Pol\u00edcia Civil) e o segundo ap\u00f3s os tapumes (sa\u00edda semaf\u00f3rica do Parque da Cidade). Desta forma, apenas duas faixas ficar\u00e3o dispon\u00edveis para o tr\u00e2nsito. A previs\u00e3o \u00e9 que a interdi\u00e7\u00e3o dure pelo menos 60 dias.<\/p>\n<p>\u201cToda obra de grande porte, como a constru\u00e7\u00e3o deste viaduto, gera transtornos\u201d, afirma o secret\u00e1rio de Obras, Luciano Carvalho. \u201cPedimos aos motoristas que trafegam pela regi\u00e3o que usem rotas alternativas para o centro da cidade, como as vias ESPM e Epia, principalmente nos primeiros dias da interdi\u00e7\u00e3o\u201d.<\/p>\n<p>Os trechos interditados estar\u00e3o devidamente sinalizados, e a a\u00e7\u00e3o contar\u00e1 com apoio do Departamento de Estradas de Rodagem (DER) para minimizar os transtornos. \u201cEstaremos acompanhando de perto qualquer eventualidade e demanda emergencial\u201d, assegura o engenheiro Carlos Magno Rodrigues Barros, da Secretaria de Obras.<\/p>\n","protected":false},"excerpt":{"rendered":"<p>Em fun\u00e7\u00e3o das obras de encaixe do viaduto da Estrada Parque Ind\u00fastrias Gr\u00e1ficas (Epig), sentido Eixo Monumental, na altura do Parque da Cidade, condutores que passam pela regi\u00e3o devem ficar atentos a dois estreitamentos de faixas na via, a partir desta ter\u00e7a-feira (4). Ser\u00e3o interditadas duas faixas em dois trechos distintos de 150 metros \u2013 [&hellip;]<\/p>\n","protected":false},"author":2,"featured_media":302304,"comment_status":"closed","ping_status":"closed","sticky":false,"template":"","format":"standard","meta":{"_acf_changed":false,"footnotes":""},"categories":[161],"tags":[],"class_list":["post-302303","post","type-post","status-publish","format-standard","has-post-thumbnail","hentry","category-quadradinho-em-foco"],"acf":[],"yoast_head":"<!-- This site is optimized with the Yoast SEO plugin v27.2 - https:\/\/yoast.com\/product\/yoast-seo-wordpress\/ -->\n<title>Come\u00e7am obras de estreitamento de faixas na Epig - Notibras<\/title>\n<meta name=\"robots\" content=\"index, follow, max-snippet:-1, max-image-preview:large, max-video-preview:-1\" \/>\n<link rel=\"canonical\" href=\"https:\/\/www.notibras.com\/site\/comecam-obras-de-estreitamento-de-faixas-na-epig\/\" \/>\n<meta property=\"og:locale\" content=\"pt_BR\" \/>\n<meta property=\"og:type\" content=\"article\" \/>\n<meta property=\"og:title\" content=\"Come\u00e7am obras de estreitamento de faixas na Epig - Notibras\" \/>\n<meta property=\"og:description\" content=\"Em fun\u00e7\u00e3o das obras de encaixe do viaduto da Estrada Parque Ind\u00fastrias Gr\u00e1ficas (Epig), sentido Eixo Monumental, na altura do Parque da Cidade, condutores que passam pela regi\u00e3o devem ficar atentos a dois estreitamentos de faixas na via, a partir desta ter\u00e7a-feira (4). Ser\u00e3o interditadas duas faixas em dois trechos distintos de 150 metros \u2013 [&hellip;]\" \/>\n<meta property=\"og:url\" content=\"https:\/\/www.notibras.com\/site\/comecam-obras-de-estreitamento-de-faixas-na-epig\/\" \/>\n<meta property=\"og:site_name\" content=\"Notibras\" \/>\n<meta property=\"article:publisher\" content=\"https:\/\/www.facebook.com\/notibras\/\" \/>\n<meta property=\"article:published_time\" content=\"2023-04-04T03:00:32+00:00\" \/>\n<meta property=\"article:modified_time\" content=\"2023-04-04T13:09:12+00:00\" \/>\n<meta property=\"og:image\" content=\"https:\/\/www.notibras.com\/site\/wp-content\/uploads\/2023\/04\/Dentro-1-9-1536x1024-1.jpg\" \/>\n\t<meta property=\"og:image:width\" content=\"1536\" \/>\n\t<meta property=\"og:image:height\" content=\"1024\" \/>\n\t<meta property=\"og:image:type\" content=\"image\/jpeg\" \/>\n<meta name=\"author\" content=\"Reda\u00e7\u00e3o\" \/>\n<meta name=\"twitter:card\" content=\"summary_large_image\" \/>\n<meta name=\"twitter:creator\" content=\"@Notibras\" \/>\n<meta name=\"twitter:site\" content=\"@Notibras\" \/>\n<meta name=\"twitter:label1\" content=\"Escrito por\" \/>\n\t<meta name=\"twitter:data1\" content=\"Reda\u00e7\u00e3o\" \/>\n\t<meta name=\"twitter:label2\" content=\"Est. tempo de leitura\" \/>\n\t<meta name=\"twitter:data2\" content=\"2 minutos\" \/>\n<script type=\"application\/ld+json\" class=\"yoast-schema-graph\">{\"@context\":\"https:\/\/schema.org\",\"@graph\":[{\"@type\":\"Article\",\"@id\":\"https:\/\/www.notibras.com\/site\/comecam-obras-de-estreitamento-de-faixas-na-epig\/#article\",\"isPartOf\":{\"@id\":\"https:\/\/www.notibras.com\/site\/comecam-obras-de-estreitamento-de-faixas-na-epig\/\"},\"author\":{\"name\":\"Reda\u00e7\u00e3o\",\"@id\":\"https:\/\/www.notibras.com\/site\/#\/schema\/person\/36ab0979449956132d3e5b517ea76ac8\"},\"headline\":\"Come\u00e7am obras de estreitamento de faixas na Epig\",\"datePublished\":\"2023-04-04T03:00:32+00:00\",\"dateModified\":\"2023-04-04T13:09:12+00:00\",\"mainEntityOfPage\":{\"@id\":\"https:\/\/www.notibras.com\/site\/comecam-obras-de-estreitamento-de-faixas-na-epig\/\"},\"wordCount\":216,\"publisher\":{\"@id\":\"https:\/\/www.notibras.com\/site\/#organization\"},\"image\":{\"@id\":\"https:\/\/www.notibras.com\/site\/comecam-obras-de-estreitamento-de-faixas-na-epig\/#primaryimage\"},\"thumbnailUrl\":\"https:\/\/www.notibras.com\/site\/wp-content\/uploads\/2023\/04\/Dentro-1-9-1536x1024-1.jpg\",\"articleSection\":[\"Quadradinho em Foco\"],\"inLanguage\":\"pt-BR\"},{\"@type\":\"WebPage\",\"@id\":\"https:\/\/www.notibras.com\/site\/comecam-obras-de-estreitamento-de-faixas-na-epig\/\",\"url\":\"https:\/\/www.notibras.com\/site\/comecam-obras-de-estreitamento-de-faixas-na-epig\/\",\"name\":\"Come\u00e7am obras de estreitamento de faixas na Epig - Notibras\",\"isPartOf\":{\"@id\":\"https:\/\/www.notibras.com\/site\/#website\"},\"primaryImageOfPage\":{\"@id\":\"https:\/\/www.notibras.com\/site\/comecam-obras-de-estreitamento-de-faixas-na-epig\/#primaryimage\"},\"image\":{\"@id\":\"https:\/\/www.notibras.com\/site\/comecam-obras-de-estreitamento-de-faixas-na-epig\/#primaryimage\"},\"thumbnailUrl\":\"https:\/\/www.notibras.com\/site\/wp-content\/uploads\/2023\/04\/Dentro-1-9-1536x1024-1.jpg\",\"datePublished\":\"2023-04-04T03:00:32+00:00\",\"dateModified\":\"2023-04-04T13:09:12+00:00\",\"breadcrumb\":{\"@id\":\"https:\/\/www.notibras.com\/site\/comecam-obras-de-estreitamento-de-faixas-na-epig\/#breadcrumb\"},\"inLanguage\":\"pt-BR\",\"potentialAction\":[{\"@type\":\"ReadAction\",\"target\":[\"https:\/\/www.notibras.com\/site\/comecam-obras-de-estreitamento-de-faixas-na-epig\/\"]}]},{\"@type\":\"ImageObject\",\"inLanguage\":\"pt-BR\",\"@id\":\"https:\/\/www.notibras.com\/site\/comecam-obras-de-estreitamento-de-faixas-na-epig\/#primaryimage\",\"url\":\"https:\/\/www.notibras.com\/site\/wp-content\/uploads\/2023\/04\/Dentro-1-9-1536x1024-1.jpg\",\"contentUrl\":\"https:\/\/www.notibras.com\/site\/wp-content\/uploads\/2023\/04\/Dentro-1-9-1536x1024-1.jpg\",\"width\":1536,\"height\":1024},{\"@type\":\"BreadcrumbList\",\"@id\":\"https:\/\/www.notibras.com\/site\/comecam-obras-de-estreitamento-de-faixas-na-epig\/#breadcrumb\",\"itemListElement\":[{\"@type\":\"ListItem\",\"position\":1,\"name\":\"In\u00edcio\",\"item\":\"https:\/\/www.notibras.com\/site\/\"},{\"@type\":\"ListItem\",\"position\":2,\"name\":\"Come\u00e7am obras de estreitamento de faixas na Epig\"}]},{\"@type\":\"WebSite\",\"@id\":\"https:\/\/www.notibras.com\/site\/#website\",\"url\":\"https:\/\/www.notibras.com\/site\/\",\"name\":\"Notibras\",\"description\":\"Not\u00edcias de Bras\u00edlia, do Brasil e do Mundo\",\"publisher\":{\"@id\":\"https:\/\/www.notibras.com\/site\/#organization\"},\"potentialAction\":[{\"@type\":\"SearchAction\",\"target\":{\"@type\":\"EntryPoint\",\"urlTemplate\":\"https:\/\/www.notibras.com\/site\/?s={search_term_string}\"},\"query-input\":{\"@type\":\"PropertyValueSpecification\",\"valueRequired\":true,\"valueName\":\"search_term_string\"}}],\"inLanguage\":\"pt-BR\"},{\"@type\":\"Organization\",\"@id\":\"https:\/\/www.notibras.com\/site\/#organization\",\"name\":\"Grupo Notibras de Comunica\u00e7\u00e3o\",\"url\":\"https:\/\/www.notibras.com\/site\/\",\"logo\":{\"@type\":\"ImageObject\",\"inLanguage\":\"pt-BR\",\"@id\":\"https:\/\/www.notibras.com\/site\/#\/schema\/logo\/image\/\",\"url\":\"https:\/\/www.notibras.com\/site\/wp-content\/uploads\/2023\/01\/notibras23.png\",\"contentUrl\":\"https:\/\/www.notibras.com\/site\/wp-content\/uploads\/2023\/01\/notibras23.png\",\"width\":350,\"height\":87,\"caption\":\"Grupo Notibras de Comunica\u00e7\u00e3o\"},\"image\":{\"@id\":\"https:\/\/www.notibras.com\/site\/#\/schema\/logo\/image\/\"},\"sameAs\":[\"https:\/\/www.facebook.com\/notibras\/\",\"https:\/\/x.com\/Notibras\",\"https:\/\/www.instagram.com\/notibras\/\"]},{\"@type\":\"Person\",\"@id\":\"https:\/\/www.notibras.com\/site\/#\/schema\/person\/36ab0979449956132d3e5b517ea76ac8\",\"name\":\"Reda\u00e7\u00e3o\",\"image\":{\"@type\":\"ImageObject\",\"inLanguage\":\"pt-BR\",\"@id\":\"https:\/\/secure.gravatar.com\/avatar\/e0a867bdedb85fd243eadf09663511f96fc81e0720a4a42581f334ad4303aa6b?s=96&d=mm&r=g\",\"url\":\"https:\/\/secure.gravatar.com\/avatar\/e0a867bdedb85fd243eadf09663511f96fc81e0720a4a42581f334ad4303aa6b?s=96&d=mm&r=g\",\"contentUrl\":\"https:\/\/secure.gravatar.com\/avatar\/e0a867bdedb85fd243eadf09663511f96fc81e0720a4a42581f334ad4303aa6b?s=96&d=mm&r=g\",\"caption\":\"Reda\u00e7\u00e3o\"}}]}<\/script>\n<!-- \/ Yoast SEO plugin. -->","yoast_head_json":{"title":"Come\u00e7am obras de estreitamento de faixas na Epig - Notibras","robots":{"index":"index","follow":"follow","max-snippet":"max-snippet:-1","max-image-preview":"max-image-preview:large","max-video-preview":"max-video-preview:-1"},"canonical":"https:\/\/www.notibras.com\/site\/comecam-obras-de-estreitamento-de-faixas-na-epig\/","og_locale":"pt_BR","og_type":"article","og_title":"Come\u00e7am obras de estreitamento de faixas na Epig - Notibras","og_description":"Em fun\u00e7\u00e3o das obras de encaixe do viaduto da Estrada Parque Ind\u00fastrias Gr\u00e1ficas (Epig), sentido Eixo Monumental, na altura do Parque da Cidade, condutores que passam pela regi\u00e3o devem ficar atentos a dois estreitamentos de faixas na via, a partir desta ter\u00e7a-feira (4). Ser\u00e3o interditadas duas faixas em dois trechos distintos de 150 metros \u2013 [&hellip;]","og_url":"https:\/\/www.notibras.com\/site\/comecam-obras-de-estreitamento-de-faixas-na-epig\/","og_site_name":"Notibras","article_publisher":"https:\/\/www.facebook.com\/notibras\/","article_published_time":"2023-04-04T03:00:32+00:00","article_modified_time":"2023-04-04T13:09:12+00:00","og_image":[{"width":1536,"height":1024,"url":"https:\/\/www.notibras.com\/site\/wp-content\/uploads\/2023\/04\/Dentro-1-9-1536x1024-1.jpg","type":"image\/jpeg"}],"author":"Reda\u00e7\u00e3o","twitter_card":"summary_large_image","twitter_creator":"@Notibras","twitter_site":"@Notibras","twitter_misc":{"Escrito por":"Reda\u00e7\u00e3o","Est. tempo de leitura":"2 minutos"},"schema":{"@context":"https:\/\/schema.org","@graph":[{"@type":"Article","@id":"https:\/\/www.notibras.com\/site\/comecam-obras-de-estreitamento-de-faixas-na-epig\/#article","isPartOf":{"@id":"https:\/\/www.notibras.com\/site\/comecam-obras-de-estreitamento-de-faixas-na-epig\/"},"author":{"name":"Reda\u00e7\u00e3o","@id":"https:\/\/www.notibras.com\/site\/#\/schema\/person\/36ab0979449956132d3e5b517ea76ac8"},"headline":"Come\u00e7am obras de estreitamento de faixas na Epig","datePublished":"2023-04-04T03:00:32+00:00","dateModified":"2023-04-04T13:09:12+00:00","mainEntityOfPage":{"@id":"https:\/\/www.notibras.com\/site\/comecam-obras-de-estreitamento-de-faixas-na-epig\/"},"wordCount":216,"publisher":{"@id":"https:\/\/www.notibras.com\/site\/#organization"},"image":{"@id":"https:\/\/www.notibras.com\/site\/comecam-obras-de-estreitamento-de-faixas-na-epig\/#primaryimage"},"thumbnailUrl":"https:\/\/www.notibras.com\/site\/wp-content\/uploads\/2023\/04\/Dentro-1-9-1536x1024-1.jpg","articleSection":["Quadradinho em Foco"],"inLanguage":"pt-BR"},{"@type":"WebPage","@id":"https:\/\/www.notibras.com\/site\/comecam-obras-de-estreitamento-de-faixas-na-epig\/","url":"https:\/\/www.notibras.com\/site\/comecam-obras-de-estreitamento-de-faixas-na-epig\/","name":"Come\u00e7am obras de estreitamento de faixas na Epig - Notibras","isPartOf":{"@id":"https:\/\/www.notibras.com\/site\/#website"},"primaryImageOfPage":{"@id":"https:\/\/www.notibras.com\/site\/comecam-obras-de-estreitamento-de-faixas-na-epig\/#primaryimage"},"image":{"@id":"https:\/\/www.notibras.com\/site\/comecam-obras-de-estreitamento-de-faixas-na-epig\/#primaryimage"},"thumbnailUrl":"https:\/\/www.notibras.com\/site\/wp-content\/uploads\/2023\/04\/Dentro-1-9-1536x1024-1.jpg","datePublished":"2023-04-04T03:00:32+00:00","dateModified":"2023-04-04T13:09:12+00:00","breadcrumb":{"@id":"https:\/\/www.notibras.com\/site\/comecam-obras-de-estreitamento-de-faixas-na-epig\/#breadcrumb"},"inLanguage":"pt-BR","potentialAction":[{"@type":"ReadAction","target":["https:\/\/www.notibras.com\/site\/comecam-obras-de-estreitamento-de-faixas-na-epig\/"]}]},{"@type":"ImageObject","inLanguage":"pt-BR","@id":"https:\/\/www.notibras.com\/site\/comecam-obras-de-estreitamento-de-faixas-na-epig\/#primaryimage","url":"https:\/\/www.notibras.com\/site\/wp-content\/uploads\/2023\/04\/Dentro-1-9-1536x1024-1.jpg","contentUrl":"https:\/\/www.notibras.com\/site\/wp-content\/uploads\/2023\/04\/Dentro-1-9-1536x1024-1.jpg","width":1536,"height":1024},{"@type":"BreadcrumbList","@id":"https:\/\/www.notibras.com\/site\/comecam-obras-de-estreitamento-de-faixas-na-epig\/#breadcrumb","itemListElement":[{"@type":"ListItem","position":1,"name":"In\u00edcio","item":"https:\/\/www.notibras.com\/site\/"},{"@type":"ListItem","position":2,"name":"Come\u00e7am obras de estreitamento de faixas na Epig"}]},{"@type":"WebSite","@id":"https:\/\/www.notibras.com\/site\/#website","url":"https:\/\/www.notibras.com\/site\/","name":"Notibras","description":"Not\u00edcias de Bras\u00edlia, do Brasil e do Mundo","publisher":{"@id":"https:\/\/www.notibras.com\/site\/#organization"},"potentialAction":[{"@type":"SearchAction","target":{"@type":"EntryPoint","urlTemplate":"https:\/\/www.notibras.com\/site\/?s={search_term_string}"},"query-input":{"@type":"PropertyValueSpecification","valueRequired":true,"valueName":"search_term_string"}}],"inLanguage":"pt-BR"},{"@type":"Organization","@id":"https:\/\/www.notibras.com\/site\/#organization","name":"Grupo Notibras de Comunica\u00e7\u00e3o","url":"https:\/\/www.notibras.com\/site\/","logo":{"@type":"ImageObject","inLanguage":"pt-BR","@id":"https:\/\/www.notibras.com\/site\/#\/schema\/logo\/image\/","url":"https:\/\/www.notibras.com\/site\/wp-content\/uploads\/2023\/01\/notibras23.png","contentUrl":"https:\/\/www.notibras.com\/site\/wp-content\/uploads\/2023\/01\/notibras23.png","width":350,"height":87,"caption":"Grupo Notibras de Comunica\u00e7\u00e3o"},"image":{"@id":"https:\/\/www.notibras.com\/site\/#\/schema\/logo\/image\/"},"sameAs":["https:\/\/www.facebook.com\/notibras\/","https:\/\/x.com\/Notibras","https:\/\/www.instagram.com\/notibras\/"]},{"@type":"Person","@id":"https:\/\/www.notibras.com\/site\/#\/schema\/person\/36ab0979449956132d3e5b517ea76ac8","name":"Reda\u00e7\u00e3o","image":{"@type":"ImageObject","inLanguage":"pt-BR","@id":"https:\/\/secure.gravatar.com\/avatar\/e0a867bdedb85fd243eadf09663511f96fc81e0720a4a42581f334ad4303aa6b?s=96&d=mm&r=g","url":"https:\/\/secure.gravatar.com\/avatar\/e0a867bdedb85fd243eadf09663511f96fc81e0720a4a42581f334ad4303aa6b?s=96&d=mm&r=g","contentUrl":"https:\/\/secure.gravatar.com\/avatar\/e0a867bdedb85fd243eadf09663511f96fc81e0720a4a42581f334ad4303aa6b?s=96&d=mm&r=g","caption":"Reda\u00e7\u00e3o"}}]}},"amp_enabled":true,"_links":{"self":[{"href":"https:\/\/www.notibras.com\/site\/wp-json\/wp\/v2\/posts\/302303","targetHints":{"allow":["GET"]}}],"collection":[{"href":"https:\/\/www.notibras.com\/site\/wp-json\/wp\/v2\/posts"}],"about":[{"href":"https:\/\/www.notibras.com\/site\/wp-json\/wp\/v2\/types\/post"}],"author":[{"embeddable":true,"href":"https:\/\/www.notibras.com\/site\/wp-json\/wp\/v2\/users\/2"}],"replies":[{"embeddable":true,"href":"https:\/\/www.notibras.com\/site\/wp-json\/wp\/v2\/comments?post=302303"}],"version-history":[{"count":1,"href":"https:\/\/www.notibras.com\/site\/wp-json\/wp\/v2\/posts\/302303\/revisions"}],"predecessor-version":[{"id":302305,"href":"https:\/\/www.notibras.com\/site\/wp-json\/wp\/v2\/posts\/302303\/revisions\/302305"}],"wp:featuredmedia":[{"embeddable":true,"href":"https:\/\/www.notibras.com\/site\/wp-json\/wp\/v2\/media\/302304"}],"wp:attachment":[{"href":"https:\/\/www.notibras.com\/site\/wp-json\/wp\/v2\/media?parent=302303"}],"wp:term":[{"taxonomy":"category","embeddable":true,"href":"https:\/\/www.notibras.com\/site\/wp-json\/wp\/v2\/categories?post=302303"},{"taxonomy":"post_tag","embeddable":true,"href":"https:\/\/www.notibras.com\/site\/wp-json\/wp\/v2\/tags?post=302303"}],"curies":[{"name":"wp","href":"https:\/\/api.w.org\/{rel}","templated":true}]}}