{"id":302306,"date":"2023-04-04T00:00:03","date_gmt":"2023-04-04T03:00:03","guid":{"rendered":"https:\/\/www.notibras.com\/site\/?p=302306"},"modified":"2023-04-04T10:26:31","modified_gmt":"2023-04-04T13:26:31","slug":"novas-casas-da-mulher-tem-atendimento-especializado-na-saude","status":"publish","type":"post","link":"https:\/\/www.notibras.com\/site\/novas-casas-da-mulher-tem-atendimento-especializado-na-saude\/","title":{"rendered":"Novas Casas da Mulher t\u00eam atendimento especializado na sa\u00fade"},"content":{"rendered":"<p>A for\u00e7a-tarefa do governo de combate ao feminic\u00eddio apresentou, nesta segunda-feira (3), as 37 a\u00e7\u00f5es de curto, m\u00e9dio e longo prazo a serem adotadas nas \u00e1reas de sa\u00fade, seguran\u00e7a p\u00fablica, justi\u00e7a, educa\u00e7\u00e3o e assist\u00eancia social. Entre as medidas, a constru\u00e7\u00e3o de novas Casas da Mulher Brasileira e a rede in\u00e9dita de atendimento especializado na sa\u00fade nos casos de pessoas expostas a viol\u00eancia.<\/p>\n<p>O grupo foi institu\u00eddo em fevereiro com o objetivo de unir \u00f3rg\u00e3os de governo para propor e estabelecer pol\u00edticas p\u00fablicas de prote\u00e7\u00e3o \u00e0s mulheres. A coletiva desta segunda-feira (3) apresentou o resultado desse trabalho e mostrou o que o GDF e outros \u00f3rg\u00e3os j\u00e1 fizeram e o que v\u00e3o fazer.<\/p>\n<p>A for\u00e7a-tarefa definiu como meta, por exemplo, a proposi\u00e7\u00e3o e a regulamenta\u00e7\u00e3o de leis com aux\u00edlio \u00e0s mulheres v\u00edtimas de viol\u00eancia e aos \u00f3rf\u00e3os do feminic\u00eddio, bem como a regulamenta\u00e7\u00e3o do aluguel social para v\u00edtimas de viol\u00eancia dom\u00e9stica. Outra medida \u00e9 ampliar a rede de apoio jur\u00eddico e fortalecer o atendimento socioassistencial.<\/p>\n<p>\u201cForam 45 dias de trabalho na for\u00e7a-tarefa para se chegar ao relat\u00f3rio, com medidas que passam a ser implementadas em curto, m\u00e9dio e longo prazo. Mas \u00e9 importante lembrar que j\u00e1 tivemos mais de 230 a\u00e7\u00f5es ocorrendo em todo o DF no \u2018Mar\u00e7o Mais Mulher\u2019 e vamos dar continuidade agora, com a constru\u00e7\u00e3o de tr\u00eas unidades da Casa da Mulher Brasileira, j\u00e1 com recursos previstos, e temos uma quarta prevista, em processo t\u00e9cnico. Al\u00e9m disso, temos esse trabalho na sa\u00fade que vai ser pioneiro em todo o pa\u00eds\u201d, afirmou a secret\u00e1ria da Mulher, Giselle Ferreira.<\/p>\n<p>A cada dois minutos, uma mulher \u00e9 agredida no pa\u00eds e, a cada sete horas, uma \u00e9 morta por um parceiro ou ex-parceiro. Esses n\u00fameros alarmantes e o fato de o Brasil ser o quinto colocado no ranking mundial do feminic\u00eddio t\u00eam levado gestores p\u00fablicos em todo o pa\u00eds a adotar a\u00e7\u00f5es efetivas para prevenir e combater essa viol\u00eancia.<\/p>\n<p>Uma dessas a\u00e7\u00f5es foi justamente a cria\u00e7\u00e3o de um atendimento especializado na sa\u00fade, conforme explica a secret\u00e1ria da pasta, Lucilene Flor\u00eancio. \u201cTemos, no Brasil, cinco redes de aten\u00e7\u00e3o \u00e0 sa\u00fade (Rede Cegonha, Cuidado \u00e0 Pessoa com Defici\u00eancia, Aten\u00e7\u00e3o Psicossocial, de Urg\u00eancia e Emerg\u00eancia e Aten\u00e7\u00e3o \u00e0s Doen\u00e7as Cr\u00f4nicas), e o DF hoje sai na frente por ser a \u00fanica unidade da Federa\u00e7\u00e3o que tem a sexta rede. Publicamos a Portaria 108, que \u00e9 a da Rede de Aten\u00e7\u00e3o \u00e0s Pessoas Expostas a Situa\u00e7\u00f5es de Viol\u00eancia, e vamos implement\u00e1-la em todo o sistema de sa\u00fade\u201d, explica.<\/p>\n<p>A secret\u00e1ria de Justi\u00e7a e Cidadania, Marcela Passamani, pontuou que a pasta atua com os n\u00facleos de atendimento do Pr\u00f3-V\u00edtima e pretende aumentar os servi\u00e7os jur\u00eddicos com apoio de advogados e advogadas volunt\u00e1rias, al\u00e9m da advocacia dativa.<\/p>\n<p>Os advogados dativos s\u00e3o nomeados pelo juiz para atuar em processos judiciais nas comarcas onde o n\u00famero de defensores p\u00fablicos \u00e9 insuficiente para atender \u00e0s demandas de quem n\u00e3o tem como pagar por algu\u00e9m que atue em seu favor em um processo. Agora, a Sejus trabalha para que eles reforcem essa atua\u00e7\u00e3o junto \u00e0s v\u00edtimas de viol\u00eancia.<\/p>\n<p>\u201cO peso da lei \u00e9 importante para fortalecer as mulheres num momento t\u00e3o fr\u00e1gil. Um dos pontos que a mulher recua \u00e9 que ela n\u00e3o sabe seus direitos e n\u00e3o sabe judicializar, e a falta de informa\u00e7\u00e3o e de atendimento especializado faz com que ela recue. Portanto, vamos avan\u00e7ar nessa quest\u00e3o\u201d, detalha Passamani.<\/p>\n<p>A for\u00e7a-tarefa foi institu\u00edda por meio do Decreto n\u00ba 44.206\/2023 com o objetivo de conscientizar a popula\u00e7\u00e3o de que a viol\u00eancia dom\u00e9stica \u00e9 um problema de toda a sociedade e para que todos os \u00f3rg\u00e3o trabalhem de forma conjunta e transversal no combate aos crimes contra as mulheres, no enfrentamento \u00e0 viol\u00eancia e tamb\u00e9m na promo\u00e7\u00e3o da mulher, principalmente em rela\u00e7\u00e3o a sua autonomia econ\u00f4mica.<\/p>\n<p>Foram envolvidas equipes t\u00e9cnicas das secretarias da Mulher, Justi\u00e7a e Cidadania, Fam\u00edlia e Juventude, Sa\u00fade, Educa\u00e7\u00e3o, Desenvolvimento Econ\u00f4mico, Trabalho e Renda, Comunica\u00e7\u00e3o, Seguran\u00e7a P\u00fablica, Desenvolvimento Social, Defensoria P\u00fablica do Distrito Federal, Companhia Energ\u00e9tica de Bras\u00edlia. E, tamb\u00e9m, participar\u00e3o Tribunal de Justi\u00e7a do Distrito Federal e dos Territ\u00f3rios (TJDFT); Minist\u00e9rio P\u00fablico do Distrito Federal e Territ\u00f3rios (MPDFT); C\u00e2mara Legislativa do Distrito Federal (CLDF); e a Ordem dos Advogados do Brasil.<\/p>\n","protected":false},"excerpt":{"rendered":"<p>A for\u00e7a-tarefa do governo de combate ao feminic\u00eddio apresentou, nesta segunda-feira (3), as 37 a\u00e7\u00f5es de curto, m\u00e9dio e longo prazo a serem adotadas nas \u00e1reas de sa\u00fade, seguran\u00e7a p\u00fablica, justi\u00e7a, educa\u00e7\u00e3o e assist\u00eancia social. Entre as medidas, a constru\u00e7\u00e3o de novas Casas da Mulher Brasileira e a rede in\u00e9dita de atendimento especializado na sa\u00fade [&hellip;]<\/p>\n","protected":false},"author":2,"featured_media":302307,"comment_status":"closed","ping_status":"closed","sticky":false,"template":"","format":"standard","meta":{"_acf_changed":false,"footnotes":""},"categories":[161],"tags":[],"class_list":["post-302306","post","type-post","status-publish","format-standard","has-post-thumbnail","hentry","category-quadradinho-em-foco"],"acf":[],"yoast_head":"<!-- This site is optimized with the Yoast SEO plugin v27.2 - https:\/\/yoast.com\/product\/yoast-seo-wordpress\/ -->\n<title>Novas Casas da Mulher t\u00eam atendimento especializado na sa\u00fade - Notibras<\/title>\n<meta name=\"robots\" content=\"index, follow, max-snippet:-1, max-image-preview:large, max-video-preview:-1\" \/>\n<link rel=\"canonical\" href=\"https:\/\/www.notibras.com\/site\/novas-casas-da-mulher-tem-atendimento-especializado-na-saude\/\" \/>\n<meta property=\"og:locale\" content=\"pt_BR\" \/>\n<meta property=\"og:type\" content=\"article\" \/>\n<meta property=\"og:title\" content=\"Novas Casas da Mulher t\u00eam atendimento especializado na sa\u00fade - Notibras\" \/>\n<meta property=\"og:description\" content=\"A for\u00e7a-tarefa do governo de combate ao feminic\u00eddio apresentou, nesta segunda-feira (3), as 37 a\u00e7\u00f5es de curto, m\u00e9dio e longo prazo a serem adotadas nas \u00e1reas de sa\u00fade, seguran\u00e7a p\u00fablica, justi\u00e7a, educa\u00e7\u00e3o e assist\u00eancia social. Entre as medidas, a constru\u00e7\u00e3o de novas Casas da Mulher Brasileira e a rede in\u00e9dita de atendimento especializado na sa\u00fade [&hellip;]\" \/>\n<meta property=\"og:url\" content=\"https:\/\/www.notibras.com\/site\/novas-casas-da-mulher-tem-atendimento-especializado-na-saude\/\" \/>\n<meta property=\"og:site_name\" content=\"Notibras\" \/>\n<meta property=\"article:publisher\" content=\"https:\/\/www.facebook.com\/notibras\/\" \/>\n<meta property=\"article:published_time\" content=\"2023-04-04T03:00:03+00:00\" \/>\n<meta property=\"article:modified_time\" content=\"2023-04-04T13:26:31+00:00\" \/>\n<meta property=\"og:image\" content=\"https:\/\/www.notibras.com\/site\/wp-content\/uploads\/2023\/04\/Dentro-1-1536x1024-1.jpg\" \/>\n\t<meta property=\"og:image:width\" content=\"1536\" \/>\n\t<meta property=\"og:image:height\" content=\"1024\" \/>\n\t<meta property=\"og:image:type\" content=\"image\/jpeg\" \/>\n<meta name=\"author\" content=\"Reda\u00e7\u00e3o\" \/>\n<meta name=\"twitter:card\" content=\"summary_large_image\" \/>\n<meta name=\"twitter:creator\" content=\"@Notibras\" \/>\n<meta name=\"twitter:site\" content=\"@Notibras\" \/>\n<meta name=\"twitter:label1\" content=\"Escrito por\" \/>\n\t<meta name=\"twitter:data1\" content=\"Reda\u00e7\u00e3o\" \/>\n\t<meta name=\"twitter:label2\" content=\"Est. tempo de leitura\" \/>\n\t<meta name=\"twitter:data2\" content=\"4 minutos\" \/>\n<script type=\"application\/ld+json\" class=\"yoast-schema-graph\">{\"@context\":\"https:\/\/schema.org\",\"@graph\":[{\"@type\":\"Article\",\"@id\":\"https:\/\/www.notibras.com\/site\/novas-casas-da-mulher-tem-atendimento-especializado-na-saude\/#article\",\"isPartOf\":{\"@id\":\"https:\/\/www.notibras.com\/site\/novas-casas-da-mulher-tem-atendimento-especializado-na-saude\/\"},\"author\":{\"name\":\"Reda\u00e7\u00e3o\",\"@id\":\"https:\/\/www.notibras.com\/site\/#\/schema\/person\/36ab0979449956132d3e5b517ea76ac8\"},\"headline\":\"Novas Casas da Mulher t\u00eam atendimento especializado na sa\u00fade\",\"datePublished\":\"2023-04-04T03:00:03+00:00\",\"dateModified\":\"2023-04-04T13:26:31+00:00\",\"mainEntityOfPage\":{\"@id\":\"https:\/\/www.notibras.com\/site\/novas-casas-da-mulher-tem-atendimento-especializado-na-saude\/\"},\"wordCount\":815,\"publisher\":{\"@id\":\"https:\/\/www.notibras.com\/site\/#organization\"},\"image\":{\"@id\":\"https:\/\/www.notibras.com\/site\/novas-casas-da-mulher-tem-atendimento-especializado-na-saude\/#primaryimage\"},\"thumbnailUrl\":\"https:\/\/www.notibras.com\/site\/wp-content\/uploads\/2023\/04\/Dentro-1-1536x1024-1.jpg\",\"articleSection\":[\"Quadradinho em Foco\"],\"inLanguage\":\"pt-BR\"},{\"@type\":\"WebPage\",\"@id\":\"https:\/\/www.notibras.com\/site\/novas-casas-da-mulher-tem-atendimento-especializado-na-saude\/\",\"url\":\"https:\/\/www.notibras.com\/site\/novas-casas-da-mulher-tem-atendimento-especializado-na-saude\/\",\"name\":\"Novas Casas da Mulher t\u00eam atendimento especializado na sa\u00fade - Notibras\",\"isPartOf\":{\"@id\":\"https:\/\/www.notibras.com\/site\/#website\"},\"primaryImageOfPage\":{\"@id\":\"https:\/\/www.notibras.com\/site\/novas-casas-da-mulher-tem-atendimento-especializado-na-saude\/#primaryimage\"},\"image\":{\"@id\":\"https:\/\/www.notibras.com\/site\/novas-casas-da-mulher-tem-atendimento-especializado-na-saude\/#primaryimage\"},\"thumbnailUrl\":\"https:\/\/www.notibras.com\/site\/wp-content\/uploads\/2023\/04\/Dentro-1-1536x1024-1.jpg\",\"datePublished\":\"2023-04-04T03:00:03+00:00\",\"dateModified\":\"2023-04-04T13:26:31+00:00\",\"breadcrumb\":{\"@id\":\"https:\/\/www.notibras.com\/site\/novas-casas-da-mulher-tem-atendimento-especializado-na-saude\/#breadcrumb\"},\"inLanguage\":\"pt-BR\",\"potentialAction\":[{\"@type\":\"ReadAction\",\"target\":[\"https:\/\/www.notibras.com\/site\/novas-casas-da-mulher-tem-atendimento-especializado-na-saude\/\"]}]},{\"@type\":\"ImageObject\",\"inLanguage\":\"pt-BR\",\"@id\":\"https:\/\/www.notibras.com\/site\/novas-casas-da-mulher-tem-atendimento-especializado-na-saude\/#primaryimage\",\"url\":\"https:\/\/www.notibras.com\/site\/wp-content\/uploads\/2023\/04\/Dentro-1-1536x1024-1.jpg\",\"contentUrl\":\"https:\/\/www.notibras.com\/site\/wp-content\/uploads\/2023\/04\/Dentro-1-1536x1024-1.jpg\",\"width\":1536,\"height\":1024},{\"@type\":\"BreadcrumbList\",\"@id\":\"https:\/\/www.notibras.com\/site\/novas-casas-da-mulher-tem-atendimento-especializado-na-saude\/#breadcrumb\",\"itemListElement\":[{\"@type\":\"ListItem\",\"position\":1,\"name\":\"In\u00edcio\",\"item\":\"https:\/\/www.notibras.com\/site\/\"},{\"@type\":\"ListItem\",\"position\":2,\"name\":\"Novas Casas da Mulher t\u00eam atendimento especializado na sa\u00fade\"}]},{\"@type\":\"WebSite\",\"@id\":\"https:\/\/www.notibras.com\/site\/#website\",\"url\":\"https:\/\/www.notibras.com\/site\/\",\"name\":\"Notibras\",\"description\":\"Not\u00edcias de Bras\u00edlia, do Brasil e do Mundo\",\"publisher\":{\"@id\":\"https:\/\/www.notibras.com\/site\/#organization\"},\"potentialAction\":[{\"@type\":\"SearchAction\",\"target\":{\"@type\":\"EntryPoint\",\"urlTemplate\":\"https:\/\/www.notibras.com\/site\/?s={search_term_string}\"},\"query-input\":{\"@type\":\"PropertyValueSpecification\",\"valueRequired\":true,\"valueName\":\"search_term_string\"}}],\"inLanguage\":\"pt-BR\"},{\"@type\":\"Organization\",\"@id\":\"https:\/\/www.notibras.com\/site\/#organization\",\"name\":\"Grupo Notibras de Comunica\u00e7\u00e3o\",\"url\":\"https:\/\/www.notibras.com\/site\/\",\"logo\":{\"@type\":\"ImageObject\",\"inLanguage\":\"pt-BR\",\"@id\":\"https:\/\/www.notibras.com\/site\/#\/schema\/logo\/image\/\",\"url\":\"https:\/\/www.notibras.com\/site\/wp-content\/uploads\/2023\/01\/notibras23.png\",\"contentUrl\":\"https:\/\/www.notibras.com\/site\/wp-content\/uploads\/2023\/01\/notibras23.png\",\"width\":350,\"height\":87,\"caption\":\"Grupo Notibras de Comunica\u00e7\u00e3o\"},\"image\":{\"@id\":\"https:\/\/www.notibras.com\/site\/#\/schema\/logo\/image\/\"},\"sameAs\":[\"https:\/\/www.facebook.com\/notibras\/\",\"https:\/\/x.com\/Notibras\",\"https:\/\/www.instagram.com\/notibras\/\"]},{\"@type\":\"Person\",\"@id\":\"https:\/\/www.notibras.com\/site\/#\/schema\/person\/36ab0979449956132d3e5b517ea76ac8\",\"name\":\"Reda\u00e7\u00e3o\",\"image\":{\"@type\":\"ImageObject\",\"inLanguage\":\"pt-BR\",\"@id\":\"https:\/\/secure.gravatar.com\/avatar\/e0a867bdedb85fd243eadf09663511f96fc81e0720a4a42581f334ad4303aa6b?s=96&d=mm&r=g\",\"url\":\"https:\/\/secure.gravatar.com\/avatar\/e0a867bdedb85fd243eadf09663511f96fc81e0720a4a42581f334ad4303aa6b?s=96&d=mm&r=g\",\"contentUrl\":\"https:\/\/secure.gravatar.com\/avatar\/e0a867bdedb85fd243eadf09663511f96fc81e0720a4a42581f334ad4303aa6b?s=96&d=mm&r=g\",\"caption\":\"Reda\u00e7\u00e3o\"}}]}<\/script>\n<!-- \/ Yoast SEO plugin. -->","yoast_head_json":{"title":"Novas Casas da Mulher t\u00eam atendimento especializado na sa\u00fade - Notibras","robots":{"index":"index","follow":"follow","max-snippet":"max-snippet:-1","max-image-preview":"max-image-preview:large","max-video-preview":"max-video-preview:-1"},"canonical":"https:\/\/www.notibras.com\/site\/novas-casas-da-mulher-tem-atendimento-especializado-na-saude\/","og_locale":"pt_BR","og_type":"article","og_title":"Novas Casas da Mulher t\u00eam atendimento especializado na sa\u00fade - Notibras","og_description":"A for\u00e7a-tarefa do governo de combate ao feminic\u00eddio apresentou, nesta segunda-feira (3), as 37 a\u00e7\u00f5es de curto, m\u00e9dio e longo prazo a serem adotadas nas \u00e1reas de sa\u00fade, seguran\u00e7a p\u00fablica, justi\u00e7a, educa\u00e7\u00e3o e assist\u00eancia social. Entre as medidas, a constru\u00e7\u00e3o de novas Casas da Mulher Brasileira e a rede in\u00e9dita de atendimento especializado na sa\u00fade [&hellip;]","og_url":"https:\/\/www.notibras.com\/site\/novas-casas-da-mulher-tem-atendimento-especializado-na-saude\/","og_site_name":"Notibras","article_publisher":"https:\/\/www.facebook.com\/notibras\/","article_published_time":"2023-04-04T03:00:03+00:00","article_modified_time":"2023-04-04T13:26:31+00:00","og_image":[{"width":1536,"height":1024,"url":"https:\/\/www.notibras.com\/site\/wp-content\/uploads\/2023\/04\/Dentro-1-1536x1024-1.jpg","type":"image\/jpeg"}],"author":"Reda\u00e7\u00e3o","twitter_card":"summary_large_image","twitter_creator":"@Notibras","twitter_site":"@Notibras","twitter_misc":{"Escrito por":"Reda\u00e7\u00e3o","Est. tempo de leitura":"4 minutos"},"schema":{"@context":"https:\/\/schema.org","@graph":[{"@type":"Article","@id":"https:\/\/www.notibras.com\/site\/novas-casas-da-mulher-tem-atendimento-especializado-na-saude\/#article","isPartOf":{"@id":"https:\/\/www.notibras.com\/site\/novas-casas-da-mulher-tem-atendimento-especializado-na-saude\/"},"author":{"name":"Reda\u00e7\u00e3o","@id":"https:\/\/www.notibras.com\/site\/#\/schema\/person\/36ab0979449956132d3e5b517ea76ac8"},"headline":"Novas Casas da Mulher t\u00eam atendimento especializado na sa\u00fade","datePublished":"2023-04-04T03:00:03+00:00","dateModified":"2023-04-04T13:26:31+00:00","mainEntityOfPage":{"@id":"https:\/\/www.notibras.com\/site\/novas-casas-da-mulher-tem-atendimento-especializado-na-saude\/"},"wordCount":815,"publisher":{"@id":"https:\/\/www.notibras.com\/site\/#organization"},"image":{"@id":"https:\/\/www.notibras.com\/site\/novas-casas-da-mulher-tem-atendimento-especializado-na-saude\/#primaryimage"},"thumbnailUrl":"https:\/\/www.notibras.com\/site\/wp-content\/uploads\/2023\/04\/Dentro-1-1536x1024-1.jpg","articleSection":["Quadradinho em Foco"],"inLanguage":"pt-BR"},{"@type":"WebPage","@id":"https:\/\/www.notibras.com\/site\/novas-casas-da-mulher-tem-atendimento-especializado-na-saude\/","url":"https:\/\/www.notibras.com\/site\/novas-casas-da-mulher-tem-atendimento-especializado-na-saude\/","name":"Novas Casas da Mulher t\u00eam atendimento especializado na sa\u00fade - Notibras","isPartOf":{"@id":"https:\/\/www.notibras.com\/site\/#website"},"primaryImageOfPage":{"@id":"https:\/\/www.notibras.com\/site\/novas-casas-da-mulher-tem-atendimento-especializado-na-saude\/#primaryimage"},"image":{"@id":"https:\/\/www.notibras.com\/site\/novas-casas-da-mulher-tem-atendimento-especializado-na-saude\/#primaryimage"},"thumbnailUrl":"https:\/\/www.notibras.com\/site\/wp-content\/uploads\/2023\/04\/Dentro-1-1536x1024-1.jpg","datePublished":"2023-04-04T03:00:03+00:00","dateModified":"2023-04-04T13:26:31+00:00","breadcrumb":{"@id":"https:\/\/www.notibras.com\/site\/novas-casas-da-mulher-tem-atendimento-especializado-na-saude\/#breadcrumb"},"inLanguage":"pt-BR","potentialAction":[{"@type":"ReadAction","target":["https:\/\/www.notibras.com\/site\/novas-casas-da-mulher-tem-atendimento-especializado-na-saude\/"]}]},{"@type":"ImageObject","inLanguage":"pt-BR","@id":"https:\/\/www.notibras.com\/site\/novas-casas-da-mulher-tem-atendimento-especializado-na-saude\/#primaryimage","url":"https:\/\/www.notibras.com\/site\/wp-content\/uploads\/2023\/04\/Dentro-1-1536x1024-1.jpg","contentUrl":"https:\/\/www.notibras.com\/site\/wp-content\/uploads\/2023\/04\/Dentro-1-1536x1024-1.jpg","width":1536,"height":1024},{"@type":"BreadcrumbList","@id":"https:\/\/www.notibras.com\/site\/novas-casas-da-mulher-tem-atendimento-especializado-na-saude\/#breadcrumb","itemListElement":[{"@type":"ListItem","position":1,"name":"In\u00edcio","item":"https:\/\/www.notibras.com\/site\/"},{"@type":"ListItem","position":2,"name":"Novas Casas da Mulher t\u00eam atendimento especializado na sa\u00fade"}]},{"@type":"WebSite","@id":"https:\/\/www.notibras.com\/site\/#website","url":"https:\/\/www.notibras.com\/site\/","name":"Notibras","description":"Not\u00edcias de Bras\u00edlia, do Brasil e do Mundo","publisher":{"@id":"https:\/\/www.notibras.com\/site\/#organization"},"potentialAction":[{"@type":"SearchAction","target":{"@type":"EntryPoint","urlTemplate":"https:\/\/www.notibras.com\/site\/?s={search_term_string}"},"query-input":{"@type":"PropertyValueSpecification","valueRequired":true,"valueName":"search_term_string"}}],"inLanguage":"pt-BR"},{"@type":"Organization","@id":"https:\/\/www.notibras.com\/site\/#organization","name":"Grupo Notibras de Comunica\u00e7\u00e3o","url":"https:\/\/www.notibras.com\/site\/","logo":{"@type":"ImageObject","inLanguage":"pt-BR","@id":"https:\/\/www.notibras.com\/site\/#\/schema\/logo\/image\/","url":"https:\/\/www.notibras.com\/site\/wp-content\/uploads\/2023\/01\/notibras23.png","contentUrl":"https:\/\/www.notibras.com\/site\/wp-content\/uploads\/2023\/01\/notibras23.png","width":350,"height":87,"caption":"Grupo Notibras de Comunica\u00e7\u00e3o"},"image":{"@id":"https:\/\/www.notibras.com\/site\/#\/schema\/logo\/image\/"},"sameAs":["https:\/\/www.facebook.com\/notibras\/","https:\/\/x.com\/Notibras","https:\/\/www.instagram.com\/notibras\/"]},{"@type":"Person","@id":"https:\/\/www.notibras.com\/site\/#\/schema\/person\/36ab0979449956132d3e5b517ea76ac8","name":"Reda\u00e7\u00e3o","image":{"@type":"ImageObject","inLanguage":"pt-BR","@id":"https:\/\/secure.gravatar.com\/avatar\/e0a867bdedb85fd243eadf09663511f96fc81e0720a4a42581f334ad4303aa6b?s=96&d=mm&r=g","url":"https:\/\/secure.gravatar.com\/avatar\/e0a867bdedb85fd243eadf09663511f96fc81e0720a4a42581f334ad4303aa6b?s=96&d=mm&r=g","contentUrl":"https:\/\/secure.gravatar.com\/avatar\/e0a867bdedb85fd243eadf09663511f96fc81e0720a4a42581f334ad4303aa6b?s=96&d=mm&r=g","caption":"Reda\u00e7\u00e3o"}}]}},"amp_enabled":true,"_links":{"self":[{"href":"https:\/\/www.notibras.com\/site\/wp-json\/wp\/v2\/posts\/302306","targetHints":{"allow":["GET"]}}],"collection":[{"href":"https:\/\/www.notibras.com\/site\/wp-json\/wp\/v2\/posts"}],"about":[{"href":"https:\/\/www.notibras.com\/site\/wp-json\/wp\/v2\/types\/post"}],"author":[{"embeddable":true,"href":"https:\/\/www.notibras.com\/site\/wp-json\/wp\/v2\/users\/2"}],"replies":[{"embeddable":true,"href":"https:\/\/www.notibras.com\/site\/wp-json\/wp\/v2\/comments?post=302306"}],"version-history":[{"count":1,"href":"https:\/\/www.notibras.com\/site\/wp-json\/wp\/v2\/posts\/302306\/revisions"}],"predecessor-version":[{"id":302308,"href":"https:\/\/www.notibras.com\/site\/wp-json\/wp\/v2\/posts\/302306\/revisions\/302308"}],"wp:featuredmedia":[{"embeddable":true,"href":"https:\/\/www.notibras.com\/site\/wp-json\/wp\/v2\/media\/302307"}],"wp:attachment":[{"href":"https:\/\/www.notibras.com\/site\/wp-json\/wp\/v2\/media?parent=302306"}],"wp:term":[{"taxonomy":"category","embeddable":true,"href":"https:\/\/www.notibras.com\/site\/wp-json\/wp\/v2\/categories?post=302306"},{"taxonomy":"post_tag","embeddable":true,"href":"https:\/\/www.notibras.com\/site\/wp-json\/wp\/v2\/tags?post=302306"}],"curies":[{"name":"wp","href":"https:\/\/api.w.org\/{rel}","templated":true}]}}