{"id":30231,"date":"2014-12-03T20:34:51","date_gmt":"2014-12-03T23:34:51","guid":{"rendered":"http:\/\/www.notibras.com\/site\/?p=30231"},"modified":"2014-12-04T08:59:27","modified_gmt":"2014-12-04T11:59:27","slug":"nova-equipe-economica-nem-assumiu-mas-os-juros-disparam","status":"publish","type":"post","link":"https:\/\/www.notibras.com\/site\/nova-equipe-economica-nem-assumiu-mas-os-juros-disparam\/","title":{"rendered":"Nova equipe econ\u00f4mica nem assumiu, mas as taxas de juros sofrem novo reajuste"},"content":{"rendered":"<p>Pela segunda vez seguida, o Banco Central (BC) reajustou os juros b\u00e1sicos da economia. Por unanimidade, o Comit\u00ea de Pol\u00edtica Monet\u00e1ria (Copom) aumentou nesta quarta 3 a taxa Selic em 0,5 ponto percentual, para 11,75% ao ano. O \u00f3rg\u00e3o aumentou o ritmo do aperto monet\u00e1rio. Na reuni\u00e3o anterior, no fim de outubro, a taxa tinha sido reajustada em 0,25 ponto.<\/p>\n<p>Em comunicado, o Copom reconheceu que decidiu intensificar o ajuste monet\u00e1rio para conter a infla\u00e7\u00e3o, mas informou que pretende ser cauteloso com os juros. \u201cConsiderando os efeitos cumulativos e defasados da pol\u00edtica monet\u00e1ria, entre outros fatores, o comit\u00ea avalia que o esfor\u00e7o adicional de pol\u00edtica monet\u00e1ria tende a ser implementado com parcim\u00f4nia\u201d, destacou o texto.<\/p>\n<blockquote><p>A taxa est\u00e1 no maior n\u00edvel desde meados de outubro de 2011, quando estava em 12% ao ano. Em agosto daquele ano, a taxa Selic passou a ser reduzida sucessivamente pelo Copom at\u00e9 atingir 7,25% ao ano em outubro de 2012 \u2013 o menor patamar da hist\u00f3ria. A Selic foi mantida nesse n\u00edvel at\u00e9 abril de 2013, quando o Copom iniciou novo ciclo de alta nos juros b\u00e1sicos para conter a infla\u00e7\u00e3o.<\/p><\/blockquote>\n<p>A taxa Selic \u00e9 o principal instrumento do BC para manter a infla\u00e7\u00e3o oficial, medida pelo \u00cdndice Nacional de Pre\u00e7os ao Consumidor Amplo (IPCA), dentro da meta estabelecida pela equipe econ\u00f4mica. De acordo com o Conselho Monet\u00e1rio Nacional (CMN), o centro da meta de infla\u00e7\u00e3o corresponde a 4,5%, com margem de toler\u00e2ncia de 2 pontos percentuais, podendo variar entre 2,5% (piso da meta) e 6,5% (teto da meta).<\/p>\n<p>Segundo o Instituto Brasileiro de Geografia e Estat\u00edstica (IBGE), o IPCA acumulado em 12 meses estava em 6,59% em outubro. De acordo com o boletim <em>Focus<\/em>, pesquisa semanal com institui\u00e7\u00f5es financeiras divulgada pelo BC, o IPCA encerrar\u00e1 2014 em 6,43%. A estimativa foi mantida pela segunda semana seguida.<\/p>\n<p>Por outro lado, o aumento da taxa Selic prejudica o reaquecimento da economia, que ainda est\u00e1 sob efeito de est\u00edmulos do governo, como desonera\u00e7\u00f5es e cr\u00e9dito barato. De acordo com o boletim <em>Focus<\/em>, os analistas econ\u00f4micos projetam crescimento neste ano de apenas 0,19% do Produto Interno Bruto (PIB, soma dos bens e servi\u00e7os produzidos pelo pa\u00eds).<\/p>\n<p>A taxa \u00e9 usada nas negocia\u00e7\u00f5es de t\u00edtulos p\u00fablicos no Sistema Especial de Liquida\u00e7\u00e3o e Cust\u00f3dia (Selic) e serve como refer\u00eancia para as demais taxas de juros da economia. Ao reajust\u00e1-la, o BC cont\u00e9m o excesso de demanda, que se reflete no aumento de pre\u00e7os, porque os juros mais altos encarecem o cr\u00e9dito e estimulam a poupan\u00e7a. Ao reduzir os juros b\u00e1sicos, o Copom barateia o cr\u00e9dito e incentiva a produ\u00e7\u00e3o e o consumo, mas alivia o controle sobre a infla\u00e7\u00e3o.<\/p>\n<p><strong>Wellton M\u00e1ximo, ABr<\/strong><\/p>\n","protected":false},"excerpt":{"rendered":"<p>Pela segunda vez seguida, o Banco Central (BC) reajustou os juros b\u00e1sicos da economia. Por unanimidade, o Comit\u00ea de Pol\u00edtica Monet\u00e1ria (Copom) aumentou nesta quarta 3 a taxa Selic em 0,5 ponto percentual, para 11,75% ao ano. O \u00f3rg\u00e3o aumentou o ritmo do aperto monet\u00e1rio. Na reuni\u00e3o anterior, no fim de outubro, a taxa tinha [&hellip;]<\/p>\n","protected":false},"author":2,"featured_media":30232,"comment_status":"open","ping_status":"closed","sticky":false,"template":"","format":"standard","meta":{"_acf_changed":false,"footnotes":""},"categories":[16],"tags":[],"class_list":["post-30231","post","type-post","status-publish","format-standard","has-post-thumbnail","hentry","category-brasil"],"acf":[],"yoast_head":"<!-- This site is optimized with the Yoast SEO plugin v27.2 - https:\/\/yoast.com\/product\/yoast-seo-wordpress\/ -->\n<title>Nova equipe econ\u00f4mica nem assumiu, mas as taxas de juros sofrem novo reajuste - Notibras<\/title>\n<meta name=\"robots\" content=\"index, follow, max-snippet:-1, max-image-preview:large, max-video-preview:-1\" \/>\n<link rel=\"canonical\" href=\"https:\/\/www.notibras.com\/site\/nova-equipe-economica-nem-assumiu-mas-os-juros-disparam\/\" \/>\n<meta property=\"og:locale\" content=\"pt_BR\" \/>\n<meta property=\"og:type\" content=\"article\" \/>\n<meta property=\"og:title\" content=\"Nova equipe econ\u00f4mica nem assumiu, mas as taxas de juros sofrem novo reajuste - Notibras\" \/>\n<meta property=\"og:description\" content=\"Pela segunda vez seguida, o Banco Central (BC) reajustou os juros b\u00e1sicos da economia. Por unanimidade, o Comit\u00ea de Pol\u00edtica Monet\u00e1ria (Copom) aumentou nesta quarta 3 a taxa Selic em 0,5 ponto percentual, para 11,75% ao ano. O \u00f3rg\u00e3o aumentou o ritmo do aperto monet\u00e1rio. Na reuni\u00e3o anterior, no fim de outubro, a taxa tinha [&hellip;]\" \/>\n<meta property=\"og:url\" content=\"https:\/\/www.notibras.com\/site\/nova-equipe-economica-nem-assumiu-mas-os-juros-disparam\/\" \/>\n<meta property=\"og:site_name\" content=\"Notibras\" \/>\n<meta property=\"article:publisher\" content=\"https:\/\/www.facebook.com\/notibras\/\" \/>\n<meta property=\"article:published_time\" content=\"2014-12-03T23:34:51+00:00\" \/>\n<meta property=\"article:modified_time\" content=\"2014-12-04T11:59:27+00:00\" \/>\n<meta property=\"og:image\" content=\"https:\/\/www.notibras.com\/site\/wp-content\/uploads\/2014\/12\/bolso-jpg_152717.jpg\" \/>\n\t<meta property=\"og:image:width\" content=\"1694\" \/>\n\t<meta property=\"og:image:height\" content=\"1186\" \/>\n\t<meta property=\"og:image:type\" content=\"image\/jpeg\" \/>\n<meta name=\"author\" content=\"Reda\u00e7\u00e3o\" \/>\n<meta name=\"twitter:card\" content=\"summary_large_image\" \/>\n<meta name=\"twitter:creator\" content=\"@Notibras\" \/>\n<meta name=\"twitter:site\" content=\"@Notibras\" \/>\n<meta name=\"twitter:label1\" content=\"Escrito por\" \/>\n\t<meta name=\"twitter:data1\" content=\"Reda\u00e7\u00e3o\" \/>\n\t<meta name=\"twitter:label2\" content=\"Est. tempo de leitura\" \/>\n\t<meta name=\"twitter:data2\" content=\"2 minutos\" \/>\n<script type=\"application\/ld+json\" class=\"yoast-schema-graph\">{\"@context\":\"https:\/\/schema.org\",\"@graph\":[{\"@type\":\"Article\",\"@id\":\"https:\/\/www.notibras.com\/site\/nova-equipe-economica-nem-assumiu-mas-os-juros-disparam\/#article\",\"isPartOf\":{\"@id\":\"https:\/\/www.notibras.com\/site\/nova-equipe-economica-nem-assumiu-mas-os-juros-disparam\/\"},\"author\":{\"name\":\"Reda\u00e7\u00e3o\",\"@id\":\"https:\/\/www.notibras.com\/site\/#\/schema\/person\/36ab0979449956132d3e5b517ea76ac8\"},\"headline\":\"Nova equipe econ\u00f4mica nem assumiu, mas as taxas de juros sofrem novo reajuste\",\"datePublished\":\"2014-12-03T23:34:51+00:00\",\"dateModified\":\"2014-12-04T11:59:27+00:00\",\"mainEntityOfPage\":{\"@id\":\"https:\/\/www.notibras.com\/site\/nova-equipe-economica-nem-assumiu-mas-os-juros-disparam\/\"},\"wordCount\":485,\"commentCount\":0,\"publisher\":{\"@id\":\"https:\/\/www.notibras.com\/site\/#organization\"},\"image\":{\"@id\":\"https:\/\/www.notibras.com\/site\/nova-equipe-economica-nem-assumiu-mas-os-juros-disparam\/#primaryimage\"},\"thumbnailUrl\":\"https:\/\/www.notibras.com\/site\/wp-content\/uploads\/2014\/12\/bolso-jpg_152717.jpg\",\"articleSection\":[\"Brasil\"],\"inLanguage\":\"pt-BR\",\"potentialAction\":[{\"@type\":\"CommentAction\",\"name\":\"Comment\",\"target\":[\"https:\/\/www.notibras.com\/site\/nova-equipe-economica-nem-assumiu-mas-os-juros-disparam\/#respond\"]}]},{\"@type\":\"WebPage\",\"@id\":\"https:\/\/www.notibras.com\/site\/nova-equipe-economica-nem-assumiu-mas-os-juros-disparam\/\",\"url\":\"https:\/\/www.notibras.com\/site\/nova-equipe-economica-nem-assumiu-mas-os-juros-disparam\/\",\"name\":\"Nova equipe econ\u00f4mica nem assumiu, mas as taxas de juros sofrem novo reajuste - Notibras\",\"isPartOf\":{\"@id\":\"https:\/\/www.notibras.com\/site\/#website\"},\"primaryImageOfPage\":{\"@id\":\"https:\/\/www.notibras.com\/site\/nova-equipe-economica-nem-assumiu-mas-os-juros-disparam\/#primaryimage\"},\"image\":{\"@id\":\"https:\/\/www.notibras.com\/site\/nova-equipe-economica-nem-assumiu-mas-os-juros-disparam\/#primaryimage\"},\"thumbnailUrl\":\"https:\/\/www.notibras.com\/site\/wp-content\/uploads\/2014\/12\/bolso-jpg_152717.jpg\",\"datePublished\":\"2014-12-03T23:34:51+00:00\",\"dateModified\":\"2014-12-04T11:59:27+00:00\",\"breadcrumb\":{\"@id\":\"https:\/\/www.notibras.com\/site\/nova-equipe-economica-nem-assumiu-mas-os-juros-disparam\/#breadcrumb\"},\"inLanguage\":\"pt-BR\",\"potentialAction\":[{\"@type\":\"ReadAction\",\"target\":[\"https:\/\/www.notibras.com\/site\/nova-equipe-economica-nem-assumiu-mas-os-juros-disparam\/\"]}]},{\"@type\":\"ImageObject\",\"inLanguage\":\"pt-BR\",\"@id\":\"https:\/\/www.notibras.com\/site\/nova-equipe-economica-nem-assumiu-mas-os-juros-disparam\/#primaryimage\",\"url\":\"https:\/\/www.notibras.com\/site\/wp-content\/uploads\/2014\/12\/bolso-jpg_152717.jpg\",\"contentUrl\":\"https:\/\/www.notibras.com\/site\/wp-content\/uploads\/2014\/12\/bolso-jpg_152717.jpg\",\"width\":1694,\"height\":1186},{\"@type\":\"BreadcrumbList\",\"@id\":\"https:\/\/www.notibras.com\/site\/nova-equipe-economica-nem-assumiu-mas-os-juros-disparam\/#breadcrumb\",\"itemListElement\":[{\"@type\":\"ListItem\",\"position\":1,\"name\":\"In\u00edcio\",\"item\":\"https:\/\/www.notibras.com\/site\/\"},{\"@type\":\"ListItem\",\"position\":2,\"name\":\"Nova equipe econ\u00f4mica nem assumiu, mas as taxas de juros sofrem novo reajuste\"}]},{\"@type\":\"WebSite\",\"@id\":\"https:\/\/www.notibras.com\/site\/#website\",\"url\":\"https:\/\/www.notibras.com\/site\/\",\"name\":\"Notibras\",\"description\":\"Not\u00edcias de Bras\u00edlia, do Brasil e do Mundo\",\"publisher\":{\"@id\":\"https:\/\/www.notibras.com\/site\/#organization\"},\"potentialAction\":[{\"@type\":\"SearchAction\",\"target\":{\"@type\":\"EntryPoint\",\"urlTemplate\":\"https:\/\/www.notibras.com\/site\/?s={search_term_string}\"},\"query-input\":{\"@type\":\"PropertyValueSpecification\",\"valueRequired\":true,\"valueName\":\"search_term_string\"}}],\"inLanguage\":\"pt-BR\"},{\"@type\":\"Organization\",\"@id\":\"https:\/\/www.notibras.com\/site\/#organization\",\"name\":\"Grupo Notibras de Comunica\u00e7\u00e3o\",\"url\":\"https:\/\/www.notibras.com\/site\/\",\"logo\":{\"@type\":\"ImageObject\",\"inLanguage\":\"pt-BR\",\"@id\":\"https:\/\/www.notibras.com\/site\/#\/schema\/logo\/image\/\",\"url\":\"https:\/\/www.notibras.com\/site\/wp-content\/uploads\/2023\/01\/notibras23.png\",\"contentUrl\":\"https:\/\/www.notibras.com\/site\/wp-content\/uploads\/2023\/01\/notibras23.png\",\"width\":350,\"height\":87,\"caption\":\"Grupo Notibras de Comunica\u00e7\u00e3o\"},\"image\":{\"@id\":\"https:\/\/www.notibras.com\/site\/#\/schema\/logo\/image\/\"},\"sameAs\":[\"https:\/\/www.facebook.com\/notibras\/\",\"https:\/\/x.com\/Notibras\",\"https:\/\/www.instagram.com\/notibras\/\"]},{\"@type\":\"Person\",\"@id\":\"https:\/\/www.notibras.com\/site\/#\/schema\/person\/36ab0979449956132d3e5b517ea76ac8\",\"name\":\"Reda\u00e7\u00e3o\",\"image\":{\"@type\":\"ImageObject\",\"inLanguage\":\"pt-BR\",\"@id\":\"https:\/\/secure.gravatar.com\/avatar\/e0a867bdedb85fd243eadf09663511f96fc81e0720a4a42581f334ad4303aa6b?s=96&d=mm&r=g\",\"url\":\"https:\/\/secure.gravatar.com\/avatar\/e0a867bdedb85fd243eadf09663511f96fc81e0720a4a42581f334ad4303aa6b?s=96&d=mm&r=g\",\"contentUrl\":\"https:\/\/secure.gravatar.com\/avatar\/e0a867bdedb85fd243eadf09663511f96fc81e0720a4a42581f334ad4303aa6b?s=96&d=mm&r=g\",\"caption\":\"Reda\u00e7\u00e3o\"}}]}<\/script>\n<!-- \/ Yoast SEO plugin. -->","yoast_head_json":{"title":"Nova equipe econ\u00f4mica nem assumiu, mas as taxas de juros sofrem novo reajuste - Notibras","robots":{"index":"index","follow":"follow","max-snippet":"max-snippet:-1","max-image-preview":"max-image-preview:large","max-video-preview":"max-video-preview:-1"},"canonical":"https:\/\/www.notibras.com\/site\/nova-equipe-economica-nem-assumiu-mas-os-juros-disparam\/","og_locale":"pt_BR","og_type":"article","og_title":"Nova equipe econ\u00f4mica nem assumiu, mas as taxas de juros sofrem novo reajuste - Notibras","og_description":"Pela segunda vez seguida, o Banco Central (BC) reajustou os juros b\u00e1sicos da economia. Por unanimidade, o Comit\u00ea de Pol\u00edtica Monet\u00e1ria (Copom) aumentou nesta quarta 3 a taxa Selic em 0,5 ponto percentual, para 11,75% ao ano. O \u00f3rg\u00e3o aumentou o ritmo do aperto monet\u00e1rio. Na reuni\u00e3o anterior, no fim de outubro, a taxa tinha [&hellip;]","og_url":"https:\/\/www.notibras.com\/site\/nova-equipe-economica-nem-assumiu-mas-os-juros-disparam\/","og_site_name":"Notibras","article_publisher":"https:\/\/www.facebook.com\/notibras\/","article_published_time":"2014-12-03T23:34:51+00:00","article_modified_time":"2014-12-04T11:59:27+00:00","og_image":[{"width":1694,"height":1186,"url":"https:\/\/www.notibras.com\/site\/wp-content\/uploads\/2014\/12\/bolso-jpg_152717.jpg","type":"image\/jpeg"}],"author":"Reda\u00e7\u00e3o","twitter_card":"summary_large_image","twitter_creator":"@Notibras","twitter_site":"@Notibras","twitter_misc":{"Escrito por":"Reda\u00e7\u00e3o","Est. tempo de leitura":"2 minutos"},"schema":{"@context":"https:\/\/schema.org","@graph":[{"@type":"Article","@id":"https:\/\/www.notibras.com\/site\/nova-equipe-economica-nem-assumiu-mas-os-juros-disparam\/#article","isPartOf":{"@id":"https:\/\/www.notibras.com\/site\/nova-equipe-economica-nem-assumiu-mas-os-juros-disparam\/"},"author":{"name":"Reda\u00e7\u00e3o","@id":"https:\/\/www.notibras.com\/site\/#\/schema\/person\/36ab0979449956132d3e5b517ea76ac8"},"headline":"Nova equipe econ\u00f4mica nem assumiu, mas as taxas de juros sofrem novo reajuste","datePublished":"2014-12-03T23:34:51+00:00","dateModified":"2014-12-04T11:59:27+00:00","mainEntityOfPage":{"@id":"https:\/\/www.notibras.com\/site\/nova-equipe-economica-nem-assumiu-mas-os-juros-disparam\/"},"wordCount":485,"commentCount":0,"publisher":{"@id":"https:\/\/www.notibras.com\/site\/#organization"},"image":{"@id":"https:\/\/www.notibras.com\/site\/nova-equipe-economica-nem-assumiu-mas-os-juros-disparam\/#primaryimage"},"thumbnailUrl":"https:\/\/www.notibras.com\/site\/wp-content\/uploads\/2014\/12\/bolso-jpg_152717.jpg","articleSection":["Brasil"],"inLanguage":"pt-BR","potentialAction":[{"@type":"CommentAction","name":"Comment","target":["https:\/\/www.notibras.com\/site\/nova-equipe-economica-nem-assumiu-mas-os-juros-disparam\/#respond"]}]},{"@type":"WebPage","@id":"https:\/\/www.notibras.com\/site\/nova-equipe-economica-nem-assumiu-mas-os-juros-disparam\/","url":"https:\/\/www.notibras.com\/site\/nova-equipe-economica-nem-assumiu-mas-os-juros-disparam\/","name":"Nova equipe econ\u00f4mica nem assumiu, mas as taxas de juros sofrem novo reajuste - Notibras","isPartOf":{"@id":"https:\/\/www.notibras.com\/site\/#website"},"primaryImageOfPage":{"@id":"https:\/\/www.notibras.com\/site\/nova-equipe-economica-nem-assumiu-mas-os-juros-disparam\/#primaryimage"},"image":{"@id":"https:\/\/www.notibras.com\/site\/nova-equipe-economica-nem-assumiu-mas-os-juros-disparam\/#primaryimage"},"thumbnailUrl":"https:\/\/www.notibras.com\/site\/wp-content\/uploads\/2014\/12\/bolso-jpg_152717.jpg","datePublished":"2014-12-03T23:34:51+00:00","dateModified":"2014-12-04T11:59:27+00:00","breadcrumb":{"@id":"https:\/\/www.notibras.com\/site\/nova-equipe-economica-nem-assumiu-mas-os-juros-disparam\/#breadcrumb"},"inLanguage":"pt-BR","potentialAction":[{"@type":"ReadAction","target":["https:\/\/www.notibras.com\/site\/nova-equipe-economica-nem-assumiu-mas-os-juros-disparam\/"]}]},{"@type":"ImageObject","inLanguage":"pt-BR","@id":"https:\/\/www.notibras.com\/site\/nova-equipe-economica-nem-assumiu-mas-os-juros-disparam\/#primaryimage","url":"https:\/\/www.notibras.com\/site\/wp-content\/uploads\/2014\/12\/bolso-jpg_152717.jpg","contentUrl":"https:\/\/www.notibras.com\/site\/wp-content\/uploads\/2014\/12\/bolso-jpg_152717.jpg","width":1694,"height":1186},{"@type":"BreadcrumbList","@id":"https:\/\/www.notibras.com\/site\/nova-equipe-economica-nem-assumiu-mas-os-juros-disparam\/#breadcrumb","itemListElement":[{"@type":"ListItem","position":1,"name":"In\u00edcio","item":"https:\/\/www.notibras.com\/site\/"},{"@type":"ListItem","position":2,"name":"Nova equipe econ\u00f4mica nem assumiu, mas as taxas de juros sofrem novo reajuste"}]},{"@type":"WebSite","@id":"https:\/\/www.notibras.com\/site\/#website","url":"https:\/\/www.notibras.com\/site\/","name":"Notibras","description":"Not\u00edcias de Bras\u00edlia, do Brasil e do Mundo","publisher":{"@id":"https:\/\/www.notibras.com\/site\/#organization"},"potentialAction":[{"@type":"SearchAction","target":{"@type":"EntryPoint","urlTemplate":"https:\/\/www.notibras.com\/site\/?s={search_term_string}"},"query-input":{"@type":"PropertyValueSpecification","valueRequired":true,"valueName":"search_term_string"}}],"inLanguage":"pt-BR"},{"@type":"Organization","@id":"https:\/\/www.notibras.com\/site\/#organization","name":"Grupo Notibras de Comunica\u00e7\u00e3o","url":"https:\/\/www.notibras.com\/site\/","logo":{"@type":"ImageObject","inLanguage":"pt-BR","@id":"https:\/\/www.notibras.com\/site\/#\/schema\/logo\/image\/","url":"https:\/\/www.notibras.com\/site\/wp-content\/uploads\/2023\/01\/notibras23.png","contentUrl":"https:\/\/www.notibras.com\/site\/wp-content\/uploads\/2023\/01\/notibras23.png","width":350,"height":87,"caption":"Grupo Notibras de Comunica\u00e7\u00e3o"},"image":{"@id":"https:\/\/www.notibras.com\/site\/#\/schema\/logo\/image\/"},"sameAs":["https:\/\/www.facebook.com\/notibras\/","https:\/\/x.com\/Notibras","https:\/\/www.instagram.com\/notibras\/"]},{"@type":"Person","@id":"https:\/\/www.notibras.com\/site\/#\/schema\/person\/36ab0979449956132d3e5b517ea76ac8","name":"Reda\u00e7\u00e3o","image":{"@type":"ImageObject","inLanguage":"pt-BR","@id":"https:\/\/secure.gravatar.com\/avatar\/e0a867bdedb85fd243eadf09663511f96fc81e0720a4a42581f334ad4303aa6b?s=96&d=mm&r=g","url":"https:\/\/secure.gravatar.com\/avatar\/e0a867bdedb85fd243eadf09663511f96fc81e0720a4a42581f334ad4303aa6b?s=96&d=mm&r=g","contentUrl":"https:\/\/secure.gravatar.com\/avatar\/e0a867bdedb85fd243eadf09663511f96fc81e0720a4a42581f334ad4303aa6b?s=96&d=mm&r=g","caption":"Reda\u00e7\u00e3o"}}]}},"amp_enabled":true,"_links":{"self":[{"href":"https:\/\/www.notibras.com\/site\/wp-json\/wp\/v2\/posts\/30231","targetHints":{"allow":["GET"]}}],"collection":[{"href":"https:\/\/www.notibras.com\/site\/wp-json\/wp\/v2\/posts"}],"about":[{"href":"https:\/\/www.notibras.com\/site\/wp-json\/wp\/v2\/types\/post"}],"author":[{"embeddable":true,"href":"https:\/\/www.notibras.com\/site\/wp-json\/wp\/v2\/users\/2"}],"replies":[{"embeddable":true,"href":"https:\/\/www.notibras.com\/site\/wp-json\/wp\/v2\/comments?post=30231"}],"version-history":[{"count":0,"href":"https:\/\/www.notibras.com\/site\/wp-json\/wp\/v2\/posts\/30231\/revisions"}],"wp:featuredmedia":[{"embeddable":true,"href":"https:\/\/www.notibras.com\/site\/wp-json\/wp\/v2\/media\/30232"}],"wp:attachment":[{"href":"https:\/\/www.notibras.com\/site\/wp-json\/wp\/v2\/media?parent=30231"}],"wp:term":[{"taxonomy":"category","embeddable":true,"href":"https:\/\/www.notibras.com\/site\/wp-json\/wp\/v2\/categories?post=30231"},{"taxonomy":"post_tag","embeddable":true,"href":"https:\/\/www.notibras.com\/site\/wp-json\/wp\/v2\/tags?post=30231"}],"curies":[{"name":"wp","href":"https:\/\/api.w.org\/{rel}","templated":true}]}}