{"id":302329,"date":"2023-04-04T18:03:27","date_gmt":"2023-04-04T21:03:27","guid":{"rendered":"https:\/\/www.notibras.com\/site\/?p=302329"},"modified":"2023-04-04T18:11:41","modified_gmt":"2023-04-04T21:11:41","slug":"governo-suspende-vigencia-do-novo-ensino-medio","status":"publish","type":"post","link":"https:\/\/www.notibras.com\/site\/governo-suspende-vigencia-do-novo-ensino-medio\/","title":{"rendered":"Governo suspende vig\u00eancia do Novo Ensino M\u00e9dio"},"content":{"rendered":"<p>O governo federal oficializou a suspens\u00e3o do cronograma de implementa\u00e7\u00e3o do Novo Ensino M\u00e9dio. A decis\u00e3o, que vinha sendo aguardada nos \u00faltimos dias, ser\u00e1 publicada em portaria do Minist\u00e9rio da Educa\u00e7\u00e3o (MEC) no Di\u00e1rio Oficial da Uni\u00e3o (DOU), mas j\u00e1 foi antecipada pelo titular da pasta, Camilo Santana, em entrevista a jornalistas, na tarde desta ter\u00e7a-feira (4), em Bras\u00edlia.<\/p>\n<p>&#8220;N\u00f3s reconhecemos que n\u00e3o houve um di\u00e1logo mais aprofundado da sua implementa\u00e7\u00e3o, n\u00e3o houve uma coordena\u00e7\u00e3o por parte do Minist\u00e9rio da Educa\u00e7\u00e3o. O minist\u00e9rio foi omisso, principalmente no per\u00edodo dif\u00edcil que foi a pandemia nesse pa\u00eds, e h\u00e1 a necessidade da gente poder rever toda essa discuss\u00e3o&#8221;, afirmou Santana.<\/p>\n<p>Mais cedo, ele se reuniu com o presidente Luiz In\u00e1cio Lula da Silva, no Pal\u00e1cio do Planalto, onde discutiu o assunto. Esta nova portaria suspender\u00e1 por 60 dias todos os prazos de uma outra portaria editada em 2021, tamb\u00e9m pelo MEC, incluindo o prazo para que o Exame Nacional do Ensino M\u00e9dio (Enem) atualizasse as mudan\u00e7as de avalia\u00e7\u00e3o com base no Novo Ensino M\u00e9dio.<\/p>\n<p>A revoga\u00e7\u00e3o do Novo Ensino M\u00e9dio tem sido uma reivindica\u00e7\u00e3o de entidades estudantis e de muitos especialistas. No in\u00edcio do m\u00eas passado, o MEC abriu consulta p\u00fablica para avalia\u00e7\u00e3o e reestrutura\u00e7\u00e3o da pol\u00edtica nacional de ensino m\u00e9dio, que ainda deve durar cerca de dois meses, com possibilidade de prorroga\u00e7\u00e3o.<\/p>\n<p>&#8220;Essa comiss\u00e3o est\u00e1 se reunindo, teve quatro reuni\u00f5es, n\u00f3s estamos num processo de consulta, de discuss\u00e3o, para que a gente possa aperfei\u00e7oar e melhorar todo o ensino m\u00e9dio&#8221;, destacou o ministro, dizendo que essa revis\u00e3o incorpora a participa\u00e7\u00e3o de amplos setores da sociedade e dos governos.<\/p>\n<p>&#8220;De forma democr\u00e1tica, vamos ouvir as entidades, vamos ouvir os estados que executam as pol\u00edticas, vamos ouvir os professores, as entidades estudantis, para que a gente possa tomar decis\u00f5es com responsabilidade&#8221;, acrescentou.<\/p>\n<p>Para o ministro da Educa\u00e7\u00e3o, n\u00e3o houve orienta\u00e7\u00e3o adequada na forma\u00e7\u00e3o de professores nem adapta\u00e7\u00e3o de infraestrutura necess\u00e1ria nas escolas. &#8220;N\u00e3o se faz uma mudan\u00e7a no ensino m\u00e9dio de um pa\u00eds de uma hora para outra. Isso \u00e9 um processo&#8221;.<\/p>\n<p><strong>Novo Ensino M\u00e9dio<\/strong><br \/>\nA atual pol\u00edtica do Ensino M\u00e9dio foi criada pela Lei 13.415 de 2017, no governo de Michel Temer, com o objetivo de tornar a etapa mais atrativa, implantar o ensino integral e evitar que os estudantes abandonem os estudos.<\/p>\n<p>Com o modelo, parte das aulas dever\u00e1 ser comum a todos os estudantes do pa\u00eds, direcionada pela Base Nacional Comum Curricular (BNCC). Na outra parte da forma\u00e7\u00e3o, os pr\u00f3prios alunos poder\u00e3o escolher um itiner\u00e1rio para aprofundar o aprendizado. Entre as op\u00e7\u00f5es, est\u00e1 dar \u00eanfase \u00e0s \u00e1reas de linguagens, matem\u00e1tica, ci\u00eancias da natureza, ci\u00eancias humanas ou ao ensino t\u00e9cnico. A oferta de itiner\u00e1rios, entretanto, depende da capacidade das redes de ensino e das escolas.<\/p>\n<p>A implementa\u00e7\u00e3o ocorre de forma escalonada at\u00e9 2024. Em 2022, come\u00e7ou pelo 1\u00ba ano do ensino m\u00e9dio com a amplia\u00e7\u00e3o da carga hor\u00e1ria para, pelo menos, cinco horas di\u00e1rias. Pela lei, para que o novo modelo seja poss\u00edvel, as escolas devem ampliar a carga hor\u00e1ria para 1,4 mil horas anuais, o que equivale a sete horas di\u00e1rias. Isso deve ocorrer aos poucos.<\/p>\n<p>Segundo dados do Conselho Nacional de Secret\u00e1rios de Educa\u00e7\u00e3o (Consed), mesmo em meio \u00e0 pandemia de covid-19, as secretarias estaduais mantiveram o cronograma e todos os estados j\u00e1 est\u00e3o com os referenciais curriculares do novo ensino m\u00e9dio homologados. Em 2023, a implementa\u00e7\u00e3o segue com 1\u00ba e 2\u00ba anos e os itiner\u00e1rios devem come\u00e7ar a ser implementados na maior parte das escolas. Em 2024, o ciclo termina, com os tr\u00eas anos do ensino m\u00e9dio.<\/p>\n<p>Sobre o Enem, Camilo Santana explicou que nenhuma altera\u00e7\u00e3o na prova ocorrer\u00e1 este ano, como j\u00e1 estava previsto, e que eventuais mudan\u00e7as na prova para 2024, quando os tr\u00eas anos do Novo Ensino M\u00e9dio estiverem implantados nas redes de ensino, ser\u00e3o definidas ap\u00f3s a discuss\u00e3o dessa comiss\u00e3o criada pelo MEC. Como o ano letivo j\u00e1 est\u00e1 em andamento, e 2023 corresponde \u00e0 implanta\u00e7\u00e3o do Novo Ensino M\u00e9dio para alunos do segundo ano, n\u00e3o h\u00e1 mudan\u00e7as imediatas para as escolas que j\u00e1 promoveram as adapta\u00e7\u00f5es.<\/p>\n","protected":false},"excerpt":{"rendered":"<p>O governo federal oficializou a suspens\u00e3o do cronograma de implementa\u00e7\u00e3o do Novo Ensino M\u00e9dio. A decis\u00e3o, que vinha sendo aguardada nos \u00faltimos dias, ser\u00e1 publicada em portaria do Minist\u00e9rio da Educa\u00e7\u00e3o (MEC) no Di\u00e1rio Oficial da Uni\u00e3o (DOU), mas j\u00e1 foi antecipada pelo titular da pasta, Camilo Santana, em entrevista a jornalistas, na tarde desta [&hellip;]<\/p>\n","protected":false},"author":2,"featured_media":302330,"comment_status":"closed","ping_status":"closed","sticky":false,"template":"","format":"standard","meta":{"_acf_changed":false,"footnotes":""},"categories":[1],"tags":[95],"class_list":["post-302329","post","type-post","status-publish","format-standard","has-post-thumbnail","hentry","category-brasilia","tag-capa"],"acf":[],"yoast_head":"<!-- This site is optimized with the Yoast SEO plugin v27.2 - https:\/\/yoast.com\/product\/yoast-seo-wordpress\/ -->\n<title>Governo suspende vig\u00eancia do Novo Ensino M\u00e9dio - Notibras<\/title>\n<meta name=\"robots\" content=\"index, follow, max-snippet:-1, max-image-preview:large, max-video-preview:-1\" \/>\n<link rel=\"canonical\" href=\"https:\/\/www.notibras.com\/site\/governo-suspende-vigencia-do-novo-ensino-medio\/\" \/>\n<meta property=\"og:locale\" content=\"pt_BR\" \/>\n<meta property=\"og:type\" content=\"article\" \/>\n<meta property=\"og:title\" content=\"Governo suspende vig\u00eancia do Novo Ensino M\u00e9dio - Notibras\" \/>\n<meta property=\"og:description\" content=\"O governo federal oficializou a suspens\u00e3o do cronograma de implementa\u00e7\u00e3o do Novo Ensino M\u00e9dio. A decis\u00e3o, que vinha sendo aguardada nos \u00faltimos dias, ser\u00e1 publicada em portaria do Minist\u00e9rio da Educa\u00e7\u00e3o (MEC) no Di\u00e1rio Oficial da Uni\u00e3o (DOU), mas j\u00e1 foi antecipada pelo titular da pasta, Camilo Santana, em entrevista a jornalistas, na tarde desta [&hellip;]\" \/>\n<meta property=\"og:url\" content=\"https:\/\/www.notibras.com\/site\/governo-suspende-vigencia-do-novo-ensino-medio\/\" \/>\n<meta property=\"og:site_name\" content=\"Notibras\" \/>\n<meta property=\"article:publisher\" content=\"https:\/\/www.facebook.com\/notibras\/\" \/>\n<meta property=\"article:published_time\" content=\"2023-04-04T21:03:27+00:00\" \/>\n<meta property=\"article:modified_time\" content=\"2023-04-04T21:11:41+00:00\" \/>\n<meta property=\"og:image\" content=\"https:\/\/www.notibras.com\/site\/wp-content\/uploads\/2023\/04\/20230315090858_mg_9724_1.jpg\" \/>\n\t<meta property=\"og:image:width\" content=\"1170\" \/>\n\t<meta property=\"og:image:height\" content=\"700\" \/>\n\t<meta property=\"og:image:type\" content=\"image\/jpeg\" \/>\n<meta name=\"author\" content=\"Reda\u00e7\u00e3o\" \/>\n<meta name=\"twitter:card\" content=\"summary_large_image\" \/>\n<meta name=\"twitter:creator\" content=\"@Notibras\" \/>\n<meta name=\"twitter:site\" content=\"@Notibras\" \/>\n<meta name=\"twitter:label1\" content=\"Escrito por\" \/>\n\t<meta name=\"twitter:data1\" content=\"Reda\u00e7\u00e3o\" \/>\n\t<meta name=\"twitter:label2\" content=\"Est. tempo de leitura\" \/>\n\t<meta name=\"twitter:data2\" content=\"4 minutos\" \/>\n<script type=\"application\/ld+json\" class=\"yoast-schema-graph\">{\"@context\":\"https:\/\/schema.org\",\"@graph\":[{\"@type\":\"Article\",\"@id\":\"https:\/\/www.notibras.com\/site\/governo-suspende-vigencia-do-novo-ensino-medio\/#article\",\"isPartOf\":{\"@id\":\"https:\/\/www.notibras.com\/site\/governo-suspende-vigencia-do-novo-ensino-medio\/\"},\"author\":{\"name\":\"Reda\u00e7\u00e3o\",\"@id\":\"https:\/\/www.notibras.com\/site\/#\/schema\/person\/36ab0979449956132d3e5b517ea76ac8\"},\"headline\":\"Governo suspende vig\u00eancia do Novo Ensino M\u00e9dio\",\"datePublished\":\"2023-04-04T21:03:27+00:00\",\"dateModified\":\"2023-04-04T21:11:41+00:00\",\"mainEntityOfPage\":{\"@id\":\"https:\/\/www.notibras.com\/site\/governo-suspende-vigencia-do-novo-ensino-medio\/\"},\"wordCount\":771,\"publisher\":{\"@id\":\"https:\/\/www.notibras.com\/site\/#organization\"},\"image\":{\"@id\":\"https:\/\/www.notibras.com\/site\/governo-suspende-vigencia-do-novo-ensino-medio\/#primaryimage\"},\"thumbnailUrl\":\"https:\/\/www.notibras.com\/site\/wp-content\/uploads\/2023\/04\/20230315090858_mg_9724_1.jpg\",\"keywords\":[\"capa\"],\"articleSection\":[\"Bras\u00edlia\"],\"inLanguage\":\"pt-BR\"},{\"@type\":\"WebPage\",\"@id\":\"https:\/\/www.notibras.com\/site\/governo-suspende-vigencia-do-novo-ensino-medio\/\",\"url\":\"https:\/\/www.notibras.com\/site\/governo-suspende-vigencia-do-novo-ensino-medio\/\",\"name\":\"Governo suspende vig\u00eancia do Novo Ensino M\u00e9dio - Notibras\",\"isPartOf\":{\"@id\":\"https:\/\/www.notibras.com\/site\/#website\"},\"primaryImageOfPage\":{\"@id\":\"https:\/\/www.notibras.com\/site\/governo-suspende-vigencia-do-novo-ensino-medio\/#primaryimage\"},\"image\":{\"@id\":\"https:\/\/www.notibras.com\/site\/governo-suspende-vigencia-do-novo-ensino-medio\/#primaryimage\"},\"thumbnailUrl\":\"https:\/\/www.notibras.com\/site\/wp-content\/uploads\/2023\/04\/20230315090858_mg_9724_1.jpg\",\"datePublished\":\"2023-04-04T21:03:27+00:00\",\"dateModified\":\"2023-04-04T21:11:41+00:00\",\"breadcrumb\":{\"@id\":\"https:\/\/www.notibras.com\/site\/governo-suspende-vigencia-do-novo-ensino-medio\/#breadcrumb\"},\"inLanguage\":\"pt-BR\",\"potentialAction\":[{\"@type\":\"ReadAction\",\"target\":[\"https:\/\/www.notibras.com\/site\/governo-suspende-vigencia-do-novo-ensino-medio\/\"]}]},{\"@type\":\"ImageObject\",\"inLanguage\":\"pt-BR\",\"@id\":\"https:\/\/www.notibras.com\/site\/governo-suspende-vigencia-do-novo-ensino-medio\/#primaryimage\",\"url\":\"https:\/\/www.notibras.com\/site\/wp-content\/uploads\/2023\/04\/20230315090858_mg_9724_1.jpg\",\"contentUrl\":\"https:\/\/www.notibras.com\/site\/wp-content\/uploads\/2023\/04\/20230315090858_mg_9724_1.jpg\",\"width\":1170,\"height\":700,\"caption\":\"S\u00e3o Paulo (SP), 15\/03\/2023 - Estudantes secundaristas protestam pedindo a revoga\u00e7\u00e3o do Novo Ensino M\u00e9dio, na Avenida Paulista. Foto: Fernando Fraz\u00e3o\/Ag\u00eancia Brasil\"},{\"@type\":\"BreadcrumbList\",\"@id\":\"https:\/\/www.notibras.com\/site\/governo-suspende-vigencia-do-novo-ensino-medio\/#breadcrumb\",\"itemListElement\":[{\"@type\":\"ListItem\",\"position\":1,\"name\":\"In\u00edcio\",\"item\":\"https:\/\/www.notibras.com\/site\/\"},{\"@type\":\"ListItem\",\"position\":2,\"name\":\"Governo suspende vig\u00eancia do Novo Ensino M\u00e9dio\"}]},{\"@type\":\"WebSite\",\"@id\":\"https:\/\/www.notibras.com\/site\/#website\",\"url\":\"https:\/\/www.notibras.com\/site\/\",\"name\":\"Notibras\",\"description\":\"Not\u00edcias de Bras\u00edlia, do Brasil e do Mundo\",\"publisher\":{\"@id\":\"https:\/\/www.notibras.com\/site\/#organization\"},\"potentialAction\":[{\"@type\":\"SearchAction\",\"target\":{\"@type\":\"EntryPoint\",\"urlTemplate\":\"https:\/\/www.notibras.com\/site\/?s={search_term_string}\"},\"query-input\":{\"@type\":\"PropertyValueSpecification\",\"valueRequired\":true,\"valueName\":\"search_term_string\"}}],\"inLanguage\":\"pt-BR\"},{\"@type\":\"Organization\",\"@id\":\"https:\/\/www.notibras.com\/site\/#organization\",\"name\":\"Grupo Notibras de Comunica\u00e7\u00e3o\",\"url\":\"https:\/\/www.notibras.com\/site\/\",\"logo\":{\"@type\":\"ImageObject\",\"inLanguage\":\"pt-BR\",\"@id\":\"https:\/\/www.notibras.com\/site\/#\/schema\/logo\/image\/\",\"url\":\"https:\/\/www.notibras.com\/site\/wp-content\/uploads\/2023\/01\/notibras23.png\",\"contentUrl\":\"https:\/\/www.notibras.com\/site\/wp-content\/uploads\/2023\/01\/notibras23.png\",\"width\":350,\"height\":87,\"caption\":\"Grupo Notibras de Comunica\u00e7\u00e3o\"},\"image\":{\"@id\":\"https:\/\/www.notibras.com\/site\/#\/schema\/logo\/image\/\"},\"sameAs\":[\"https:\/\/www.facebook.com\/notibras\/\",\"https:\/\/x.com\/Notibras\",\"https:\/\/www.instagram.com\/notibras\/\"]},{\"@type\":\"Person\",\"@id\":\"https:\/\/www.notibras.com\/site\/#\/schema\/person\/36ab0979449956132d3e5b517ea76ac8\",\"name\":\"Reda\u00e7\u00e3o\",\"image\":{\"@type\":\"ImageObject\",\"inLanguage\":\"pt-BR\",\"@id\":\"https:\/\/secure.gravatar.com\/avatar\/e0a867bdedb85fd243eadf09663511f96fc81e0720a4a42581f334ad4303aa6b?s=96&d=mm&r=g\",\"url\":\"https:\/\/secure.gravatar.com\/avatar\/e0a867bdedb85fd243eadf09663511f96fc81e0720a4a42581f334ad4303aa6b?s=96&d=mm&r=g\",\"contentUrl\":\"https:\/\/secure.gravatar.com\/avatar\/e0a867bdedb85fd243eadf09663511f96fc81e0720a4a42581f334ad4303aa6b?s=96&d=mm&r=g\",\"caption\":\"Reda\u00e7\u00e3o\"}}]}<\/script>\n<!-- \/ Yoast SEO plugin. -->","yoast_head_json":{"title":"Governo suspende vig\u00eancia do Novo Ensino M\u00e9dio - Notibras","robots":{"index":"index","follow":"follow","max-snippet":"max-snippet:-1","max-image-preview":"max-image-preview:large","max-video-preview":"max-video-preview:-1"},"canonical":"https:\/\/www.notibras.com\/site\/governo-suspende-vigencia-do-novo-ensino-medio\/","og_locale":"pt_BR","og_type":"article","og_title":"Governo suspende vig\u00eancia do Novo Ensino M\u00e9dio - Notibras","og_description":"O governo federal oficializou a suspens\u00e3o do cronograma de implementa\u00e7\u00e3o do Novo Ensino M\u00e9dio. A decis\u00e3o, que vinha sendo aguardada nos \u00faltimos dias, ser\u00e1 publicada em portaria do Minist\u00e9rio da Educa\u00e7\u00e3o (MEC) no Di\u00e1rio Oficial da Uni\u00e3o (DOU), mas j\u00e1 foi antecipada pelo titular da pasta, Camilo Santana, em entrevista a jornalistas, na tarde desta [&hellip;]","og_url":"https:\/\/www.notibras.com\/site\/governo-suspende-vigencia-do-novo-ensino-medio\/","og_site_name":"Notibras","article_publisher":"https:\/\/www.facebook.com\/notibras\/","article_published_time":"2023-04-04T21:03:27+00:00","article_modified_time":"2023-04-04T21:11:41+00:00","og_image":[{"width":1170,"height":700,"url":"https:\/\/www.notibras.com\/site\/wp-content\/uploads\/2023\/04\/20230315090858_mg_9724_1.jpg","type":"image\/jpeg"}],"author":"Reda\u00e7\u00e3o","twitter_card":"summary_large_image","twitter_creator":"@Notibras","twitter_site":"@Notibras","twitter_misc":{"Escrito por":"Reda\u00e7\u00e3o","Est. tempo de leitura":"4 minutos"},"schema":{"@context":"https:\/\/schema.org","@graph":[{"@type":"Article","@id":"https:\/\/www.notibras.com\/site\/governo-suspende-vigencia-do-novo-ensino-medio\/#article","isPartOf":{"@id":"https:\/\/www.notibras.com\/site\/governo-suspende-vigencia-do-novo-ensino-medio\/"},"author":{"name":"Reda\u00e7\u00e3o","@id":"https:\/\/www.notibras.com\/site\/#\/schema\/person\/36ab0979449956132d3e5b517ea76ac8"},"headline":"Governo suspende vig\u00eancia do Novo Ensino M\u00e9dio","datePublished":"2023-04-04T21:03:27+00:00","dateModified":"2023-04-04T21:11:41+00:00","mainEntityOfPage":{"@id":"https:\/\/www.notibras.com\/site\/governo-suspende-vigencia-do-novo-ensino-medio\/"},"wordCount":771,"publisher":{"@id":"https:\/\/www.notibras.com\/site\/#organization"},"image":{"@id":"https:\/\/www.notibras.com\/site\/governo-suspende-vigencia-do-novo-ensino-medio\/#primaryimage"},"thumbnailUrl":"https:\/\/www.notibras.com\/site\/wp-content\/uploads\/2023\/04\/20230315090858_mg_9724_1.jpg","keywords":["capa"],"articleSection":["Bras\u00edlia"],"inLanguage":"pt-BR"},{"@type":"WebPage","@id":"https:\/\/www.notibras.com\/site\/governo-suspende-vigencia-do-novo-ensino-medio\/","url":"https:\/\/www.notibras.com\/site\/governo-suspende-vigencia-do-novo-ensino-medio\/","name":"Governo suspende vig\u00eancia do Novo Ensino M\u00e9dio - Notibras","isPartOf":{"@id":"https:\/\/www.notibras.com\/site\/#website"},"primaryImageOfPage":{"@id":"https:\/\/www.notibras.com\/site\/governo-suspende-vigencia-do-novo-ensino-medio\/#primaryimage"},"image":{"@id":"https:\/\/www.notibras.com\/site\/governo-suspende-vigencia-do-novo-ensino-medio\/#primaryimage"},"thumbnailUrl":"https:\/\/www.notibras.com\/site\/wp-content\/uploads\/2023\/04\/20230315090858_mg_9724_1.jpg","datePublished":"2023-04-04T21:03:27+00:00","dateModified":"2023-04-04T21:11:41+00:00","breadcrumb":{"@id":"https:\/\/www.notibras.com\/site\/governo-suspende-vigencia-do-novo-ensino-medio\/#breadcrumb"},"inLanguage":"pt-BR","potentialAction":[{"@type":"ReadAction","target":["https:\/\/www.notibras.com\/site\/governo-suspende-vigencia-do-novo-ensino-medio\/"]}]},{"@type":"ImageObject","inLanguage":"pt-BR","@id":"https:\/\/www.notibras.com\/site\/governo-suspende-vigencia-do-novo-ensino-medio\/#primaryimage","url":"https:\/\/www.notibras.com\/site\/wp-content\/uploads\/2023\/04\/20230315090858_mg_9724_1.jpg","contentUrl":"https:\/\/www.notibras.com\/site\/wp-content\/uploads\/2023\/04\/20230315090858_mg_9724_1.jpg","width":1170,"height":700,"caption":"S\u00e3o Paulo (SP), 15\/03\/2023 - Estudantes secundaristas protestam pedindo a revoga\u00e7\u00e3o do Novo Ensino M\u00e9dio, na Avenida Paulista. Foto: Fernando Fraz\u00e3o\/Ag\u00eancia Brasil"},{"@type":"BreadcrumbList","@id":"https:\/\/www.notibras.com\/site\/governo-suspende-vigencia-do-novo-ensino-medio\/#breadcrumb","itemListElement":[{"@type":"ListItem","position":1,"name":"In\u00edcio","item":"https:\/\/www.notibras.com\/site\/"},{"@type":"ListItem","position":2,"name":"Governo suspende vig\u00eancia do Novo Ensino M\u00e9dio"}]},{"@type":"WebSite","@id":"https:\/\/www.notibras.com\/site\/#website","url":"https:\/\/www.notibras.com\/site\/","name":"Notibras","description":"Not\u00edcias de Bras\u00edlia, do Brasil e do Mundo","publisher":{"@id":"https:\/\/www.notibras.com\/site\/#organization"},"potentialAction":[{"@type":"SearchAction","target":{"@type":"EntryPoint","urlTemplate":"https:\/\/www.notibras.com\/site\/?s={search_term_string}"},"query-input":{"@type":"PropertyValueSpecification","valueRequired":true,"valueName":"search_term_string"}}],"inLanguage":"pt-BR"},{"@type":"Organization","@id":"https:\/\/www.notibras.com\/site\/#organization","name":"Grupo Notibras de Comunica\u00e7\u00e3o","url":"https:\/\/www.notibras.com\/site\/","logo":{"@type":"ImageObject","inLanguage":"pt-BR","@id":"https:\/\/www.notibras.com\/site\/#\/schema\/logo\/image\/","url":"https:\/\/www.notibras.com\/site\/wp-content\/uploads\/2023\/01\/notibras23.png","contentUrl":"https:\/\/www.notibras.com\/site\/wp-content\/uploads\/2023\/01\/notibras23.png","width":350,"height":87,"caption":"Grupo Notibras de Comunica\u00e7\u00e3o"},"image":{"@id":"https:\/\/www.notibras.com\/site\/#\/schema\/logo\/image\/"},"sameAs":["https:\/\/www.facebook.com\/notibras\/","https:\/\/x.com\/Notibras","https:\/\/www.instagram.com\/notibras\/"]},{"@type":"Person","@id":"https:\/\/www.notibras.com\/site\/#\/schema\/person\/36ab0979449956132d3e5b517ea76ac8","name":"Reda\u00e7\u00e3o","image":{"@type":"ImageObject","inLanguage":"pt-BR","@id":"https:\/\/secure.gravatar.com\/avatar\/e0a867bdedb85fd243eadf09663511f96fc81e0720a4a42581f334ad4303aa6b?s=96&d=mm&r=g","url":"https:\/\/secure.gravatar.com\/avatar\/e0a867bdedb85fd243eadf09663511f96fc81e0720a4a42581f334ad4303aa6b?s=96&d=mm&r=g","contentUrl":"https:\/\/secure.gravatar.com\/avatar\/e0a867bdedb85fd243eadf09663511f96fc81e0720a4a42581f334ad4303aa6b?s=96&d=mm&r=g","caption":"Reda\u00e7\u00e3o"}}]}},"amp_enabled":true,"_links":{"self":[{"href":"https:\/\/www.notibras.com\/site\/wp-json\/wp\/v2\/posts\/302329","targetHints":{"allow":["GET"]}}],"collection":[{"href":"https:\/\/www.notibras.com\/site\/wp-json\/wp\/v2\/posts"}],"about":[{"href":"https:\/\/www.notibras.com\/site\/wp-json\/wp\/v2\/types\/post"}],"author":[{"embeddable":true,"href":"https:\/\/www.notibras.com\/site\/wp-json\/wp\/v2\/users\/2"}],"replies":[{"embeddable":true,"href":"https:\/\/www.notibras.com\/site\/wp-json\/wp\/v2\/comments?post=302329"}],"version-history":[{"count":1,"href":"https:\/\/www.notibras.com\/site\/wp-json\/wp\/v2\/posts\/302329\/revisions"}],"predecessor-version":[{"id":302331,"href":"https:\/\/www.notibras.com\/site\/wp-json\/wp\/v2\/posts\/302329\/revisions\/302331"}],"wp:featuredmedia":[{"embeddable":true,"href":"https:\/\/www.notibras.com\/site\/wp-json\/wp\/v2\/media\/302330"}],"wp:attachment":[{"href":"https:\/\/www.notibras.com\/site\/wp-json\/wp\/v2\/media?parent=302329"}],"wp:term":[{"taxonomy":"category","embeddable":true,"href":"https:\/\/www.notibras.com\/site\/wp-json\/wp\/v2\/categories?post=302329"},{"taxonomy":"post_tag","embeddable":true,"href":"https:\/\/www.notibras.com\/site\/wp-json\/wp\/v2\/tags?post=302329"}],"curies":[{"name":"wp","href":"https:\/\/api.w.org\/{rel}","templated":true}]}}