{"id":302372,"date":"2023-04-05T00:16:08","date_gmt":"2023-04-05T03:16:08","guid":{"rendered":"https:\/\/www.notibras.com\/site\/?p=302372"},"modified":"2023-04-05T05:27:04","modified_gmt":"2023-04-05T08:27:04","slug":"tcdf-vai-capacitar-pessoas-contra-violencia-domestica","status":"publish","type":"post","link":"https:\/\/www.notibras.com\/site\/tcdf-vai-capacitar-pessoas-contra-violencia-domestica\/","title":{"rendered":"TCDF vai capacitar pessoas contra viol\u00eancia dom\u00e9stica"},"content":{"rendered":"<p>Em mais uma iniciativa de combate \u00e0 viol\u00eancia dom\u00e9stica e familiar contra a mulher, o Tribunal de Contas do Distrito Federal vai capacitar 40 moradoras para que possam atuar efetivamente na defesa dos direitos femininos da comunidade em que vivem.<\/p>\n<p>No encontro, ser\u00e1 adotada uma vis\u00e3o ampliada do Direito com outras \u00e1reas do conhecimento \u2013 a exemplo da Psicologia, Psican\u00e1lise, Sociologia e Antropologia \u2013 para impulsionar as participantes a agirem como agentes disseminadores de conhecimento.<\/p>\n<p>As moradoras do DF que comparecem ao evento poder\u00e3o tirar d\u00favidas sobre como identificar os tipos de viol\u00eancia e o que fazer para evit\u00e1-las. As provid\u00eancias a serem adotadas em caso desse tipo de conduta il\u00edcita ser\u00e3o discutidas com a instrutora Tarsila Firmino Ely, que tamb\u00e9m \u00e9 auditora de Controle Externo do TCDF.<\/p>\n<p>O Di\u00e1logo sobre a Lei Maria da Penha, promovido pela Escola de Contas P\u00fablicas do TCDF ser\u00e1 realizado, de forma presencial, no Audit\u00f3rio da Corte de Contas, no dia 14 de abril de 2023, das 14h \u00e0s 18h.<\/p>\n","protected":false},"excerpt":{"rendered":"<p>Em mais uma iniciativa de combate \u00e0 viol\u00eancia dom\u00e9stica e familiar contra a mulher, o Tribunal de Contas do Distrito Federal vai capacitar 40 moradoras para que possam atuar efetivamente na defesa dos direitos femininos da comunidade em que vivem. No encontro, ser\u00e1 adotada uma vis\u00e3o ampliada do Direito com outras \u00e1reas do conhecimento \u2013 [&hellip;]<\/p>\n","protected":false},"author":2,"featured_media":254529,"comment_status":"closed","ping_status":"closed","sticky":false,"template":"","format":"standard","meta":{"_acf_changed":false,"footnotes":""},"categories":[1],"tags":[],"class_list":["post-302372","post","type-post","status-publish","format-standard","has-post-thumbnail","hentry","category-brasilia"],"acf":[],"yoast_head":"<!-- This site is optimized with the Yoast SEO plugin v27.2 - https:\/\/yoast.com\/product\/yoast-seo-wordpress\/ -->\n<title>TCDF vai capacitar pessoas contra viol\u00eancia dom\u00e9stica - Notibras<\/title>\n<meta name=\"robots\" content=\"index, follow, max-snippet:-1, max-image-preview:large, max-video-preview:-1\" \/>\n<link rel=\"canonical\" href=\"https:\/\/www.notibras.com\/site\/tcdf-vai-capacitar-pessoas-contra-violencia-domestica\/\" \/>\n<meta property=\"og:locale\" content=\"pt_BR\" \/>\n<meta property=\"og:type\" content=\"article\" \/>\n<meta property=\"og:title\" content=\"TCDF vai capacitar pessoas contra viol\u00eancia dom\u00e9stica - Notibras\" \/>\n<meta property=\"og:description\" content=\"Em mais uma iniciativa de combate \u00e0 viol\u00eancia dom\u00e9stica e familiar contra a mulher, o Tribunal de Contas do Distrito Federal vai capacitar 40 moradoras para que possam atuar efetivamente na defesa dos direitos femininos da comunidade em que vivem. No encontro, ser\u00e1 adotada uma vis\u00e3o ampliada do Direito com outras \u00e1reas do conhecimento \u2013 [&hellip;]\" \/>\n<meta property=\"og:url\" content=\"https:\/\/www.notibras.com\/site\/tcdf-vai-capacitar-pessoas-contra-violencia-domestica\/\" \/>\n<meta property=\"og:site_name\" content=\"Notibras\" \/>\n<meta property=\"article:publisher\" content=\"https:\/\/www.facebook.com\/notibras\/\" \/>\n<meta property=\"article:published_time\" content=\"2023-04-05T03:16:08+00:00\" \/>\n<meta property=\"article:modified_time\" content=\"2023-04-05T08:27:04+00:00\" \/>\n<meta property=\"og:image\" content=\"https:\/\/www.notibras.com\/site\/wp-content\/uploads\/2021\/04\/elas_contra_a_violencia_domestica20200903_0533.jpg\" \/>\n\t<meta property=\"og:image:width\" content=\"1170\" \/>\n\t<meta property=\"og:image:height\" content=\"700\" \/>\n\t<meta property=\"og:image:type\" content=\"image\/jpeg\" \/>\n<meta name=\"author\" content=\"Reda\u00e7\u00e3o\" \/>\n<meta name=\"twitter:card\" content=\"summary_large_image\" \/>\n<meta name=\"twitter:creator\" content=\"@Notibras\" \/>\n<meta name=\"twitter:site\" content=\"@Notibras\" \/>\n<meta name=\"twitter:label1\" content=\"Escrito por\" \/>\n\t<meta name=\"twitter:data1\" content=\"Reda\u00e7\u00e3o\" \/>\n\t<meta name=\"twitter:label2\" content=\"Est. tempo de leitura\" \/>\n\t<meta name=\"twitter:data2\" content=\"1 minuto\" \/>\n<script type=\"application\/ld+json\" class=\"yoast-schema-graph\">{\"@context\":\"https:\/\/schema.org\",\"@graph\":[{\"@type\":\"Article\",\"@id\":\"https:\/\/www.notibras.com\/site\/tcdf-vai-capacitar-pessoas-contra-violencia-domestica\/#article\",\"isPartOf\":{\"@id\":\"https:\/\/www.notibras.com\/site\/tcdf-vai-capacitar-pessoas-contra-violencia-domestica\/\"},\"author\":{\"name\":\"Reda\u00e7\u00e3o\",\"@id\":\"https:\/\/www.notibras.com\/site\/#\/schema\/person\/36ab0979449956132d3e5b517ea76ac8\"},\"headline\":\"TCDF vai capacitar pessoas contra viol\u00eancia dom\u00e9stica\",\"datePublished\":\"2023-04-05T03:16:08+00:00\",\"dateModified\":\"2023-04-05T08:27:04+00:00\",\"mainEntityOfPage\":{\"@id\":\"https:\/\/www.notibras.com\/site\/tcdf-vai-capacitar-pessoas-contra-violencia-domestica\/\"},\"wordCount\":183,\"publisher\":{\"@id\":\"https:\/\/www.notibras.com\/site\/#organization\"},\"image\":{\"@id\":\"https:\/\/www.notibras.com\/site\/tcdf-vai-capacitar-pessoas-contra-violencia-domestica\/#primaryimage\"},\"thumbnailUrl\":\"https:\/\/www.notibras.com\/site\/wp-content\/uploads\/2021\/04\/elas_contra_a_violencia_domestica20200903_0533.jpg\",\"articleSection\":[\"Bras\u00edlia\"],\"inLanguage\":\"pt-BR\"},{\"@type\":\"WebPage\",\"@id\":\"https:\/\/www.notibras.com\/site\/tcdf-vai-capacitar-pessoas-contra-violencia-domestica\/\",\"url\":\"https:\/\/www.notibras.com\/site\/tcdf-vai-capacitar-pessoas-contra-violencia-domestica\/\",\"name\":\"TCDF vai capacitar pessoas contra viol\u00eancia dom\u00e9stica - Notibras\",\"isPartOf\":{\"@id\":\"https:\/\/www.notibras.com\/site\/#website\"},\"primaryImageOfPage\":{\"@id\":\"https:\/\/www.notibras.com\/site\/tcdf-vai-capacitar-pessoas-contra-violencia-domestica\/#primaryimage\"},\"image\":{\"@id\":\"https:\/\/www.notibras.com\/site\/tcdf-vai-capacitar-pessoas-contra-violencia-domestica\/#primaryimage\"},\"thumbnailUrl\":\"https:\/\/www.notibras.com\/site\/wp-content\/uploads\/2021\/04\/elas_contra_a_violencia_domestica20200903_0533.jpg\",\"datePublished\":\"2023-04-05T03:16:08+00:00\",\"dateModified\":\"2023-04-05T08:27:04+00:00\",\"breadcrumb\":{\"@id\":\"https:\/\/www.notibras.com\/site\/tcdf-vai-capacitar-pessoas-contra-violencia-domestica\/#breadcrumb\"},\"inLanguage\":\"pt-BR\",\"potentialAction\":[{\"@type\":\"ReadAction\",\"target\":[\"https:\/\/www.notibras.com\/site\/tcdf-vai-capacitar-pessoas-contra-violencia-domestica\/\"]}]},{\"@type\":\"ImageObject\",\"inLanguage\":\"pt-BR\",\"@id\":\"https:\/\/www.notibras.com\/site\/tcdf-vai-capacitar-pessoas-contra-violencia-domestica\/#primaryimage\",\"url\":\"https:\/\/www.notibras.com\/site\/wp-content\/uploads\/2021\/04\/elas_contra_a_violencia_domestica20200903_0533.jpg\",\"contentUrl\":\"https:\/\/www.notibras.com\/site\/wp-content\/uploads\/2021\/04\/elas_contra_a_violencia_domestica20200903_0533.jpg\",\"width\":1170,\"height\":700},{\"@type\":\"BreadcrumbList\",\"@id\":\"https:\/\/www.notibras.com\/site\/tcdf-vai-capacitar-pessoas-contra-violencia-domestica\/#breadcrumb\",\"itemListElement\":[{\"@type\":\"ListItem\",\"position\":1,\"name\":\"In\u00edcio\",\"item\":\"https:\/\/www.notibras.com\/site\/\"},{\"@type\":\"ListItem\",\"position\":2,\"name\":\"TCDF vai capacitar pessoas contra viol\u00eancia dom\u00e9stica\"}]},{\"@type\":\"WebSite\",\"@id\":\"https:\/\/www.notibras.com\/site\/#website\",\"url\":\"https:\/\/www.notibras.com\/site\/\",\"name\":\"Notibras\",\"description\":\"Not\u00edcias de Bras\u00edlia, do Brasil e do Mundo\",\"publisher\":{\"@id\":\"https:\/\/www.notibras.com\/site\/#organization\"},\"potentialAction\":[{\"@type\":\"SearchAction\",\"target\":{\"@type\":\"EntryPoint\",\"urlTemplate\":\"https:\/\/www.notibras.com\/site\/?s={search_term_string}\"},\"query-input\":{\"@type\":\"PropertyValueSpecification\",\"valueRequired\":true,\"valueName\":\"search_term_string\"}}],\"inLanguage\":\"pt-BR\"},{\"@type\":\"Organization\",\"@id\":\"https:\/\/www.notibras.com\/site\/#organization\",\"name\":\"Grupo Notibras de Comunica\u00e7\u00e3o\",\"url\":\"https:\/\/www.notibras.com\/site\/\",\"logo\":{\"@type\":\"ImageObject\",\"inLanguage\":\"pt-BR\",\"@id\":\"https:\/\/www.notibras.com\/site\/#\/schema\/logo\/image\/\",\"url\":\"https:\/\/www.notibras.com\/site\/wp-content\/uploads\/2023\/01\/notibras23.png\",\"contentUrl\":\"https:\/\/www.notibras.com\/site\/wp-content\/uploads\/2023\/01\/notibras23.png\",\"width\":350,\"height\":87,\"caption\":\"Grupo Notibras de Comunica\u00e7\u00e3o\"},\"image\":{\"@id\":\"https:\/\/www.notibras.com\/site\/#\/schema\/logo\/image\/\"},\"sameAs\":[\"https:\/\/www.facebook.com\/notibras\/\",\"https:\/\/x.com\/Notibras\",\"https:\/\/www.instagram.com\/notibras\/\"]},{\"@type\":\"Person\",\"@id\":\"https:\/\/www.notibras.com\/site\/#\/schema\/person\/36ab0979449956132d3e5b517ea76ac8\",\"name\":\"Reda\u00e7\u00e3o\",\"image\":{\"@type\":\"ImageObject\",\"inLanguage\":\"pt-BR\",\"@id\":\"https:\/\/secure.gravatar.com\/avatar\/e0a867bdedb85fd243eadf09663511f96fc81e0720a4a42581f334ad4303aa6b?s=96&d=mm&r=g\",\"url\":\"https:\/\/secure.gravatar.com\/avatar\/e0a867bdedb85fd243eadf09663511f96fc81e0720a4a42581f334ad4303aa6b?s=96&d=mm&r=g\",\"contentUrl\":\"https:\/\/secure.gravatar.com\/avatar\/e0a867bdedb85fd243eadf09663511f96fc81e0720a4a42581f334ad4303aa6b?s=96&d=mm&r=g\",\"caption\":\"Reda\u00e7\u00e3o\"}}]}<\/script>\n<!-- \/ Yoast SEO plugin. -->","yoast_head_json":{"title":"TCDF vai capacitar pessoas contra viol\u00eancia dom\u00e9stica - Notibras","robots":{"index":"index","follow":"follow","max-snippet":"max-snippet:-1","max-image-preview":"max-image-preview:large","max-video-preview":"max-video-preview:-1"},"canonical":"https:\/\/www.notibras.com\/site\/tcdf-vai-capacitar-pessoas-contra-violencia-domestica\/","og_locale":"pt_BR","og_type":"article","og_title":"TCDF vai capacitar pessoas contra viol\u00eancia dom\u00e9stica - Notibras","og_description":"Em mais uma iniciativa de combate \u00e0 viol\u00eancia dom\u00e9stica e familiar contra a mulher, o Tribunal de Contas do Distrito Federal vai capacitar 40 moradoras para que possam atuar efetivamente na defesa dos direitos femininos da comunidade em que vivem. No encontro, ser\u00e1 adotada uma vis\u00e3o ampliada do Direito com outras \u00e1reas do conhecimento \u2013 [&hellip;]","og_url":"https:\/\/www.notibras.com\/site\/tcdf-vai-capacitar-pessoas-contra-violencia-domestica\/","og_site_name":"Notibras","article_publisher":"https:\/\/www.facebook.com\/notibras\/","article_published_time":"2023-04-05T03:16:08+00:00","article_modified_time":"2023-04-05T08:27:04+00:00","og_image":[{"width":1170,"height":700,"url":"https:\/\/www.notibras.com\/site\/wp-content\/uploads\/2021\/04\/elas_contra_a_violencia_domestica20200903_0533.jpg","type":"image\/jpeg"}],"author":"Reda\u00e7\u00e3o","twitter_card":"summary_large_image","twitter_creator":"@Notibras","twitter_site":"@Notibras","twitter_misc":{"Escrito por":"Reda\u00e7\u00e3o","Est. tempo de leitura":"1 minuto"},"schema":{"@context":"https:\/\/schema.org","@graph":[{"@type":"Article","@id":"https:\/\/www.notibras.com\/site\/tcdf-vai-capacitar-pessoas-contra-violencia-domestica\/#article","isPartOf":{"@id":"https:\/\/www.notibras.com\/site\/tcdf-vai-capacitar-pessoas-contra-violencia-domestica\/"},"author":{"name":"Reda\u00e7\u00e3o","@id":"https:\/\/www.notibras.com\/site\/#\/schema\/person\/36ab0979449956132d3e5b517ea76ac8"},"headline":"TCDF vai capacitar pessoas contra viol\u00eancia dom\u00e9stica","datePublished":"2023-04-05T03:16:08+00:00","dateModified":"2023-04-05T08:27:04+00:00","mainEntityOfPage":{"@id":"https:\/\/www.notibras.com\/site\/tcdf-vai-capacitar-pessoas-contra-violencia-domestica\/"},"wordCount":183,"publisher":{"@id":"https:\/\/www.notibras.com\/site\/#organization"},"image":{"@id":"https:\/\/www.notibras.com\/site\/tcdf-vai-capacitar-pessoas-contra-violencia-domestica\/#primaryimage"},"thumbnailUrl":"https:\/\/www.notibras.com\/site\/wp-content\/uploads\/2021\/04\/elas_contra_a_violencia_domestica20200903_0533.jpg","articleSection":["Bras\u00edlia"],"inLanguage":"pt-BR"},{"@type":"WebPage","@id":"https:\/\/www.notibras.com\/site\/tcdf-vai-capacitar-pessoas-contra-violencia-domestica\/","url":"https:\/\/www.notibras.com\/site\/tcdf-vai-capacitar-pessoas-contra-violencia-domestica\/","name":"TCDF vai capacitar pessoas contra viol\u00eancia dom\u00e9stica - Notibras","isPartOf":{"@id":"https:\/\/www.notibras.com\/site\/#website"},"primaryImageOfPage":{"@id":"https:\/\/www.notibras.com\/site\/tcdf-vai-capacitar-pessoas-contra-violencia-domestica\/#primaryimage"},"image":{"@id":"https:\/\/www.notibras.com\/site\/tcdf-vai-capacitar-pessoas-contra-violencia-domestica\/#primaryimage"},"thumbnailUrl":"https:\/\/www.notibras.com\/site\/wp-content\/uploads\/2021\/04\/elas_contra_a_violencia_domestica20200903_0533.jpg","datePublished":"2023-04-05T03:16:08+00:00","dateModified":"2023-04-05T08:27:04+00:00","breadcrumb":{"@id":"https:\/\/www.notibras.com\/site\/tcdf-vai-capacitar-pessoas-contra-violencia-domestica\/#breadcrumb"},"inLanguage":"pt-BR","potentialAction":[{"@type":"ReadAction","target":["https:\/\/www.notibras.com\/site\/tcdf-vai-capacitar-pessoas-contra-violencia-domestica\/"]}]},{"@type":"ImageObject","inLanguage":"pt-BR","@id":"https:\/\/www.notibras.com\/site\/tcdf-vai-capacitar-pessoas-contra-violencia-domestica\/#primaryimage","url":"https:\/\/www.notibras.com\/site\/wp-content\/uploads\/2021\/04\/elas_contra_a_violencia_domestica20200903_0533.jpg","contentUrl":"https:\/\/www.notibras.com\/site\/wp-content\/uploads\/2021\/04\/elas_contra_a_violencia_domestica20200903_0533.jpg","width":1170,"height":700},{"@type":"BreadcrumbList","@id":"https:\/\/www.notibras.com\/site\/tcdf-vai-capacitar-pessoas-contra-violencia-domestica\/#breadcrumb","itemListElement":[{"@type":"ListItem","position":1,"name":"In\u00edcio","item":"https:\/\/www.notibras.com\/site\/"},{"@type":"ListItem","position":2,"name":"TCDF vai capacitar pessoas contra viol\u00eancia dom\u00e9stica"}]},{"@type":"WebSite","@id":"https:\/\/www.notibras.com\/site\/#website","url":"https:\/\/www.notibras.com\/site\/","name":"Notibras","description":"Not\u00edcias de Bras\u00edlia, do Brasil e do Mundo","publisher":{"@id":"https:\/\/www.notibras.com\/site\/#organization"},"potentialAction":[{"@type":"SearchAction","target":{"@type":"EntryPoint","urlTemplate":"https:\/\/www.notibras.com\/site\/?s={search_term_string}"},"query-input":{"@type":"PropertyValueSpecification","valueRequired":true,"valueName":"search_term_string"}}],"inLanguage":"pt-BR"},{"@type":"Organization","@id":"https:\/\/www.notibras.com\/site\/#organization","name":"Grupo Notibras de Comunica\u00e7\u00e3o","url":"https:\/\/www.notibras.com\/site\/","logo":{"@type":"ImageObject","inLanguage":"pt-BR","@id":"https:\/\/www.notibras.com\/site\/#\/schema\/logo\/image\/","url":"https:\/\/www.notibras.com\/site\/wp-content\/uploads\/2023\/01\/notibras23.png","contentUrl":"https:\/\/www.notibras.com\/site\/wp-content\/uploads\/2023\/01\/notibras23.png","width":350,"height":87,"caption":"Grupo Notibras de Comunica\u00e7\u00e3o"},"image":{"@id":"https:\/\/www.notibras.com\/site\/#\/schema\/logo\/image\/"},"sameAs":["https:\/\/www.facebook.com\/notibras\/","https:\/\/x.com\/Notibras","https:\/\/www.instagram.com\/notibras\/"]},{"@type":"Person","@id":"https:\/\/www.notibras.com\/site\/#\/schema\/person\/36ab0979449956132d3e5b517ea76ac8","name":"Reda\u00e7\u00e3o","image":{"@type":"ImageObject","inLanguage":"pt-BR","@id":"https:\/\/secure.gravatar.com\/avatar\/e0a867bdedb85fd243eadf09663511f96fc81e0720a4a42581f334ad4303aa6b?s=96&d=mm&r=g","url":"https:\/\/secure.gravatar.com\/avatar\/e0a867bdedb85fd243eadf09663511f96fc81e0720a4a42581f334ad4303aa6b?s=96&d=mm&r=g","contentUrl":"https:\/\/secure.gravatar.com\/avatar\/e0a867bdedb85fd243eadf09663511f96fc81e0720a4a42581f334ad4303aa6b?s=96&d=mm&r=g","caption":"Reda\u00e7\u00e3o"}}]}},"amp_enabled":true,"_links":{"self":[{"href":"https:\/\/www.notibras.com\/site\/wp-json\/wp\/v2\/posts\/302372","targetHints":{"allow":["GET"]}}],"collection":[{"href":"https:\/\/www.notibras.com\/site\/wp-json\/wp\/v2\/posts"}],"about":[{"href":"https:\/\/www.notibras.com\/site\/wp-json\/wp\/v2\/types\/post"}],"author":[{"embeddable":true,"href":"https:\/\/www.notibras.com\/site\/wp-json\/wp\/v2\/users\/2"}],"replies":[{"embeddable":true,"href":"https:\/\/www.notibras.com\/site\/wp-json\/wp\/v2\/comments?post=302372"}],"version-history":[{"count":1,"href":"https:\/\/www.notibras.com\/site\/wp-json\/wp\/v2\/posts\/302372\/revisions"}],"predecessor-version":[{"id":302373,"href":"https:\/\/www.notibras.com\/site\/wp-json\/wp\/v2\/posts\/302372\/revisions\/302373"}],"wp:featuredmedia":[{"embeddable":true,"href":"https:\/\/www.notibras.com\/site\/wp-json\/wp\/v2\/media\/254529"}],"wp:attachment":[{"href":"https:\/\/www.notibras.com\/site\/wp-json\/wp\/v2\/media?parent=302372"}],"wp:term":[{"taxonomy":"category","embeddable":true,"href":"https:\/\/www.notibras.com\/site\/wp-json\/wp\/v2\/categories?post=302372"},{"taxonomy":"post_tag","embeddable":true,"href":"https:\/\/www.notibras.com\/site\/wp-json\/wp\/v2\/tags?post=302372"}],"curies":[{"name":"wp","href":"https:\/\/api.w.org\/{rel}","templated":true}]}}