{"id":302378,"date":"2023-04-05T06:27:18","date_gmt":"2023-04-05T09:27:18","guid":{"rendered":"https:\/\/www.notibras.com\/site\/?p=302378"},"modified":"2023-04-05T06:46:33","modified_gmt":"2023-04-05T09:46:33","slug":"buriti-promove-festa-particular-sob-pretexto-de-ajudar-ambulante","status":"publish","type":"post","link":"https:\/\/www.notibras.com\/site\/buriti-promove-festa-particular-sob-pretexto-de-ajudar-ambulante\/","title":{"rendered":"Buriti promove festa particular sob pretexto de ajudar ambulante"},"content":{"rendered":"<p>O governo publicou edital de convoca\u00e7\u00e3o de ambulantes interessados em trabalhar em uma festa que ocorrer\u00e1 no dia 22, no Man\u00e9 Garrincha. Ser\u00e3o disponibilizadas 50 vagas na modalidade barraca. As informa\u00e7\u00f5es s\u00e3o da <em>Ag\u00eancia<\/em> <em>Bras\u00edlia<\/em> e v\u00eam com recheio de propagandas.<\/p>\n<p>A divulga\u00e7\u00e3o dos contemplados ser\u00e1 no dia 6 de abril, no site do governo. Os interessados devem fazer credenciamento presencialmente no pr\u00e9dio do Instituto Bras\u00edlia Ambiental.<\/p>\n<p>Caso haja maior n\u00famero de candidatos do que de vagas dispon\u00edveis, haver\u00e1 sorteio no mesmo dia, ap\u00f3s o t\u00e9rmino das inscri\u00e7\u00f5es.<\/p>\n<p>A divulga\u00e7\u00e3o dos contemplados ser\u00e1 no dia 6 de abril. A entrega das licen\u00e7as eventuais aos contemplados ocorrer\u00e1 no dia 14 de abril, das 9h30 \u00e0s 12h e das 14h \u00e0s 17h, no 9\u00ba andar do edif\u00edcio Anexo do Buriti.<\/p>\n<p>Os ambulantes, no ato do requerimento, devem apresentar original e c\u00f3pia de documento pessoal, com foto e comprovante de resid\u00eancia. Informa\u00e7\u00f5es adicionais poder\u00e3o ser solicitadas junto \u00e0 Ger\u00eancia de Ambulantes, no telefone (61) 3313-5915 e 3313-5934, em hor\u00e1rio comercial.<\/p>\n","protected":false},"excerpt":{"rendered":"<p>O governo publicou edital de convoca\u00e7\u00e3o de ambulantes interessados em trabalhar em uma festa que ocorrer\u00e1 no dia 22, no Man\u00e9 Garrincha. Ser\u00e3o disponibilizadas 50 vagas na modalidade barraca. As informa\u00e7\u00f5es s\u00e3o da Ag\u00eancia Bras\u00edlia e v\u00eam com recheio de propagandas. A divulga\u00e7\u00e3o dos contemplados ser\u00e1 no dia 6 de abril, no site do governo. [&hellip;]<\/p>\n","protected":false},"author":2,"featured_media":302379,"comment_status":"closed","ping_status":"closed","sticky":false,"template":"","format":"standard","meta":{"_acf_changed":false,"footnotes":""},"categories":[161],"tags":[],"class_list":["post-302378","post","type-post","status-publish","format-standard","has-post-thumbnail","hentry","category-quadradinho-em-foco"],"acf":[],"yoast_head":"<!-- This site is optimized with the Yoast SEO plugin v27.2 - https:\/\/yoast.com\/product\/yoast-seo-wordpress\/ -->\n<title>Buriti promove festa particular sob pretexto de ajudar ambulante - Notibras<\/title>\n<meta name=\"robots\" content=\"index, follow, max-snippet:-1, max-image-preview:large, max-video-preview:-1\" \/>\n<link rel=\"canonical\" href=\"https:\/\/www.notibras.com\/site\/buriti-promove-festa-particular-sob-pretexto-de-ajudar-ambulante\/\" \/>\n<meta property=\"og:locale\" content=\"pt_BR\" \/>\n<meta property=\"og:type\" content=\"article\" \/>\n<meta property=\"og:title\" content=\"Buriti promove festa particular sob pretexto de ajudar ambulante - Notibras\" \/>\n<meta property=\"og:description\" content=\"O governo publicou edital de convoca\u00e7\u00e3o de ambulantes interessados em trabalhar em uma festa que ocorrer\u00e1 no dia 22, no Man\u00e9 Garrincha. Ser\u00e3o disponibilizadas 50 vagas na modalidade barraca. As informa\u00e7\u00f5es s\u00e3o da Ag\u00eancia Bras\u00edlia e v\u00eam com recheio de propagandas. A divulga\u00e7\u00e3o dos contemplados ser\u00e1 no dia 6 de abril, no site do governo. [&hellip;]\" \/>\n<meta property=\"og:url\" content=\"https:\/\/www.notibras.com\/site\/buriti-promove-festa-particular-sob-pretexto-de-ajudar-ambulante\/\" \/>\n<meta property=\"og:site_name\" content=\"Notibras\" \/>\n<meta property=\"article:publisher\" content=\"https:\/\/www.facebook.com\/notibras\/\" \/>\n<meta property=\"article:published_time\" content=\"2023-04-05T09:27:18+00:00\" \/>\n<meta property=\"article:modified_time\" content=\"2023-04-05T09:46:33+00:00\" \/>\n<meta property=\"og:image\" content=\"https:\/\/www.notibras.com\/site\/wp-content\/uploads\/2023\/04\/fast.webp\" \/>\n\t<meta property=\"og:image:width\" content=\"984\" \/>\n\t<meta property=\"og:image:height\" content=\"680\" \/>\n\t<meta property=\"og:image:type\" content=\"image\/webp\" \/>\n<meta name=\"author\" content=\"Reda\u00e7\u00e3o\" \/>\n<meta name=\"twitter:card\" content=\"summary_large_image\" \/>\n<meta name=\"twitter:creator\" content=\"@Notibras\" \/>\n<meta name=\"twitter:site\" content=\"@Notibras\" \/>\n<meta name=\"twitter:label1\" content=\"Escrito por\" \/>\n\t<meta name=\"twitter:data1\" content=\"Reda\u00e7\u00e3o\" \/>\n\t<meta name=\"twitter:label2\" content=\"Est. tempo de leitura\" \/>\n\t<meta name=\"twitter:data2\" content=\"1 minuto\" \/>\n<script type=\"application\/ld+json\" class=\"yoast-schema-graph\">{\"@context\":\"https:\/\/schema.org\",\"@graph\":[{\"@type\":\"Article\",\"@id\":\"https:\/\/www.notibras.com\/site\/buriti-promove-festa-particular-sob-pretexto-de-ajudar-ambulante\/#article\",\"isPartOf\":{\"@id\":\"https:\/\/www.notibras.com\/site\/buriti-promove-festa-particular-sob-pretexto-de-ajudar-ambulante\/\"},\"author\":{\"name\":\"Reda\u00e7\u00e3o\",\"@id\":\"https:\/\/www.notibras.com\/site\/#\/schema\/person\/36ab0979449956132d3e5b517ea76ac8\"},\"headline\":\"Buriti promove festa particular sob pretexto de ajudar ambulante\",\"datePublished\":\"2023-04-05T09:27:18+00:00\",\"dateModified\":\"2023-04-05T09:46:33+00:00\",\"mainEntityOfPage\":{\"@id\":\"https:\/\/www.notibras.com\/site\/buriti-promove-festa-particular-sob-pretexto-de-ajudar-ambulante\/\"},\"wordCount\":192,\"publisher\":{\"@id\":\"https:\/\/www.notibras.com\/site\/#organization\"},\"image\":{\"@id\":\"https:\/\/www.notibras.com\/site\/buriti-promove-festa-particular-sob-pretexto-de-ajudar-ambulante\/#primaryimage\"},\"thumbnailUrl\":\"https:\/\/www.notibras.com\/site\/wp-content\/uploads\/2023\/04\/fast.webp\",\"articleSection\":[\"Quadradinho em Foco\"],\"inLanguage\":\"pt-BR\"},{\"@type\":\"WebPage\",\"@id\":\"https:\/\/www.notibras.com\/site\/buriti-promove-festa-particular-sob-pretexto-de-ajudar-ambulante\/\",\"url\":\"https:\/\/www.notibras.com\/site\/buriti-promove-festa-particular-sob-pretexto-de-ajudar-ambulante\/\",\"name\":\"Buriti promove festa particular sob pretexto de ajudar ambulante - Notibras\",\"isPartOf\":{\"@id\":\"https:\/\/www.notibras.com\/site\/#website\"},\"primaryImageOfPage\":{\"@id\":\"https:\/\/www.notibras.com\/site\/buriti-promove-festa-particular-sob-pretexto-de-ajudar-ambulante\/#primaryimage\"},\"image\":{\"@id\":\"https:\/\/www.notibras.com\/site\/buriti-promove-festa-particular-sob-pretexto-de-ajudar-ambulante\/#primaryimage\"},\"thumbnailUrl\":\"https:\/\/www.notibras.com\/site\/wp-content\/uploads\/2023\/04\/fast.webp\",\"datePublished\":\"2023-04-05T09:27:18+00:00\",\"dateModified\":\"2023-04-05T09:46:33+00:00\",\"breadcrumb\":{\"@id\":\"https:\/\/www.notibras.com\/site\/buriti-promove-festa-particular-sob-pretexto-de-ajudar-ambulante\/#breadcrumb\"},\"inLanguage\":\"pt-BR\",\"potentialAction\":[{\"@type\":\"ReadAction\",\"target\":[\"https:\/\/www.notibras.com\/site\/buriti-promove-festa-particular-sob-pretexto-de-ajudar-ambulante\/\"]}]},{\"@type\":\"ImageObject\",\"inLanguage\":\"pt-BR\",\"@id\":\"https:\/\/www.notibras.com\/site\/buriti-promove-festa-particular-sob-pretexto-de-ajudar-ambulante\/#primaryimage\",\"url\":\"https:\/\/www.notibras.com\/site\/wp-content\/uploads\/2023\/04\/fast.webp\",\"contentUrl\":\"https:\/\/www.notibras.com\/site\/wp-content\/uploads\/2023\/04\/fast.webp\",\"width\":984,\"height\":680},{\"@type\":\"BreadcrumbList\",\"@id\":\"https:\/\/www.notibras.com\/site\/buriti-promove-festa-particular-sob-pretexto-de-ajudar-ambulante\/#breadcrumb\",\"itemListElement\":[{\"@type\":\"ListItem\",\"position\":1,\"name\":\"In\u00edcio\",\"item\":\"https:\/\/www.notibras.com\/site\/\"},{\"@type\":\"ListItem\",\"position\":2,\"name\":\"Buriti promove festa particular sob pretexto de ajudar ambulante\"}]},{\"@type\":\"WebSite\",\"@id\":\"https:\/\/www.notibras.com\/site\/#website\",\"url\":\"https:\/\/www.notibras.com\/site\/\",\"name\":\"Notibras\",\"description\":\"Not\u00edcias de Bras\u00edlia, do Brasil e do Mundo\",\"publisher\":{\"@id\":\"https:\/\/www.notibras.com\/site\/#organization\"},\"potentialAction\":[{\"@type\":\"SearchAction\",\"target\":{\"@type\":\"EntryPoint\",\"urlTemplate\":\"https:\/\/www.notibras.com\/site\/?s={search_term_string}\"},\"query-input\":{\"@type\":\"PropertyValueSpecification\",\"valueRequired\":true,\"valueName\":\"search_term_string\"}}],\"inLanguage\":\"pt-BR\"},{\"@type\":\"Organization\",\"@id\":\"https:\/\/www.notibras.com\/site\/#organization\",\"name\":\"Grupo Notibras de Comunica\u00e7\u00e3o\",\"url\":\"https:\/\/www.notibras.com\/site\/\",\"logo\":{\"@type\":\"ImageObject\",\"inLanguage\":\"pt-BR\",\"@id\":\"https:\/\/www.notibras.com\/site\/#\/schema\/logo\/image\/\",\"url\":\"https:\/\/www.notibras.com\/site\/wp-content\/uploads\/2023\/01\/notibras23.png\",\"contentUrl\":\"https:\/\/www.notibras.com\/site\/wp-content\/uploads\/2023\/01\/notibras23.png\",\"width\":350,\"height\":87,\"caption\":\"Grupo Notibras de Comunica\u00e7\u00e3o\"},\"image\":{\"@id\":\"https:\/\/www.notibras.com\/site\/#\/schema\/logo\/image\/\"},\"sameAs\":[\"https:\/\/www.facebook.com\/notibras\/\",\"https:\/\/x.com\/Notibras\",\"https:\/\/www.instagram.com\/notibras\/\"]},{\"@type\":\"Person\",\"@id\":\"https:\/\/www.notibras.com\/site\/#\/schema\/person\/36ab0979449956132d3e5b517ea76ac8\",\"name\":\"Reda\u00e7\u00e3o\",\"image\":{\"@type\":\"ImageObject\",\"inLanguage\":\"pt-BR\",\"@id\":\"https:\/\/secure.gravatar.com\/avatar\/e0a867bdedb85fd243eadf09663511f96fc81e0720a4a42581f334ad4303aa6b?s=96&d=mm&r=g\",\"url\":\"https:\/\/secure.gravatar.com\/avatar\/e0a867bdedb85fd243eadf09663511f96fc81e0720a4a42581f334ad4303aa6b?s=96&d=mm&r=g\",\"contentUrl\":\"https:\/\/secure.gravatar.com\/avatar\/e0a867bdedb85fd243eadf09663511f96fc81e0720a4a42581f334ad4303aa6b?s=96&d=mm&r=g\",\"caption\":\"Reda\u00e7\u00e3o\"}}]}<\/script>\n<!-- \/ Yoast SEO plugin. -->","yoast_head_json":{"title":"Buriti promove festa particular sob pretexto de ajudar ambulante - Notibras","robots":{"index":"index","follow":"follow","max-snippet":"max-snippet:-1","max-image-preview":"max-image-preview:large","max-video-preview":"max-video-preview:-1"},"canonical":"https:\/\/www.notibras.com\/site\/buriti-promove-festa-particular-sob-pretexto-de-ajudar-ambulante\/","og_locale":"pt_BR","og_type":"article","og_title":"Buriti promove festa particular sob pretexto de ajudar ambulante - Notibras","og_description":"O governo publicou edital de convoca\u00e7\u00e3o de ambulantes interessados em trabalhar em uma festa que ocorrer\u00e1 no dia 22, no Man\u00e9 Garrincha. Ser\u00e3o disponibilizadas 50 vagas na modalidade barraca. As informa\u00e7\u00f5es s\u00e3o da Ag\u00eancia Bras\u00edlia e v\u00eam com recheio de propagandas. A divulga\u00e7\u00e3o dos contemplados ser\u00e1 no dia 6 de abril, no site do governo. [&hellip;]","og_url":"https:\/\/www.notibras.com\/site\/buriti-promove-festa-particular-sob-pretexto-de-ajudar-ambulante\/","og_site_name":"Notibras","article_publisher":"https:\/\/www.facebook.com\/notibras\/","article_published_time":"2023-04-05T09:27:18+00:00","article_modified_time":"2023-04-05T09:46:33+00:00","og_image":[{"width":984,"height":680,"url":"https:\/\/www.notibras.com\/site\/wp-content\/uploads\/2023\/04\/fast.webp","type":"image\/webp"}],"author":"Reda\u00e7\u00e3o","twitter_card":"summary_large_image","twitter_creator":"@Notibras","twitter_site":"@Notibras","twitter_misc":{"Escrito por":"Reda\u00e7\u00e3o","Est. tempo de leitura":"1 minuto"},"schema":{"@context":"https:\/\/schema.org","@graph":[{"@type":"Article","@id":"https:\/\/www.notibras.com\/site\/buriti-promove-festa-particular-sob-pretexto-de-ajudar-ambulante\/#article","isPartOf":{"@id":"https:\/\/www.notibras.com\/site\/buriti-promove-festa-particular-sob-pretexto-de-ajudar-ambulante\/"},"author":{"name":"Reda\u00e7\u00e3o","@id":"https:\/\/www.notibras.com\/site\/#\/schema\/person\/36ab0979449956132d3e5b517ea76ac8"},"headline":"Buriti promove festa particular sob pretexto de ajudar ambulante","datePublished":"2023-04-05T09:27:18+00:00","dateModified":"2023-04-05T09:46:33+00:00","mainEntityOfPage":{"@id":"https:\/\/www.notibras.com\/site\/buriti-promove-festa-particular-sob-pretexto-de-ajudar-ambulante\/"},"wordCount":192,"publisher":{"@id":"https:\/\/www.notibras.com\/site\/#organization"},"image":{"@id":"https:\/\/www.notibras.com\/site\/buriti-promove-festa-particular-sob-pretexto-de-ajudar-ambulante\/#primaryimage"},"thumbnailUrl":"https:\/\/www.notibras.com\/site\/wp-content\/uploads\/2023\/04\/fast.webp","articleSection":["Quadradinho em Foco"],"inLanguage":"pt-BR"},{"@type":"WebPage","@id":"https:\/\/www.notibras.com\/site\/buriti-promove-festa-particular-sob-pretexto-de-ajudar-ambulante\/","url":"https:\/\/www.notibras.com\/site\/buriti-promove-festa-particular-sob-pretexto-de-ajudar-ambulante\/","name":"Buriti promove festa particular sob pretexto de ajudar ambulante - Notibras","isPartOf":{"@id":"https:\/\/www.notibras.com\/site\/#website"},"primaryImageOfPage":{"@id":"https:\/\/www.notibras.com\/site\/buriti-promove-festa-particular-sob-pretexto-de-ajudar-ambulante\/#primaryimage"},"image":{"@id":"https:\/\/www.notibras.com\/site\/buriti-promove-festa-particular-sob-pretexto-de-ajudar-ambulante\/#primaryimage"},"thumbnailUrl":"https:\/\/www.notibras.com\/site\/wp-content\/uploads\/2023\/04\/fast.webp","datePublished":"2023-04-05T09:27:18+00:00","dateModified":"2023-04-05T09:46:33+00:00","breadcrumb":{"@id":"https:\/\/www.notibras.com\/site\/buriti-promove-festa-particular-sob-pretexto-de-ajudar-ambulante\/#breadcrumb"},"inLanguage":"pt-BR","potentialAction":[{"@type":"ReadAction","target":["https:\/\/www.notibras.com\/site\/buriti-promove-festa-particular-sob-pretexto-de-ajudar-ambulante\/"]}]},{"@type":"ImageObject","inLanguage":"pt-BR","@id":"https:\/\/www.notibras.com\/site\/buriti-promove-festa-particular-sob-pretexto-de-ajudar-ambulante\/#primaryimage","url":"https:\/\/www.notibras.com\/site\/wp-content\/uploads\/2023\/04\/fast.webp","contentUrl":"https:\/\/www.notibras.com\/site\/wp-content\/uploads\/2023\/04\/fast.webp","width":984,"height":680},{"@type":"BreadcrumbList","@id":"https:\/\/www.notibras.com\/site\/buriti-promove-festa-particular-sob-pretexto-de-ajudar-ambulante\/#breadcrumb","itemListElement":[{"@type":"ListItem","position":1,"name":"In\u00edcio","item":"https:\/\/www.notibras.com\/site\/"},{"@type":"ListItem","position":2,"name":"Buriti promove festa particular sob pretexto de ajudar ambulante"}]},{"@type":"WebSite","@id":"https:\/\/www.notibras.com\/site\/#website","url":"https:\/\/www.notibras.com\/site\/","name":"Notibras","description":"Not\u00edcias de Bras\u00edlia, do Brasil e do Mundo","publisher":{"@id":"https:\/\/www.notibras.com\/site\/#organization"},"potentialAction":[{"@type":"SearchAction","target":{"@type":"EntryPoint","urlTemplate":"https:\/\/www.notibras.com\/site\/?s={search_term_string}"},"query-input":{"@type":"PropertyValueSpecification","valueRequired":true,"valueName":"search_term_string"}}],"inLanguage":"pt-BR"},{"@type":"Organization","@id":"https:\/\/www.notibras.com\/site\/#organization","name":"Grupo Notibras de Comunica\u00e7\u00e3o","url":"https:\/\/www.notibras.com\/site\/","logo":{"@type":"ImageObject","inLanguage":"pt-BR","@id":"https:\/\/www.notibras.com\/site\/#\/schema\/logo\/image\/","url":"https:\/\/www.notibras.com\/site\/wp-content\/uploads\/2023\/01\/notibras23.png","contentUrl":"https:\/\/www.notibras.com\/site\/wp-content\/uploads\/2023\/01\/notibras23.png","width":350,"height":87,"caption":"Grupo Notibras de Comunica\u00e7\u00e3o"},"image":{"@id":"https:\/\/www.notibras.com\/site\/#\/schema\/logo\/image\/"},"sameAs":["https:\/\/www.facebook.com\/notibras\/","https:\/\/x.com\/Notibras","https:\/\/www.instagram.com\/notibras\/"]},{"@type":"Person","@id":"https:\/\/www.notibras.com\/site\/#\/schema\/person\/36ab0979449956132d3e5b517ea76ac8","name":"Reda\u00e7\u00e3o","image":{"@type":"ImageObject","inLanguage":"pt-BR","@id":"https:\/\/secure.gravatar.com\/avatar\/e0a867bdedb85fd243eadf09663511f96fc81e0720a4a42581f334ad4303aa6b?s=96&d=mm&r=g","url":"https:\/\/secure.gravatar.com\/avatar\/e0a867bdedb85fd243eadf09663511f96fc81e0720a4a42581f334ad4303aa6b?s=96&d=mm&r=g","contentUrl":"https:\/\/secure.gravatar.com\/avatar\/e0a867bdedb85fd243eadf09663511f96fc81e0720a4a42581f334ad4303aa6b?s=96&d=mm&r=g","caption":"Reda\u00e7\u00e3o"}}]}},"amp_enabled":true,"_links":{"self":[{"href":"https:\/\/www.notibras.com\/site\/wp-json\/wp\/v2\/posts\/302378","targetHints":{"allow":["GET"]}}],"collection":[{"href":"https:\/\/www.notibras.com\/site\/wp-json\/wp\/v2\/posts"}],"about":[{"href":"https:\/\/www.notibras.com\/site\/wp-json\/wp\/v2\/types\/post"}],"author":[{"embeddable":true,"href":"https:\/\/www.notibras.com\/site\/wp-json\/wp\/v2\/users\/2"}],"replies":[{"embeddable":true,"href":"https:\/\/www.notibras.com\/site\/wp-json\/wp\/v2\/comments?post=302378"}],"version-history":[{"count":6,"href":"https:\/\/www.notibras.com\/site\/wp-json\/wp\/v2\/posts\/302378\/revisions"}],"predecessor-version":[{"id":302388,"href":"https:\/\/www.notibras.com\/site\/wp-json\/wp\/v2\/posts\/302378\/revisions\/302388"}],"wp:featuredmedia":[{"embeddable":true,"href":"https:\/\/www.notibras.com\/site\/wp-json\/wp\/v2\/media\/302379"}],"wp:attachment":[{"href":"https:\/\/www.notibras.com\/site\/wp-json\/wp\/v2\/media?parent=302378"}],"wp:term":[{"taxonomy":"category","embeddable":true,"href":"https:\/\/www.notibras.com\/site\/wp-json\/wp\/v2\/categories?post=302378"},{"taxonomy":"post_tag","embeddable":true,"href":"https:\/\/www.notibras.com\/site\/wp-json\/wp\/v2\/tags?post=302378"}],"curies":[{"name":"wp","href":"https:\/\/api.w.org\/{rel}","templated":true}]}}