{"id":302381,"date":"2023-04-05T00:30:56","date_gmt":"2023-04-05T03:30:56","guid":{"rendered":"https:\/\/www.notibras.com\/site\/?p=302381"},"modified":"2023-04-05T06:33:30","modified_gmt":"2023-04-05T09:33:30","slug":"acao-do-df-legal-recolhe-carcacas-de-veiculos","status":"publish","type":"post","link":"https:\/\/www.notibras.com\/site\/acao-do-df-legal-recolhe-carcacas-de-veiculos\/","title":{"rendered":"A\u00e7\u00e3o do DF Legal recolhe carca\u00e7as de ve\u00edculos"},"content":{"rendered":"<p>Mais de cem ve\u00edculos j\u00e1 foram retirados das ruas do Distrito Federal, desde a retomada da Opera\u00e7\u00e3o DF Livre de Carca\u00e7as, em mar\u00e7o deste ano. Somente nesta ter\u00e7a-feira (4), as equipes recolheram 34 carca\u00e7as do Setor de Oficinas, em Taguatinga Norte. Nesta quarta (5), os servidores voltar\u00e3o \u00e0 regi\u00e3o administrativa para dar continuidade \u00e0 opera\u00e7\u00e3o.<\/p>\n<p>A a\u00e7\u00e3o preventiva contra a dengue e a criminalidade \u00e9 coordenada pela Secretaria de Seguran\u00e7a P\u00fablica (SSP-DF) e re\u00fane Pol\u00edcia Militar (PMDF), Departamento de Tr\u00e2nsito (Detran), Departamento de Estradas de Rodagem (DER), Companhia Urbanizadora da Nova Capital (Novacap), Secretaria DF Legal e Diretoria de Vigil\u00e2ncia Ambiental (Dival). As administra\u00e7\u00f5es regionais e os Conselhos de Seguran\u00e7a (Consegs) tamb\u00e9m s\u00e3o fundamentais para a continuidade do trabalho.<\/p>\n<p>\u201cCom a a\u00e7\u00e3o, chegamos ao total de 156 carca\u00e7as recolhidas somente neste ano. A atua\u00e7\u00e3o nas regi\u00f5es tem um resultado imediato, tanto no que diz respeito \u00e0 sensa\u00e7\u00e3o de seguran\u00e7a quanto com a contribui\u00e7\u00e3o \u00e0s a\u00e7\u00f5es do Governo do Distrito Federal para eliminar focos do mosquito da dengue\u201d, aponta o secret\u00e1rio de Seguran\u00e7a P\u00fablica, Sandro Avelar.<\/p>\n<p>As carca\u00e7as s\u00e3o mapeadas pelas administra\u00e7\u00f5es regionais a partir do monitoramento e de den\u00fancias na Ouvidoria do Governo do Distrito Federal. A atua\u00e7\u00e3o das equipes foi aprovada pelo administrador regional de Taguatinga, Renato Andrade. \u201cO Setor H Norte \u00e9 uma regi\u00e3o muito importante para a economia de Taguatinga. As carca\u00e7as impediam a mobilidade da popula\u00e7\u00e3o, al\u00e9m de contribuir para o desenvolvimento do mosquito da dengue. O intuito \u00e9 deixar a cidade limpa e acess\u00edvel para todos que moram aqui e visitam a cidade\u201d, ressalta.<\/p>\n<p>Para retomada da opera\u00e7\u00e3o, o subsecret\u00e1rio de Pol\u00edticas P\u00fablicas da SSP, Jasiel Fernandes, reuniu-se com administradores de diversas regi\u00f5es. \u201cOs bons resultados que temos conseguido at\u00e9 agora devem-se \u00e0s parcerias constru\u00eddas e esse comprometimento dos administradores tem sido fundamental\u201d, afirma Jasiel.<\/p>\n<p>Existem dois canais para den\u00fancias: a Ouvidoria do GDF, pelo site https:\/\/www.participa.df.gov.br\/, ou pelo n\u00famero 162, e nas pr\u00f3prias administra\u00e7\u00f5es regionais. Ao enviar a informa\u00e7\u00e3o, \u00e9 importante incluir detalhes que facilitem a localiza\u00e7\u00e3o dos ve\u00edculos, como endere\u00e7o, ponto de refer\u00eancia e, se poss\u00edvel, fotos.<\/p>\n<p>A partir das informa\u00e7\u00f5es que chegam \u00e0 SSP, \u00e9 poss\u00edvel identificar e geomapear o material. A partir da\u00ed, os \u00f3rg\u00e3os envolvidos s\u00e3o contatados para prepararem a a\u00e7\u00e3o. \u201cImportante ressaltar que recolhemos autom\u00f3veis que n\u00e3o sejam produtos de algum ato il\u00edcito, como furto, roubo ou assalto. Nos casos de identifica\u00e7\u00e3o de situa\u00e7\u00f5es criminosas, a Pol\u00edcia Civil \u00e9 chamada\u201d, conclui o subsecret\u00e1rio.<\/p>\n","protected":false},"excerpt":{"rendered":"<p>Mais de cem ve\u00edculos j\u00e1 foram retirados das ruas do Distrito Federal, desde a retomada da Opera\u00e7\u00e3o DF Livre de Carca\u00e7as, em mar\u00e7o deste ano. Somente nesta ter\u00e7a-feira (4), as equipes recolheram 34 carca\u00e7as do Setor de Oficinas, em Taguatinga Norte. Nesta quarta (5), os servidores voltar\u00e3o \u00e0 regi\u00e3o administrativa para dar continuidade \u00e0 opera\u00e7\u00e3o. [&hellip;]<\/p>\n","protected":false},"author":2,"featured_media":302382,"comment_status":"closed","ping_status":"closed","sticky":false,"template":"","format":"standard","meta":{"_acf_changed":false,"footnotes":""},"categories":[161],"tags":[],"class_list":["post-302381","post","type-post","status-publish","format-standard","has-post-thumbnail","hentry","category-quadradinho-em-foco"],"acf":[],"yoast_head":"<!-- This site is optimized with the Yoast SEO plugin v27.2 - https:\/\/yoast.com\/product\/yoast-seo-wordpress\/ -->\n<title>A\u00e7\u00e3o do DF Legal recolhe carca\u00e7as de ve\u00edculos - Notibras<\/title>\n<meta name=\"robots\" content=\"index, follow, max-snippet:-1, max-image-preview:large, max-video-preview:-1\" \/>\n<link rel=\"canonical\" href=\"https:\/\/www.notibras.com\/site\/acao-do-df-legal-recolhe-carcacas-de-veiculos\/\" \/>\n<meta property=\"og:locale\" content=\"pt_BR\" \/>\n<meta property=\"og:type\" content=\"article\" \/>\n<meta property=\"og:title\" content=\"A\u00e7\u00e3o do DF Legal recolhe carca\u00e7as de ve\u00edculos - Notibras\" \/>\n<meta property=\"og:description\" content=\"Mais de cem ve\u00edculos j\u00e1 foram retirados das ruas do Distrito Federal, desde a retomada da Opera\u00e7\u00e3o DF Livre de Carca\u00e7as, em mar\u00e7o deste ano. Somente nesta ter\u00e7a-feira (4), as equipes recolheram 34 carca\u00e7as do Setor de Oficinas, em Taguatinga Norte. Nesta quarta (5), os servidores voltar\u00e3o \u00e0 regi\u00e3o administrativa para dar continuidade \u00e0 opera\u00e7\u00e3o. [&hellip;]\" \/>\n<meta property=\"og:url\" content=\"https:\/\/www.notibras.com\/site\/acao-do-df-legal-recolhe-carcacas-de-veiculos\/\" \/>\n<meta property=\"og:site_name\" content=\"Notibras\" \/>\n<meta property=\"article:publisher\" content=\"https:\/\/www.facebook.com\/notibras\/\" \/>\n<meta property=\"article:published_time\" content=\"2023-04-05T03:30:56+00:00\" \/>\n<meta property=\"article:modified_time\" content=\"2023-04-05T09:33:30+00:00\" \/>\n<meta property=\"og:image\" content=\"https:\/\/www.notibras.com\/site\/wp-content\/uploads\/2023\/04\/52792665302_70a03ce134_c.jpg\" \/>\n\t<meta property=\"og:image:width\" content=\"799\" \/>\n\t<meta property=\"og:image:height\" content=\"533\" \/>\n\t<meta property=\"og:image:type\" content=\"image\/jpeg\" \/>\n<meta name=\"author\" content=\"Reda\u00e7\u00e3o\" \/>\n<meta name=\"twitter:card\" content=\"summary_large_image\" \/>\n<meta name=\"twitter:creator\" content=\"@Notibras\" \/>\n<meta name=\"twitter:site\" content=\"@Notibras\" \/>\n<meta name=\"twitter:label1\" content=\"Escrito por\" \/>\n\t<meta name=\"twitter:data1\" content=\"Reda\u00e7\u00e3o\" \/>\n\t<meta name=\"twitter:label2\" content=\"Est. tempo de leitura\" \/>\n\t<meta name=\"twitter:data2\" content=\"3 minutos\" \/>\n<script type=\"application\/ld+json\" class=\"yoast-schema-graph\">{\"@context\":\"https:\/\/schema.org\",\"@graph\":[{\"@type\":\"Article\",\"@id\":\"https:\/\/www.notibras.com\/site\/acao-do-df-legal-recolhe-carcacas-de-veiculos\/#article\",\"isPartOf\":{\"@id\":\"https:\/\/www.notibras.com\/site\/acao-do-df-legal-recolhe-carcacas-de-veiculos\/\"},\"author\":{\"name\":\"Reda\u00e7\u00e3o\",\"@id\":\"https:\/\/www.notibras.com\/site\/#\/schema\/person\/36ab0979449956132d3e5b517ea76ac8\"},\"headline\":\"A\u00e7\u00e3o do DF Legal recolhe carca\u00e7as de ve\u00edculos\",\"datePublished\":\"2023-04-05T03:30:56+00:00\",\"dateModified\":\"2023-04-05T09:33:30+00:00\",\"mainEntityOfPage\":{\"@id\":\"https:\/\/www.notibras.com\/site\/acao-do-df-legal-recolhe-carcacas-de-veiculos\/\"},\"wordCount\":474,\"publisher\":{\"@id\":\"https:\/\/www.notibras.com\/site\/#organization\"},\"image\":{\"@id\":\"https:\/\/www.notibras.com\/site\/acao-do-df-legal-recolhe-carcacas-de-veiculos\/#primaryimage\"},\"thumbnailUrl\":\"https:\/\/www.notibras.com\/site\/wp-content\/uploads\/2023\/04\/52792665302_70a03ce134_c.jpg\",\"articleSection\":[\"Quadradinho em Foco\"],\"inLanguage\":\"pt-BR\"},{\"@type\":\"WebPage\",\"@id\":\"https:\/\/www.notibras.com\/site\/acao-do-df-legal-recolhe-carcacas-de-veiculos\/\",\"url\":\"https:\/\/www.notibras.com\/site\/acao-do-df-legal-recolhe-carcacas-de-veiculos\/\",\"name\":\"A\u00e7\u00e3o do DF Legal recolhe carca\u00e7as de ve\u00edculos - Notibras\",\"isPartOf\":{\"@id\":\"https:\/\/www.notibras.com\/site\/#website\"},\"primaryImageOfPage\":{\"@id\":\"https:\/\/www.notibras.com\/site\/acao-do-df-legal-recolhe-carcacas-de-veiculos\/#primaryimage\"},\"image\":{\"@id\":\"https:\/\/www.notibras.com\/site\/acao-do-df-legal-recolhe-carcacas-de-veiculos\/#primaryimage\"},\"thumbnailUrl\":\"https:\/\/www.notibras.com\/site\/wp-content\/uploads\/2023\/04\/52792665302_70a03ce134_c.jpg\",\"datePublished\":\"2023-04-05T03:30:56+00:00\",\"dateModified\":\"2023-04-05T09:33:30+00:00\",\"breadcrumb\":{\"@id\":\"https:\/\/www.notibras.com\/site\/acao-do-df-legal-recolhe-carcacas-de-veiculos\/#breadcrumb\"},\"inLanguage\":\"pt-BR\",\"potentialAction\":[{\"@type\":\"ReadAction\",\"target\":[\"https:\/\/www.notibras.com\/site\/acao-do-df-legal-recolhe-carcacas-de-veiculos\/\"]}]},{\"@type\":\"ImageObject\",\"inLanguage\":\"pt-BR\",\"@id\":\"https:\/\/www.notibras.com\/site\/acao-do-df-legal-recolhe-carcacas-de-veiculos\/#primaryimage\",\"url\":\"https:\/\/www.notibras.com\/site\/wp-content\/uploads\/2023\/04\/52792665302_70a03ce134_c.jpg\",\"contentUrl\":\"https:\/\/www.notibras.com\/site\/wp-content\/uploads\/2023\/04\/52792665302_70a03ce134_c.jpg\",\"width\":799,\"height\":533},{\"@type\":\"BreadcrumbList\",\"@id\":\"https:\/\/www.notibras.com\/site\/acao-do-df-legal-recolhe-carcacas-de-veiculos\/#breadcrumb\",\"itemListElement\":[{\"@type\":\"ListItem\",\"position\":1,\"name\":\"In\u00edcio\",\"item\":\"https:\/\/www.notibras.com\/site\/\"},{\"@type\":\"ListItem\",\"position\":2,\"name\":\"A\u00e7\u00e3o do DF Legal recolhe carca\u00e7as de ve\u00edculos\"}]},{\"@type\":\"WebSite\",\"@id\":\"https:\/\/www.notibras.com\/site\/#website\",\"url\":\"https:\/\/www.notibras.com\/site\/\",\"name\":\"Notibras\",\"description\":\"Not\u00edcias de Bras\u00edlia, do Brasil e do Mundo\",\"publisher\":{\"@id\":\"https:\/\/www.notibras.com\/site\/#organization\"},\"potentialAction\":[{\"@type\":\"SearchAction\",\"target\":{\"@type\":\"EntryPoint\",\"urlTemplate\":\"https:\/\/www.notibras.com\/site\/?s={search_term_string}\"},\"query-input\":{\"@type\":\"PropertyValueSpecification\",\"valueRequired\":true,\"valueName\":\"search_term_string\"}}],\"inLanguage\":\"pt-BR\"},{\"@type\":\"Organization\",\"@id\":\"https:\/\/www.notibras.com\/site\/#organization\",\"name\":\"Grupo Notibras de Comunica\u00e7\u00e3o\",\"url\":\"https:\/\/www.notibras.com\/site\/\",\"logo\":{\"@type\":\"ImageObject\",\"inLanguage\":\"pt-BR\",\"@id\":\"https:\/\/www.notibras.com\/site\/#\/schema\/logo\/image\/\",\"url\":\"https:\/\/www.notibras.com\/site\/wp-content\/uploads\/2023\/01\/notibras23.png\",\"contentUrl\":\"https:\/\/www.notibras.com\/site\/wp-content\/uploads\/2023\/01\/notibras23.png\",\"width\":350,\"height\":87,\"caption\":\"Grupo Notibras de Comunica\u00e7\u00e3o\"},\"image\":{\"@id\":\"https:\/\/www.notibras.com\/site\/#\/schema\/logo\/image\/\"},\"sameAs\":[\"https:\/\/www.facebook.com\/notibras\/\",\"https:\/\/x.com\/Notibras\",\"https:\/\/www.instagram.com\/notibras\/\"]},{\"@type\":\"Person\",\"@id\":\"https:\/\/www.notibras.com\/site\/#\/schema\/person\/36ab0979449956132d3e5b517ea76ac8\",\"name\":\"Reda\u00e7\u00e3o\",\"image\":{\"@type\":\"ImageObject\",\"inLanguage\":\"pt-BR\",\"@id\":\"https:\/\/secure.gravatar.com\/avatar\/e0a867bdedb85fd243eadf09663511f96fc81e0720a4a42581f334ad4303aa6b?s=96&d=mm&r=g\",\"url\":\"https:\/\/secure.gravatar.com\/avatar\/e0a867bdedb85fd243eadf09663511f96fc81e0720a4a42581f334ad4303aa6b?s=96&d=mm&r=g\",\"contentUrl\":\"https:\/\/secure.gravatar.com\/avatar\/e0a867bdedb85fd243eadf09663511f96fc81e0720a4a42581f334ad4303aa6b?s=96&d=mm&r=g\",\"caption\":\"Reda\u00e7\u00e3o\"}}]}<\/script>\n<!-- \/ Yoast SEO plugin. -->","yoast_head_json":{"title":"A\u00e7\u00e3o do DF Legal recolhe carca\u00e7as de ve\u00edculos - Notibras","robots":{"index":"index","follow":"follow","max-snippet":"max-snippet:-1","max-image-preview":"max-image-preview:large","max-video-preview":"max-video-preview:-1"},"canonical":"https:\/\/www.notibras.com\/site\/acao-do-df-legal-recolhe-carcacas-de-veiculos\/","og_locale":"pt_BR","og_type":"article","og_title":"A\u00e7\u00e3o do DF Legal recolhe carca\u00e7as de ve\u00edculos - Notibras","og_description":"Mais de cem ve\u00edculos j\u00e1 foram retirados das ruas do Distrito Federal, desde a retomada da Opera\u00e7\u00e3o DF Livre de Carca\u00e7as, em mar\u00e7o deste ano. Somente nesta ter\u00e7a-feira (4), as equipes recolheram 34 carca\u00e7as do Setor de Oficinas, em Taguatinga Norte. Nesta quarta (5), os servidores voltar\u00e3o \u00e0 regi\u00e3o administrativa para dar continuidade \u00e0 opera\u00e7\u00e3o. [&hellip;]","og_url":"https:\/\/www.notibras.com\/site\/acao-do-df-legal-recolhe-carcacas-de-veiculos\/","og_site_name":"Notibras","article_publisher":"https:\/\/www.facebook.com\/notibras\/","article_published_time":"2023-04-05T03:30:56+00:00","article_modified_time":"2023-04-05T09:33:30+00:00","og_image":[{"width":799,"height":533,"url":"https:\/\/www.notibras.com\/site\/wp-content\/uploads\/2023\/04\/52792665302_70a03ce134_c.jpg","type":"image\/jpeg"}],"author":"Reda\u00e7\u00e3o","twitter_card":"summary_large_image","twitter_creator":"@Notibras","twitter_site":"@Notibras","twitter_misc":{"Escrito por":"Reda\u00e7\u00e3o","Est. tempo de leitura":"3 minutos"},"schema":{"@context":"https:\/\/schema.org","@graph":[{"@type":"Article","@id":"https:\/\/www.notibras.com\/site\/acao-do-df-legal-recolhe-carcacas-de-veiculos\/#article","isPartOf":{"@id":"https:\/\/www.notibras.com\/site\/acao-do-df-legal-recolhe-carcacas-de-veiculos\/"},"author":{"name":"Reda\u00e7\u00e3o","@id":"https:\/\/www.notibras.com\/site\/#\/schema\/person\/36ab0979449956132d3e5b517ea76ac8"},"headline":"A\u00e7\u00e3o do DF Legal recolhe carca\u00e7as de ve\u00edculos","datePublished":"2023-04-05T03:30:56+00:00","dateModified":"2023-04-05T09:33:30+00:00","mainEntityOfPage":{"@id":"https:\/\/www.notibras.com\/site\/acao-do-df-legal-recolhe-carcacas-de-veiculos\/"},"wordCount":474,"publisher":{"@id":"https:\/\/www.notibras.com\/site\/#organization"},"image":{"@id":"https:\/\/www.notibras.com\/site\/acao-do-df-legal-recolhe-carcacas-de-veiculos\/#primaryimage"},"thumbnailUrl":"https:\/\/www.notibras.com\/site\/wp-content\/uploads\/2023\/04\/52792665302_70a03ce134_c.jpg","articleSection":["Quadradinho em Foco"],"inLanguage":"pt-BR"},{"@type":"WebPage","@id":"https:\/\/www.notibras.com\/site\/acao-do-df-legal-recolhe-carcacas-de-veiculos\/","url":"https:\/\/www.notibras.com\/site\/acao-do-df-legal-recolhe-carcacas-de-veiculos\/","name":"A\u00e7\u00e3o do DF Legal recolhe carca\u00e7as de ve\u00edculos - Notibras","isPartOf":{"@id":"https:\/\/www.notibras.com\/site\/#website"},"primaryImageOfPage":{"@id":"https:\/\/www.notibras.com\/site\/acao-do-df-legal-recolhe-carcacas-de-veiculos\/#primaryimage"},"image":{"@id":"https:\/\/www.notibras.com\/site\/acao-do-df-legal-recolhe-carcacas-de-veiculos\/#primaryimage"},"thumbnailUrl":"https:\/\/www.notibras.com\/site\/wp-content\/uploads\/2023\/04\/52792665302_70a03ce134_c.jpg","datePublished":"2023-04-05T03:30:56+00:00","dateModified":"2023-04-05T09:33:30+00:00","breadcrumb":{"@id":"https:\/\/www.notibras.com\/site\/acao-do-df-legal-recolhe-carcacas-de-veiculos\/#breadcrumb"},"inLanguage":"pt-BR","potentialAction":[{"@type":"ReadAction","target":["https:\/\/www.notibras.com\/site\/acao-do-df-legal-recolhe-carcacas-de-veiculos\/"]}]},{"@type":"ImageObject","inLanguage":"pt-BR","@id":"https:\/\/www.notibras.com\/site\/acao-do-df-legal-recolhe-carcacas-de-veiculos\/#primaryimage","url":"https:\/\/www.notibras.com\/site\/wp-content\/uploads\/2023\/04\/52792665302_70a03ce134_c.jpg","contentUrl":"https:\/\/www.notibras.com\/site\/wp-content\/uploads\/2023\/04\/52792665302_70a03ce134_c.jpg","width":799,"height":533},{"@type":"BreadcrumbList","@id":"https:\/\/www.notibras.com\/site\/acao-do-df-legal-recolhe-carcacas-de-veiculos\/#breadcrumb","itemListElement":[{"@type":"ListItem","position":1,"name":"In\u00edcio","item":"https:\/\/www.notibras.com\/site\/"},{"@type":"ListItem","position":2,"name":"A\u00e7\u00e3o do DF Legal recolhe carca\u00e7as de ve\u00edculos"}]},{"@type":"WebSite","@id":"https:\/\/www.notibras.com\/site\/#website","url":"https:\/\/www.notibras.com\/site\/","name":"Notibras","description":"Not\u00edcias de Bras\u00edlia, do Brasil e do Mundo","publisher":{"@id":"https:\/\/www.notibras.com\/site\/#organization"},"potentialAction":[{"@type":"SearchAction","target":{"@type":"EntryPoint","urlTemplate":"https:\/\/www.notibras.com\/site\/?s={search_term_string}"},"query-input":{"@type":"PropertyValueSpecification","valueRequired":true,"valueName":"search_term_string"}}],"inLanguage":"pt-BR"},{"@type":"Organization","@id":"https:\/\/www.notibras.com\/site\/#organization","name":"Grupo Notibras de Comunica\u00e7\u00e3o","url":"https:\/\/www.notibras.com\/site\/","logo":{"@type":"ImageObject","inLanguage":"pt-BR","@id":"https:\/\/www.notibras.com\/site\/#\/schema\/logo\/image\/","url":"https:\/\/www.notibras.com\/site\/wp-content\/uploads\/2023\/01\/notibras23.png","contentUrl":"https:\/\/www.notibras.com\/site\/wp-content\/uploads\/2023\/01\/notibras23.png","width":350,"height":87,"caption":"Grupo Notibras de Comunica\u00e7\u00e3o"},"image":{"@id":"https:\/\/www.notibras.com\/site\/#\/schema\/logo\/image\/"},"sameAs":["https:\/\/www.facebook.com\/notibras\/","https:\/\/x.com\/Notibras","https:\/\/www.instagram.com\/notibras\/"]},{"@type":"Person","@id":"https:\/\/www.notibras.com\/site\/#\/schema\/person\/36ab0979449956132d3e5b517ea76ac8","name":"Reda\u00e7\u00e3o","image":{"@type":"ImageObject","inLanguage":"pt-BR","@id":"https:\/\/secure.gravatar.com\/avatar\/e0a867bdedb85fd243eadf09663511f96fc81e0720a4a42581f334ad4303aa6b?s=96&d=mm&r=g","url":"https:\/\/secure.gravatar.com\/avatar\/e0a867bdedb85fd243eadf09663511f96fc81e0720a4a42581f334ad4303aa6b?s=96&d=mm&r=g","contentUrl":"https:\/\/secure.gravatar.com\/avatar\/e0a867bdedb85fd243eadf09663511f96fc81e0720a4a42581f334ad4303aa6b?s=96&d=mm&r=g","caption":"Reda\u00e7\u00e3o"}}]}},"amp_enabled":true,"_links":{"self":[{"href":"https:\/\/www.notibras.com\/site\/wp-json\/wp\/v2\/posts\/302381","targetHints":{"allow":["GET"]}}],"collection":[{"href":"https:\/\/www.notibras.com\/site\/wp-json\/wp\/v2\/posts"}],"about":[{"href":"https:\/\/www.notibras.com\/site\/wp-json\/wp\/v2\/types\/post"}],"author":[{"embeddable":true,"href":"https:\/\/www.notibras.com\/site\/wp-json\/wp\/v2\/users\/2"}],"replies":[{"embeddable":true,"href":"https:\/\/www.notibras.com\/site\/wp-json\/wp\/v2\/comments?post=302381"}],"version-history":[{"count":1,"href":"https:\/\/www.notibras.com\/site\/wp-json\/wp\/v2\/posts\/302381\/revisions"}],"predecessor-version":[{"id":302383,"href":"https:\/\/www.notibras.com\/site\/wp-json\/wp\/v2\/posts\/302381\/revisions\/302383"}],"wp:featuredmedia":[{"embeddable":true,"href":"https:\/\/www.notibras.com\/site\/wp-json\/wp\/v2\/media\/302382"}],"wp:attachment":[{"href":"https:\/\/www.notibras.com\/site\/wp-json\/wp\/v2\/media?parent=302381"}],"wp:term":[{"taxonomy":"category","embeddable":true,"href":"https:\/\/www.notibras.com\/site\/wp-json\/wp\/v2\/categories?post=302381"},{"taxonomy":"post_tag","embeddable":true,"href":"https:\/\/www.notibras.com\/site\/wp-json\/wp\/v2\/tags?post=302381"}],"curies":[{"name":"wp","href":"https:\/\/api.w.org\/{rel}","templated":true}]}}