{"id":302397,"date":"2023-04-05T00:00:51","date_gmt":"2023-04-05T03:00:51","guid":{"rendered":"https:\/\/www.notibras.com\/site\/?p=302397"},"modified":"2023-04-05T07:17:12","modified_gmt":"2023-04-05T10:17:12","slug":"acao-conjunta-prepara-cidade-para-semana-santa","status":"publish","type":"post","link":"https:\/\/www.notibras.com\/site\/acao-conjunta-prepara-cidade-para-semana-santa\/","title":{"rendered":"A\u00e7\u00e3o conjunta prepara cidade para Semana Santa"},"content":{"rendered":"<p>Os \u00f3rg\u00e3os do Governo do Distrito Federal (GDF) est\u00e3o preparando a cidade para os eventos da Semana Santa, que se iniciam nesta quinta-feira (6). Entre os trabalhos, est\u00e3o a fiscaliza\u00e7\u00e3o do com\u00e9rcio de pescados e a manuten\u00e7\u00e3o e limpeza das \u00e1reas pr\u00f3ximas \u00e0 Catedral Metropolitana de Bras\u00edlia e o Morro da Capelinha.<\/p>\n<p>Desde a semana passada, a Vigil\u00e2ncia Sanit\u00e1ria, da Secretaria de Sa\u00fade (SES), em parceria com a Diretoria de Inspe\u00e7\u00e3o de Produtos de Origem Vegetal e Animal (Dipova), da Secretaria de Agricultura, Abastecimento e Desenvolvimento Rural (Seagri), realiza a opera\u00e7\u00e3o de P\u00e1scoa nos estabelecimentos comerciais da cidade para verificar as condi\u00e7\u00f5es dos alimentos congelados e resfriados e as temperaturas de armazenamento.<\/p>\n<p>J\u00e1 foram feitas 87 a\u00e7\u00f5es em regi\u00f5es administrativas como N\u00facleo Bandeirante, Sobradinho, Cruzeiro, Candangol\u00e2ndia, \u00c1guas Claras, Lago Sul, Guar\u00e1, Samambaia, Recanto das Emas e Planaltina. Durante as opera\u00e7\u00f5es, foram retirados de circula\u00e7\u00e3o aproximadamente 200 quilos de pescados que estavam sendo comercializados de forma irregular.<\/p>\n<p>\u201cOs produtos congelados n\u00e3o apresentavam informa\u00e7\u00f5es de r\u00f3tulo obrigat\u00f3rias, como nome e endere\u00e7o do produtor, selo de inspe\u00e7\u00e3o do \u00f3rg\u00e3o distrital. O distribuidor funcionava sem autoriza\u00e7\u00e3o obrigat\u00f3ria e n\u00e3o mantinha adequado controle da temperatura dos produtos\u201d, explica o diretor de Vigil\u00e2ncia Sanit\u00e1ria, Andr\u00e9 Godoy.<\/p>\n<p><strong>Limpeza e manuten\u00e7\u00e3o<\/strong><br \/>\nA Catedral Metropolitana de Bras\u00edlia e o Morro da Capelinha est\u00e3o preparados, s\u00f3 aguardando as celebra\u00e7\u00f5es religiosas do feriado da Semana Santa ap\u00f3s os trabalhos feitos pelas equipes do GDF Presente, em conjunto com o programa RenovaDF, as administra\u00e7\u00f5es regionais do Plano Piloto e de Planaltina, a Companhia Urbanizadora da Nova Capital (Novacap) e o Servi\u00e7o de Limpeza Urbana (SLU).<\/p>\n<p>No Plano Piloto, na \u00e1rea da Esplanada dos Minist\u00e9rios, foi feita a limpeza e a troca da \u00e1gua do espelho d\u2019\u00e1gua da Catedral, al\u00e9m da pintura dos pared\u00f5es dos viadutos das vias S2 e N2 e do Complexo Cultural da Rep\u00fablica. \u201cTamb\u00e9m est\u00e1 sendo feita a pintura do meio-fio e a sinaliza\u00e7\u00e3o do estacionamento nas proximidades da Catedral\u201d, revela o coordenador do Polo Central, Alexandro C\u00e9sar.<\/p>\n<p>\u201cToda essa prepara\u00e7\u00e3o que o GDF Presente tem feito junto com a administra\u00e7\u00e3o do Plano Piloto \u00e9 muito significativa, j\u00e1 que, ao redor da Catedral Metropolitana, est\u00e3o os principais pontos tur\u00edsticos de Bras\u00edlia\u201d, avalia o administrador do Plano Piloto, Valdemar Medeiros.<\/p>\n<p>No Morro da Capelinha, em Planaltina, as estradas n\u00e3o pavimentadas que d\u00e3o acesso ao local est\u00e3o sendo compactadas com cascalho. A prepara\u00e7\u00e3o das estradas vai garantir a seguran\u00e7a dos atores e figurantes, e tamb\u00e9m do p\u00fablico que vai conferir a encena\u00e7\u00e3o da via-sacra na sexta-feira (7) no Morro da Capelinha, evento que j\u00e1 reuniu mais de 100 mil pessoas em edi\u00e7\u00f5es anteriores.<\/p>\n<p>\u201cEstamos arrumando as vias com aux\u00edlio de uma patrol, uma retroescavadeira, uma p\u00e1 carregadeira, tr\u00eas caminh\u00f5es e um caminh\u00e3o-pipa. Os trabalhos se estendem por cerca de seis quil\u00f4metros\u201d, conta o coordenador regional da \u00e1rea Norte do GDF Presente, Guilherme Tabosa.<\/p>\n<p>\u201cEstamos com atividades intensas neste per\u00edodo devido \u00e0 via-sacra, com patrolamento das estradas e cascalhamento das vias de acesso. Al\u00e9m disso, foi feito um trabalho de excel\u00eancia de ro\u00e7agem e limpeza para tudo ficar pronto para o grande dia\u201d, destaca o administrador de Planaltina, Wesley Fonseca Fraga.<\/p>\n<p>A Novacap participou da a\u00e7\u00e3o por meio do Departamento de Transportes do \u00f3rg\u00e3o (Detra). \u201cNo Morro da Capelinha, fizemos a limpeza no local e nas redondezas e tamb\u00e9m nas estradas pr\u00f3ximas para o evento que acontece desde 1973 na Semana Santa\u201d, afirma o chefe do Detra, Rodolpho Moreira.<\/p>\n<p>J\u00e1 o SLU participou com a varri\u00e7\u00e3o, a pintura de meio-fio de \u00e1reas adjacentes e a disponibiliza\u00e7\u00e3o de 30 lixeiras na \u00e1rea e de dois papa-recicl\u00e1veis. Ap\u00f3s a encena\u00e7\u00e3o, ser\u00e3o deslocados 40 garis para a limpeza da \u00e1rea.<\/p>\n<p>A Companhia de Saneamento Ambiental do Distrito Federal (Caesb) disponibilizar\u00e1 25 mil litros de \u00e1gua para a hidrata\u00e7\u00e3o das equipes de trabalho e do p\u00fablico presente na encena\u00e7\u00e3o. Foi montada uma estrutura que engloba v\u00e1rios pontos de distribui\u00e7\u00e3o por todo o percurso do espet\u00e1culo, desde o acesso ao local, pela DF-230, passando pelo portal para entrada no Morro da Capelinha, at\u00e9 o \u00faltimo ato.<\/p>\n<p>Assim como em outras edi\u00e7\u00f5es da Paix\u00e3o de Cristo no Morro da Capelinha, a Caesb vai disponibilizar \u00e1gua para a hidrata\u00e7\u00e3o das equipes de trabalho e do p\u00fablico presente na encena\u00e7\u00e3o | Foto: Cristiano Carvalho\/Divulga\u00e7\u00e3o<br \/>\nNo total, ser\u00e3o utilizadas seis unidades m\u00f3veis, sendo dois caminh\u00f5es com caixas d\u2019\u00e1gua de cinco mil litros cada e quatro ve\u00edculos de menor porte, com caixas d\u2019\u00e1gua de 500 litros cada. Um caminh\u00e3o-pipa com 10 mil litros ficar\u00e1 no local para reabastecer as caixas d\u2019\u00e1gua. Tamb\u00e9m foram montados tr\u00eas pontos fixos ao longo do trajeto, com caixa d\u2019\u00e1gua de 500 litros, e ainda ser\u00e3o entregues cerca de cinco mil copos de 200 ml com \u00e1gua tratada.<\/p>\n<p>As equipes da Secretaria DF Legal far\u00e3o a fiscaliza\u00e7\u00e3o da regularidade dos estabelecimentos e dos ambulantes pr\u00f3ximo ao local da encena\u00e7\u00e3o. Ao todo, ser\u00e3o empregados 18 auditores, 16 ve\u00edculos e 40 apoios na opera\u00e7\u00e3o.<\/p>\n","protected":false},"excerpt":{"rendered":"<p>Os \u00f3rg\u00e3os do Governo do Distrito Federal (GDF) est\u00e3o preparando a cidade para os eventos da Semana Santa, que se iniciam nesta quinta-feira (6). Entre os trabalhos, est\u00e3o a fiscaliza\u00e7\u00e3o do com\u00e9rcio de pescados e a manuten\u00e7\u00e3o e limpeza das \u00e1reas pr\u00f3ximas \u00e0 Catedral Metropolitana de Bras\u00edlia e o Morro da Capelinha. Desde a semana [&hellip;]<\/p>\n","protected":false},"author":2,"featured_media":302399,"comment_status":"closed","ping_status":"closed","sticky":false,"template":"","format":"standard","meta":{"_acf_changed":false,"footnotes":""},"categories":[161],"tags":[],"class_list":["post-302397","post","type-post","status-publish","format-standard","has-post-thumbnail","hentry","category-quadradinho-em-foco"],"acf":[],"yoast_head":"<!-- This site is optimized with the Yoast SEO plugin v27.2 - https:\/\/yoast.com\/product\/yoast-seo-wordpress\/ -->\n<title>A\u00e7\u00e3o conjunta prepara cidade para Semana Santa - Notibras<\/title>\n<meta name=\"robots\" content=\"index, follow, max-snippet:-1, max-image-preview:large, max-video-preview:-1\" \/>\n<link rel=\"canonical\" href=\"https:\/\/www.notibras.com\/site\/acao-conjunta-prepara-cidade-para-semana-santa\/\" \/>\n<meta property=\"og:locale\" content=\"pt_BR\" \/>\n<meta property=\"og:type\" content=\"article\" \/>\n<meta property=\"og:title\" content=\"A\u00e7\u00e3o conjunta prepara cidade para Semana Santa - Notibras\" \/>\n<meta property=\"og:description\" content=\"Os \u00f3rg\u00e3os do Governo do Distrito Federal (GDF) est\u00e3o preparando a cidade para os eventos da Semana Santa, que se iniciam nesta quinta-feira (6). Entre os trabalhos, est\u00e3o a fiscaliza\u00e7\u00e3o do com\u00e9rcio de pescados e a manuten\u00e7\u00e3o e limpeza das \u00e1reas pr\u00f3ximas \u00e0 Catedral Metropolitana de Bras\u00edlia e o Morro da Capelinha. Desde a semana [&hellip;]\" \/>\n<meta property=\"og:url\" content=\"https:\/\/www.notibras.com\/site\/acao-conjunta-prepara-cidade-para-semana-santa\/\" \/>\n<meta property=\"og:site_name\" content=\"Notibras\" \/>\n<meta property=\"article:publisher\" content=\"https:\/\/www.facebook.com\/notibras\/\" \/>\n<meta property=\"article:published_time\" content=\"2023-04-05T03:00:51+00:00\" \/>\n<meta property=\"article:modified_time\" content=\"2023-04-05T10:17:12+00:00\" \/>\n<meta property=\"og:image\" content=\"https:\/\/www.notibras.com\/site\/wp-content\/uploads\/2023\/04\/WhatsApp-Image-2023-04-03-at-16.34.10-1536x1023-1.jpeg\" \/>\n\t<meta property=\"og:image:width\" content=\"1536\" \/>\n\t<meta property=\"og:image:height\" content=\"1023\" \/>\n\t<meta property=\"og:image:type\" content=\"image\/jpeg\" \/>\n<meta name=\"author\" content=\"Reda\u00e7\u00e3o\" \/>\n<meta name=\"twitter:card\" content=\"summary_large_image\" \/>\n<meta name=\"twitter:creator\" content=\"@Notibras\" \/>\n<meta name=\"twitter:site\" content=\"@Notibras\" \/>\n<meta name=\"twitter:label1\" content=\"Escrito por\" \/>\n\t<meta name=\"twitter:data1\" content=\"Reda\u00e7\u00e3o\" \/>\n\t<meta name=\"twitter:label2\" content=\"Est. tempo de leitura\" \/>\n\t<meta name=\"twitter:data2\" content=\"5 minutos\" \/>\n<script type=\"application\/ld+json\" class=\"yoast-schema-graph\">{\"@context\":\"https:\/\/schema.org\",\"@graph\":[{\"@type\":\"Article\",\"@id\":\"https:\/\/www.notibras.com\/site\/acao-conjunta-prepara-cidade-para-semana-santa\/#article\",\"isPartOf\":{\"@id\":\"https:\/\/www.notibras.com\/site\/acao-conjunta-prepara-cidade-para-semana-santa\/\"},\"author\":{\"name\":\"Reda\u00e7\u00e3o\",\"@id\":\"https:\/\/www.notibras.com\/site\/#\/schema\/person\/36ab0979449956132d3e5b517ea76ac8\"},\"headline\":\"A\u00e7\u00e3o conjunta prepara cidade para Semana Santa\",\"datePublished\":\"2023-04-05T03:00:51+00:00\",\"dateModified\":\"2023-04-05T10:17:12+00:00\",\"mainEntityOfPage\":{\"@id\":\"https:\/\/www.notibras.com\/site\/acao-conjunta-prepara-cidade-para-semana-santa\/\"},\"wordCount\":915,\"publisher\":{\"@id\":\"https:\/\/www.notibras.com\/site\/#organization\"},\"image\":{\"@id\":\"https:\/\/www.notibras.com\/site\/acao-conjunta-prepara-cidade-para-semana-santa\/#primaryimage\"},\"thumbnailUrl\":\"https:\/\/www.notibras.com\/site\/wp-content\/uploads\/2023\/04\/WhatsApp-Image-2023-04-03-at-16.34.10-1536x1023-1.jpeg\",\"articleSection\":[\"Quadradinho em Foco\"],\"inLanguage\":\"pt-BR\"},{\"@type\":\"WebPage\",\"@id\":\"https:\/\/www.notibras.com\/site\/acao-conjunta-prepara-cidade-para-semana-santa\/\",\"url\":\"https:\/\/www.notibras.com\/site\/acao-conjunta-prepara-cidade-para-semana-santa\/\",\"name\":\"A\u00e7\u00e3o conjunta prepara cidade para Semana Santa - Notibras\",\"isPartOf\":{\"@id\":\"https:\/\/www.notibras.com\/site\/#website\"},\"primaryImageOfPage\":{\"@id\":\"https:\/\/www.notibras.com\/site\/acao-conjunta-prepara-cidade-para-semana-santa\/#primaryimage\"},\"image\":{\"@id\":\"https:\/\/www.notibras.com\/site\/acao-conjunta-prepara-cidade-para-semana-santa\/#primaryimage\"},\"thumbnailUrl\":\"https:\/\/www.notibras.com\/site\/wp-content\/uploads\/2023\/04\/WhatsApp-Image-2023-04-03-at-16.34.10-1536x1023-1.jpeg\",\"datePublished\":\"2023-04-05T03:00:51+00:00\",\"dateModified\":\"2023-04-05T10:17:12+00:00\",\"breadcrumb\":{\"@id\":\"https:\/\/www.notibras.com\/site\/acao-conjunta-prepara-cidade-para-semana-santa\/#breadcrumb\"},\"inLanguage\":\"pt-BR\",\"potentialAction\":[{\"@type\":\"ReadAction\",\"target\":[\"https:\/\/www.notibras.com\/site\/acao-conjunta-prepara-cidade-para-semana-santa\/\"]}]},{\"@type\":\"ImageObject\",\"inLanguage\":\"pt-BR\",\"@id\":\"https:\/\/www.notibras.com\/site\/acao-conjunta-prepara-cidade-para-semana-santa\/#primaryimage\",\"url\":\"https:\/\/www.notibras.com\/site\/wp-content\/uploads\/2023\/04\/WhatsApp-Image-2023-04-03-at-16.34.10-1536x1023-1.jpeg\",\"contentUrl\":\"https:\/\/www.notibras.com\/site\/wp-content\/uploads\/2023\/04\/WhatsApp-Image-2023-04-03-at-16.34.10-1536x1023-1.jpeg\",\"width\":1536,\"height\":1023},{\"@type\":\"BreadcrumbList\",\"@id\":\"https:\/\/www.notibras.com\/site\/acao-conjunta-prepara-cidade-para-semana-santa\/#breadcrumb\",\"itemListElement\":[{\"@type\":\"ListItem\",\"position\":1,\"name\":\"In\u00edcio\",\"item\":\"https:\/\/www.notibras.com\/site\/\"},{\"@type\":\"ListItem\",\"position\":2,\"name\":\"A\u00e7\u00e3o conjunta prepara cidade para Semana Santa\"}]},{\"@type\":\"WebSite\",\"@id\":\"https:\/\/www.notibras.com\/site\/#website\",\"url\":\"https:\/\/www.notibras.com\/site\/\",\"name\":\"Notibras\",\"description\":\"Not\u00edcias de Bras\u00edlia, do Brasil e do Mundo\",\"publisher\":{\"@id\":\"https:\/\/www.notibras.com\/site\/#organization\"},\"potentialAction\":[{\"@type\":\"SearchAction\",\"target\":{\"@type\":\"EntryPoint\",\"urlTemplate\":\"https:\/\/www.notibras.com\/site\/?s={search_term_string}\"},\"query-input\":{\"@type\":\"PropertyValueSpecification\",\"valueRequired\":true,\"valueName\":\"search_term_string\"}}],\"inLanguage\":\"pt-BR\"},{\"@type\":\"Organization\",\"@id\":\"https:\/\/www.notibras.com\/site\/#organization\",\"name\":\"Grupo Notibras de Comunica\u00e7\u00e3o\",\"url\":\"https:\/\/www.notibras.com\/site\/\",\"logo\":{\"@type\":\"ImageObject\",\"inLanguage\":\"pt-BR\",\"@id\":\"https:\/\/www.notibras.com\/site\/#\/schema\/logo\/image\/\",\"url\":\"https:\/\/www.notibras.com\/site\/wp-content\/uploads\/2023\/01\/notibras23.png\",\"contentUrl\":\"https:\/\/www.notibras.com\/site\/wp-content\/uploads\/2023\/01\/notibras23.png\",\"width\":350,\"height\":87,\"caption\":\"Grupo Notibras de Comunica\u00e7\u00e3o\"},\"image\":{\"@id\":\"https:\/\/www.notibras.com\/site\/#\/schema\/logo\/image\/\"},\"sameAs\":[\"https:\/\/www.facebook.com\/notibras\/\",\"https:\/\/x.com\/Notibras\",\"https:\/\/www.instagram.com\/notibras\/\"]},{\"@type\":\"Person\",\"@id\":\"https:\/\/www.notibras.com\/site\/#\/schema\/person\/36ab0979449956132d3e5b517ea76ac8\",\"name\":\"Reda\u00e7\u00e3o\",\"image\":{\"@type\":\"ImageObject\",\"inLanguage\":\"pt-BR\",\"@id\":\"https:\/\/secure.gravatar.com\/avatar\/e0a867bdedb85fd243eadf09663511f96fc81e0720a4a42581f334ad4303aa6b?s=96&d=mm&r=g\",\"url\":\"https:\/\/secure.gravatar.com\/avatar\/e0a867bdedb85fd243eadf09663511f96fc81e0720a4a42581f334ad4303aa6b?s=96&d=mm&r=g\",\"contentUrl\":\"https:\/\/secure.gravatar.com\/avatar\/e0a867bdedb85fd243eadf09663511f96fc81e0720a4a42581f334ad4303aa6b?s=96&d=mm&r=g\",\"caption\":\"Reda\u00e7\u00e3o\"}}]}<\/script>\n<!-- \/ Yoast SEO plugin. -->","yoast_head_json":{"title":"A\u00e7\u00e3o conjunta prepara cidade para Semana Santa - Notibras","robots":{"index":"index","follow":"follow","max-snippet":"max-snippet:-1","max-image-preview":"max-image-preview:large","max-video-preview":"max-video-preview:-1"},"canonical":"https:\/\/www.notibras.com\/site\/acao-conjunta-prepara-cidade-para-semana-santa\/","og_locale":"pt_BR","og_type":"article","og_title":"A\u00e7\u00e3o conjunta prepara cidade para Semana Santa - Notibras","og_description":"Os \u00f3rg\u00e3os do Governo do Distrito Federal (GDF) est\u00e3o preparando a cidade para os eventos da Semana Santa, que se iniciam nesta quinta-feira (6). Entre os trabalhos, est\u00e3o a fiscaliza\u00e7\u00e3o do com\u00e9rcio de pescados e a manuten\u00e7\u00e3o e limpeza das \u00e1reas pr\u00f3ximas \u00e0 Catedral Metropolitana de Bras\u00edlia e o Morro da Capelinha. Desde a semana [&hellip;]","og_url":"https:\/\/www.notibras.com\/site\/acao-conjunta-prepara-cidade-para-semana-santa\/","og_site_name":"Notibras","article_publisher":"https:\/\/www.facebook.com\/notibras\/","article_published_time":"2023-04-05T03:00:51+00:00","article_modified_time":"2023-04-05T10:17:12+00:00","og_image":[{"width":1536,"height":1023,"url":"https:\/\/www.notibras.com\/site\/wp-content\/uploads\/2023\/04\/WhatsApp-Image-2023-04-03-at-16.34.10-1536x1023-1.jpeg","type":"image\/jpeg"}],"author":"Reda\u00e7\u00e3o","twitter_card":"summary_large_image","twitter_creator":"@Notibras","twitter_site":"@Notibras","twitter_misc":{"Escrito por":"Reda\u00e7\u00e3o","Est. tempo de leitura":"5 minutos"},"schema":{"@context":"https:\/\/schema.org","@graph":[{"@type":"Article","@id":"https:\/\/www.notibras.com\/site\/acao-conjunta-prepara-cidade-para-semana-santa\/#article","isPartOf":{"@id":"https:\/\/www.notibras.com\/site\/acao-conjunta-prepara-cidade-para-semana-santa\/"},"author":{"name":"Reda\u00e7\u00e3o","@id":"https:\/\/www.notibras.com\/site\/#\/schema\/person\/36ab0979449956132d3e5b517ea76ac8"},"headline":"A\u00e7\u00e3o conjunta prepara cidade para Semana Santa","datePublished":"2023-04-05T03:00:51+00:00","dateModified":"2023-04-05T10:17:12+00:00","mainEntityOfPage":{"@id":"https:\/\/www.notibras.com\/site\/acao-conjunta-prepara-cidade-para-semana-santa\/"},"wordCount":915,"publisher":{"@id":"https:\/\/www.notibras.com\/site\/#organization"},"image":{"@id":"https:\/\/www.notibras.com\/site\/acao-conjunta-prepara-cidade-para-semana-santa\/#primaryimage"},"thumbnailUrl":"https:\/\/www.notibras.com\/site\/wp-content\/uploads\/2023\/04\/WhatsApp-Image-2023-04-03-at-16.34.10-1536x1023-1.jpeg","articleSection":["Quadradinho em Foco"],"inLanguage":"pt-BR"},{"@type":"WebPage","@id":"https:\/\/www.notibras.com\/site\/acao-conjunta-prepara-cidade-para-semana-santa\/","url":"https:\/\/www.notibras.com\/site\/acao-conjunta-prepara-cidade-para-semana-santa\/","name":"A\u00e7\u00e3o conjunta prepara cidade para Semana Santa - Notibras","isPartOf":{"@id":"https:\/\/www.notibras.com\/site\/#website"},"primaryImageOfPage":{"@id":"https:\/\/www.notibras.com\/site\/acao-conjunta-prepara-cidade-para-semana-santa\/#primaryimage"},"image":{"@id":"https:\/\/www.notibras.com\/site\/acao-conjunta-prepara-cidade-para-semana-santa\/#primaryimage"},"thumbnailUrl":"https:\/\/www.notibras.com\/site\/wp-content\/uploads\/2023\/04\/WhatsApp-Image-2023-04-03-at-16.34.10-1536x1023-1.jpeg","datePublished":"2023-04-05T03:00:51+00:00","dateModified":"2023-04-05T10:17:12+00:00","breadcrumb":{"@id":"https:\/\/www.notibras.com\/site\/acao-conjunta-prepara-cidade-para-semana-santa\/#breadcrumb"},"inLanguage":"pt-BR","potentialAction":[{"@type":"ReadAction","target":["https:\/\/www.notibras.com\/site\/acao-conjunta-prepara-cidade-para-semana-santa\/"]}]},{"@type":"ImageObject","inLanguage":"pt-BR","@id":"https:\/\/www.notibras.com\/site\/acao-conjunta-prepara-cidade-para-semana-santa\/#primaryimage","url":"https:\/\/www.notibras.com\/site\/wp-content\/uploads\/2023\/04\/WhatsApp-Image-2023-04-03-at-16.34.10-1536x1023-1.jpeg","contentUrl":"https:\/\/www.notibras.com\/site\/wp-content\/uploads\/2023\/04\/WhatsApp-Image-2023-04-03-at-16.34.10-1536x1023-1.jpeg","width":1536,"height":1023},{"@type":"BreadcrumbList","@id":"https:\/\/www.notibras.com\/site\/acao-conjunta-prepara-cidade-para-semana-santa\/#breadcrumb","itemListElement":[{"@type":"ListItem","position":1,"name":"In\u00edcio","item":"https:\/\/www.notibras.com\/site\/"},{"@type":"ListItem","position":2,"name":"A\u00e7\u00e3o conjunta prepara cidade para Semana Santa"}]},{"@type":"WebSite","@id":"https:\/\/www.notibras.com\/site\/#website","url":"https:\/\/www.notibras.com\/site\/","name":"Notibras","description":"Not\u00edcias de Bras\u00edlia, do Brasil e do Mundo","publisher":{"@id":"https:\/\/www.notibras.com\/site\/#organization"},"potentialAction":[{"@type":"SearchAction","target":{"@type":"EntryPoint","urlTemplate":"https:\/\/www.notibras.com\/site\/?s={search_term_string}"},"query-input":{"@type":"PropertyValueSpecification","valueRequired":true,"valueName":"search_term_string"}}],"inLanguage":"pt-BR"},{"@type":"Organization","@id":"https:\/\/www.notibras.com\/site\/#organization","name":"Grupo Notibras de Comunica\u00e7\u00e3o","url":"https:\/\/www.notibras.com\/site\/","logo":{"@type":"ImageObject","inLanguage":"pt-BR","@id":"https:\/\/www.notibras.com\/site\/#\/schema\/logo\/image\/","url":"https:\/\/www.notibras.com\/site\/wp-content\/uploads\/2023\/01\/notibras23.png","contentUrl":"https:\/\/www.notibras.com\/site\/wp-content\/uploads\/2023\/01\/notibras23.png","width":350,"height":87,"caption":"Grupo Notibras de Comunica\u00e7\u00e3o"},"image":{"@id":"https:\/\/www.notibras.com\/site\/#\/schema\/logo\/image\/"},"sameAs":["https:\/\/www.facebook.com\/notibras\/","https:\/\/x.com\/Notibras","https:\/\/www.instagram.com\/notibras\/"]},{"@type":"Person","@id":"https:\/\/www.notibras.com\/site\/#\/schema\/person\/36ab0979449956132d3e5b517ea76ac8","name":"Reda\u00e7\u00e3o","image":{"@type":"ImageObject","inLanguage":"pt-BR","@id":"https:\/\/secure.gravatar.com\/avatar\/e0a867bdedb85fd243eadf09663511f96fc81e0720a4a42581f334ad4303aa6b?s=96&d=mm&r=g","url":"https:\/\/secure.gravatar.com\/avatar\/e0a867bdedb85fd243eadf09663511f96fc81e0720a4a42581f334ad4303aa6b?s=96&d=mm&r=g","contentUrl":"https:\/\/secure.gravatar.com\/avatar\/e0a867bdedb85fd243eadf09663511f96fc81e0720a4a42581f334ad4303aa6b?s=96&d=mm&r=g","caption":"Reda\u00e7\u00e3o"}}]}},"amp_enabled":true,"_links":{"self":[{"href":"https:\/\/www.notibras.com\/site\/wp-json\/wp\/v2\/posts\/302397","targetHints":{"allow":["GET"]}}],"collection":[{"href":"https:\/\/www.notibras.com\/site\/wp-json\/wp\/v2\/posts"}],"about":[{"href":"https:\/\/www.notibras.com\/site\/wp-json\/wp\/v2\/types\/post"}],"author":[{"embeddable":true,"href":"https:\/\/www.notibras.com\/site\/wp-json\/wp\/v2\/users\/2"}],"replies":[{"embeddable":true,"href":"https:\/\/www.notibras.com\/site\/wp-json\/wp\/v2\/comments?post=302397"}],"version-history":[{"count":1,"href":"https:\/\/www.notibras.com\/site\/wp-json\/wp\/v2\/posts\/302397\/revisions"}],"predecessor-version":[{"id":302398,"href":"https:\/\/www.notibras.com\/site\/wp-json\/wp\/v2\/posts\/302397\/revisions\/302398"}],"wp:featuredmedia":[{"embeddable":true,"href":"https:\/\/www.notibras.com\/site\/wp-json\/wp\/v2\/media\/302399"}],"wp:attachment":[{"href":"https:\/\/www.notibras.com\/site\/wp-json\/wp\/v2\/media?parent=302397"}],"wp:term":[{"taxonomy":"category","embeddable":true,"href":"https:\/\/www.notibras.com\/site\/wp-json\/wp\/v2\/categories?post=302397"},{"taxonomy":"post_tag","embeddable":true,"href":"https:\/\/www.notibras.com\/site\/wp-json\/wp\/v2\/tags?post=302397"}],"curies":[{"name":"wp","href":"https:\/\/api.w.org\/{rel}","templated":true}]}}