{"id":302416,"date":"2023-04-05T12:32:19","date_gmt":"2023-04-05T15:32:19","guid":{"rendered":"https:\/\/www.notibras.com\/site\/?p=302416"},"modified":"2023-04-05T09:33:54","modified_gmt":"2023-04-05T12:33:54","slug":"parte-de-um-corpo-boiando-vai-parar-no-iml","status":"publish","type":"post","link":"https:\/\/www.notibras.com\/site\/parte-de-um-corpo-boiando-vai-parar-no-iml\/","title":{"rendered":"Parte de um corpo boiando vai parar no IML"},"content":{"rendered":"<p>Mariane acordou bem cedo naquele dia. Precisava desopilar o f\u00edgado, pois o trabalho como agente de pol\u00edcia durante a semana a deixava estressada. Da janela do seu quarto, observou por um tempo o Lago Parano\u00e1.<\/p>\n<p>Preparou um belo caf\u00e9 da manh\u00e3, pois pretendia passar o dia ao ar livre. Tomou um banho e, em seguida, vestiu uma roupa bem leve. Escolheu o par de t\u00eanis mais confort\u00e1vel e saiu de casa.<\/p>\n<p>Caminhou em dire\u00e7\u00e3o ao P\u00eder da Asa Norte, onde alugou um pedalinho. Mal come\u00e7ou a navegar pelas \u00e1guas mansas do Parano\u00e1, ela voltou o rosto para o Sol, que parecia ainda mais vivo naquele dia. Mariane sorriu e pensou que aquilo era melhor que qualquer terapia.<\/p>\n<p>Ela parou no meio do lago e deixou que o pedalinho ficasse quase parado, se n\u00e3o fosse pelo leve movimento das marolas. A policial fechou os olhos e imaginou estar ao lado de Marcelo, com quem mantivera um romance por dois anos. Ele, que tamb\u00e9m era policial, acabou se aposentando h\u00e1 alguns meses e foi morar em Jo\u00e3o Pessoa. Nunca mais se viram, apesar de se comunicarem de vez em quando.<\/p>\n<p>De t\u00e3o relaxada que ficou, Mariane esticou o bra\u00e7o direito para sentir o frescor da \u00e1gua do Parano\u00e1. Sua m\u00e3o dedilhou por um instante aquela imensid\u00e3o at\u00e9 que, de repente, ela sentiu algo. Mariane voltou seus olhos para a sua m\u00e3o e, assustada, soltou um grito.<\/p>\n<p>Ainda atordoada, a mulher procurou se acalmar. N\u00e3o era a primeira vez que Mariane ficava diante de um corpo. Todavia, este possu\u00eda apenas cabe\u00e7a, tronco e parte de uma das pernas. Ela tentou raciocinar e, ent\u00e3o, pegou seu aparelho celular e telefonou para a delegacia da Asa Norte.<\/p>\n<p>A se\u00e7\u00e3o de crimes violentos foi acionada e, n\u00e3o demorou, l\u00e1 estavam os agentes de pol\u00edcia Pedro e Gustavo conversando com Mariane. Ela apontou para corpo, que ainda flutuava h\u00e1 aproximadamente 100, 150 metros. N\u00e3o mais que isso.<\/p>\n<p>Pedro e Gustavo, acompanhados de Mariane, foram at\u00e9 o local. Depois de acionarem a per\u00edcia criminal, o corpo foi recolhido ao IML. Durante esse tempo, os tr\u00eas policiais conjecturaram quem poderia ter feito aquilo.\u00a0N\u00e3o chegaram a uma conclus\u00e3o, mas todos os tr\u00eas n\u00e3o acreditavam que poderia ser obra de um ser humano. Ou, ent\u00e3o, n\u00e3o queriam acreditar.<\/p>\n<p><strong>Quinta, dia 6, novo cap\u00edtulo<\/strong><\/p>\n","protected":false},"excerpt":{"rendered":"<p>Mariane acordou bem cedo naquele dia. Precisava desopilar o f\u00edgado, pois o trabalho como agente de pol\u00edcia durante a semana a deixava estressada. Da janela do seu quarto, observou por um tempo o Lago Parano\u00e1. Preparou um belo caf\u00e9 da manh\u00e3, pois pretendia passar o dia ao ar livre. Tomou um banho e, em seguida, [&hellip;]<\/p>\n","protected":false},"author":2,"featured_media":302417,"comment_status":"closed","ping_status":"closed","sticky":false,"template":"","format":"standard","meta":{"_acf_changed":false,"footnotes":""},"categories":[161],"tags":[],"class_list":["post-302416","post","type-post","status-publish","format-standard","has-post-thumbnail","hentry","category-quadradinho-em-foco"],"acf":[],"yoast_head":"<!-- This site is optimized with the Yoast SEO plugin v27.2 - https:\/\/yoast.com\/product\/yoast-seo-wordpress\/ -->\n<title>Parte de um corpo boiando vai parar no IML - Notibras<\/title>\n<meta name=\"robots\" content=\"index, follow, max-snippet:-1, max-image-preview:large, max-video-preview:-1\" \/>\n<link rel=\"canonical\" href=\"https:\/\/www.notibras.com\/site\/parte-de-um-corpo-boiando-vai-parar-no-iml\/\" \/>\n<meta property=\"og:locale\" content=\"pt_BR\" \/>\n<meta property=\"og:type\" content=\"article\" \/>\n<meta property=\"og:title\" content=\"Parte de um corpo boiando vai parar no IML - Notibras\" \/>\n<meta property=\"og:description\" content=\"Mariane acordou bem cedo naquele dia. Precisava desopilar o f\u00edgado, pois o trabalho como agente de pol\u00edcia durante a semana a deixava estressada. Da janela do seu quarto, observou por um tempo o Lago Parano\u00e1. Preparou um belo caf\u00e9 da manh\u00e3, pois pretendia passar o dia ao ar livre. Tomou um banho e, em seguida, [&hellip;]\" \/>\n<meta property=\"og:url\" content=\"https:\/\/www.notibras.com\/site\/parte-de-um-corpo-boiando-vai-parar-no-iml\/\" \/>\n<meta property=\"og:site_name\" content=\"Notibras\" \/>\n<meta property=\"article:publisher\" content=\"https:\/\/www.facebook.com\/notibras\/\" \/>\n<meta property=\"article:published_time\" content=\"2023-04-05T15:32:19+00:00\" \/>\n<meta property=\"og:image\" content=\"https:\/\/www.notibras.com\/site\/wp-content\/uploads\/2023\/04\/whatsapp_image_2022-12-08_at_14.20.381.jpg\" \/>\n\t<meta property=\"og:image:width\" content=\"1280\" \/>\n\t<meta property=\"og:image:height\" content=\"854\" \/>\n\t<meta property=\"og:image:type\" content=\"image\/jpeg\" \/>\n<meta name=\"author\" content=\"Reda\u00e7\u00e3o\" \/>\n<meta name=\"twitter:card\" content=\"summary_large_image\" \/>\n<meta name=\"twitter:creator\" content=\"@Notibras\" \/>\n<meta name=\"twitter:site\" content=\"@Notibras\" \/>\n<meta name=\"twitter:label1\" content=\"Escrito por\" \/>\n\t<meta name=\"twitter:data1\" content=\"Reda\u00e7\u00e3o\" \/>\n\t<meta name=\"twitter:label2\" content=\"Est. tempo de leitura\" \/>\n\t<meta name=\"twitter:data2\" content=\"3 minutos\" \/>\n<script type=\"application\/ld+json\" class=\"yoast-schema-graph\">{\"@context\":\"https:\/\/schema.org\",\"@graph\":[{\"@type\":\"Article\",\"@id\":\"https:\/\/www.notibras.com\/site\/parte-de-um-corpo-boiando-vai-parar-no-iml\/#article\",\"isPartOf\":{\"@id\":\"https:\/\/www.notibras.com\/site\/parte-de-um-corpo-boiando-vai-parar-no-iml\/\"},\"author\":{\"name\":\"Reda\u00e7\u00e3o\",\"@id\":\"https:\/\/www.notibras.com\/site\/#\/schema\/person\/36ab0979449956132d3e5b517ea76ac8\"},\"headline\":\"Parte de um corpo boiando vai parar no IML\",\"datePublished\":\"2023-04-05T15:32:19+00:00\",\"mainEntityOfPage\":{\"@id\":\"https:\/\/www.notibras.com\/site\/parte-de-um-corpo-boiando-vai-parar-no-iml\/\"},\"wordCount\":421,\"publisher\":{\"@id\":\"https:\/\/www.notibras.com\/site\/#organization\"},\"image\":{\"@id\":\"https:\/\/www.notibras.com\/site\/parte-de-um-corpo-boiando-vai-parar-no-iml\/#primaryimage\"},\"thumbnailUrl\":\"https:\/\/www.notibras.com\/site\/wp-content\/uploads\/2023\/04\/whatsapp_image_2022-12-08_at_14.20.381.jpg\",\"articleSection\":[\"Quadradinho em Foco\"],\"inLanguage\":\"pt-BR\"},{\"@type\":\"WebPage\",\"@id\":\"https:\/\/www.notibras.com\/site\/parte-de-um-corpo-boiando-vai-parar-no-iml\/\",\"url\":\"https:\/\/www.notibras.com\/site\/parte-de-um-corpo-boiando-vai-parar-no-iml\/\",\"name\":\"Parte de um corpo boiando vai parar no IML - Notibras\",\"isPartOf\":{\"@id\":\"https:\/\/www.notibras.com\/site\/#website\"},\"primaryImageOfPage\":{\"@id\":\"https:\/\/www.notibras.com\/site\/parte-de-um-corpo-boiando-vai-parar-no-iml\/#primaryimage\"},\"image\":{\"@id\":\"https:\/\/www.notibras.com\/site\/parte-de-um-corpo-boiando-vai-parar-no-iml\/#primaryimage\"},\"thumbnailUrl\":\"https:\/\/www.notibras.com\/site\/wp-content\/uploads\/2023\/04\/whatsapp_image_2022-12-08_at_14.20.381.jpg\",\"datePublished\":\"2023-04-05T15:32:19+00:00\",\"breadcrumb\":{\"@id\":\"https:\/\/www.notibras.com\/site\/parte-de-um-corpo-boiando-vai-parar-no-iml\/#breadcrumb\"},\"inLanguage\":\"pt-BR\",\"potentialAction\":[{\"@type\":\"ReadAction\",\"target\":[\"https:\/\/www.notibras.com\/site\/parte-de-um-corpo-boiando-vai-parar-no-iml\/\"]}]},{\"@type\":\"ImageObject\",\"inLanguage\":\"pt-BR\",\"@id\":\"https:\/\/www.notibras.com\/site\/parte-de-um-corpo-boiando-vai-parar-no-iml\/#primaryimage\",\"url\":\"https:\/\/www.notibras.com\/site\/wp-content\/uploads\/2023\/04\/whatsapp_image_2022-12-08_at_14.20.381.jpg\",\"contentUrl\":\"https:\/\/www.notibras.com\/site\/wp-content\/uploads\/2023\/04\/whatsapp_image_2022-12-08_at_14.20.381.jpg\",\"width\":1280,\"height\":854,\"caption\":\"Antigo IML do Centro de Curitiba ser\u00e1 aberto para uma visita guiada neste m\u00eas -\"},{\"@type\":\"BreadcrumbList\",\"@id\":\"https:\/\/www.notibras.com\/site\/parte-de-um-corpo-boiando-vai-parar-no-iml\/#breadcrumb\",\"itemListElement\":[{\"@type\":\"ListItem\",\"position\":1,\"name\":\"In\u00edcio\",\"item\":\"https:\/\/www.notibras.com\/site\/\"},{\"@type\":\"ListItem\",\"position\":2,\"name\":\"Parte de um corpo boiando vai parar no IML\"}]},{\"@type\":\"WebSite\",\"@id\":\"https:\/\/www.notibras.com\/site\/#website\",\"url\":\"https:\/\/www.notibras.com\/site\/\",\"name\":\"Notibras\",\"description\":\"Not\u00edcias de Bras\u00edlia, do Brasil e do Mundo\",\"publisher\":{\"@id\":\"https:\/\/www.notibras.com\/site\/#organization\"},\"potentialAction\":[{\"@type\":\"SearchAction\",\"target\":{\"@type\":\"EntryPoint\",\"urlTemplate\":\"https:\/\/www.notibras.com\/site\/?s={search_term_string}\"},\"query-input\":{\"@type\":\"PropertyValueSpecification\",\"valueRequired\":true,\"valueName\":\"search_term_string\"}}],\"inLanguage\":\"pt-BR\"},{\"@type\":\"Organization\",\"@id\":\"https:\/\/www.notibras.com\/site\/#organization\",\"name\":\"Grupo Notibras de Comunica\u00e7\u00e3o\",\"url\":\"https:\/\/www.notibras.com\/site\/\",\"logo\":{\"@type\":\"ImageObject\",\"inLanguage\":\"pt-BR\",\"@id\":\"https:\/\/www.notibras.com\/site\/#\/schema\/logo\/image\/\",\"url\":\"https:\/\/www.notibras.com\/site\/wp-content\/uploads\/2023\/01\/notibras23.png\",\"contentUrl\":\"https:\/\/www.notibras.com\/site\/wp-content\/uploads\/2023\/01\/notibras23.png\",\"width\":350,\"height\":87,\"caption\":\"Grupo Notibras de Comunica\u00e7\u00e3o\"},\"image\":{\"@id\":\"https:\/\/www.notibras.com\/site\/#\/schema\/logo\/image\/\"},\"sameAs\":[\"https:\/\/www.facebook.com\/notibras\/\",\"https:\/\/x.com\/Notibras\",\"https:\/\/www.instagram.com\/notibras\/\"]},{\"@type\":\"Person\",\"@id\":\"https:\/\/www.notibras.com\/site\/#\/schema\/person\/36ab0979449956132d3e5b517ea76ac8\",\"name\":\"Reda\u00e7\u00e3o\",\"image\":{\"@type\":\"ImageObject\",\"inLanguage\":\"pt-BR\",\"@id\":\"https:\/\/secure.gravatar.com\/avatar\/e0a867bdedb85fd243eadf09663511f96fc81e0720a4a42581f334ad4303aa6b?s=96&d=mm&r=g\",\"url\":\"https:\/\/secure.gravatar.com\/avatar\/e0a867bdedb85fd243eadf09663511f96fc81e0720a4a42581f334ad4303aa6b?s=96&d=mm&r=g\",\"contentUrl\":\"https:\/\/secure.gravatar.com\/avatar\/e0a867bdedb85fd243eadf09663511f96fc81e0720a4a42581f334ad4303aa6b?s=96&d=mm&r=g\",\"caption\":\"Reda\u00e7\u00e3o\"}}]}<\/script>\n<!-- \/ Yoast SEO plugin. -->","yoast_head_json":{"title":"Parte de um corpo boiando vai parar no IML - Notibras","robots":{"index":"index","follow":"follow","max-snippet":"max-snippet:-1","max-image-preview":"max-image-preview:large","max-video-preview":"max-video-preview:-1"},"canonical":"https:\/\/www.notibras.com\/site\/parte-de-um-corpo-boiando-vai-parar-no-iml\/","og_locale":"pt_BR","og_type":"article","og_title":"Parte de um corpo boiando vai parar no IML - Notibras","og_description":"Mariane acordou bem cedo naquele dia. Precisava desopilar o f\u00edgado, pois o trabalho como agente de pol\u00edcia durante a semana a deixava estressada. Da janela do seu quarto, observou por um tempo o Lago Parano\u00e1. Preparou um belo caf\u00e9 da manh\u00e3, pois pretendia passar o dia ao ar livre. Tomou um banho e, em seguida, [&hellip;]","og_url":"https:\/\/www.notibras.com\/site\/parte-de-um-corpo-boiando-vai-parar-no-iml\/","og_site_name":"Notibras","article_publisher":"https:\/\/www.facebook.com\/notibras\/","article_published_time":"2023-04-05T15:32:19+00:00","og_image":[{"width":1280,"height":854,"url":"https:\/\/www.notibras.com\/site\/wp-content\/uploads\/2023\/04\/whatsapp_image_2022-12-08_at_14.20.381.jpg","type":"image\/jpeg"}],"author":"Reda\u00e7\u00e3o","twitter_card":"summary_large_image","twitter_creator":"@Notibras","twitter_site":"@Notibras","twitter_misc":{"Escrito por":"Reda\u00e7\u00e3o","Est. tempo de leitura":"3 minutos"},"schema":{"@context":"https:\/\/schema.org","@graph":[{"@type":"Article","@id":"https:\/\/www.notibras.com\/site\/parte-de-um-corpo-boiando-vai-parar-no-iml\/#article","isPartOf":{"@id":"https:\/\/www.notibras.com\/site\/parte-de-um-corpo-boiando-vai-parar-no-iml\/"},"author":{"name":"Reda\u00e7\u00e3o","@id":"https:\/\/www.notibras.com\/site\/#\/schema\/person\/36ab0979449956132d3e5b517ea76ac8"},"headline":"Parte de um corpo boiando vai parar no IML","datePublished":"2023-04-05T15:32:19+00:00","mainEntityOfPage":{"@id":"https:\/\/www.notibras.com\/site\/parte-de-um-corpo-boiando-vai-parar-no-iml\/"},"wordCount":421,"publisher":{"@id":"https:\/\/www.notibras.com\/site\/#organization"},"image":{"@id":"https:\/\/www.notibras.com\/site\/parte-de-um-corpo-boiando-vai-parar-no-iml\/#primaryimage"},"thumbnailUrl":"https:\/\/www.notibras.com\/site\/wp-content\/uploads\/2023\/04\/whatsapp_image_2022-12-08_at_14.20.381.jpg","articleSection":["Quadradinho em Foco"],"inLanguage":"pt-BR"},{"@type":"WebPage","@id":"https:\/\/www.notibras.com\/site\/parte-de-um-corpo-boiando-vai-parar-no-iml\/","url":"https:\/\/www.notibras.com\/site\/parte-de-um-corpo-boiando-vai-parar-no-iml\/","name":"Parte de um corpo boiando vai parar no IML - Notibras","isPartOf":{"@id":"https:\/\/www.notibras.com\/site\/#website"},"primaryImageOfPage":{"@id":"https:\/\/www.notibras.com\/site\/parte-de-um-corpo-boiando-vai-parar-no-iml\/#primaryimage"},"image":{"@id":"https:\/\/www.notibras.com\/site\/parte-de-um-corpo-boiando-vai-parar-no-iml\/#primaryimage"},"thumbnailUrl":"https:\/\/www.notibras.com\/site\/wp-content\/uploads\/2023\/04\/whatsapp_image_2022-12-08_at_14.20.381.jpg","datePublished":"2023-04-05T15:32:19+00:00","breadcrumb":{"@id":"https:\/\/www.notibras.com\/site\/parte-de-um-corpo-boiando-vai-parar-no-iml\/#breadcrumb"},"inLanguage":"pt-BR","potentialAction":[{"@type":"ReadAction","target":["https:\/\/www.notibras.com\/site\/parte-de-um-corpo-boiando-vai-parar-no-iml\/"]}]},{"@type":"ImageObject","inLanguage":"pt-BR","@id":"https:\/\/www.notibras.com\/site\/parte-de-um-corpo-boiando-vai-parar-no-iml\/#primaryimage","url":"https:\/\/www.notibras.com\/site\/wp-content\/uploads\/2023\/04\/whatsapp_image_2022-12-08_at_14.20.381.jpg","contentUrl":"https:\/\/www.notibras.com\/site\/wp-content\/uploads\/2023\/04\/whatsapp_image_2022-12-08_at_14.20.381.jpg","width":1280,"height":854,"caption":"Antigo IML do Centro de Curitiba ser\u00e1 aberto para uma visita guiada neste m\u00eas -"},{"@type":"BreadcrumbList","@id":"https:\/\/www.notibras.com\/site\/parte-de-um-corpo-boiando-vai-parar-no-iml\/#breadcrumb","itemListElement":[{"@type":"ListItem","position":1,"name":"In\u00edcio","item":"https:\/\/www.notibras.com\/site\/"},{"@type":"ListItem","position":2,"name":"Parte de um corpo boiando vai parar no IML"}]},{"@type":"WebSite","@id":"https:\/\/www.notibras.com\/site\/#website","url":"https:\/\/www.notibras.com\/site\/","name":"Notibras","description":"Not\u00edcias de Bras\u00edlia, do Brasil e do Mundo","publisher":{"@id":"https:\/\/www.notibras.com\/site\/#organization"},"potentialAction":[{"@type":"SearchAction","target":{"@type":"EntryPoint","urlTemplate":"https:\/\/www.notibras.com\/site\/?s={search_term_string}"},"query-input":{"@type":"PropertyValueSpecification","valueRequired":true,"valueName":"search_term_string"}}],"inLanguage":"pt-BR"},{"@type":"Organization","@id":"https:\/\/www.notibras.com\/site\/#organization","name":"Grupo Notibras de Comunica\u00e7\u00e3o","url":"https:\/\/www.notibras.com\/site\/","logo":{"@type":"ImageObject","inLanguage":"pt-BR","@id":"https:\/\/www.notibras.com\/site\/#\/schema\/logo\/image\/","url":"https:\/\/www.notibras.com\/site\/wp-content\/uploads\/2023\/01\/notibras23.png","contentUrl":"https:\/\/www.notibras.com\/site\/wp-content\/uploads\/2023\/01\/notibras23.png","width":350,"height":87,"caption":"Grupo Notibras de Comunica\u00e7\u00e3o"},"image":{"@id":"https:\/\/www.notibras.com\/site\/#\/schema\/logo\/image\/"},"sameAs":["https:\/\/www.facebook.com\/notibras\/","https:\/\/x.com\/Notibras","https:\/\/www.instagram.com\/notibras\/"]},{"@type":"Person","@id":"https:\/\/www.notibras.com\/site\/#\/schema\/person\/36ab0979449956132d3e5b517ea76ac8","name":"Reda\u00e7\u00e3o","image":{"@type":"ImageObject","inLanguage":"pt-BR","@id":"https:\/\/secure.gravatar.com\/avatar\/e0a867bdedb85fd243eadf09663511f96fc81e0720a4a42581f334ad4303aa6b?s=96&d=mm&r=g","url":"https:\/\/secure.gravatar.com\/avatar\/e0a867bdedb85fd243eadf09663511f96fc81e0720a4a42581f334ad4303aa6b?s=96&d=mm&r=g","contentUrl":"https:\/\/secure.gravatar.com\/avatar\/e0a867bdedb85fd243eadf09663511f96fc81e0720a4a42581f334ad4303aa6b?s=96&d=mm&r=g","caption":"Reda\u00e7\u00e3o"}}]}},"amp_enabled":true,"_links":{"self":[{"href":"https:\/\/www.notibras.com\/site\/wp-json\/wp\/v2\/posts\/302416","targetHints":{"allow":["GET"]}}],"collection":[{"href":"https:\/\/www.notibras.com\/site\/wp-json\/wp\/v2\/posts"}],"about":[{"href":"https:\/\/www.notibras.com\/site\/wp-json\/wp\/v2\/types\/post"}],"author":[{"embeddable":true,"href":"https:\/\/www.notibras.com\/site\/wp-json\/wp\/v2\/users\/2"}],"replies":[{"embeddable":true,"href":"https:\/\/www.notibras.com\/site\/wp-json\/wp\/v2\/comments?post=302416"}],"version-history":[{"count":2,"href":"https:\/\/www.notibras.com\/site\/wp-json\/wp\/v2\/posts\/302416\/revisions"}],"predecessor-version":[{"id":302419,"href":"https:\/\/www.notibras.com\/site\/wp-json\/wp\/v2\/posts\/302416\/revisions\/302419"}],"wp:featuredmedia":[{"embeddable":true,"href":"https:\/\/www.notibras.com\/site\/wp-json\/wp\/v2\/media\/302417"}],"wp:attachment":[{"href":"https:\/\/www.notibras.com\/site\/wp-json\/wp\/v2\/media?parent=302416"}],"wp:term":[{"taxonomy":"category","embeddable":true,"href":"https:\/\/www.notibras.com\/site\/wp-json\/wp\/v2\/categories?post=302416"},{"taxonomy":"post_tag","embeddable":true,"href":"https:\/\/www.notibras.com\/site\/wp-json\/wp\/v2\/tags?post=302416"}],"curies":[{"name":"wp","href":"https:\/\/api.w.org\/{rel}","templated":true}]}}