{"id":302467,"date":"2023-04-06T00:00:08","date_gmt":"2023-04-06T03:00:08","guid":{"rendered":"https:\/\/www.notibras.com\/site\/?p=302467"},"modified":"2023-04-06T08:00:18","modified_gmt":"2023-04-06T11:00:18","slug":"pgr-envia-ao-supremo-mais-203-denuncias-contra-golpistas","status":"publish","type":"post","link":"https:\/\/www.notibras.com\/site\/pgr-envia-ao-supremo-mais-203-denuncias-contra-golpistas\/","title":{"rendered":"PGR envia ao Supremo mais 203 den\u00fancias contra golpistas"},"content":{"rendered":"<p>A Procuradoria-Geral da Rep\u00fablica (PGR) enviou ao Supremo Tribunal Federal (STF) den\u00fancias contra mais 203 pessoas acusadas de incita\u00e7\u00e3o nos atos golpistas de 8 de janeiro, que resultaram na ampla depreda\u00e7\u00e3o da sede dos Tr\u00eas Poderes da Rep\u00fablica.<\/p>\n<p>Com as novas den\u00fancias, chegam a 1.390 as acusa\u00e7\u00f5es formais apresentadas pela PGR nos inqu\u00e9ritos que apuram as responsabilidades pelos atos antidemocr\u00e1ticos, sendo 239 relativas ao n\u00facleo de executores, 1.150 no n\u00facleo dos iniciadores e uma no n\u00facleo que investiga a suposta omiss\u00e3o de autoridades p\u00fablicas no epis\u00f3dio.<\/p>\n<p>No n\u00facleo maior, as pessoas est\u00e3o sendo denunciados por incita\u00e7\u00e3o \u00e0 animosidade das For\u00e7as Armadas com os poderes constitucionais, \u00e0s institui\u00e7\u00f5es civis e \u00e0 sociedade, bem como por associa\u00e7\u00e3o criminosa. Os crimes est\u00e3o previstos nos artigos 286 e 288 do C\u00f3digo Penal, com penas m\u00e1ximas que, somadas, podem chegar a 3 anos e 3 meses de deten\u00e7\u00e3o.<\/p>\n<p>Segundo a PGR, as den\u00fancias apresentadas esgotam a an\u00e1lise sobre a punibilidade de todas as pessoas presas no pr\u00f3prio 8 de janeiro, nas imedia\u00e7\u00f5es da Pra\u00e7a dos Tr\u00eas Poderes, e no dia seguinte, em acampamento em frente ao Quartel-General do Ex\u00e9rcito, em Bras\u00edlia.<\/p>\n<p>At\u00e9 o momento, n\u00e3o foi denunciado nenhum financiador ou mentor dos ataques. \u201cEventuais casos ainda pendentes ser\u00e3o avaliados e as provid\u00eancias cab\u00edveis, inclusive eventuais den\u00fancias, tomadas oportunamente\u201d, informou a PGR.<\/p>\n<p>Segundo o subprocurador-geral da Rep\u00fablica Carlos Frederico Santos, que assina todas as den\u00fancias, foi dada prioridade a esses casos porque a maior parte se tratava de pessoas presas ou alvo de alguma medida cautelar, o que imp\u00f5e prazos mais curtos. \u201cO objetivo foi evitar qualquer conjectura relativa ao excesso de prazo\u201d, explicou em nota divulgada pela PGR.<\/p>\n<p>\u201cAinda segundo o coordenador, com a conclus\u00e3o dessa etapa, a partir de agora o grupo poder\u00e1 concentrar os esfor\u00e7os e avan\u00e7ar nas investiga\u00e7\u00f5es que buscam identificar os financiadores dos atos ou tratam da omiss\u00e3o de agentes p\u00fablicos no dia dos ataques\u201d, informa a PGR.<\/p>\n<p><strong>Controv\u00e9rsia<\/strong><br \/>\nAt\u00e9 o momento, a PGR tem apresentado den\u00fancias com textos similares, levando em conta tr\u00eas grupos de infratores, os que invadiram e depredaram pr\u00e9dios p\u00fablicos; os que acamparam em frente ao Quartel-General do Ex\u00e9rcito para incitar as For\u00e7as Armadas; e as autoridades que se supostamente se omitiram diante dos acontecimentos.<\/p>\n<p>Advogados e defensores p\u00fablicos apontam problemas na abordagem da PGR, argumentando que ela n\u00e3o individualiza a narrativa das condutas de cada acusado. Em relat\u00f3rio sobre os atos antidemocr\u00e1ticos, as defensorias p\u00fablicas da Uni\u00e3o e do Distrito Federal defendem, por exemplo, que a responsabiliza\u00e7\u00e3o coletiva \u00e9 contr\u00e1ria ao ordenamento jur\u00eddico nacional.<\/p>\n<p>A PGR disse que segue o previsto no C\u00f3digo de Processo Penal (CPP) e que, apesar da reda\u00e7\u00e3o similar, cada den\u00fancia \u00e9 resultado de uma an\u00e1lise individualizada das provas relativas a cada denunciado. O \u00f3rg\u00e3o alega seguir o que a doutrina chama \u201cimputa\u00e7\u00e3o rec\u00edproca\u201d, em que os participantes de um grupo circunstancial de pessoas respondem em conjunto.<\/p>\n<p>\u201cNesses casos, a jurisprud\u00eancia admite que as peti\u00e7\u00f5es apresentem uma narrativa gen\u00e9rica da participa\u00e7\u00e3o de cada investigado\u201d, justificou a PGR em nota publicada em mar\u00e7o.<\/p>\n<p>O \u00f3rg\u00e3o acrescenta ainda que os textos das den\u00fancias trazem descritos diversos comportamentos apurados no 8 de janeiro, permitindo a elabora\u00e7\u00e3o adequada da defesa dos acusados.<\/p>\n<p>As cr\u00edticas \u00e0s den\u00fancias apresentadas at\u00e9 o momento levaram o ministro Alexandre de Moraes, relator do caso no Supremo Tribunal Federal (STF), a garantir em plen\u00e1rio, em mar\u00e7o, que cada denunciado ter\u00e1 tratamento individualizado.<\/p>\n<p>\u201cO Supremo Tribunal Federal est\u00e1 analisando de forma detalhada e individualizada para que, rapidamente, aqueles que praticaram crime sejam responsabilizados nos termos da lei. Quem praticou crime mais leve ter\u00e1 san\u00e7\u00e3o mais leve, quem praticou crime mais grave ter\u00e1 san\u00e7\u00e3o mais grave\u201d, disse Moraes.<\/p>\n","protected":false},"excerpt":{"rendered":"<p>A Procuradoria-Geral da Rep\u00fablica (PGR) enviou ao Supremo Tribunal Federal (STF) den\u00fancias contra mais 203 pessoas acusadas de incita\u00e7\u00e3o nos atos golpistas de 8 de janeiro, que resultaram na ampla depreda\u00e7\u00e3o da sede dos Tr\u00eas Poderes da Rep\u00fablica. Com as novas den\u00fancias, chegam a 1.390 as acusa\u00e7\u00f5es formais apresentadas pela PGR nos inqu\u00e9ritos que apuram [&hellip;]<\/p>\n","protected":false},"author":2,"featured_media":302468,"comment_status":"closed","ping_status":"closed","sticky":false,"template":"","format":"standard","meta":{"_acf_changed":false,"footnotes":""},"categories":[1],"tags":[],"class_list":["post-302467","post","type-post","status-publish","format-standard","has-post-thumbnail","hentry","category-brasilia"],"acf":[],"yoast_head":"<!-- This site is optimized with the Yoast SEO plugin v27.2 - https:\/\/yoast.com\/product\/yoast-seo-wordpress\/ -->\n<title>PGR envia ao Supremo mais 203 den\u00fancias contra golpistas - Notibras<\/title>\n<meta name=\"robots\" content=\"index, follow, max-snippet:-1, max-image-preview:large, max-video-preview:-1\" \/>\n<link rel=\"canonical\" href=\"https:\/\/www.notibras.com\/site\/pgr-envia-ao-supremo-mais-203-denuncias-contra-golpistas\/\" \/>\n<meta property=\"og:locale\" content=\"pt_BR\" \/>\n<meta property=\"og:type\" content=\"article\" \/>\n<meta property=\"og:title\" content=\"PGR envia ao Supremo mais 203 den\u00fancias contra golpistas - Notibras\" \/>\n<meta property=\"og:description\" content=\"A Procuradoria-Geral da Rep\u00fablica (PGR) enviou ao Supremo Tribunal Federal (STF) den\u00fancias contra mais 203 pessoas acusadas de incita\u00e7\u00e3o nos atos golpistas de 8 de janeiro, que resultaram na ampla depreda\u00e7\u00e3o da sede dos Tr\u00eas Poderes da Rep\u00fablica. Com as novas den\u00fancias, chegam a 1.390 as acusa\u00e7\u00f5es formais apresentadas pela PGR nos inqu\u00e9ritos que apuram [&hellip;]\" \/>\n<meta property=\"og:url\" content=\"https:\/\/www.notibras.com\/site\/pgr-envia-ao-supremo-mais-203-denuncias-contra-golpistas\/\" \/>\n<meta property=\"og:site_name\" content=\"Notibras\" \/>\n<meta property=\"article:publisher\" content=\"https:\/\/www.facebook.com\/notibras\/\" \/>\n<meta property=\"article:published_time\" content=\"2023-04-06T03:00:08+00:00\" \/>\n<meta property=\"article:modified_time\" content=\"2023-04-06T11:00:18+00:00\" \/>\n<meta property=\"og:image\" content=\"https:\/\/www.notibras.com\/site\/wp-content\/uploads\/2023\/04\/manifestacao1_mcamgo_abr_080120231818-4.jpg\" \/>\n\t<meta property=\"og:image:width\" content=\"1170\" \/>\n\t<meta property=\"og:image:height\" content=\"700\" \/>\n\t<meta property=\"og:image:type\" content=\"image\/jpeg\" \/>\n<meta name=\"author\" content=\"Reda\u00e7\u00e3o\" \/>\n<meta name=\"twitter:card\" content=\"summary_large_image\" \/>\n<meta name=\"twitter:creator\" content=\"@Notibras\" \/>\n<meta name=\"twitter:site\" content=\"@Notibras\" \/>\n<meta name=\"twitter:label1\" content=\"Escrito por\" \/>\n\t<meta name=\"twitter:data1\" content=\"Reda\u00e7\u00e3o\" \/>\n\t<meta name=\"twitter:label2\" content=\"Est. tempo de leitura\" \/>\n\t<meta name=\"twitter:data2\" content=\"4 minutos\" \/>\n<script type=\"application\/ld+json\" class=\"yoast-schema-graph\">{\"@context\":\"https:\/\/schema.org\",\"@graph\":[{\"@type\":\"Article\",\"@id\":\"https:\/\/www.notibras.com\/site\/pgr-envia-ao-supremo-mais-203-denuncias-contra-golpistas\/#article\",\"isPartOf\":{\"@id\":\"https:\/\/www.notibras.com\/site\/pgr-envia-ao-supremo-mais-203-denuncias-contra-golpistas\/\"},\"author\":{\"name\":\"Reda\u00e7\u00e3o\",\"@id\":\"https:\/\/www.notibras.com\/site\/#\/schema\/person\/36ab0979449956132d3e5b517ea76ac8\"},\"headline\":\"PGR envia ao Supremo mais 203 den\u00fancias contra golpistas\",\"datePublished\":\"2023-04-06T03:00:08+00:00\",\"dateModified\":\"2023-04-06T11:00:18+00:00\",\"mainEntityOfPage\":{\"@id\":\"https:\/\/www.notibras.com\/site\/pgr-envia-ao-supremo-mais-203-denuncias-contra-golpistas\/\"},\"wordCount\":683,\"publisher\":{\"@id\":\"https:\/\/www.notibras.com\/site\/#organization\"},\"image\":{\"@id\":\"https:\/\/www.notibras.com\/site\/pgr-envia-ao-supremo-mais-203-denuncias-contra-golpistas\/#primaryimage\"},\"thumbnailUrl\":\"https:\/\/www.notibras.com\/site\/wp-content\/uploads\/2023\/04\/manifestacao1_mcamgo_abr_080120231818-4.jpg\",\"articleSection\":[\"Bras\u00edlia\"],\"inLanguage\":\"pt-BR\"},{\"@type\":\"WebPage\",\"@id\":\"https:\/\/www.notibras.com\/site\/pgr-envia-ao-supremo-mais-203-denuncias-contra-golpistas\/\",\"url\":\"https:\/\/www.notibras.com\/site\/pgr-envia-ao-supremo-mais-203-denuncias-contra-golpistas\/\",\"name\":\"PGR envia ao Supremo mais 203 den\u00fancias contra golpistas - Notibras\",\"isPartOf\":{\"@id\":\"https:\/\/www.notibras.com\/site\/#website\"},\"primaryImageOfPage\":{\"@id\":\"https:\/\/www.notibras.com\/site\/pgr-envia-ao-supremo-mais-203-denuncias-contra-golpistas\/#primaryimage\"},\"image\":{\"@id\":\"https:\/\/www.notibras.com\/site\/pgr-envia-ao-supremo-mais-203-denuncias-contra-golpistas\/#primaryimage\"},\"thumbnailUrl\":\"https:\/\/www.notibras.com\/site\/wp-content\/uploads\/2023\/04\/manifestacao1_mcamgo_abr_080120231818-4.jpg\",\"datePublished\":\"2023-04-06T03:00:08+00:00\",\"dateModified\":\"2023-04-06T11:00:18+00:00\",\"breadcrumb\":{\"@id\":\"https:\/\/www.notibras.com\/site\/pgr-envia-ao-supremo-mais-203-denuncias-contra-golpistas\/#breadcrumb\"},\"inLanguage\":\"pt-BR\",\"potentialAction\":[{\"@type\":\"ReadAction\",\"target\":[\"https:\/\/www.notibras.com\/site\/pgr-envia-ao-supremo-mais-203-denuncias-contra-golpistas\/\"]}]},{\"@type\":\"ImageObject\",\"inLanguage\":\"pt-BR\",\"@id\":\"https:\/\/www.notibras.com\/site\/pgr-envia-ao-supremo-mais-203-denuncias-contra-golpistas\/#primaryimage\",\"url\":\"https:\/\/www.notibras.com\/site\/wp-content\/uploads\/2023\/04\/manifestacao1_mcamgo_abr_080120231818-4.jpg\",\"contentUrl\":\"https:\/\/www.notibras.com\/site\/wp-content\/uploads\/2023\/04\/manifestacao1_mcamgo_abr_080120231818-4.jpg\",\"width\":1170,\"height\":700,\"caption\":\"Manifestantes invadem Congresso, STF e Pal\u00e1cio do Planalto.\"},{\"@type\":\"BreadcrumbList\",\"@id\":\"https:\/\/www.notibras.com\/site\/pgr-envia-ao-supremo-mais-203-denuncias-contra-golpistas\/#breadcrumb\",\"itemListElement\":[{\"@type\":\"ListItem\",\"position\":1,\"name\":\"In\u00edcio\",\"item\":\"https:\/\/www.notibras.com\/site\/\"},{\"@type\":\"ListItem\",\"position\":2,\"name\":\"PGR envia ao Supremo mais 203 den\u00fancias contra golpistas\"}]},{\"@type\":\"WebSite\",\"@id\":\"https:\/\/www.notibras.com\/site\/#website\",\"url\":\"https:\/\/www.notibras.com\/site\/\",\"name\":\"Notibras\",\"description\":\"Not\u00edcias de Bras\u00edlia, do Brasil e do Mundo\",\"publisher\":{\"@id\":\"https:\/\/www.notibras.com\/site\/#organization\"},\"potentialAction\":[{\"@type\":\"SearchAction\",\"target\":{\"@type\":\"EntryPoint\",\"urlTemplate\":\"https:\/\/www.notibras.com\/site\/?s={search_term_string}\"},\"query-input\":{\"@type\":\"PropertyValueSpecification\",\"valueRequired\":true,\"valueName\":\"search_term_string\"}}],\"inLanguage\":\"pt-BR\"},{\"@type\":\"Organization\",\"@id\":\"https:\/\/www.notibras.com\/site\/#organization\",\"name\":\"Grupo Notibras de Comunica\u00e7\u00e3o\",\"url\":\"https:\/\/www.notibras.com\/site\/\",\"logo\":{\"@type\":\"ImageObject\",\"inLanguage\":\"pt-BR\",\"@id\":\"https:\/\/www.notibras.com\/site\/#\/schema\/logo\/image\/\",\"url\":\"https:\/\/www.notibras.com\/site\/wp-content\/uploads\/2023\/01\/notibras23.png\",\"contentUrl\":\"https:\/\/www.notibras.com\/site\/wp-content\/uploads\/2023\/01\/notibras23.png\",\"width\":350,\"height\":87,\"caption\":\"Grupo Notibras de Comunica\u00e7\u00e3o\"},\"image\":{\"@id\":\"https:\/\/www.notibras.com\/site\/#\/schema\/logo\/image\/\"},\"sameAs\":[\"https:\/\/www.facebook.com\/notibras\/\",\"https:\/\/x.com\/Notibras\",\"https:\/\/www.instagram.com\/notibras\/\"]},{\"@type\":\"Person\",\"@id\":\"https:\/\/www.notibras.com\/site\/#\/schema\/person\/36ab0979449956132d3e5b517ea76ac8\",\"name\":\"Reda\u00e7\u00e3o\",\"image\":{\"@type\":\"ImageObject\",\"inLanguage\":\"pt-BR\",\"@id\":\"https:\/\/secure.gravatar.com\/avatar\/e0a867bdedb85fd243eadf09663511f96fc81e0720a4a42581f334ad4303aa6b?s=96&d=mm&r=g\",\"url\":\"https:\/\/secure.gravatar.com\/avatar\/e0a867bdedb85fd243eadf09663511f96fc81e0720a4a42581f334ad4303aa6b?s=96&d=mm&r=g\",\"contentUrl\":\"https:\/\/secure.gravatar.com\/avatar\/e0a867bdedb85fd243eadf09663511f96fc81e0720a4a42581f334ad4303aa6b?s=96&d=mm&r=g\",\"caption\":\"Reda\u00e7\u00e3o\"}}]}<\/script>\n<!-- \/ Yoast SEO plugin. -->","yoast_head_json":{"title":"PGR envia ao Supremo mais 203 den\u00fancias contra golpistas - Notibras","robots":{"index":"index","follow":"follow","max-snippet":"max-snippet:-1","max-image-preview":"max-image-preview:large","max-video-preview":"max-video-preview:-1"},"canonical":"https:\/\/www.notibras.com\/site\/pgr-envia-ao-supremo-mais-203-denuncias-contra-golpistas\/","og_locale":"pt_BR","og_type":"article","og_title":"PGR envia ao Supremo mais 203 den\u00fancias contra golpistas - Notibras","og_description":"A Procuradoria-Geral da Rep\u00fablica (PGR) enviou ao Supremo Tribunal Federal (STF) den\u00fancias contra mais 203 pessoas acusadas de incita\u00e7\u00e3o nos atos golpistas de 8 de janeiro, que resultaram na ampla depreda\u00e7\u00e3o da sede dos Tr\u00eas Poderes da Rep\u00fablica. Com as novas den\u00fancias, chegam a 1.390 as acusa\u00e7\u00f5es formais apresentadas pela PGR nos inqu\u00e9ritos que apuram [&hellip;]","og_url":"https:\/\/www.notibras.com\/site\/pgr-envia-ao-supremo-mais-203-denuncias-contra-golpistas\/","og_site_name":"Notibras","article_publisher":"https:\/\/www.facebook.com\/notibras\/","article_published_time":"2023-04-06T03:00:08+00:00","article_modified_time":"2023-04-06T11:00:18+00:00","og_image":[{"width":1170,"height":700,"url":"https:\/\/www.notibras.com\/site\/wp-content\/uploads\/2023\/04\/manifestacao1_mcamgo_abr_080120231818-4.jpg","type":"image\/jpeg"}],"author":"Reda\u00e7\u00e3o","twitter_card":"summary_large_image","twitter_creator":"@Notibras","twitter_site":"@Notibras","twitter_misc":{"Escrito por":"Reda\u00e7\u00e3o","Est. tempo de leitura":"4 minutos"},"schema":{"@context":"https:\/\/schema.org","@graph":[{"@type":"Article","@id":"https:\/\/www.notibras.com\/site\/pgr-envia-ao-supremo-mais-203-denuncias-contra-golpistas\/#article","isPartOf":{"@id":"https:\/\/www.notibras.com\/site\/pgr-envia-ao-supremo-mais-203-denuncias-contra-golpistas\/"},"author":{"name":"Reda\u00e7\u00e3o","@id":"https:\/\/www.notibras.com\/site\/#\/schema\/person\/36ab0979449956132d3e5b517ea76ac8"},"headline":"PGR envia ao Supremo mais 203 den\u00fancias contra golpistas","datePublished":"2023-04-06T03:00:08+00:00","dateModified":"2023-04-06T11:00:18+00:00","mainEntityOfPage":{"@id":"https:\/\/www.notibras.com\/site\/pgr-envia-ao-supremo-mais-203-denuncias-contra-golpistas\/"},"wordCount":683,"publisher":{"@id":"https:\/\/www.notibras.com\/site\/#organization"},"image":{"@id":"https:\/\/www.notibras.com\/site\/pgr-envia-ao-supremo-mais-203-denuncias-contra-golpistas\/#primaryimage"},"thumbnailUrl":"https:\/\/www.notibras.com\/site\/wp-content\/uploads\/2023\/04\/manifestacao1_mcamgo_abr_080120231818-4.jpg","articleSection":["Bras\u00edlia"],"inLanguage":"pt-BR"},{"@type":"WebPage","@id":"https:\/\/www.notibras.com\/site\/pgr-envia-ao-supremo-mais-203-denuncias-contra-golpistas\/","url":"https:\/\/www.notibras.com\/site\/pgr-envia-ao-supremo-mais-203-denuncias-contra-golpistas\/","name":"PGR envia ao Supremo mais 203 den\u00fancias contra golpistas - Notibras","isPartOf":{"@id":"https:\/\/www.notibras.com\/site\/#website"},"primaryImageOfPage":{"@id":"https:\/\/www.notibras.com\/site\/pgr-envia-ao-supremo-mais-203-denuncias-contra-golpistas\/#primaryimage"},"image":{"@id":"https:\/\/www.notibras.com\/site\/pgr-envia-ao-supremo-mais-203-denuncias-contra-golpistas\/#primaryimage"},"thumbnailUrl":"https:\/\/www.notibras.com\/site\/wp-content\/uploads\/2023\/04\/manifestacao1_mcamgo_abr_080120231818-4.jpg","datePublished":"2023-04-06T03:00:08+00:00","dateModified":"2023-04-06T11:00:18+00:00","breadcrumb":{"@id":"https:\/\/www.notibras.com\/site\/pgr-envia-ao-supremo-mais-203-denuncias-contra-golpistas\/#breadcrumb"},"inLanguage":"pt-BR","potentialAction":[{"@type":"ReadAction","target":["https:\/\/www.notibras.com\/site\/pgr-envia-ao-supremo-mais-203-denuncias-contra-golpistas\/"]}]},{"@type":"ImageObject","inLanguage":"pt-BR","@id":"https:\/\/www.notibras.com\/site\/pgr-envia-ao-supremo-mais-203-denuncias-contra-golpistas\/#primaryimage","url":"https:\/\/www.notibras.com\/site\/wp-content\/uploads\/2023\/04\/manifestacao1_mcamgo_abr_080120231818-4.jpg","contentUrl":"https:\/\/www.notibras.com\/site\/wp-content\/uploads\/2023\/04\/manifestacao1_mcamgo_abr_080120231818-4.jpg","width":1170,"height":700,"caption":"Manifestantes invadem Congresso, STF e Pal\u00e1cio do Planalto."},{"@type":"BreadcrumbList","@id":"https:\/\/www.notibras.com\/site\/pgr-envia-ao-supremo-mais-203-denuncias-contra-golpistas\/#breadcrumb","itemListElement":[{"@type":"ListItem","position":1,"name":"In\u00edcio","item":"https:\/\/www.notibras.com\/site\/"},{"@type":"ListItem","position":2,"name":"PGR envia ao Supremo mais 203 den\u00fancias contra golpistas"}]},{"@type":"WebSite","@id":"https:\/\/www.notibras.com\/site\/#website","url":"https:\/\/www.notibras.com\/site\/","name":"Notibras","description":"Not\u00edcias de Bras\u00edlia, do Brasil e do Mundo","publisher":{"@id":"https:\/\/www.notibras.com\/site\/#organization"},"potentialAction":[{"@type":"SearchAction","target":{"@type":"EntryPoint","urlTemplate":"https:\/\/www.notibras.com\/site\/?s={search_term_string}"},"query-input":{"@type":"PropertyValueSpecification","valueRequired":true,"valueName":"search_term_string"}}],"inLanguage":"pt-BR"},{"@type":"Organization","@id":"https:\/\/www.notibras.com\/site\/#organization","name":"Grupo Notibras de Comunica\u00e7\u00e3o","url":"https:\/\/www.notibras.com\/site\/","logo":{"@type":"ImageObject","inLanguage":"pt-BR","@id":"https:\/\/www.notibras.com\/site\/#\/schema\/logo\/image\/","url":"https:\/\/www.notibras.com\/site\/wp-content\/uploads\/2023\/01\/notibras23.png","contentUrl":"https:\/\/www.notibras.com\/site\/wp-content\/uploads\/2023\/01\/notibras23.png","width":350,"height":87,"caption":"Grupo Notibras de Comunica\u00e7\u00e3o"},"image":{"@id":"https:\/\/www.notibras.com\/site\/#\/schema\/logo\/image\/"},"sameAs":["https:\/\/www.facebook.com\/notibras\/","https:\/\/x.com\/Notibras","https:\/\/www.instagram.com\/notibras\/"]},{"@type":"Person","@id":"https:\/\/www.notibras.com\/site\/#\/schema\/person\/36ab0979449956132d3e5b517ea76ac8","name":"Reda\u00e7\u00e3o","image":{"@type":"ImageObject","inLanguage":"pt-BR","@id":"https:\/\/secure.gravatar.com\/avatar\/e0a867bdedb85fd243eadf09663511f96fc81e0720a4a42581f334ad4303aa6b?s=96&d=mm&r=g","url":"https:\/\/secure.gravatar.com\/avatar\/e0a867bdedb85fd243eadf09663511f96fc81e0720a4a42581f334ad4303aa6b?s=96&d=mm&r=g","contentUrl":"https:\/\/secure.gravatar.com\/avatar\/e0a867bdedb85fd243eadf09663511f96fc81e0720a4a42581f334ad4303aa6b?s=96&d=mm&r=g","caption":"Reda\u00e7\u00e3o"}}]}},"amp_enabled":true,"_links":{"self":[{"href":"https:\/\/www.notibras.com\/site\/wp-json\/wp\/v2\/posts\/302467","targetHints":{"allow":["GET"]}}],"collection":[{"href":"https:\/\/www.notibras.com\/site\/wp-json\/wp\/v2\/posts"}],"about":[{"href":"https:\/\/www.notibras.com\/site\/wp-json\/wp\/v2\/types\/post"}],"author":[{"embeddable":true,"href":"https:\/\/www.notibras.com\/site\/wp-json\/wp\/v2\/users\/2"}],"replies":[{"embeddable":true,"href":"https:\/\/www.notibras.com\/site\/wp-json\/wp\/v2\/comments?post=302467"}],"version-history":[{"count":1,"href":"https:\/\/www.notibras.com\/site\/wp-json\/wp\/v2\/posts\/302467\/revisions"}],"predecessor-version":[{"id":302469,"href":"https:\/\/www.notibras.com\/site\/wp-json\/wp\/v2\/posts\/302467\/revisions\/302469"}],"wp:featuredmedia":[{"embeddable":true,"href":"https:\/\/www.notibras.com\/site\/wp-json\/wp\/v2\/media\/302468"}],"wp:attachment":[{"href":"https:\/\/www.notibras.com\/site\/wp-json\/wp\/v2\/media?parent=302467"}],"wp:term":[{"taxonomy":"category","embeddable":true,"href":"https:\/\/www.notibras.com\/site\/wp-json\/wp\/v2\/categories?post=302467"},{"taxonomy":"post_tag","embeddable":true,"href":"https:\/\/www.notibras.com\/site\/wp-json\/wp\/v2\/tags?post=302467"}],"curies":[{"name":"wp","href":"https:\/\/api.w.org\/{rel}","templated":true}]}}