{"id":302479,"date":"2023-04-06T00:00:02","date_gmt":"2023-04-06T03:00:02","guid":{"rendered":"https:\/\/www.notibras.com\/site\/?p=302479"},"modified":"2023-04-06T08:36:24","modified_gmt":"2023-04-06T11:36:24","slug":"concluida-ampliacao-de-faixa-e-instalacao-de-barreira","status":"publish","type":"post","link":"https:\/\/www.notibras.com\/site\/concluida-ampliacao-de-faixa-e-instalacao-de-barreira\/","title":{"rendered":"Conclu\u00edda amplia\u00e7\u00e3o de faixa e instala\u00e7\u00e3o de barreira"},"content":{"rendered":"<p>O Departamento de Estradas de Rodagem do Distrito Federal (DER-DF) finalizou o servi\u00e7o de aproximadamente um metro de alargamento na \u00e1rea do Itapo\u00e3 Parque na faixa sentido Parano\u00e1.<\/p>\n<p>A obra de expans\u00e3o de faixa complementa a melhoria vi\u00e1ria que foi a instala\u00e7\u00e3o de aproximadamente 600 metros de barreiras de concreto do tipo new jersey, que vai do conjunto habitacional Itapo\u00e3 Parque, na Estrada Parque Contorno (EPCT\/DF-001), at\u00e9 o bal\u00e3o na Rota do Cavalo. No servi\u00e7o, foram utilizadas 119 pe\u00e7as de 4 metros. No trecho, houve ainda a implanta\u00e7\u00e3o de uma ondula\u00e7\u00e3o e de uma al\u00e7a, al\u00e9m da sinaliza\u00e7\u00e3o horizontal e vertical, conclu\u00edda nesta quarta-feira (5).<\/p>\n<p>A sinaliza\u00e7\u00e3o horizontal e vertical no local foi conclu\u00edda nesta quarta-feira (5) | Foto: Divulga\u00e7\u00e3o\/DER-DF<br \/>\nO \u00f3rg\u00e3o resolveu implantar esse muro entre as duas faixas de rolamento para frear o n\u00famero de acidentes que ocorre ali na regi\u00e3o devido \u00e0 imprud\u00eancia de moradores do conjunto habitacional, que para entrar e sair do residencial, cruzavam a rodovia, ignorando a sinaliza\u00e7\u00e3o que indica que \u00e9 proibida a convers\u00e3o por tratar-se de pista simples (m\u00e3o dupla).<\/p>\n<p>Para resolver essa situa\u00e7\u00e3o, as pessoas que sa\u00edrem do Itapo\u00e3 Parque com destino ao Parano\u00e1 devem dirigir at\u00e9 a Rota do Cavalo, fazer a convers\u00e3o e voltar. \u201cCom a finaliza\u00e7\u00e3o dos trabalhos, esperamos que o tr\u00e2nsito tenha sempre seu fluxo normal e sem risco de acidentes, para a seguran\u00e7a de todos que passam por este trecho\u201d, disse o chefe do 2\u00ba Distrito Rodovi\u00e1rio do DER-DF, Geraldo Jacinto.<\/p>\n<p>Moradora do Itapo\u00e3, a balconista de farm\u00e1cia Dionete do Vale, 31 anos, se mostra satisfeita com a realiza\u00e7\u00e3o da melhoria. \u201c\u00c9 uma obra que deixa todos mais seguros. Eu j\u00e1 presenciei motoristas fazendo manobras proibidas, mas com a barreira e com a sinaliza\u00e7\u00e3o essa imprud\u00eancia n\u00e3o ser\u00e1 mais poss\u00edvel\u201d.<\/p>\n<p>Por se tratar de obra direta, com maquin\u00e1rio e recursos do DER, o valor investido est\u00e1 em fase de levantamento.<\/p>\n","protected":false},"excerpt":{"rendered":"<p>O Departamento de Estradas de Rodagem do Distrito Federal (DER-DF) finalizou o servi\u00e7o de aproximadamente um metro de alargamento na \u00e1rea do Itapo\u00e3 Parque na faixa sentido Parano\u00e1. A obra de expans\u00e3o de faixa complementa a melhoria vi\u00e1ria que foi a instala\u00e7\u00e3o de aproximadamente 600 metros de barreiras de concreto do tipo new jersey, que [&hellip;]<\/p>\n","protected":false},"author":2,"featured_media":302480,"comment_status":"closed","ping_status":"closed","sticky":false,"template":"","format":"standard","meta":{"_acf_changed":false,"footnotes":""},"categories":[161],"tags":[],"class_list":["post-302479","post","type-post","status-publish","format-standard","has-post-thumbnail","hentry","category-quadradinho-em-foco"],"acf":[],"yoast_head":"<!-- This site is optimized with the Yoast SEO plugin v27.2 - https:\/\/yoast.com\/product\/yoast-seo-wordpress\/ -->\n<title>Conclu\u00edda amplia\u00e7\u00e3o de faixa e instala\u00e7\u00e3o de barreira - Notibras<\/title>\n<meta name=\"robots\" content=\"index, follow, max-snippet:-1, max-image-preview:large, max-video-preview:-1\" \/>\n<link rel=\"canonical\" href=\"https:\/\/www.notibras.com\/site\/concluida-ampliacao-de-faixa-e-instalacao-de-barreira\/\" \/>\n<meta property=\"og:locale\" content=\"pt_BR\" \/>\n<meta property=\"og:type\" content=\"article\" \/>\n<meta property=\"og:title\" content=\"Conclu\u00edda amplia\u00e7\u00e3o de faixa e instala\u00e7\u00e3o de barreira - Notibras\" \/>\n<meta property=\"og:description\" content=\"O Departamento de Estradas de Rodagem do Distrito Federal (DER-DF) finalizou o servi\u00e7o de aproximadamente um metro de alargamento na \u00e1rea do Itapo\u00e3 Parque na faixa sentido Parano\u00e1. A obra de expans\u00e3o de faixa complementa a melhoria vi\u00e1ria que foi a instala\u00e7\u00e3o de aproximadamente 600 metros de barreiras de concreto do tipo new jersey, que [&hellip;]\" \/>\n<meta property=\"og:url\" content=\"https:\/\/www.notibras.com\/site\/concluida-ampliacao-de-faixa-e-instalacao-de-barreira\/\" \/>\n<meta property=\"og:site_name\" content=\"Notibras\" \/>\n<meta property=\"article:publisher\" content=\"https:\/\/www.facebook.com\/notibras\/\" \/>\n<meta property=\"article:published_time\" content=\"2023-04-06T03:00:02+00:00\" \/>\n<meta property=\"article:modified_time\" content=\"2023-04-06T11:36:24+00:00\" \/>\n<meta property=\"og:image\" content=\"https:\/\/www.notibras.com\/site\/wp-content\/uploads\/2023\/04\/2ITAPOA-1536x864-1.jpg\" \/>\n\t<meta property=\"og:image:width\" content=\"1536\" \/>\n\t<meta property=\"og:image:height\" content=\"864\" \/>\n\t<meta property=\"og:image:type\" content=\"image\/jpeg\" \/>\n<meta name=\"author\" content=\"Reda\u00e7\u00e3o\" \/>\n<meta name=\"twitter:card\" content=\"summary_large_image\" \/>\n<meta name=\"twitter:creator\" content=\"@Notibras\" \/>\n<meta name=\"twitter:site\" content=\"@Notibras\" \/>\n<meta name=\"twitter:label1\" content=\"Escrito por\" \/>\n\t<meta name=\"twitter:data1\" content=\"Reda\u00e7\u00e3o\" \/>\n\t<meta name=\"twitter:label2\" content=\"Est. tempo de leitura\" \/>\n\t<meta name=\"twitter:data2\" content=\"2 minutos\" \/>\n<script type=\"application\/ld+json\" class=\"yoast-schema-graph\">{\"@context\":\"https:\/\/schema.org\",\"@graph\":[{\"@type\":\"Article\",\"@id\":\"https:\/\/www.notibras.com\/site\/concluida-ampliacao-de-faixa-e-instalacao-de-barreira\/#article\",\"isPartOf\":{\"@id\":\"https:\/\/www.notibras.com\/site\/concluida-ampliacao-de-faixa-e-instalacao-de-barreira\/\"},\"author\":{\"name\":\"Reda\u00e7\u00e3o\",\"@id\":\"https:\/\/www.notibras.com\/site\/#\/schema\/person\/36ab0979449956132d3e5b517ea76ac8\"},\"headline\":\"Conclu\u00edda amplia\u00e7\u00e3o de faixa e instala\u00e7\u00e3o de barreira\",\"datePublished\":\"2023-04-06T03:00:02+00:00\",\"dateModified\":\"2023-04-06T11:36:24+00:00\",\"mainEntityOfPage\":{\"@id\":\"https:\/\/www.notibras.com\/site\/concluida-ampliacao-de-faixa-e-instalacao-de-barreira\/\"},\"wordCount\":353,\"publisher\":{\"@id\":\"https:\/\/www.notibras.com\/site\/#organization\"},\"image\":{\"@id\":\"https:\/\/www.notibras.com\/site\/concluida-ampliacao-de-faixa-e-instalacao-de-barreira\/#primaryimage\"},\"thumbnailUrl\":\"https:\/\/www.notibras.com\/site\/wp-content\/uploads\/2023\/04\/2ITAPOA-1536x864-1.jpg\",\"articleSection\":[\"Quadradinho em Foco\"],\"inLanguage\":\"pt-BR\"},{\"@type\":\"WebPage\",\"@id\":\"https:\/\/www.notibras.com\/site\/concluida-ampliacao-de-faixa-e-instalacao-de-barreira\/\",\"url\":\"https:\/\/www.notibras.com\/site\/concluida-ampliacao-de-faixa-e-instalacao-de-barreira\/\",\"name\":\"Conclu\u00edda amplia\u00e7\u00e3o de faixa e instala\u00e7\u00e3o de barreira - Notibras\",\"isPartOf\":{\"@id\":\"https:\/\/www.notibras.com\/site\/#website\"},\"primaryImageOfPage\":{\"@id\":\"https:\/\/www.notibras.com\/site\/concluida-ampliacao-de-faixa-e-instalacao-de-barreira\/#primaryimage\"},\"image\":{\"@id\":\"https:\/\/www.notibras.com\/site\/concluida-ampliacao-de-faixa-e-instalacao-de-barreira\/#primaryimage\"},\"thumbnailUrl\":\"https:\/\/www.notibras.com\/site\/wp-content\/uploads\/2023\/04\/2ITAPOA-1536x864-1.jpg\",\"datePublished\":\"2023-04-06T03:00:02+00:00\",\"dateModified\":\"2023-04-06T11:36:24+00:00\",\"breadcrumb\":{\"@id\":\"https:\/\/www.notibras.com\/site\/concluida-ampliacao-de-faixa-e-instalacao-de-barreira\/#breadcrumb\"},\"inLanguage\":\"pt-BR\",\"potentialAction\":[{\"@type\":\"ReadAction\",\"target\":[\"https:\/\/www.notibras.com\/site\/concluida-ampliacao-de-faixa-e-instalacao-de-barreira\/\"]}]},{\"@type\":\"ImageObject\",\"inLanguage\":\"pt-BR\",\"@id\":\"https:\/\/www.notibras.com\/site\/concluida-ampliacao-de-faixa-e-instalacao-de-barreira\/#primaryimage\",\"url\":\"https:\/\/www.notibras.com\/site\/wp-content\/uploads\/2023\/04\/2ITAPOA-1536x864-1.jpg\",\"contentUrl\":\"https:\/\/www.notibras.com\/site\/wp-content\/uploads\/2023\/04\/2ITAPOA-1536x864-1.jpg\",\"width\":1536,\"height\":864},{\"@type\":\"BreadcrumbList\",\"@id\":\"https:\/\/www.notibras.com\/site\/concluida-ampliacao-de-faixa-e-instalacao-de-barreira\/#breadcrumb\",\"itemListElement\":[{\"@type\":\"ListItem\",\"position\":1,\"name\":\"In\u00edcio\",\"item\":\"https:\/\/www.notibras.com\/site\/\"},{\"@type\":\"ListItem\",\"position\":2,\"name\":\"Conclu\u00edda amplia\u00e7\u00e3o de faixa e instala\u00e7\u00e3o de barreira\"}]},{\"@type\":\"WebSite\",\"@id\":\"https:\/\/www.notibras.com\/site\/#website\",\"url\":\"https:\/\/www.notibras.com\/site\/\",\"name\":\"Notibras\",\"description\":\"Not\u00edcias de Bras\u00edlia, do Brasil e do Mundo\",\"publisher\":{\"@id\":\"https:\/\/www.notibras.com\/site\/#organization\"},\"potentialAction\":[{\"@type\":\"SearchAction\",\"target\":{\"@type\":\"EntryPoint\",\"urlTemplate\":\"https:\/\/www.notibras.com\/site\/?s={search_term_string}\"},\"query-input\":{\"@type\":\"PropertyValueSpecification\",\"valueRequired\":true,\"valueName\":\"search_term_string\"}}],\"inLanguage\":\"pt-BR\"},{\"@type\":\"Organization\",\"@id\":\"https:\/\/www.notibras.com\/site\/#organization\",\"name\":\"Grupo Notibras de Comunica\u00e7\u00e3o\",\"url\":\"https:\/\/www.notibras.com\/site\/\",\"logo\":{\"@type\":\"ImageObject\",\"inLanguage\":\"pt-BR\",\"@id\":\"https:\/\/www.notibras.com\/site\/#\/schema\/logo\/image\/\",\"url\":\"https:\/\/www.notibras.com\/site\/wp-content\/uploads\/2023\/01\/notibras23.png\",\"contentUrl\":\"https:\/\/www.notibras.com\/site\/wp-content\/uploads\/2023\/01\/notibras23.png\",\"width\":350,\"height\":87,\"caption\":\"Grupo Notibras de Comunica\u00e7\u00e3o\"},\"image\":{\"@id\":\"https:\/\/www.notibras.com\/site\/#\/schema\/logo\/image\/\"},\"sameAs\":[\"https:\/\/www.facebook.com\/notibras\/\",\"https:\/\/x.com\/Notibras\",\"https:\/\/www.instagram.com\/notibras\/\"]},{\"@type\":\"Person\",\"@id\":\"https:\/\/www.notibras.com\/site\/#\/schema\/person\/36ab0979449956132d3e5b517ea76ac8\",\"name\":\"Reda\u00e7\u00e3o\",\"image\":{\"@type\":\"ImageObject\",\"inLanguage\":\"pt-BR\",\"@id\":\"https:\/\/secure.gravatar.com\/avatar\/e0a867bdedb85fd243eadf09663511f96fc81e0720a4a42581f334ad4303aa6b?s=96&d=mm&r=g\",\"url\":\"https:\/\/secure.gravatar.com\/avatar\/e0a867bdedb85fd243eadf09663511f96fc81e0720a4a42581f334ad4303aa6b?s=96&d=mm&r=g\",\"contentUrl\":\"https:\/\/secure.gravatar.com\/avatar\/e0a867bdedb85fd243eadf09663511f96fc81e0720a4a42581f334ad4303aa6b?s=96&d=mm&r=g\",\"caption\":\"Reda\u00e7\u00e3o\"}}]}<\/script>\n<!-- \/ Yoast SEO plugin. -->","yoast_head_json":{"title":"Conclu\u00edda amplia\u00e7\u00e3o de faixa e instala\u00e7\u00e3o de barreira - Notibras","robots":{"index":"index","follow":"follow","max-snippet":"max-snippet:-1","max-image-preview":"max-image-preview:large","max-video-preview":"max-video-preview:-1"},"canonical":"https:\/\/www.notibras.com\/site\/concluida-ampliacao-de-faixa-e-instalacao-de-barreira\/","og_locale":"pt_BR","og_type":"article","og_title":"Conclu\u00edda amplia\u00e7\u00e3o de faixa e instala\u00e7\u00e3o de barreira - Notibras","og_description":"O Departamento de Estradas de Rodagem do Distrito Federal (DER-DF) finalizou o servi\u00e7o de aproximadamente um metro de alargamento na \u00e1rea do Itapo\u00e3 Parque na faixa sentido Parano\u00e1. A obra de expans\u00e3o de faixa complementa a melhoria vi\u00e1ria que foi a instala\u00e7\u00e3o de aproximadamente 600 metros de barreiras de concreto do tipo new jersey, que [&hellip;]","og_url":"https:\/\/www.notibras.com\/site\/concluida-ampliacao-de-faixa-e-instalacao-de-barreira\/","og_site_name":"Notibras","article_publisher":"https:\/\/www.facebook.com\/notibras\/","article_published_time":"2023-04-06T03:00:02+00:00","article_modified_time":"2023-04-06T11:36:24+00:00","og_image":[{"width":1536,"height":864,"url":"https:\/\/www.notibras.com\/site\/wp-content\/uploads\/2023\/04\/2ITAPOA-1536x864-1.jpg","type":"image\/jpeg"}],"author":"Reda\u00e7\u00e3o","twitter_card":"summary_large_image","twitter_creator":"@Notibras","twitter_site":"@Notibras","twitter_misc":{"Escrito por":"Reda\u00e7\u00e3o","Est. tempo de leitura":"2 minutos"},"schema":{"@context":"https:\/\/schema.org","@graph":[{"@type":"Article","@id":"https:\/\/www.notibras.com\/site\/concluida-ampliacao-de-faixa-e-instalacao-de-barreira\/#article","isPartOf":{"@id":"https:\/\/www.notibras.com\/site\/concluida-ampliacao-de-faixa-e-instalacao-de-barreira\/"},"author":{"name":"Reda\u00e7\u00e3o","@id":"https:\/\/www.notibras.com\/site\/#\/schema\/person\/36ab0979449956132d3e5b517ea76ac8"},"headline":"Conclu\u00edda amplia\u00e7\u00e3o de faixa e instala\u00e7\u00e3o de barreira","datePublished":"2023-04-06T03:00:02+00:00","dateModified":"2023-04-06T11:36:24+00:00","mainEntityOfPage":{"@id":"https:\/\/www.notibras.com\/site\/concluida-ampliacao-de-faixa-e-instalacao-de-barreira\/"},"wordCount":353,"publisher":{"@id":"https:\/\/www.notibras.com\/site\/#organization"},"image":{"@id":"https:\/\/www.notibras.com\/site\/concluida-ampliacao-de-faixa-e-instalacao-de-barreira\/#primaryimage"},"thumbnailUrl":"https:\/\/www.notibras.com\/site\/wp-content\/uploads\/2023\/04\/2ITAPOA-1536x864-1.jpg","articleSection":["Quadradinho em Foco"],"inLanguage":"pt-BR"},{"@type":"WebPage","@id":"https:\/\/www.notibras.com\/site\/concluida-ampliacao-de-faixa-e-instalacao-de-barreira\/","url":"https:\/\/www.notibras.com\/site\/concluida-ampliacao-de-faixa-e-instalacao-de-barreira\/","name":"Conclu\u00edda amplia\u00e7\u00e3o de faixa e instala\u00e7\u00e3o de barreira - Notibras","isPartOf":{"@id":"https:\/\/www.notibras.com\/site\/#website"},"primaryImageOfPage":{"@id":"https:\/\/www.notibras.com\/site\/concluida-ampliacao-de-faixa-e-instalacao-de-barreira\/#primaryimage"},"image":{"@id":"https:\/\/www.notibras.com\/site\/concluida-ampliacao-de-faixa-e-instalacao-de-barreira\/#primaryimage"},"thumbnailUrl":"https:\/\/www.notibras.com\/site\/wp-content\/uploads\/2023\/04\/2ITAPOA-1536x864-1.jpg","datePublished":"2023-04-06T03:00:02+00:00","dateModified":"2023-04-06T11:36:24+00:00","breadcrumb":{"@id":"https:\/\/www.notibras.com\/site\/concluida-ampliacao-de-faixa-e-instalacao-de-barreira\/#breadcrumb"},"inLanguage":"pt-BR","potentialAction":[{"@type":"ReadAction","target":["https:\/\/www.notibras.com\/site\/concluida-ampliacao-de-faixa-e-instalacao-de-barreira\/"]}]},{"@type":"ImageObject","inLanguage":"pt-BR","@id":"https:\/\/www.notibras.com\/site\/concluida-ampliacao-de-faixa-e-instalacao-de-barreira\/#primaryimage","url":"https:\/\/www.notibras.com\/site\/wp-content\/uploads\/2023\/04\/2ITAPOA-1536x864-1.jpg","contentUrl":"https:\/\/www.notibras.com\/site\/wp-content\/uploads\/2023\/04\/2ITAPOA-1536x864-1.jpg","width":1536,"height":864},{"@type":"BreadcrumbList","@id":"https:\/\/www.notibras.com\/site\/concluida-ampliacao-de-faixa-e-instalacao-de-barreira\/#breadcrumb","itemListElement":[{"@type":"ListItem","position":1,"name":"In\u00edcio","item":"https:\/\/www.notibras.com\/site\/"},{"@type":"ListItem","position":2,"name":"Conclu\u00edda amplia\u00e7\u00e3o de faixa e instala\u00e7\u00e3o de barreira"}]},{"@type":"WebSite","@id":"https:\/\/www.notibras.com\/site\/#website","url":"https:\/\/www.notibras.com\/site\/","name":"Notibras","description":"Not\u00edcias de Bras\u00edlia, do Brasil e do Mundo","publisher":{"@id":"https:\/\/www.notibras.com\/site\/#organization"},"potentialAction":[{"@type":"SearchAction","target":{"@type":"EntryPoint","urlTemplate":"https:\/\/www.notibras.com\/site\/?s={search_term_string}"},"query-input":{"@type":"PropertyValueSpecification","valueRequired":true,"valueName":"search_term_string"}}],"inLanguage":"pt-BR"},{"@type":"Organization","@id":"https:\/\/www.notibras.com\/site\/#organization","name":"Grupo Notibras de Comunica\u00e7\u00e3o","url":"https:\/\/www.notibras.com\/site\/","logo":{"@type":"ImageObject","inLanguage":"pt-BR","@id":"https:\/\/www.notibras.com\/site\/#\/schema\/logo\/image\/","url":"https:\/\/www.notibras.com\/site\/wp-content\/uploads\/2023\/01\/notibras23.png","contentUrl":"https:\/\/www.notibras.com\/site\/wp-content\/uploads\/2023\/01\/notibras23.png","width":350,"height":87,"caption":"Grupo Notibras de Comunica\u00e7\u00e3o"},"image":{"@id":"https:\/\/www.notibras.com\/site\/#\/schema\/logo\/image\/"},"sameAs":["https:\/\/www.facebook.com\/notibras\/","https:\/\/x.com\/Notibras","https:\/\/www.instagram.com\/notibras\/"]},{"@type":"Person","@id":"https:\/\/www.notibras.com\/site\/#\/schema\/person\/36ab0979449956132d3e5b517ea76ac8","name":"Reda\u00e7\u00e3o","image":{"@type":"ImageObject","inLanguage":"pt-BR","@id":"https:\/\/secure.gravatar.com\/avatar\/e0a867bdedb85fd243eadf09663511f96fc81e0720a4a42581f334ad4303aa6b?s=96&d=mm&r=g","url":"https:\/\/secure.gravatar.com\/avatar\/e0a867bdedb85fd243eadf09663511f96fc81e0720a4a42581f334ad4303aa6b?s=96&d=mm&r=g","contentUrl":"https:\/\/secure.gravatar.com\/avatar\/e0a867bdedb85fd243eadf09663511f96fc81e0720a4a42581f334ad4303aa6b?s=96&d=mm&r=g","caption":"Reda\u00e7\u00e3o"}}]}},"amp_enabled":true,"_links":{"self":[{"href":"https:\/\/www.notibras.com\/site\/wp-json\/wp\/v2\/posts\/302479","targetHints":{"allow":["GET"]}}],"collection":[{"href":"https:\/\/www.notibras.com\/site\/wp-json\/wp\/v2\/posts"}],"about":[{"href":"https:\/\/www.notibras.com\/site\/wp-json\/wp\/v2\/types\/post"}],"author":[{"embeddable":true,"href":"https:\/\/www.notibras.com\/site\/wp-json\/wp\/v2\/users\/2"}],"replies":[{"embeddable":true,"href":"https:\/\/www.notibras.com\/site\/wp-json\/wp\/v2\/comments?post=302479"}],"version-history":[{"count":1,"href":"https:\/\/www.notibras.com\/site\/wp-json\/wp\/v2\/posts\/302479\/revisions"}],"predecessor-version":[{"id":302481,"href":"https:\/\/www.notibras.com\/site\/wp-json\/wp\/v2\/posts\/302479\/revisions\/302481"}],"wp:featuredmedia":[{"embeddable":true,"href":"https:\/\/www.notibras.com\/site\/wp-json\/wp\/v2\/media\/302480"}],"wp:attachment":[{"href":"https:\/\/www.notibras.com\/site\/wp-json\/wp\/v2\/media?parent=302479"}],"wp:term":[{"taxonomy":"category","embeddable":true,"href":"https:\/\/www.notibras.com\/site\/wp-json\/wp\/v2\/categories?post=302479"},{"taxonomy":"post_tag","embeddable":true,"href":"https:\/\/www.notibras.com\/site\/wp-json\/wp\/v2\/tags?post=302479"}],"curies":[{"name":"wp","href":"https:\/\/api.w.org\/{rel}","templated":true}]}}