{"id":302485,"date":"2023-04-06T00:00:11","date_gmt":"2023-04-06T03:00:11","guid":{"rendered":"https:\/\/www.notibras.com\/site\/?p=302485"},"modified":"2023-04-06T08:50:33","modified_gmt":"2023-04-06T11:50:33","slug":"slu-vai-fechar-unidade-de-recebimento-de-entulho-e-recuperar-area","status":"publish","type":"post","link":"https:\/\/www.notibras.com\/site\/slu-vai-fechar-unidade-de-recebimento-de-entulho-e-recuperar-area\/","title":{"rendered":"SLU vai fechar Unidade de Recebimento de Entulho e recuperar \u00e1rea"},"content":{"rendered":"<p>O Servi\u00e7o de Limpeza Urbana (SLU) j\u00e1 trabalha para encerrar as opera\u00e7\u00f5es da atual Unidade de Recebimento de Entulho (URE).Foi publicado, no Di\u00e1rio Oficial do Distrito Federal (DODF), decreto do GDF que institui grupo de trabalho e estabelece regime de urg\u00eancia nos processos relacionados ao encerramento das atividades no local.<\/p>\n<p>Atualmente, a URE opera na \u00e1rea do antigo Lix\u00e3o da Estrutural. O local de descarte irregular de res\u00edduos existiu por mais de 50 anos e foi fechado pelo SLU em 2018. Na \u00e9poca, tratava-se do segundo maior dep\u00f3sito de lixo a c\u00e9u aberto do mundo. De l\u00e1 para c\u00e1, apenas res\u00edduos da constru\u00e7\u00e3o civil s\u00e3o recebidos na \u00e1rea rebatizada de Unidade de Recebimento de Entulho.<\/p>\n<p>\u201cPor ter sido utilizada por tantos anos como dep\u00f3sito irregular de lixo, a \u00e1rea da atual URE precisa ser recuperada ambientalmente, e essa \u00e9 uma das prioridades do Governo do Distrito Federal e do SLU\u201d, explica o diretor-presidente do SLU, Silvio Vieira.<\/p>\n<p>No primeiro semestre deste ano, o SLU deve finalizar tratativas para contratar empresa especializada na elabora\u00e7\u00e3o dos estudos de gerenciamento de \u00e1reas contaminadas (GAC) da URE. Exigida por \u00f3rg\u00e3os ambientais, a documenta\u00e7\u00e3o vai complementar os estudos j\u00e1 feitos pela Secretaria de Meio Ambiente (Sema) e permitir\u00e1 a elabora\u00e7\u00e3o de um plano de execu\u00e7\u00e3o para recuperar a \u00e1rea.<\/p>\n<p>A URE conta com o apoio de empresa especializada que promove estudos de monitoramento, al\u00e9m de manuten\u00e7\u00e3o e preven\u00e7\u00e3o de riscos do local. Tamb\u00e9m atua na \u00e1rea o corpo t\u00e9cnico do SLU, formado por engenheiros civis, ambientais e do trabalho, al\u00e9m de bi\u00f3logos.<\/p>\n<p>Estudos do SLU preveem a vida \u00fatil remanescente da unidade em cinco anos, contados a partir de abril de 2022. Enquanto a URE segue em funcionamento dentro dessa perspectiva, tramita no SLU licita\u00e7\u00e3o para empreender estudos de novas \u00e1reas para receber res\u00edduos da constru\u00e7\u00e3o civil (RCC). Ap\u00f3s esse contrato, ser\u00e1 dado sinal verde para implanta\u00e7\u00e3o, opera\u00e7\u00e3o e manuten\u00e7\u00e3o de nova \u00e1rea para recebimento de RCC.<\/p>\n<p>Como parte da recupera\u00e7\u00e3o da \u00e1rea do antigo lix\u00e3o, o SLU iniciou o Preg\u00e3o Eletr\u00f4nico n\u00ba 3, em mar\u00e7o de 2023, para contratar empresa especializada em executar servi\u00e7os de capta\u00e7\u00e3o de chorume da URE, transporte e descarte do l\u00edquido em lagoa de acumula\u00e7\u00e3o do Aterro Sanit\u00e1rio de Bras\u00edlia (ASB).<\/p>\n<p>A licita\u00e7\u00e3o est\u00e1 com edital publicado. Propostas das empresas j\u00e1 foram recebidas e a expectativa \u00e9 de que a escolha da contratada ocorra no m\u00eas de abril. \u201cHoje, o res\u00edduo depositado aqui na URE n\u00f3s chamamos de inerte, que n\u00e3o gera g\u00e1s nem chorume. Por\u00e9m, estamos finalizando uma fase interna de licita\u00e7\u00e3o e, provavelmente no primeiro semestre deste ano, j\u00e1 estaremos transportando e tratando pela primeira vez esse chorume do antigo lix\u00e3o\u201d, explica a chefe da Unidade de Medi\u00e7\u00e3o e Monitoramento (Umemo) do SLU, Andr\u00e9a Almeida.<\/p>\n","protected":false},"excerpt":{"rendered":"<p>O Servi\u00e7o de Limpeza Urbana (SLU) j\u00e1 trabalha para encerrar as opera\u00e7\u00f5es da atual Unidade de Recebimento de Entulho (URE).Foi publicado, no Di\u00e1rio Oficial do Distrito Federal (DODF), decreto do GDF que institui grupo de trabalho e estabelece regime de urg\u00eancia nos processos relacionados ao encerramento das atividades no local. Atualmente, a URE opera na [&hellip;]<\/p>\n","protected":false},"author":2,"featured_media":302486,"comment_status":"closed","ping_status":"closed","sticky":false,"template":"","format":"standard","meta":{"_acf_changed":false,"footnotes":""},"categories":[161],"tags":[],"class_list":["post-302485","post","type-post","status-publish","format-standard","has-post-thumbnail","hentry","category-quadradinho-em-foco"],"acf":[],"yoast_head":"<!-- This site is optimized with the Yoast SEO plugin v27.2 - https:\/\/yoast.com\/product\/yoast-seo-wordpress\/ -->\n<title>SLU vai fechar Unidade de Recebimento de Entulho e recuperar \u00e1rea - Notibras<\/title>\n<meta name=\"robots\" content=\"index, follow, max-snippet:-1, max-image-preview:large, max-video-preview:-1\" \/>\n<link rel=\"canonical\" href=\"https:\/\/www.notibras.com\/site\/slu-vai-fechar-unidade-de-recebimento-de-entulho-e-recuperar-area\/\" \/>\n<meta property=\"og:locale\" content=\"pt_BR\" \/>\n<meta property=\"og:type\" content=\"article\" \/>\n<meta property=\"og:title\" content=\"SLU vai fechar Unidade de Recebimento de Entulho e recuperar \u00e1rea - Notibras\" \/>\n<meta property=\"og:description\" content=\"O Servi\u00e7o de Limpeza Urbana (SLU) j\u00e1 trabalha para encerrar as opera\u00e7\u00f5es da atual Unidade de Recebimento de Entulho (URE).Foi publicado, no Di\u00e1rio Oficial do Distrito Federal (DODF), decreto do GDF que institui grupo de trabalho e estabelece regime de urg\u00eancia nos processos relacionados ao encerramento das atividades no local. Atualmente, a URE opera na [&hellip;]\" \/>\n<meta property=\"og:url\" content=\"https:\/\/www.notibras.com\/site\/slu-vai-fechar-unidade-de-recebimento-de-entulho-e-recuperar-area\/\" \/>\n<meta property=\"og:site_name\" content=\"Notibras\" \/>\n<meta property=\"article:publisher\" content=\"https:\/\/www.facebook.com\/notibras\/\" \/>\n<meta property=\"article:published_time\" content=\"2023-04-06T03:00:11+00:00\" \/>\n<meta property=\"article:modified_time\" content=\"2023-04-06T11:50:33+00:00\" \/>\n<meta property=\"og:image\" content=\"https:\/\/www.notibras.com\/site\/wp-content\/uploads\/2023\/04\/DSC_9239-1536x1024-1.jpg\" \/>\n\t<meta property=\"og:image:width\" content=\"1536\" \/>\n\t<meta property=\"og:image:height\" content=\"1024\" \/>\n\t<meta property=\"og:image:type\" content=\"image\/jpeg\" \/>\n<meta name=\"author\" content=\"Reda\u00e7\u00e3o\" \/>\n<meta name=\"twitter:card\" content=\"summary_large_image\" \/>\n<meta name=\"twitter:creator\" content=\"@Notibras\" \/>\n<meta name=\"twitter:site\" content=\"@Notibras\" \/>\n<meta name=\"twitter:label1\" content=\"Escrito por\" \/>\n\t<meta name=\"twitter:data1\" content=\"Reda\u00e7\u00e3o\" \/>\n\t<meta name=\"twitter:label2\" content=\"Est. tempo de leitura\" \/>\n\t<meta name=\"twitter:data2\" content=\"3 minutos\" \/>\n<script type=\"application\/ld+json\" class=\"yoast-schema-graph\">{\"@context\":\"https:\/\/schema.org\",\"@graph\":[{\"@type\":\"Article\",\"@id\":\"https:\/\/www.notibras.com\/site\/slu-vai-fechar-unidade-de-recebimento-de-entulho-e-recuperar-area\/#article\",\"isPartOf\":{\"@id\":\"https:\/\/www.notibras.com\/site\/slu-vai-fechar-unidade-de-recebimento-de-entulho-e-recuperar-area\/\"},\"author\":{\"name\":\"Reda\u00e7\u00e3o\",\"@id\":\"https:\/\/www.notibras.com\/site\/#\/schema\/person\/36ab0979449956132d3e5b517ea76ac8\"},\"headline\":\"SLU vai fechar Unidade de Recebimento de Entulho e recuperar \u00e1rea\",\"datePublished\":\"2023-04-06T03:00:11+00:00\",\"dateModified\":\"2023-04-06T11:50:33+00:00\",\"mainEntityOfPage\":{\"@id\":\"https:\/\/www.notibras.com\/site\/slu-vai-fechar-unidade-de-recebimento-de-entulho-e-recuperar-area\/\"},\"wordCount\":515,\"publisher\":{\"@id\":\"https:\/\/www.notibras.com\/site\/#organization\"},\"image\":{\"@id\":\"https:\/\/www.notibras.com\/site\/slu-vai-fechar-unidade-de-recebimento-de-entulho-e-recuperar-area\/#primaryimage\"},\"thumbnailUrl\":\"https:\/\/www.notibras.com\/site\/wp-content\/uploads\/2023\/04\/DSC_9239-1536x1024-1.jpg\",\"articleSection\":[\"Quadradinho em Foco\"],\"inLanguage\":\"pt-BR\"},{\"@type\":\"WebPage\",\"@id\":\"https:\/\/www.notibras.com\/site\/slu-vai-fechar-unidade-de-recebimento-de-entulho-e-recuperar-area\/\",\"url\":\"https:\/\/www.notibras.com\/site\/slu-vai-fechar-unidade-de-recebimento-de-entulho-e-recuperar-area\/\",\"name\":\"SLU vai fechar Unidade de Recebimento de Entulho e recuperar \u00e1rea - Notibras\",\"isPartOf\":{\"@id\":\"https:\/\/www.notibras.com\/site\/#website\"},\"primaryImageOfPage\":{\"@id\":\"https:\/\/www.notibras.com\/site\/slu-vai-fechar-unidade-de-recebimento-de-entulho-e-recuperar-area\/#primaryimage\"},\"image\":{\"@id\":\"https:\/\/www.notibras.com\/site\/slu-vai-fechar-unidade-de-recebimento-de-entulho-e-recuperar-area\/#primaryimage\"},\"thumbnailUrl\":\"https:\/\/www.notibras.com\/site\/wp-content\/uploads\/2023\/04\/DSC_9239-1536x1024-1.jpg\",\"datePublished\":\"2023-04-06T03:00:11+00:00\",\"dateModified\":\"2023-04-06T11:50:33+00:00\",\"breadcrumb\":{\"@id\":\"https:\/\/www.notibras.com\/site\/slu-vai-fechar-unidade-de-recebimento-de-entulho-e-recuperar-area\/#breadcrumb\"},\"inLanguage\":\"pt-BR\",\"potentialAction\":[{\"@type\":\"ReadAction\",\"target\":[\"https:\/\/www.notibras.com\/site\/slu-vai-fechar-unidade-de-recebimento-de-entulho-e-recuperar-area\/\"]}]},{\"@type\":\"ImageObject\",\"inLanguage\":\"pt-BR\",\"@id\":\"https:\/\/www.notibras.com\/site\/slu-vai-fechar-unidade-de-recebimento-de-entulho-e-recuperar-area\/#primaryimage\",\"url\":\"https:\/\/www.notibras.com\/site\/wp-content\/uploads\/2023\/04\/DSC_9239-1536x1024-1.jpg\",\"contentUrl\":\"https:\/\/www.notibras.com\/site\/wp-content\/uploads\/2023\/04\/DSC_9239-1536x1024-1.jpg\",\"width\":1536,\"height\":1024},{\"@type\":\"BreadcrumbList\",\"@id\":\"https:\/\/www.notibras.com\/site\/slu-vai-fechar-unidade-de-recebimento-de-entulho-e-recuperar-area\/#breadcrumb\",\"itemListElement\":[{\"@type\":\"ListItem\",\"position\":1,\"name\":\"In\u00edcio\",\"item\":\"https:\/\/www.notibras.com\/site\/\"},{\"@type\":\"ListItem\",\"position\":2,\"name\":\"SLU vai fechar Unidade de Recebimento de Entulho e recuperar \u00e1rea\"}]},{\"@type\":\"WebSite\",\"@id\":\"https:\/\/www.notibras.com\/site\/#website\",\"url\":\"https:\/\/www.notibras.com\/site\/\",\"name\":\"Notibras\",\"description\":\"Not\u00edcias de Bras\u00edlia, do Brasil e do Mundo\",\"publisher\":{\"@id\":\"https:\/\/www.notibras.com\/site\/#organization\"},\"potentialAction\":[{\"@type\":\"SearchAction\",\"target\":{\"@type\":\"EntryPoint\",\"urlTemplate\":\"https:\/\/www.notibras.com\/site\/?s={search_term_string}\"},\"query-input\":{\"@type\":\"PropertyValueSpecification\",\"valueRequired\":true,\"valueName\":\"search_term_string\"}}],\"inLanguage\":\"pt-BR\"},{\"@type\":\"Organization\",\"@id\":\"https:\/\/www.notibras.com\/site\/#organization\",\"name\":\"Grupo Notibras de Comunica\u00e7\u00e3o\",\"url\":\"https:\/\/www.notibras.com\/site\/\",\"logo\":{\"@type\":\"ImageObject\",\"inLanguage\":\"pt-BR\",\"@id\":\"https:\/\/www.notibras.com\/site\/#\/schema\/logo\/image\/\",\"url\":\"https:\/\/www.notibras.com\/site\/wp-content\/uploads\/2023\/01\/notibras23.png\",\"contentUrl\":\"https:\/\/www.notibras.com\/site\/wp-content\/uploads\/2023\/01\/notibras23.png\",\"width\":350,\"height\":87,\"caption\":\"Grupo Notibras de Comunica\u00e7\u00e3o\"},\"image\":{\"@id\":\"https:\/\/www.notibras.com\/site\/#\/schema\/logo\/image\/\"},\"sameAs\":[\"https:\/\/www.facebook.com\/notibras\/\",\"https:\/\/x.com\/Notibras\",\"https:\/\/www.instagram.com\/notibras\/\"]},{\"@type\":\"Person\",\"@id\":\"https:\/\/www.notibras.com\/site\/#\/schema\/person\/36ab0979449956132d3e5b517ea76ac8\",\"name\":\"Reda\u00e7\u00e3o\",\"image\":{\"@type\":\"ImageObject\",\"inLanguage\":\"pt-BR\",\"@id\":\"https:\/\/secure.gravatar.com\/avatar\/e0a867bdedb85fd243eadf09663511f96fc81e0720a4a42581f334ad4303aa6b?s=96&d=mm&r=g\",\"url\":\"https:\/\/secure.gravatar.com\/avatar\/e0a867bdedb85fd243eadf09663511f96fc81e0720a4a42581f334ad4303aa6b?s=96&d=mm&r=g\",\"contentUrl\":\"https:\/\/secure.gravatar.com\/avatar\/e0a867bdedb85fd243eadf09663511f96fc81e0720a4a42581f334ad4303aa6b?s=96&d=mm&r=g\",\"caption\":\"Reda\u00e7\u00e3o\"}}]}<\/script>\n<!-- \/ Yoast SEO plugin. -->","yoast_head_json":{"title":"SLU vai fechar Unidade de Recebimento de Entulho e recuperar \u00e1rea - Notibras","robots":{"index":"index","follow":"follow","max-snippet":"max-snippet:-1","max-image-preview":"max-image-preview:large","max-video-preview":"max-video-preview:-1"},"canonical":"https:\/\/www.notibras.com\/site\/slu-vai-fechar-unidade-de-recebimento-de-entulho-e-recuperar-area\/","og_locale":"pt_BR","og_type":"article","og_title":"SLU vai fechar Unidade de Recebimento de Entulho e recuperar \u00e1rea - Notibras","og_description":"O Servi\u00e7o de Limpeza Urbana (SLU) j\u00e1 trabalha para encerrar as opera\u00e7\u00f5es da atual Unidade de Recebimento de Entulho (URE).Foi publicado, no Di\u00e1rio Oficial do Distrito Federal (DODF), decreto do GDF que institui grupo de trabalho e estabelece regime de urg\u00eancia nos processos relacionados ao encerramento das atividades no local. Atualmente, a URE opera na [&hellip;]","og_url":"https:\/\/www.notibras.com\/site\/slu-vai-fechar-unidade-de-recebimento-de-entulho-e-recuperar-area\/","og_site_name":"Notibras","article_publisher":"https:\/\/www.facebook.com\/notibras\/","article_published_time":"2023-04-06T03:00:11+00:00","article_modified_time":"2023-04-06T11:50:33+00:00","og_image":[{"width":1536,"height":1024,"url":"https:\/\/www.notibras.com\/site\/wp-content\/uploads\/2023\/04\/DSC_9239-1536x1024-1.jpg","type":"image\/jpeg"}],"author":"Reda\u00e7\u00e3o","twitter_card":"summary_large_image","twitter_creator":"@Notibras","twitter_site":"@Notibras","twitter_misc":{"Escrito por":"Reda\u00e7\u00e3o","Est. tempo de leitura":"3 minutos"},"schema":{"@context":"https:\/\/schema.org","@graph":[{"@type":"Article","@id":"https:\/\/www.notibras.com\/site\/slu-vai-fechar-unidade-de-recebimento-de-entulho-e-recuperar-area\/#article","isPartOf":{"@id":"https:\/\/www.notibras.com\/site\/slu-vai-fechar-unidade-de-recebimento-de-entulho-e-recuperar-area\/"},"author":{"name":"Reda\u00e7\u00e3o","@id":"https:\/\/www.notibras.com\/site\/#\/schema\/person\/36ab0979449956132d3e5b517ea76ac8"},"headline":"SLU vai fechar Unidade de Recebimento de Entulho e recuperar \u00e1rea","datePublished":"2023-04-06T03:00:11+00:00","dateModified":"2023-04-06T11:50:33+00:00","mainEntityOfPage":{"@id":"https:\/\/www.notibras.com\/site\/slu-vai-fechar-unidade-de-recebimento-de-entulho-e-recuperar-area\/"},"wordCount":515,"publisher":{"@id":"https:\/\/www.notibras.com\/site\/#organization"},"image":{"@id":"https:\/\/www.notibras.com\/site\/slu-vai-fechar-unidade-de-recebimento-de-entulho-e-recuperar-area\/#primaryimage"},"thumbnailUrl":"https:\/\/www.notibras.com\/site\/wp-content\/uploads\/2023\/04\/DSC_9239-1536x1024-1.jpg","articleSection":["Quadradinho em Foco"],"inLanguage":"pt-BR"},{"@type":"WebPage","@id":"https:\/\/www.notibras.com\/site\/slu-vai-fechar-unidade-de-recebimento-de-entulho-e-recuperar-area\/","url":"https:\/\/www.notibras.com\/site\/slu-vai-fechar-unidade-de-recebimento-de-entulho-e-recuperar-area\/","name":"SLU vai fechar Unidade de Recebimento de Entulho e recuperar \u00e1rea - Notibras","isPartOf":{"@id":"https:\/\/www.notibras.com\/site\/#website"},"primaryImageOfPage":{"@id":"https:\/\/www.notibras.com\/site\/slu-vai-fechar-unidade-de-recebimento-de-entulho-e-recuperar-area\/#primaryimage"},"image":{"@id":"https:\/\/www.notibras.com\/site\/slu-vai-fechar-unidade-de-recebimento-de-entulho-e-recuperar-area\/#primaryimage"},"thumbnailUrl":"https:\/\/www.notibras.com\/site\/wp-content\/uploads\/2023\/04\/DSC_9239-1536x1024-1.jpg","datePublished":"2023-04-06T03:00:11+00:00","dateModified":"2023-04-06T11:50:33+00:00","breadcrumb":{"@id":"https:\/\/www.notibras.com\/site\/slu-vai-fechar-unidade-de-recebimento-de-entulho-e-recuperar-area\/#breadcrumb"},"inLanguage":"pt-BR","potentialAction":[{"@type":"ReadAction","target":["https:\/\/www.notibras.com\/site\/slu-vai-fechar-unidade-de-recebimento-de-entulho-e-recuperar-area\/"]}]},{"@type":"ImageObject","inLanguage":"pt-BR","@id":"https:\/\/www.notibras.com\/site\/slu-vai-fechar-unidade-de-recebimento-de-entulho-e-recuperar-area\/#primaryimage","url":"https:\/\/www.notibras.com\/site\/wp-content\/uploads\/2023\/04\/DSC_9239-1536x1024-1.jpg","contentUrl":"https:\/\/www.notibras.com\/site\/wp-content\/uploads\/2023\/04\/DSC_9239-1536x1024-1.jpg","width":1536,"height":1024},{"@type":"BreadcrumbList","@id":"https:\/\/www.notibras.com\/site\/slu-vai-fechar-unidade-de-recebimento-de-entulho-e-recuperar-area\/#breadcrumb","itemListElement":[{"@type":"ListItem","position":1,"name":"In\u00edcio","item":"https:\/\/www.notibras.com\/site\/"},{"@type":"ListItem","position":2,"name":"SLU vai fechar Unidade de Recebimento de Entulho e recuperar \u00e1rea"}]},{"@type":"WebSite","@id":"https:\/\/www.notibras.com\/site\/#website","url":"https:\/\/www.notibras.com\/site\/","name":"Notibras","description":"Not\u00edcias de Bras\u00edlia, do Brasil e do Mundo","publisher":{"@id":"https:\/\/www.notibras.com\/site\/#organization"},"potentialAction":[{"@type":"SearchAction","target":{"@type":"EntryPoint","urlTemplate":"https:\/\/www.notibras.com\/site\/?s={search_term_string}"},"query-input":{"@type":"PropertyValueSpecification","valueRequired":true,"valueName":"search_term_string"}}],"inLanguage":"pt-BR"},{"@type":"Organization","@id":"https:\/\/www.notibras.com\/site\/#organization","name":"Grupo Notibras de Comunica\u00e7\u00e3o","url":"https:\/\/www.notibras.com\/site\/","logo":{"@type":"ImageObject","inLanguage":"pt-BR","@id":"https:\/\/www.notibras.com\/site\/#\/schema\/logo\/image\/","url":"https:\/\/www.notibras.com\/site\/wp-content\/uploads\/2023\/01\/notibras23.png","contentUrl":"https:\/\/www.notibras.com\/site\/wp-content\/uploads\/2023\/01\/notibras23.png","width":350,"height":87,"caption":"Grupo Notibras de Comunica\u00e7\u00e3o"},"image":{"@id":"https:\/\/www.notibras.com\/site\/#\/schema\/logo\/image\/"},"sameAs":["https:\/\/www.facebook.com\/notibras\/","https:\/\/x.com\/Notibras","https:\/\/www.instagram.com\/notibras\/"]},{"@type":"Person","@id":"https:\/\/www.notibras.com\/site\/#\/schema\/person\/36ab0979449956132d3e5b517ea76ac8","name":"Reda\u00e7\u00e3o","image":{"@type":"ImageObject","inLanguage":"pt-BR","@id":"https:\/\/secure.gravatar.com\/avatar\/e0a867bdedb85fd243eadf09663511f96fc81e0720a4a42581f334ad4303aa6b?s=96&d=mm&r=g","url":"https:\/\/secure.gravatar.com\/avatar\/e0a867bdedb85fd243eadf09663511f96fc81e0720a4a42581f334ad4303aa6b?s=96&d=mm&r=g","contentUrl":"https:\/\/secure.gravatar.com\/avatar\/e0a867bdedb85fd243eadf09663511f96fc81e0720a4a42581f334ad4303aa6b?s=96&d=mm&r=g","caption":"Reda\u00e7\u00e3o"}}]}},"amp_enabled":true,"_links":{"self":[{"href":"https:\/\/www.notibras.com\/site\/wp-json\/wp\/v2\/posts\/302485","targetHints":{"allow":["GET"]}}],"collection":[{"href":"https:\/\/www.notibras.com\/site\/wp-json\/wp\/v2\/posts"}],"about":[{"href":"https:\/\/www.notibras.com\/site\/wp-json\/wp\/v2\/types\/post"}],"author":[{"embeddable":true,"href":"https:\/\/www.notibras.com\/site\/wp-json\/wp\/v2\/users\/2"}],"replies":[{"embeddable":true,"href":"https:\/\/www.notibras.com\/site\/wp-json\/wp\/v2\/comments?post=302485"}],"version-history":[{"count":1,"href":"https:\/\/www.notibras.com\/site\/wp-json\/wp\/v2\/posts\/302485\/revisions"}],"predecessor-version":[{"id":302487,"href":"https:\/\/www.notibras.com\/site\/wp-json\/wp\/v2\/posts\/302485\/revisions\/302487"}],"wp:featuredmedia":[{"embeddable":true,"href":"https:\/\/www.notibras.com\/site\/wp-json\/wp\/v2\/media\/302486"}],"wp:attachment":[{"href":"https:\/\/www.notibras.com\/site\/wp-json\/wp\/v2\/media?parent=302485"}],"wp:term":[{"taxonomy":"category","embeddable":true,"href":"https:\/\/www.notibras.com\/site\/wp-json\/wp\/v2\/categories?post=302485"},{"taxonomy":"post_tag","embeddable":true,"href":"https:\/\/www.notibras.com\/site\/wp-json\/wp\/v2\/tags?post=302485"}],"curies":[{"name":"wp","href":"https:\/\/api.w.org\/{rel}","templated":true}]}}