{"id":302488,"date":"2023-04-06T00:00:04","date_gmt":"2023-04-06T03:00:04","guid":{"rendered":"https:\/\/www.notibras.com\/site\/?p=302488"},"modified":"2023-04-06T08:55:50","modified_gmt":"2023-04-06T11:55:50","slug":"casos-suspeitos-de-dengue-tem-queda-de-60","status":"publish","type":"post","link":"https:\/\/www.notibras.com\/site\/casos-suspeitos-de-dengue-tem-queda-de-60\/","title":{"rendered":"Casos suspeitos de dengue t\u00eam queda de 60%"},"content":{"rendered":"<p>As a\u00e7\u00f5es do Governo do Distrito Federal (GDF) contra a o mosquito Aedes aegypti tiveram resultado positivo no primeiro trimestre de 2023. De acordo com o Boletim Epidemiol\u00f3gico n\u00ba 13, da Secretaria de Sa\u00fade (SES), houve uma redu\u00e7\u00e3o de 58,8% no n\u00famero de casos prov\u00e1veis de dengue, de janeiro a 1\u00ba de abril deste ano, em compara\u00e7\u00e3o com o mesmo per\u00edodo de 2022 \u2013 foram 14.539 casos prov\u00e1veis nos tr\u00eas primeiros meses de 2023, contra 24.535 em igual per\u00edodo do ano passado.<\/p>\n<p>Somente no primeiro trimestre deste ano, foram mais de 585 mil im\u00f3veis inspecionados e 418 mil estabelecimentos impactados pelo fumac\u00ea. O resultado positivo das a\u00e7\u00f5es \u00e9 gra\u00e7as ao trabalho em conjunto de \u00f3rg\u00e3os do GDF, que atuam insistentemente no combate ao mosquito.<\/p>\n<p>A queda no n\u00famero de casos prov\u00e1veis de dengue no DF \u00e9 resultado de uma s\u00e9rie de a\u00e7\u00f5es promovidas pela Vigil\u00e2ncia Ambiental, como o controle qu\u00edmico, que \u00e9 o famoso fumac\u00ea, a inspe\u00e7\u00e3o presencial realizada pelos agentes e o manejo ambiental, que inclui o recolhimento de material inserv\u00edvel, as podas de \u00e1rvores e a limpeza de gramados. Trata-se de uma atua\u00e7\u00e3o intersetorial na promo\u00e7\u00e3o da sa\u00fade p\u00fablica que resulta em um impacto positivo direto na popula\u00e7\u00e3o.<\/p>\n<p>\u201cCada regi\u00e3o tem suas particularidades, ent\u00e3o a gente vai nas administra\u00e7\u00f5es para entender a demanda daquele local e conseguir fazer um trabalho efetivo. \u00c9 um trabalho em conjunto com as administra\u00e7\u00f5es regionais, a Vigil\u00e2ncia Ambiental, o Corpo de Bombeiros e os \u00f3rg\u00e3os de execu\u00e7\u00e3o, como a Novacap\u201d, explica o diretor da Vigil\u00e2ncia Ambiental em Sa\u00fade, Jadir Costa.<\/p>\n<p>Neste ano, 418 mil estabelecimentos j\u00e1 foram impactados pelo fumac\u00ea | Foto: Tony Oliveira\/Ag\u00eancia Bras\u00edlia<br \/>\nDe janeiro a mar\u00e7o de 2023, os agentes da Vigil\u00e2ncia Ambiental inspecionaram mais de 585 mil im\u00f3veis. Desse total, cerca de quatro mil n\u00e3o autorizaram a entrada dos agentes para a inspe\u00e7\u00e3o de rotina, o que prejudica as a\u00e7\u00f5es preventivas contra a reprodu\u00e7\u00e3o do mosquito e o combate \u00e0 doen\u00e7a.<\/p>\n<p>Jadir Costa ressalta a import\u00e2ncia de as pessoas autorizarem a atua\u00e7\u00e3o dos agentes nos domic\u00edlios. \u201c\u00c9 preciso que o dono ou respons\u00e1vel pelo im\u00f3vel confira se o agente est\u00e1 devidamente identificado, com colete e crach\u00e1, e o deixe entrar para fazer a inspe\u00e7\u00e3o. A gente atua com fumac\u00ea nas regi\u00f5es, mas a inspe\u00e7\u00e3o interna por algum t\u00e9cnico \u00e9 essencial para identificar poss\u00edveis focos\u201d, defende.<\/p>\n<p>Al\u00e9m disso, a Vigil\u00e2ncia Ambiental inspecionou, neste ano, mais de 1 milh\u00e3o e 400 mil de dep\u00f3sitos com eventuais focos do mosquito da dengue. Deste n\u00famero, foram mais de 140 mil recipientes tratados com aplica\u00e7\u00e3o de larvicida ou com a atua\u00e7\u00e3o mec\u00e2nica, ao identificar e descartar \u00e1gua parada nos recipientes.<\/p>\n<p>A atua\u00e7\u00e3o da popula\u00e7\u00e3o \u00e9 fundamental para que os n\u00fameros de casos prov\u00e1veis diminuam ainda mais. A inspe\u00e7\u00e3o feita pelo propriet\u00e1rio do im\u00f3vel leva cerca de dez minutos e basta que seja feita uma vez por semana. \u201c\u00c9 bem r\u00e1pido. Os donos dos estabelecimentos fazem a pr\u00f3pria inspe\u00e7\u00e3o em poucos minutos. Basta ficar atento nos gramados e no quintal se n\u00e3o tem nenhum ac\u00famulo de \u00e1gua por l\u00e1\u201d, ensina.<\/p>\n","protected":false},"excerpt":{"rendered":"<p>As a\u00e7\u00f5es do Governo do Distrito Federal (GDF) contra a o mosquito Aedes aegypti tiveram resultado positivo no primeiro trimestre de 2023. De acordo com o Boletim Epidemiol\u00f3gico n\u00ba 13, da Secretaria de Sa\u00fade (SES), houve uma redu\u00e7\u00e3o de 58,8% no n\u00famero de casos prov\u00e1veis de dengue, de janeiro a 1\u00ba de abril deste ano, [&hellip;]<\/p>\n","protected":false},"author":2,"featured_media":302489,"comment_status":"closed","ping_status":"closed","sticky":false,"template":"","format":"standard","meta":{"_acf_changed":false,"footnotes":""},"categories":[161],"tags":[],"class_list":["post-302488","post","type-post","status-publish","format-standard","has-post-thumbnail","hentry","category-quadradinho-em-foco"],"acf":[],"yoast_head":"<!-- This site is optimized with the Yoast SEO plugin v27.2 - https:\/\/yoast.com\/product\/yoast-seo-wordpress\/ -->\n<title>Casos suspeitos de dengue t\u00eam queda de 60% - Notibras<\/title>\n<meta name=\"robots\" content=\"index, follow, max-snippet:-1, max-image-preview:large, max-video-preview:-1\" \/>\n<link rel=\"canonical\" href=\"https:\/\/www.notibras.com\/site\/casos-suspeitos-de-dengue-tem-queda-de-60\/\" \/>\n<meta property=\"og:locale\" content=\"pt_BR\" \/>\n<meta property=\"og:type\" content=\"article\" \/>\n<meta property=\"og:title\" content=\"Casos suspeitos de dengue t\u00eam queda de 60% - Notibras\" \/>\n<meta property=\"og:description\" content=\"As a\u00e7\u00f5es do Governo do Distrito Federal (GDF) contra a o mosquito Aedes aegypti tiveram resultado positivo no primeiro trimestre de 2023. De acordo com o Boletim Epidemiol\u00f3gico n\u00ba 13, da Secretaria de Sa\u00fade (SES), houve uma redu\u00e7\u00e3o de 58,8% no n\u00famero de casos prov\u00e1veis de dengue, de janeiro a 1\u00ba de abril deste ano, [&hellip;]\" \/>\n<meta property=\"og:url\" content=\"https:\/\/www.notibras.com\/site\/casos-suspeitos-de-dengue-tem-queda-de-60\/\" \/>\n<meta property=\"og:site_name\" content=\"Notibras\" \/>\n<meta property=\"article:publisher\" content=\"https:\/\/www.facebook.com\/notibras\/\" \/>\n<meta property=\"article:published_time\" content=\"2023-04-06T03:00:04+00:00\" \/>\n<meta property=\"article:modified_time\" content=\"2023-04-06T11:55:50+00:00\" \/>\n<meta property=\"og:image\" content=\"https:\/\/www.notibras.com\/site\/wp-content\/uploads\/2023\/04\/Foto-Tony-Oliveira-1-1536x1024-1.jpg\" \/>\n\t<meta property=\"og:image:width\" content=\"1536\" \/>\n\t<meta property=\"og:image:height\" content=\"1024\" \/>\n\t<meta property=\"og:image:type\" content=\"image\/jpeg\" \/>\n<meta name=\"author\" content=\"Reda\u00e7\u00e3o\" \/>\n<meta name=\"twitter:card\" content=\"summary_large_image\" \/>\n<meta name=\"twitter:creator\" content=\"@Notibras\" \/>\n<meta name=\"twitter:site\" content=\"@Notibras\" \/>\n<meta name=\"twitter:label1\" content=\"Escrito por\" \/>\n\t<meta name=\"twitter:data1\" content=\"Reda\u00e7\u00e3o\" \/>\n\t<meta name=\"twitter:label2\" content=\"Est. tempo de leitura\" \/>\n\t<meta name=\"twitter:data2\" content=\"3 minutos\" \/>\n<script type=\"application\/ld+json\" class=\"yoast-schema-graph\">{\"@context\":\"https:\/\/schema.org\",\"@graph\":[{\"@type\":\"Article\",\"@id\":\"https:\/\/www.notibras.com\/site\/casos-suspeitos-de-dengue-tem-queda-de-60\/#article\",\"isPartOf\":{\"@id\":\"https:\/\/www.notibras.com\/site\/casos-suspeitos-de-dengue-tem-queda-de-60\/\"},\"author\":{\"name\":\"Reda\u00e7\u00e3o\",\"@id\":\"https:\/\/www.notibras.com\/site\/#\/schema\/person\/36ab0979449956132d3e5b517ea76ac8\"},\"headline\":\"Casos suspeitos de dengue t\u00eam queda de 60%\",\"datePublished\":\"2023-04-06T03:00:04+00:00\",\"dateModified\":\"2023-04-06T11:55:50+00:00\",\"mainEntityOfPage\":{\"@id\":\"https:\/\/www.notibras.com\/site\/casos-suspeitos-de-dengue-tem-queda-de-60\/\"},\"wordCount\":564,\"publisher\":{\"@id\":\"https:\/\/www.notibras.com\/site\/#organization\"},\"image\":{\"@id\":\"https:\/\/www.notibras.com\/site\/casos-suspeitos-de-dengue-tem-queda-de-60\/#primaryimage\"},\"thumbnailUrl\":\"https:\/\/www.notibras.com\/site\/wp-content\/uploads\/2023\/04\/Foto-Tony-Oliveira-1-1536x1024-1.jpg\",\"articleSection\":[\"Quadradinho em Foco\"],\"inLanguage\":\"pt-BR\"},{\"@type\":\"WebPage\",\"@id\":\"https:\/\/www.notibras.com\/site\/casos-suspeitos-de-dengue-tem-queda-de-60\/\",\"url\":\"https:\/\/www.notibras.com\/site\/casos-suspeitos-de-dengue-tem-queda-de-60\/\",\"name\":\"Casos suspeitos de dengue t\u00eam queda de 60% - Notibras\",\"isPartOf\":{\"@id\":\"https:\/\/www.notibras.com\/site\/#website\"},\"primaryImageOfPage\":{\"@id\":\"https:\/\/www.notibras.com\/site\/casos-suspeitos-de-dengue-tem-queda-de-60\/#primaryimage\"},\"image\":{\"@id\":\"https:\/\/www.notibras.com\/site\/casos-suspeitos-de-dengue-tem-queda-de-60\/#primaryimage\"},\"thumbnailUrl\":\"https:\/\/www.notibras.com\/site\/wp-content\/uploads\/2023\/04\/Foto-Tony-Oliveira-1-1536x1024-1.jpg\",\"datePublished\":\"2023-04-06T03:00:04+00:00\",\"dateModified\":\"2023-04-06T11:55:50+00:00\",\"breadcrumb\":{\"@id\":\"https:\/\/www.notibras.com\/site\/casos-suspeitos-de-dengue-tem-queda-de-60\/#breadcrumb\"},\"inLanguage\":\"pt-BR\",\"potentialAction\":[{\"@type\":\"ReadAction\",\"target\":[\"https:\/\/www.notibras.com\/site\/casos-suspeitos-de-dengue-tem-queda-de-60\/\"]}]},{\"@type\":\"ImageObject\",\"inLanguage\":\"pt-BR\",\"@id\":\"https:\/\/www.notibras.com\/site\/casos-suspeitos-de-dengue-tem-queda-de-60\/#primaryimage\",\"url\":\"https:\/\/www.notibras.com\/site\/wp-content\/uploads\/2023\/04\/Foto-Tony-Oliveira-1-1536x1024-1.jpg\",\"contentUrl\":\"https:\/\/www.notibras.com\/site\/wp-content\/uploads\/2023\/04\/Foto-Tony-Oliveira-1-1536x1024-1.jpg\",\"width\":1536,\"height\":1024},{\"@type\":\"BreadcrumbList\",\"@id\":\"https:\/\/www.notibras.com\/site\/casos-suspeitos-de-dengue-tem-queda-de-60\/#breadcrumb\",\"itemListElement\":[{\"@type\":\"ListItem\",\"position\":1,\"name\":\"In\u00edcio\",\"item\":\"https:\/\/www.notibras.com\/site\/\"},{\"@type\":\"ListItem\",\"position\":2,\"name\":\"Casos suspeitos de dengue t\u00eam queda de 60%\"}]},{\"@type\":\"WebSite\",\"@id\":\"https:\/\/www.notibras.com\/site\/#website\",\"url\":\"https:\/\/www.notibras.com\/site\/\",\"name\":\"Notibras\",\"description\":\"Not\u00edcias de Bras\u00edlia, do Brasil e do Mundo\",\"publisher\":{\"@id\":\"https:\/\/www.notibras.com\/site\/#organization\"},\"potentialAction\":[{\"@type\":\"SearchAction\",\"target\":{\"@type\":\"EntryPoint\",\"urlTemplate\":\"https:\/\/www.notibras.com\/site\/?s={search_term_string}\"},\"query-input\":{\"@type\":\"PropertyValueSpecification\",\"valueRequired\":true,\"valueName\":\"search_term_string\"}}],\"inLanguage\":\"pt-BR\"},{\"@type\":\"Organization\",\"@id\":\"https:\/\/www.notibras.com\/site\/#organization\",\"name\":\"Grupo Notibras de Comunica\u00e7\u00e3o\",\"url\":\"https:\/\/www.notibras.com\/site\/\",\"logo\":{\"@type\":\"ImageObject\",\"inLanguage\":\"pt-BR\",\"@id\":\"https:\/\/www.notibras.com\/site\/#\/schema\/logo\/image\/\",\"url\":\"https:\/\/www.notibras.com\/site\/wp-content\/uploads\/2023\/01\/notibras23.png\",\"contentUrl\":\"https:\/\/www.notibras.com\/site\/wp-content\/uploads\/2023\/01\/notibras23.png\",\"width\":350,\"height\":87,\"caption\":\"Grupo Notibras de Comunica\u00e7\u00e3o\"},\"image\":{\"@id\":\"https:\/\/www.notibras.com\/site\/#\/schema\/logo\/image\/\"},\"sameAs\":[\"https:\/\/www.facebook.com\/notibras\/\",\"https:\/\/x.com\/Notibras\",\"https:\/\/www.instagram.com\/notibras\/\"]},{\"@type\":\"Person\",\"@id\":\"https:\/\/www.notibras.com\/site\/#\/schema\/person\/36ab0979449956132d3e5b517ea76ac8\",\"name\":\"Reda\u00e7\u00e3o\",\"image\":{\"@type\":\"ImageObject\",\"inLanguage\":\"pt-BR\",\"@id\":\"https:\/\/secure.gravatar.com\/avatar\/e0a867bdedb85fd243eadf09663511f96fc81e0720a4a42581f334ad4303aa6b?s=96&d=mm&r=g\",\"url\":\"https:\/\/secure.gravatar.com\/avatar\/e0a867bdedb85fd243eadf09663511f96fc81e0720a4a42581f334ad4303aa6b?s=96&d=mm&r=g\",\"contentUrl\":\"https:\/\/secure.gravatar.com\/avatar\/e0a867bdedb85fd243eadf09663511f96fc81e0720a4a42581f334ad4303aa6b?s=96&d=mm&r=g\",\"caption\":\"Reda\u00e7\u00e3o\"}}]}<\/script>\n<!-- \/ Yoast SEO plugin. -->","yoast_head_json":{"title":"Casos suspeitos de dengue t\u00eam queda de 60% - Notibras","robots":{"index":"index","follow":"follow","max-snippet":"max-snippet:-1","max-image-preview":"max-image-preview:large","max-video-preview":"max-video-preview:-1"},"canonical":"https:\/\/www.notibras.com\/site\/casos-suspeitos-de-dengue-tem-queda-de-60\/","og_locale":"pt_BR","og_type":"article","og_title":"Casos suspeitos de dengue t\u00eam queda de 60% - Notibras","og_description":"As a\u00e7\u00f5es do Governo do Distrito Federal (GDF) contra a o mosquito Aedes aegypti tiveram resultado positivo no primeiro trimestre de 2023. De acordo com o Boletim Epidemiol\u00f3gico n\u00ba 13, da Secretaria de Sa\u00fade (SES), houve uma redu\u00e7\u00e3o de 58,8% no n\u00famero de casos prov\u00e1veis de dengue, de janeiro a 1\u00ba de abril deste ano, [&hellip;]","og_url":"https:\/\/www.notibras.com\/site\/casos-suspeitos-de-dengue-tem-queda-de-60\/","og_site_name":"Notibras","article_publisher":"https:\/\/www.facebook.com\/notibras\/","article_published_time":"2023-04-06T03:00:04+00:00","article_modified_time":"2023-04-06T11:55:50+00:00","og_image":[{"width":1536,"height":1024,"url":"https:\/\/www.notibras.com\/site\/wp-content\/uploads\/2023\/04\/Foto-Tony-Oliveira-1-1536x1024-1.jpg","type":"image\/jpeg"}],"author":"Reda\u00e7\u00e3o","twitter_card":"summary_large_image","twitter_creator":"@Notibras","twitter_site":"@Notibras","twitter_misc":{"Escrito por":"Reda\u00e7\u00e3o","Est. tempo de leitura":"3 minutos"},"schema":{"@context":"https:\/\/schema.org","@graph":[{"@type":"Article","@id":"https:\/\/www.notibras.com\/site\/casos-suspeitos-de-dengue-tem-queda-de-60\/#article","isPartOf":{"@id":"https:\/\/www.notibras.com\/site\/casos-suspeitos-de-dengue-tem-queda-de-60\/"},"author":{"name":"Reda\u00e7\u00e3o","@id":"https:\/\/www.notibras.com\/site\/#\/schema\/person\/36ab0979449956132d3e5b517ea76ac8"},"headline":"Casos suspeitos de dengue t\u00eam queda de 60%","datePublished":"2023-04-06T03:00:04+00:00","dateModified":"2023-04-06T11:55:50+00:00","mainEntityOfPage":{"@id":"https:\/\/www.notibras.com\/site\/casos-suspeitos-de-dengue-tem-queda-de-60\/"},"wordCount":564,"publisher":{"@id":"https:\/\/www.notibras.com\/site\/#organization"},"image":{"@id":"https:\/\/www.notibras.com\/site\/casos-suspeitos-de-dengue-tem-queda-de-60\/#primaryimage"},"thumbnailUrl":"https:\/\/www.notibras.com\/site\/wp-content\/uploads\/2023\/04\/Foto-Tony-Oliveira-1-1536x1024-1.jpg","articleSection":["Quadradinho em Foco"],"inLanguage":"pt-BR"},{"@type":"WebPage","@id":"https:\/\/www.notibras.com\/site\/casos-suspeitos-de-dengue-tem-queda-de-60\/","url":"https:\/\/www.notibras.com\/site\/casos-suspeitos-de-dengue-tem-queda-de-60\/","name":"Casos suspeitos de dengue t\u00eam queda de 60% - Notibras","isPartOf":{"@id":"https:\/\/www.notibras.com\/site\/#website"},"primaryImageOfPage":{"@id":"https:\/\/www.notibras.com\/site\/casos-suspeitos-de-dengue-tem-queda-de-60\/#primaryimage"},"image":{"@id":"https:\/\/www.notibras.com\/site\/casos-suspeitos-de-dengue-tem-queda-de-60\/#primaryimage"},"thumbnailUrl":"https:\/\/www.notibras.com\/site\/wp-content\/uploads\/2023\/04\/Foto-Tony-Oliveira-1-1536x1024-1.jpg","datePublished":"2023-04-06T03:00:04+00:00","dateModified":"2023-04-06T11:55:50+00:00","breadcrumb":{"@id":"https:\/\/www.notibras.com\/site\/casos-suspeitos-de-dengue-tem-queda-de-60\/#breadcrumb"},"inLanguage":"pt-BR","potentialAction":[{"@type":"ReadAction","target":["https:\/\/www.notibras.com\/site\/casos-suspeitos-de-dengue-tem-queda-de-60\/"]}]},{"@type":"ImageObject","inLanguage":"pt-BR","@id":"https:\/\/www.notibras.com\/site\/casos-suspeitos-de-dengue-tem-queda-de-60\/#primaryimage","url":"https:\/\/www.notibras.com\/site\/wp-content\/uploads\/2023\/04\/Foto-Tony-Oliveira-1-1536x1024-1.jpg","contentUrl":"https:\/\/www.notibras.com\/site\/wp-content\/uploads\/2023\/04\/Foto-Tony-Oliveira-1-1536x1024-1.jpg","width":1536,"height":1024},{"@type":"BreadcrumbList","@id":"https:\/\/www.notibras.com\/site\/casos-suspeitos-de-dengue-tem-queda-de-60\/#breadcrumb","itemListElement":[{"@type":"ListItem","position":1,"name":"In\u00edcio","item":"https:\/\/www.notibras.com\/site\/"},{"@type":"ListItem","position":2,"name":"Casos suspeitos de dengue t\u00eam queda de 60%"}]},{"@type":"WebSite","@id":"https:\/\/www.notibras.com\/site\/#website","url":"https:\/\/www.notibras.com\/site\/","name":"Notibras","description":"Not\u00edcias de Bras\u00edlia, do Brasil e do Mundo","publisher":{"@id":"https:\/\/www.notibras.com\/site\/#organization"},"potentialAction":[{"@type":"SearchAction","target":{"@type":"EntryPoint","urlTemplate":"https:\/\/www.notibras.com\/site\/?s={search_term_string}"},"query-input":{"@type":"PropertyValueSpecification","valueRequired":true,"valueName":"search_term_string"}}],"inLanguage":"pt-BR"},{"@type":"Organization","@id":"https:\/\/www.notibras.com\/site\/#organization","name":"Grupo Notibras de Comunica\u00e7\u00e3o","url":"https:\/\/www.notibras.com\/site\/","logo":{"@type":"ImageObject","inLanguage":"pt-BR","@id":"https:\/\/www.notibras.com\/site\/#\/schema\/logo\/image\/","url":"https:\/\/www.notibras.com\/site\/wp-content\/uploads\/2023\/01\/notibras23.png","contentUrl":"https:\/\/www.notibras.com\/site\/wp-content\/uploads\/2023\/01\/notibras23.png","width":350,"height":87,"caption":"Grupo Notibras de Comunica\u00e7\u00e3o"},"image":{"@id":"https:\/\/www.notibras.com\/site\/#\/schema\/logo\/image\/"},"sameAs":["https:\/\/www.facebook.com\/notibras\/","https:\/\/x.com\/Notibras","https:\/\/www.instagram.com\/notibras\/"]},{"@type":"Person","@id":"https:\/\/www.notibras.com\/site\/#\/schema\/person\/36ab0979449956132d3e5b517ea76ac8","name":"Reda\u00e7\u00e3o","image":{"@type":"ImageObject","inLanguage":"pt-BR","@id":"https:\/\/secure.gravatar.com\/avatar\/e0a867bdedb85fd243eadf09663511f96fc81e0720a4a42581f334ad4303aa6b?s=96&d=mm&r=g","url":"https:\/\/secure.gravatar.com\/avatar\/e0a867bdedb85fd243eadf09663511f96fc81e0720a4a42581f334ad4303aa6b?s=96&d=mm&r=g","contentUrl":"https:\/\/secure.gravatar.com\/avatar\/e0a867bdedb85fd243eadf09663511f96fc81e0720a4a42581f334ad4303aa6b?s=96&d=mm&r=g","caption":"Reda\u00e7\u00e3o"}}]}},"amp_enabled":true,"_links":{"self":[{"href":"https:\/\/www.notibras.com\/site\/wp-json\/wp\/v2\/posts\/302488","targetHints":{"allow":["GET"]}}],"collection":[{"href":"https:\/\/www.notibras.com\/site\/wp-json\/wp\/v2\/posts"}],"about":[{"href":"https:\/\/www.notibras.com\/site\/wp-json\/wp\/v2\/types\/post"}],"author":[{"embeddable":true,"href":"https:\/\/www.notibras.com\/site\/wp-json\/wp\/v2\/users\/2"}],"replies":[{"embeddable":true,"href":"https:\/\/www.notibras.com\/site\/wp-json\/wp\/v2\/comments?post=302488"}],"version-history":[{"count":1,"href":"https:\/\/www.notibras.com\/site\/wp-json\/wp\/v2\/posts\/302488\/revisions"}],"predecessor-version":[{"id":302490,"href":"https:\/\/www.notibras.com\/site\/wp-json\/wp\/v2\/posts\/302488\/revisions\/302490"}],"wp:featuredmedia":[{"embeddable":true,"href":"https:\/\/www.notibras.com\/site\/wp-json\/wp\/v2\/media\/302489"}],"wp:attachment":[{"href":"https:\/\/www.notibras.com\/site\/wp-json\/wp\/v2\/media?parent=302488"}],"wp:term":[{"taxonomy":"category","embeddable":true,"href":"https:\/\/www.notibras.com\/site\/wp-json\/wp\/v2\/categories?post=302488"},{"taxonomy":"post_tag","embeddable":true,"href":"https:\/\/www.notibras.com\/site\/wp-json\/wp\/v2\/tags?post=302488"}],"curies":[{"name":"wp","href":"https:\/\/api.w.org\/{rel}","templated":true}]}}