{"id":30251,"date":"2014-12-04T07:51:57","date_gmt":"2014-12-04T10:51:57","guid":{"rendered":"http:\/\/www.notibras.com\/site\/?p=30251"},"modified":"2014-12-04T23:09:03","modified_gmt":"2014-12-05T02:09:03","slug":"vai-passar-no-congresso-um-superavit-impopular-enquanto-a-patria-dorme-distraida-e-vitima-de-tenebrosas-transacoes","status":"publish","type":"post","link":"https:\/\/www.notibras.com\/site\/vai-passar-no-congresso-um-superavit-impopular-enquanto-a-patria-dorme-distraida-e-vitima-de-tenebrosas-transacoes\/","title":{"rendered":"Vai passar um super\u00e1vit impopular enquanto a P\u00e1tria, lembra Chico, dorme distra\u00edda"},"content":{"rendered":"<div class=\"entry-inner\">\n<p>Chico Buarque se fez Nostradamus. Vai passar. Letra e m\u00fasica anunciavam, com muitos anos de anteced\u00eancia, o que aconteceu na madrugada desta quinta-feira 4 no Congresso Nacional. E enquanto a P\u00e1tria dormia distra\u00edda, ningu\u00e9m percebia que \u00e9ramos subtra\u00eddos em tenebrosas transa\u00e7\u00f5es.<\/p>\n<p>Um lado ruim da hist\u00f3ria: ao virar a madrugada em uma das mais prolongadas sess\u00f5es, os parlamentares aprovaram o projeto de lei que altera a Lei de Diretrizes Or\u00e7ament\u00e1rias (LDO) de 2014, permitindo a revis\u00e3o da meta de resultado fiscal deste ano. Apesar da longa obstru\u00e7\u00e3o dos oposicionistas, o governo conseguiu manter o qu\u00f3rum e aprovar o projeto por vota\u00e7\u00e3o nominal. Foram 240 votos a favor, na C\u00e2mara, e 39 no Senado.<\/p>\n<p>Ap\u00f3s a aprova\u00e7\u00e3o do texto principal, os parlamentares rejeitaram, por vota\u00e7\u00e3o simb\u00f3lica, tr\u00eas destaques que propunham mudan\u00e7as ao projeto. O \u00faltimo destaque, por falta de qu\u00f3rum, n\u00e3o foi votado. Em fun\u00e7\u00e3o disso, o presidente Renan Calheiros (PMDB-AL) marcou nova sess\u00e3o para ter\u00e7a-feira (9) a fim de apreciar e votar o \u00faltimo destaque.<\/p>\n<p>Estava amanhecendo em Bras\u00edlia quando a sess\u00e3o foi encerrada. Ficou pendente de vota\u00e7\u00e3o emenda do deputado Domingos S\u00e1vio (PSDB-MG) que tenta limitar as despesas correntes discricion\u00e1rias (que o governo pode escolher se executa ou n\u00e3o) ao montante executado no ano anterior.<\/p>\n<blockquote><p>Na pr\u00e1tica, a mat\u00e9ria aprovada permite ao Executivo descontar da meta fiscal os investimentos no Programa de Acelera\u00e7\u00e3o do Crescimento (PAC) e as perdas de receita geradas por incentivos fiscais concedidos no \u00faltimo ano.<\/p><\/blockquote>\n<p>A oposi\u00e7\u00e3o considera que a revis\u00e3o da meta fiscal compromete a credibilidade da economia brasileira com investidores internacionais e entende como uma manobra para evitar que a presidente Dilma responda por descumprir a Lei de Responsabilidade Fiscal. Os governistas, no entanto, alegam que o projeto visa a evitar que o governo tenha que fazer cortes radicais em todas as \u00e1reas e programas para alcan\u00e7ar a poupan\u00e7a prevista inicialmente.<\/p>\n<p>O texto aprovado \u00e9 um substitutivo da Comiss\u00e3o Mista de Or\u00e7amento, de autoria do senador Romero Juc\u00e1 (PMDB-RR), que garante ao governo a possibilidade de usar mais que o limite atual de R$ 67 bilh\u00f5es para abater despesas a fim de chegar \u00e0 meta de resultado fiscal, fixada em R$ 116 bilh\u00f5es.<\/p>\n<p>Assim, todos os gastos com a\u00e7\u00f5es do Programa de Acelera\u00e7\u00e3o do Crescimento (PAC) e com as desonera\u00e7\u00f5es tribut\u00e1rias concedidas neste ano poder\u00e3o ser deduzidos da meta. A execu\u00e7\u00e3o do PAC at\u00e9 o in\u00edcio de novembro soma R$ 51,5 bilh\u00f5es. As desonera\u00e7\u00f5es, segundo a Receita Federal, estavam em R$ 75,1 bilh\u00f5es at\u00e9 setembro. Como todas essas despesas devem subir at\u00e9 dezembro, o valor do desconto pode passar dos R$ 140 bilh\u00f5es, mais do que o dobro do abatimento em vigor.<\/p>\n<p>Na mudan\u00e7a aprovada nesta quarta-feira, a oposi\u00e7\u00e3o criticou a edi\u00e7\u00e3o de um decreto (8.367\/14) de libera\u00e7\u00e3o de recursos represados, em um total de R$ 10 bilh\u00f5es, condicionados \u00e0 aprova\u00e7\u00e3o do PLN 36\/14. Segundo a oposi\u00e7\u00e3o, o problema \u00e9 que, al\u00e9m do condicionamento, nesses R$ 10 bilh\u00f5es h\u00e1 R$ 444 milh\u00f5es para emendas parlamentares individuais ao Or\u00e7amento de 2014.<\/p>\n<p>Para o l\u00edder do governo no Congresso, senador Jos\u00e9 Pimentel (PT-CE), a pr\u00f3pria LDO obriga a publica\u00e7\u00e3o do decreto com o valor que est\u00e1 sendo liberado para custeio, no qual est\u00e1 inserido um percentual para as emendas parlamentares devido \u00e0 regra do or\u00e7amento impositivo inclu\u00edda na LDO 2014.<\/p>\n<p><strong>Publicado originalmente em <a href=\"http:\/\/www.naredecomjoseseabra.com.br\" target=\"_blank\">naredecomjoseseabra.com.br<\/a><\/strong><\/p>\n<\/div>\n","protected":false},"excerpt":{"rendered":"<p>Chico Buarque se fez Nostradamus. Vai passar. Letra e m\u00fasica anunciavam, com muitos anos de anteced\u00eancia, o que aconteceu na madrugada desta quinta-feira 4 no Congresso Nacional. E enquanto a P\u00e1tria dormia distra\u00edda, ningu\u00e9m percebia que \u00e9ramos subtra\u00eddos em tenebrosas transa\u00e7\u00f5es. Um lado ruim da hist\u00f3ria: ao virar a madrugada em uma das mais prolongadas [&hellip;]<\/p>\n","protected":false},"author":2,"featured_media":30252,"comment_status":"open","ping_status":"closed","sticky":false,"template":"","format":"standard","meta":{"_acf_changed":false,"footnotes":""},"categories":[16],"tags":[],"class_list":["post-30251","post","type-post","status-publish","format-standard","has-post-thumbnail","hentry","category-brasil"],"acf":[],"yoast_head":"<!-- This site is optimized with the Yoast SEO plugin v27.2 - https:\/\/yoast.com\/product\/yoast-seo-wordpress\/ -->\n<title>Vai passar um super\u00e1vit impopular enquanto a P\u00e1tria, lembra Chico, dorme distra\u00edda - Notibras<\/title>\n<meta name=\"robots\" content=\"index, follow, max-snippet:-1, max-image-preview:large, max-video-preview:-1\" \/>\n<link rel=\"canonical\" href=\"https:\/\/www.notibras.com\/site\/vai-passar-no-congresso-um-superavit-impopular-enquanto-a-patria-dorme-distraida-e-vitima-de-tenebrosas-transacoes\/\" \/>\n<meta property=\"og:locale\" content=\"pt_BR\" \/>\n<meta property=\"og:type\" content=\"article\" \/>\n<meta property=\"og:title\" content=\"Vai passar um super\u00e1vit impopular enquanto a P\u00e1tria, lembra Chico, dorme distra\u00edda - Notibras\" \/>\n<meta property=\"og:description\" content=\"Chico Buarque se fez Nostradamus. Vai passar. Letra e m\u00fasica anunciavam, com muitos anos de anteced\u00eancia, o que aconteceu na madrugada desta quinta-feira 4 no Congresso Nacional. E enquanto a P\u00e1tria dormia distra\u00edda, ningu\u00e9m percebia que \u00e9ramos subtra\u00eddos em tenebrosas transa\u00e7\u00f5es. Um lado ruim da hist\u00f3ria: ao virar a madrugada em uma das mais prolongadas [&hellip;]\" \/>\n<meta property=\"og:url\" content=\"https:\/\/www.notibras.com\/site\/vai-passar-no-congresso-um-superavit-impopular-enquanto-a-patria-dorme-distraida-e-vitima-de-tenebrosas-transacoes\/\" \/>\n<meta property=\"og:site_name\" content=\"Notibras\" \/>\n<meta property=\"article:publisher\" content=\"https:\/\/www.facebook.com\/notibras\/\" \/>\n<meta property=\"article:published_time\" content=\"2014-12-04T10:51:57+00:00\" \/>\n<meta property=\"article:modified_time\" content=\"2014-12-05T02:09:03+00:00\" \/>\n<meta property=\"og:image\" content=\"https:\/\/www.notibras.com\/site\/wp-content\/uploads\/2014\/12\/camaravotogabrielakorossycamara.jpg\" \/>\n\t<meta property=\"og:image:width\" content=\"460\" \/>\n\t<meta property=\"og:image:height\" content=\"340\" \/>\n\t<meta property=\"og:image:type\" content=\"image\/jpeg\" \/>\n<meta name=\"author\" content=\"Reda\u00e7\u00e3o\" \/>\n<meta name=\"twitter:card\" content=\"summary_large_image\" \/>\n<meta name=\"twitter:creator\" content=\"@Notibras\" \/>\n<meta name=\"twitter:site\" content=\"@Notibras\" \/>\n<meta name=\"twitter:label1\" content=\"Escrito por\" \/>\n\t<meta name=\"twitter:data1\" content=\"Reda\u00e7\u00e3o\" \/>\n\t<meta name=\"twitter:label2\" content=\"Est. tempo de leitura\" \/>\n\t<meta name=\"twitter:data2\" content=\"3 minutos\" \/>\n<script type=\"application\/ld+json\" class=\"yoast-schema-graph\">{\"@context\":\"https:\/\/schema.org\",\"@graph\":[{\"@type\":\"Article\",\"@id\":\"https:\/\/www.notibras.com\/site\/vai-passar-no-congresso-um-superavit-impopular-enquanto-a-patria-dorme-distraida-e-vitima-de-tenebrosas-transacoes\/#article\",\"isPartOf\":{\"@id\":\"https:\/\/www.notibras.com\/site\/vai-passar-no-congresso-um-superavit-impopular-enquanto-a-patria-dorme-distraida-e-vitima-de-tenebrosas-transacoes\/\"},\"author\":{\"name\":\"Reda\u00e7\u00e3o\",\"@id\":\"https:\/\/www.notibras.com\/site\/#\/schema\/person\/36ab0979449956132d3e5b517ea76ac8\"},\"headline\":\"Vai passar um super\u00e1vit impopular enquanto a P\u00e1tria, lembra Chico, dorme distra\u00edda\",\"datePublished\":\"2014-12-04T10:51:57+00:00\",\"dateModified\":\"2014-12-05T02:09:03+00:00\",\"mainEntityOfPage\":{\"@id\":\"https:\/\/www.notibras.com\/site\/vai-passar-no-congresso-um-superavit-impopular-enquanto-a-patria-dorme-distraida-e-vitima-de-tenebrosas-transacoes\/\"},\"wordCount\":615,\"commentCount\":0,\"publisher\":{\"@id\":\"https:\/\/www.notibras.com\/site\/#organization\"},\"image\":{\"@id\":\"https:\/\/www.notibras.com\/site\/vai-passar-no-congresso-um-superavit-impopular-enquanto-a-patria-dorme-distraida-e-vitima-de-tenebrosas-transacoes\/#primaryimage\"},\"thumbnailUrl\":\"https:\/\/www.notibras.com\/site\/wp-content\/uploads\/2014\/12\/camaravotogabrielakorossycamara.jpg\",\"articleSection\":[\"Brasil\"],\"inLanguage\":\"pt-BR\",\"potentialAction\":[{\"@type\":\"CommentAction\",\"name\":\"Comment\",\"target\":[\"https:\/\/www.notibras.com\/site\/vai-passar-no-congresso-um-superavit-impopular-enquanto-a-patria-dorme-distraida-e-vitima-de-tenebrosas-transacoes\/#respond\"]}]},{\"@type\":\"WebPage\",\"@id\":\"https:\/\/www.notibras.com\/site\/vai-passar-no-congresso-um-superavit-impopular-enquanto-a-patria-dorme-distraida-e-vitima-de-tenebrosas-transacoes\/\",\"url\":\"https:\/\/www.notibras.com\/site\/vai-passar-no-congresso-um-superavit-impopular-enquanto-a-patria-dorme-distraida-e-vitima-de-tenebrosas-transacoes\/\",\"name\":\"Vai passar um super\u00e1vit impopular enquanto a P\u00e1tria, lembra Chico, dorme distra\u00edda - Notibras\",\"isPartOf\":{\"@id\":\"https:\/\/www.notibras.com\/site\/#website\"},\"primaryImageOfPage\":{\"@id\":\"https:\/\/www.notibras.com\/site\/vai-passar-no-congresso-um-superavit-impopular-enquanto-a-patria-dorme-distraida-e-vitima-de-tenebrosas-transacoes\/#primaryimage\"},\"image\":{\"@id\":\"https:\/\/www.notibras.com\/site\/vai-passar-no-congresso-um-superavit-impopular-enquanto-a-patria-dorme-distraida-e-vitima-de-tenebrosas-transacoes\/#primaryimage\"},\"thumbnailUrl\":\"https:\/\/www.notibras.com\/site\/wp-content\/uploads\/2014\/12\/camaravotogabrielakorossycamara.jpg\",\"datePublished\":\"2014-12-04T10:51:57+00:00\",\"dateModified\":\"2014-12-05T02:09:03+00:00\",\"breadcrumb\":{\"@id\":\"https:\/\/www.notibras.com\/site\/vai-passar-no-congresso-um-superavit-impopular-enquanto-a-patria-dorme-distraida-e-vitima-de-tenebrosas-transacoes\/#breadcrumb\"},\"inLanguage\":\"pt-BR\",\"potentialAction\":[{\"@type\":\"ReadAction\",\"target\":[\"https:\/\/www.notibras.com\/site\/vai-passar-no-congresso-um-superavit-impopular-enquanto-a-patria-dorme-distraida-e-vitima-de-tenebrosas-transacoes\/\"]}]},{\"@type\":\"ImageObject\",\"inLanguage\":\"pt-BR\",\"@id\":\"https:\/\/www.notibras.com\/site\/vai-passar-no-congresso-um-superavit-impopular-enquanto-a-patria-dorme-distraida-e-vitima-de-tenebrosas-transacoes\/#primaryimage\",\"url\":\"https:\/\/www.notibras.com\/site\/wp-content\/uploads\/2014\/12\/camaravotogabrielakorossycamara.jpg\",\"contentUrl\":\"https:\/\/www.notibras.com\/site\/wp-content\/uploads\/2014\/12\/camaravotogabrielakorossycamara.jpg\",\"width\":460,\"height\":340},{\"@type\":\"BreadcrumbList\",\"@id\":\"https:\/\/www.notibras.com\/site\/vai-passar-no-congresso-um-superavit-impopular-enquanto-a-patria-dorme-distraida-e-vitima-de-tenebrosas-transacoes\/#breadcrumb\",\"itemListElement\":[{\"@type\":\"ListItem\",\"position\":1,\"name\":\"In\u00edcio\",\"item\":\"https:\/\/www.notibras.com\/site\/\"},{\"@type\":\"ListItem\",\"position\":2,\"name\":\"Vai passar um super\u00e1vit impopular enquanto a P\u00e1tria, lembra Chico, dorme distra\u00edda\"}]},{\"@type\":\"WebSite\",\"@id\":\"https:\/\/www.notibras.com\/site\/#website\",\"url\":\"https:\/\/www.notibras.com\/site\/\",\"name\":\"Notibras\",\"description\":\"Not\u00edcias de Bras\u00edlia, do Brasil e do Mundo\",\"publisher\":{\"@id\":\"https:\/\/www.notibras.com\/site\/#organization\"},\"potentialAction\":[{\"@type\":\"SearchAction\",\"target\":{\"@type\":\"EntryPoint\",\"urlTemplate\":\"https:\/\/www.notibras.com\/site\/?s={search_term_string}\"},\"query-input\":{\"@type\":\"PropertyValueSpecification\",\"valueRequired\":true,\"valueName\":\"search_term_string\"}}],\"inLanguage\":\"pt-BR\"},{\"@type\":\"Organization\",\"@id\":\"https:\/\/www.notibras.com\/site\/#organization\",\"name\":\"Grupo Notibras de Comunica\u00e7\u00e3o\",\"url\":\"https:\/\/www.notibras.com\/site\/\",\"logo\":{\"@type\":\"ImageObject\",\"inLanguage\":\"pt-BR\",\"@id\":\"https:\/\/www.notibras.com\/site\/#\/schema\/logo\/image\/\",\"url\":\"https:\/\/www.notibras.com\/site\/wp-content\/uploads\/2023\/01\/notibras23.png\",\"contentUrl\":\"https:\/\/www.notibras.com\/site\/wp-content\/uploads\/2023\/01\/notibras23.png\",\"width\":350,\"height\":87,\"caption\":\"Grupo Notibras de Comunica\u00e7\u00e3o\"},\"image\":{\"@id\":\"https:\/\/www.notibras.com\/site\/#\/schema\/logo\/image\/\"},\"sameAs\":[\"https:\/\/www.facebook.com\/notibras\/\",\"https:\/\/x.com\/Notibras\",\"https:\/\/www.instagram.com\/notibras\/\"]},{\"@type\":\"Person\",\"@id\":\"https:\/\/www.notibras.com\/site\/#\/schema\/person\/36ab0979449956132d3e5b517ea76ac8\",\"name\":\"Reda\u00e7\u00e3o\",\"image\":{\"@type\":\"ImageObject\",\"inLanguage\":\"pt-BR\",\"@id\":\"https:\/\/secure.gravatar.com\/avatar\/e0a867bdedb85fd243eadf09663511f96fc81e0720a4a42581f334ad4303aa6b?s=96&d=mm&r=g\",\"url\":\"https:\/\/secure.gravatar.com\/avatar\/e0a867bdedb85fd243eadf09663511f96fc81e0720a4a42581f334ad4303aa6b?s=96&d=mm&r=g\",\"contentUrl\":\"https:\/\/secure.gravatar.com\/avatar\/e0a867bdedb85fd243eadf09663511f96fc81e0720a4a42581f334ad4303aa6b?s=96&d=mm&r=g\",\"caption\":\"Reda\u00e7\u00e3o\"}}]}<\/script>\n<!-- \/ Yoast SEO plugin. -->","yoast_head_json":{"title":"Vai passar um super\u00e1vit impopular enquanto a P\u00e1tria, lembra Chico, dorme distra\u00edda - Notibras","robots":{"index":"index","follow":"follow","max-snippet":"max-snippet:-1","max-image-preview":"max-image-preview:large","max-video-preview":"max-video-preview:-1"},"canonical":"https:\/\/www.notibras.com\/site\/vai-passar-no-congresso-um-superavit-impopular-enquanto-a-patria-dorme-distraida-e-vitima-de-tenebrosas-transacoes\/","og_locale":"pt_BR","og_type":"article","og_title":"Vai passar um super\u00e1vit impopular enquanto a P\u00e1tria, lembra Chico, dorme distra\u00edda - Notibras","og_description":"Chico Buarque se fez Nostradamus. Vai passar. Letra e m\u00fasica anunciavam, com muitos anos de anteced\u00eancia, o que aconteceu na madrugada desta quinta-feira 4 no Congresso Nacional. E enquanto a P\u00e1tria dormia distra\u00edda, ningu\u00e9m percebia que \u00e9ramos subtra\u00eddos em tenebrosas transa\u00e7\u00f5es. Um lado ruim da hist\u00f3ria: ao virar a madrugada em uma das mais prolongadas [&hellip;]","og_url":"https:\/\/www.notibras.com\/site\/vai-passar-no-congresso-um-superavit-impopular-enquanto-a-patria-dorme-distraida-e-vitima-de-tenebrosas-transacoes\/","og_site_name":"Notibras","article_publisher":"https:\/\/www.facebook.com\/notibras\/","article_published_time":"2014-12-04T10:51:57+00:00","article_modified_time":"2014-12-05T02:09:03+00:00","og_image":[{"width":460,"height":340,"url":"https:\/\/www.notibras.com\/site\/wp-content\/uploads\/2014\/12\/camaravotogabrielakorossycamara.jpg","type":"image\/jpeg"}],"author":"Reda\u00e7\u00e3o","twitter_card":"summary_large_image","twitter_creator":"@Notibras","twitter_site":"@Notibras","twitter_misc":{"Escrito por":"Reda\u00e7\u00e3o","Est. tempo de leitura":"3 minutos"},"schema":{"@context":"https:\/\/schema.org","@graph":[{"@type":"Article","@id":"https:\/\/www.notibras.com\/site\/vai-passar-no-congresso-um-superavit-impopular-enquanto-a-patria-dorme-distraida-e-vitima-de-tenebrosas-transacoes\/#article","isPartOf":{"@id":"https:\/\/www.notibras.com\/site\/vai-passar-no-congresso-um-superavit-impopular-enquanto-a-patria-dorme-distraida-e-vitima-de-tenebrosas-transacoes\/"},"author":{"name":"Reda\u00e7\u00e3o","@id":"https:\/\/www.notibras.com\/site\/#\/schema\/person\/36ab0979449956132d3e5b517ea76ac8"},"headline":"Vai passar um super\u00e1vit impopular enquanto a P\u00e1tria, lembra Chico, dorme distra\u00edda","datePublished":"2014-12-04T10:51:57+00:00","dateModified":"2014-12-05T02:09:03+00:00","mainEntityOfPage":{"@id":"https:\/\/www.notibras.com\/site\/vai-passar-no-congresso-um-superavit-impopular-enquanto-a-patria-dorme-distraida-e-vitima-de-tenebrosas-transacoes\/"},"wordCount":615,"commentCount":0,"publisher":{"@id":"https:\/\/www.notibras.com\/site\/#organization"},"image":{"@id":"https:\/\/www.notibras.com\/site\/vai-passar-no-congresso-um-superavit-impopular-enquanto-a-patria-dorme-distraida-e-vitima-de-tenebrosas-transacoes\/#primaryimage"},"thumbnailUrl":"https:\/\/www.notibras.com\/site\/wp-content\/uploads\/2014\/12\/camaravotogabrielakorossycamara.jpg","articleSection":["Brasil"],"inLanguage":"pt-BR","potentialAction":[{"@type":"CommentAction","name":"Comment","target":["https:\/\/www.notibras.com\/site\/vai-passar-no-congresso-um-superavit-impopular-enquanto-a-patria-dorme-distraida-e-vitima-de-tenebrosas-transacoes\/#respond"]}]},{"@type":"WebPage","@id":"https:\/\/www.notibras.com\/site\/vai-passar-no-congresso-um-superavit-impopular-enquanto-a-patria-dorme-distraida-e-vitima-de-tenebrosas-transacoes\/","url":"https:\/\/www.notibras.com\/site\/vai-passar-no-congresso-um-superavit-impopular-enquanto-a-patria-dorme-distraida-e-vitima-de-tenebrosas-transacoes\/","name":"Vai passar um super\u00e1vit impopular enquanto a P\u00e1tria, lembra Chico, dorme distra\u00edda - Notibras","isPartOf":{"@id":"https:\/\/www.notibras.com\/site\/#website"},"primaryImageOfPage":{"@id":"https:\/\/www.notibras.com\/site\/vai-passar-no-congresso-um-superavit-impopular-enquanto-a-patria-dorme-distraida-e-vitima-de-tenebrosas-transacoes\/#primaryimage"},"image":{"@id":"https:\/\/www.notibras.com\/site\/vai-passar-no-congresso-um-superavit-impopular-enquanto-a-patria-dorme-distraida-e-vitima-de-tenebrosas-transacoes\/#primaryimage"},"thumbnailUrl":"https:\/\/www.notibras.com\/site\/wp-content\/uploads\/2014\/12\/camaravotogabrielakorossycamara.jpg","datePublished":"2014-12-04T10:51:57+00:00","dateModified":"2014-12-05T02:09:03+00:00","breadcrumb":{"@id":"https:\/\/www.notibras.com\/site\/vai-passar-no-congresso-um-superavit-impopular-enquanto-a-patria-dorme-distraida-e-vitima-de-tenebrosas-transacoes\/#breadcrumb"},"inLanguage":"pt-BR","potentialAction":[{"@type":"ReadAction","target":["https:\/\/www.notibras.com\/site\/vai-passar-no-congresso-um-superavit-impopular-enquanto-a-patria-dorme-distraida-e-vitima-de-tenebrosas-transacoes\/"]}]},{"@type":"ImageObject","inLanguage":"pt-BR","@id":"https:\/\/www.notibras.com\/site\/vai-passar-no-congresso-um-superavit-impopular-enquanto-a-patria-dorme-distraida-e-vitima-de-tenebrosas-transacoes\/#primaryimage","url":"https:\/\/www.notibras.com\/site\/wp-content\/uploads\/2014\/12\/camaravotogabrielakorossycamara.jpg","contentUrl":"https:\/\/www.notibras.com\/site\/wp-content\/uploads\/2014\/12\/camaravotogabrielakorossycamara.jpg","width":460,"height":340},{"@type":"BreadcrumbList","@id":"https:\/\/www.notibras.com\/site\/vai-passar-no-congresso-um-superavit-impopular-enquanto-a-patria-dorme-distraida-e-vitima-de-tenebrosas-transacoes\/#breadcrumb","itemListElement":[{"@type":"ListItem","position":1,"name":"In\u00edcio","item":"https:\/\/www.notibras.com\/site\/"},{"@type":"ListItem","position":2,"name":"Vai passar um super\u00e1vit impopular enquanto a P\u00e1tria, lembra Chico, dorme distra\u00edda"}]},{"@type":"WebSite","@id":"https:\/\/www.notibras.com\/site\/#website","url":"https:\/\/www.notibras.com\/site\/","name":"Notibras","description":"Not\u00edcias de Bras\u00edlia, do Brasil e do Mundo","publisher":{"@id":"https:\/\/www.notibras.com\/site\/#organization"},"potentialAction":[{"@type":"SearchAction","target":{"@type":"EntryPoint","urlTemplate":"https:\/\/www.notibras.com\/site\/?s={search_term_string}"},"query-input":{"@type":"PropertyValueSpecification","valueRequired":true,"valueName":"search_term_string"}}],"inLanguage":"pt-BR"},{"@type":"Organization","@id":"https:\/\/www.notibras.com\/site\/#organization","name":"Grupo Notibras de Comunica\u00e7\u00e3o","url":"https:\/\/www.notibras.com\/site\/","logo":{"@type":"ImageObject","inLanguage":"pt-BR","@id":"https:\/\/www.notibras.com\/site\/#\/schema\/logo\/image\/","url":"https:\/\/www.notibras.com\/site\/wp-content\/uploads\/2023\/01\/notibras23.png","contentUrl":"https:\/\/www.notibras.com\/site\/wp-content\/uploads\/2023\/01\/notibras23.png","width":350,"height":87,"caption":"Grupo Notibras de Comunica\u00e7\u00e3o"},"image":{"@id":"https:\/\/www.notibras.com\/site\/#\/schema\/logo\/image\/"},"sameAs":["https:\/\/www.facebook.com\/notibras\/","https:\/\/x.com\/Notibras","https:\/\/www.instagram.com\/notibras\/"]},{"@type":"Person","@id":"https:\/\/www.notibras.com\/site\/#\/schema\/person\/36ab0979449956132d3e5b517ea76ac8","name":"Reda\u00e7\u00e3o","image":{"@type":"ImageObject","inLanguage":"pt-BR","@id":"https:\/\/secure.gravatar.com\/avatar\/e0a867bdedb85fd243eadf09663511f96fc81e0720a4a42581f334ad4303aa6b?s=96&d=mm&r=g","url":"https:\/\/secure.gravatar.com\/avatar\/e0a867bdedb85fd243eadf09663511f96fc81e0720a4a42581f334ad4303aa6b?s=96&d=mm&r=g","contentUrl":"https:\/\/secure.gravatar.com\/avatar\/e0a867bdedb85fd243eadf09663511f96fc81e0720a4a42581f334ad4303aa6b?s=96&d=mm&r=g","caption":"Reda\u00e7\u00e3o"}}]}},"amp_enabled":true,"_links":{"self":[{"href":"https:\/\/www.notibras.com\/site\/wp-json\/wp\/v2\/posts\/30251","targetHints":{"allow":["GET"]}}],"collection":[{"href":"https:\/\/www.notibras.com\/site\/wp-json\/wp\/v2\/posts"}],"about":[{"href":"https:\/\/www.notibras.com\/site\/wp-json\/wp\/v2\/types\/post"}],"author":[{"embeddable":true,"href":"https:\/\/www.notibras.com\/site\/wp-json\/wp\/v2\/users\/2"}],"replies":[{"embeddable":true,"href":"https:\/\/www.notibras.com\/site\/wp-json\/wp\/v2\/comments?post=30251"}],"version-history":[{"count":0,"href":"https:\/\/www.notibras.com\/site\/wp-json\/wp\/v2\/posts\/30251\/revisions"}],"wp:featuredmedia":[{"embeddable":true,"href":"https:\/\/www.notibras.com\/site\/wp-json\/wp\/v2\/media\/30252"}],"wp:attachment":[{"href":"https:\/\/www.notibras.com\/site\/wp-json\/wp\/v2\/media?parent=30251"}],"wp:term":[{"taxonomy":"category","embeddable":true,"href":"https:\/\/www.notibras.com\/site\/wp-json\/wp\/v2\/categories?post=30251"},{"taxonomy":"post_tag","embeddable":true,"href":"https:\/\/www.notibras.com\/site\/wp-json\/wp\/v2\/tags?post=30251"}],"curies":[{"name":"wp","href":"https:\/\/api.w.org\/{rel}","templated":true}]}}