{"id":302523,"date":"2023-04-06T17:20:26","date_gmt":"2023-04-06T20:20:26","guid":{"rendered":"https:\/\/www.notibras.com\/site\/?p=302523"},"modified":"2023-04-06T17:24:31","modified_gmt":"2023-04-06T20:24:31","slug":"amigo-e-iml-saem-de-cena-e-entra-o-jet-ski-de-alvaro","status":"publish","type":"post","link":"https:\/\/www.notibras.com\/site\/amigo-e-iml-saem-de-cena-e-entra-o-jet-ski-de-alvaro\/","title":{"rendered":"Amigo e IML saem de cena e entra o jet ski de \u00c1lvaro"},"content":{"rendered":"<p>\u00c1lvaro, como de costume, acordou bem cedo e fez um desjejum recheado de frutas e cereais com leite tipo A. Com pouco mais de 60 anos, ainda mantinha um corpo muito mais saud\u00e1vel que a maioria dos seus amigos, quase todos ostentando barrigas proeminentes. Vaidoso como ele s\u00f3, fazia quest\u00e3o de se exercitar na pequena academia ali mesmo na sua luxuosa mans\u00e3o na Pen\u00ednsula do Lago Norte.<\/p>\n<p>Aposentado h\u00e1 poucos anos, comprou um jet ski e, n\u00e3o demorou, se apaixonou pelo esporte n\u00e1utico. Tanto \u00e9 que, logo ap\u00f3s fazer sua gin\u00e1stica matinal, l\u00e1 ia o \u00c1lvaro para o pequeno cais da sua propriedade em frente ao lago Parano\u00e1.<\/p>\n<p>Acomodava-se no jet ski, ligava o motor, olhava a imensid\u00e3o ao seu redor e partia como se fosse um bad boy querendo impressionar as meninas, que, \u00e0quela hora do dia, deveriam estar todas dormindo.<\/p>\n<p>N\u00e3o demorou, o homem, a despeito da roupa de neoprene, ficou todo encharcado. Mas nada que o incomodasse, pois a adrenalina corria em suas veias.<\/p>\n<p>\u00c1lvaro, de t\u00e3o empolgado, chegava a fazer coment\u00e1rios sobre as pr\u00f3prias manobras, como se estivesse em um campeonato. Quem o visse naquele momento diria que se tratava de mais um dos in\u00fameros meninos crescidos da alta sociedade da capital.<\/p>\n<p>Depois de quase duas horas naquelas idas e vindas, \u00c1lvaro come\u00e7ou a sentir cansa\u00e7o. Mesmo assim, quis fazer uma \u00faltima manobra, at\u00e9 que observou o n\u00edvel do combust\u00edvel. Estava baixo. T\u00e3o baixo que, talvez, n\u00e3o fosse poss\u00edvel nem retornar para o cais.<\/p>\n<p>Convencido de que voltar era o melhor a se fazer, \u00c1lvaro ficou de p\u00e9 no jet ski. Olhou ao redor e, sem pensar, deu um mergulho. Os minutos se seguiram, mas nada do homem retornar \u00e0 superf\u00edcie. N\u00e3o retornou.<\/p>\n<p><strong>*Sexta, 7, quinto cap\u00edtulo deste delicioso folhetim<\/strong><\/p>\n","protected":false},"excerpt":{"rendered":"<p>\u00c1lvaro, como de costume, acordou bem cedo e fez um desjejum recheado de frutas e cereais com leite tipo A. Com pouco mais de 60 anos, ainda mantinha um corpo muito mais saud\u00e1vel que a maioria dos seus amigos, quase todos ostentando barrigas proeminentes. Vaidoso como ele s\u00f3, fazia quest\u00e3o de se exercitar na pequena [&hellip;]<\/p>\n","protected":false},"author":2,"featured_media":302524,"comment_status":"closed","ping_status":"closed","sticky":false,"template":"","format":"standard","meta":{"_acf_changed":false,"footnotes":""},"categories":[161],"tags":[],"class_list":["post-302523","post","type-post","status-publish","format-standard","has-post-thumbnail","hentry","category-quadradinho-em-foco"],"acf":[],"yoast_head":"<!-- This site is optimized with the Yoast SEO plugin v27.2 - https:\/\/yoast.com\/product\/yoast-seo-wordpress\/ -->\n<title>Amigo e IML saem de cena e entra o jet ski de \u00c1lvaro - Notibras<\/title>\n<meta name=\"robots\" content=\"index, follow, max-snippet:-1, max-image-preview:large, max-video-preview:-1\" \/>\n<link rel=\"canonical\" href=\"https:\/\/www.notibras.com\/site\/amigo-e-iml-saem-de-cena-e-entra-o-jet-ski-de-alvaro\/\" \/>\n<meta property=\"og:locale\" content=\"pt_BR\" \/>\n<meta property=\"og:type\" content=\"article\" \/>\n<meta property=\"og:title\" content=\"Amigo e IML saem de cena e entra o jet ski de \u00c1lvaro - Notibras\" \/>\n<meta property=\"og:description\" content=\"\u00c1lvaro, como de costume, acordou bem cedo e fez um desjejum recheado de frutas e cereais com leite tipo A. Com pouco mais de 60 anos, ainda mantinha um corpo muito mais saud\u00e1vel que a maioria dos seus amigos, quase todos ostentando barrigas proeminentes. Vaidoso como ele s\u00f3, fazia quest\u00e3o de se exercitar na pequena [&hellip;]\" \/>\n<meta property=\"og:url\" content=\"https:\/\/www.notibras.com\/site\/amigo-e-iml-saem-de-cena-e-entra-o-jet-ski-de-alvaro\/\" \/>\n<meta property=\"og:site_name\" content=\"Notibras\" \/>\n<meta property=\"article:publisher\" content=\"https:\/\/www.facebook.com\/notibras\/\" \/>\n<meta property=\"article:published_time\" content=\"2023-04-06T20:20:26+00:00\" \/>\n<meta property=\"article:modified_time\" content=\"2023-04-06T20:24:31+00:00\" \/>\n<meta property=\"og:image\" content=\"https:\/\/www.notibras.com\/site\/wp-content\/uploads\/2023\/04\/jet-ski.png\" \/>\n\t<meta property=\"og:image:width\" content=\"512\" \/>\n\t<meta property=\"og:image:height\" content=\"512\" \/>\n\t<meta property=\"og:image:type\" content=\"image\/png\" \/>\n<meta name=\"author\" content=\"Reda\u00e7\u00e3o\" \/>\n<meta name=\"twitter:card\" content=\"summary_large_image\" \/>\n<meta name=\"twitter:creator\" content=\"@Notibras\" \/>\n<meta name=\"twitter:site\" content=\"@Notibras\" \/>\n<meta name=\"twitter:label1\" content=\"Escrito por\" \/>\n\t<meta name=\"twitter:data1\" content=\"Reda\u00e7\u00e3o\" \/>\n\t<meta name=\"twitter:label2\" content=\"Est. tempo de leitura\" \/>\n\t<meta name=\"twitter:data2\" content=\"2 minutos\" \/>\n<script type=\"application\/ld+json\" class=\"yoast-schema-graph\">{\"@context\":\"https:\/\/schema.org\",\"@graph\":[{\"@type\":\"Article\",\"@id\":\"https:\/\/www.notibras.com\/site\/amigo-e-iml-saem-de-cena-e-entra-o-jet-ski-de-alvaro\/#article\",\"isPartOf\":{\"@id\":\"https:\/\/www.notibras.com\/site\/amigo-e-iml-saem-de-cena-e-entra-o-jet-ski-de-alvaro\/\"},\"author\":{\"name\":\"Reda\u00e7\u00e3o\",\"@id\":\"https:\/\/www.notibras.com\/site\/#\/schema\/person\/36ab0979449956132d3e5b517ea76ac8\"},\"headline\":\"Amigo e IML saem de cena e entra o jet ski de \u00c1lvaro\",\"datePublished\":\"2023-04-06T20:20:26+00:00\",\"dateModified\":\"2023-04-06T20:24:31+00:00\",\"mainEntityOfPage\":{\"@id\":\"https:\/\/www.notibras.com\/site\/amigo-e-iml-saem-de-cena-e-entra-o-jet-ski-de-alvaro\/\"},\"wordCount\":327,\"publisher\":{\"@id\":\"https:\/\/www.notibras.com\/site\/#organization\"},\"image\":{\"@id\":\"https:\/\/www.notibras.com\/site\/amigo-e-iml-saem-de-cena-e-entra-o-jet-ski-de-alvaro\/#primaryimage\"},\"thumbnailUrl\":\"https:\/\/www.notibras.com\/site\/wp-content\/uploads\/2023\/04\/jet-ski.png\",\"articleSection\":[\"Quadradinho em Foco\"],\"inLanguage\":\"pt-BR\"},{\"@type\":\"WebPage\",\"@id\":\"https:\/\/www.notibras.com\/site\/amigo-e-iml-saem-de-cena-e-entra-o-jet-ski-de-alvaro\/\",\"url\":\"https:\/\/www.notibras.com\/site\/amigo-e-iml-saem-de-cena-e-entra-o-jet-ski-de-alvaro\/\",\"name\":\"Amigo e IML saem de cena e entra o jet ski de \u00c1lvaro - Notibras\",\"isPartOf\":{\"@id\":\"https:\/\/www.notibras.com\/site\/#website\"},\"primaryImageOfPage\":{\"@id\":\"https:\/\/www.notibras.com\/site\/amigo-e-iml-saem-de-cena-e-entra-o-jet-ski-de-alvaro\/#primaryimage\"},\"image\":{\"@id\":\"https:\/\/www.notibras.com\/site\/amigo-e-iml-saem-de-cena-e-entra-o-jet-ski-de-alvaro\/#primaryimage\"},\"thumbnailUrl\":\"https:\/\/www.notibras.com\/site\/wp-content\/uploads\/2023\/04\/jet-ski.png\",\"datePublished\":\"2023-04-06T20:20:26+00:00\",\"dateModified\":\"2023-04-06T20:24:31+00:00\",\"breadcrumb\":{\"@id\":\"https:\/\/www.notibras.com\/site\/amigo-e-iml-saem-de-cena-e-entra-o-jet-ski-de-alvaro\/#breadcrumb\"},\"inLanguage\":\"pt-BR\",\"potentialAction\":[{\"@type\":\"ReadAction\",\"target\":[\"https:\/\/www.notibras.com\/site\/amigo-e-iml-saem-de-cena-e-entra-o-jet-ski-de-alvaro\/\"]}]},{\"@type\":\"ImageObject\",\"inLanguage\":\"pt-BR\",\"@id\":\"https:\/\/www.notibras.com\/site\/amigo-e-iml-saem-de-cena-e-entra-o-jet-ski-de-alvaro\/#primaryimage\",\"url\":\"https:\/\/www.notibras.com\/site\/wp-content\/uploads\/2023\/04\/jet-ski.png\",\"contentUrl\":\"https:\/\/www.notibras.com\/site\/wp-content\/uploads\/2023\/04\/jet-ski.png\",\"width\":512,\"height\":512},{\"@type\":\"BreadcrumbList\",\"@id\":\"https:\/\/www.notibras.com\/site\/amigo-e-iml-saem-de-cena-e-entra-o-jet-ski-de-alvaro\/#breadcrumb\",\"itemListElement\":[{\"@type\":\"ListItem\",\"position\":1,\"name\":\"In\u00edcio\",\"item\":\"https:\/\/www.notibras.com\/site\/\"},{\"@type\":\"ListItem\",\"position\":2,\"name\":\"Amigo e IML saem de cena e entra o jet ski de \u00c1lvaro\"}]},{\"@type\":\"WebSite\",\"@id\":\"https:\/\/www.notibras.com\/site\/#website\",\"url\":\"https:\/\/www.notibras.com\/site\/\",\"name\":\"Notibras\",\"description\":\"Not\u00edcias de Bras\u00edlia, do Brasil e do Mundo\",\"publisher\":{\"@id\":\"https:\/\/www.notibras.com\/site\/#organization\"},\"potentialAction\":[{\"@type\":\"SearchAction\",\"target\":{\"@type\":\"EntryPoint\",\"urlTemplate\":\"https:\/\/www.notibras.com\/site\/?s={search_term_string}\"},\"query-input\":{\"@type\":\"PropertyValueSpecification\",\"valueRequired\":true,\"valueName\":\"search_term_string\"}}],\"inLanguage\":\"pt-BR\"},{\"@type\":\"Organization\",\"@id\":\"https:\/\/www.notibras.com\/site\/#organization\",\"name\":\"Grupo Notibras de Comunica\u00e7\u00e3o\",\"url\":\"https:\/\/www.notibras.com\/site\/\",\"logo\":{\"@type\":\"ImageObject\",\"inLanguage\":\"pt-BR\",\"@id\":\"https:\/\/www.notibras.com\/site\/#\/schema\/logo\/image\/\",\"url\":\"https:\/\/www.notibras.com\/site\/wp-content\/uploads\/2023\/01\/notibras23.png\",\"contentUrl\":\"https:\/\/www.notibras.com\/site\/wp-content\/uploads\/2023\/01\/notibras23.png\",\"width\":350,\"height\":87,\"caption\":\"Grupo Notibras de Comunica\u00e7\u00e3o\"},\"image\":{\"@id\":\"https:\/\/www.notibras.com\/site\/#\/schema\/logo\/image\/\"},\"sameAs\":[\"https:\/\/www.facebook.com\/notibras\/\",\"https:\/\/x.com\/Notibras\",\"https:\/\/www.instagram.com\/notibras\/\"]},{\"@type\":\"Person\",\"@id\":\"https:\/\/www.notibras.com\/site\/#\/schema\/person\/36ab0979449956132d3e5b517ea76ac8\",\"name\":\"Reda\u00e7\u00e3o\",\"image\":{\"@type\":\"ImageObject\",\"inLanguage\":\"pt-BR\",\"@id\":\"https:\/\/secure.gravatar.com\/avatar\/e0a867bdedb85fd243eadf09663511f96fc81e0720a4a42581f334ad4303aa6b?s=96&d=mm&r=g\",\"url\":\"https:\/\/secure.gravatar.com\/avatar\/e0a867bdedb85fd243eadf09663511f96fc81e0720a4a42581f334ad4303aa6b?s=96&d=mm&r=g\",\"contentUrl\":\"https:\/\/secure.gravatar.com\/avatar\/e0a867bdedb85fd243eadf09663511f96fc81e0720a4a42581f334ad4303aa6b?s=96&d=mm&r=g\",\"caption\":\"Reda\u00e7\u00e3o\"}}]}<\/script>\n<!-- \/ Yoast SEO plugin. -->","yoast_head_json":{"title":"Amigo e IML saem de cena e entra o jet ski de \u00c1lvaro - Notibras","robots":{"index":"index","follow":"follow","max-snippet":"max-snippet:-1","max-image-preview":"max-image-preview:large","max-video-preview":"max-video-preview:-1"},"canonical":"https:\/\/www.notibras.com\/site\/amigo-e-iml-saem-de-cena-e-entra-o-jet-ski-de-alvaro\/","og_locale":"pt_BR","og_type":"article","og_title":"Amigo e IML saem de cena e entra o jet ski de \u00c1lvaro - Notibras","og_description":"\u00c1lvaro, como de costume, acordou bem cedo e fez um desjejum recheado de frutas e cereais com leite tipo A. Com pouco mais de 60 anos, ainda mantinha um corpo muito mais saud\u00e1vel que a maioria dos seus amigos, quase todos ostentando barrigas proeminentes. Vaidoso como ele s\u00f3, fazia quest\u00e3o de se exercitar na pequena [&hellip;]","og_url":"https:\/\/www.notibras.com\/site\/amigo-e-iml-saem-de-cena-e-entra-o-jet-ski-de-alvaro\/","og_site_name":"Notibras","article_publisher":"https:\/\/www.facebook.com\/notibras\/","article_published_time":"2023-04-06T20:20:26+00:00","article_modified_time":"2023-04-06T20:24:31+00:00","og_image":[{"width":512,"height":512,"url":"https:\/\/www.notibras.com\/site\/wp-content\/uploads\/2023\/04\/jet-ski.png","type":"image\/png"}],"author":"Reda\u00e7\u00e3o","twitter_card":"summary_large_image","twitter_creator":"@Notibras","twitter_site":"@Notibras","twitter_misc":{"Escrito por":"Reda\u00e7\u00e3o","Est. tempo de leitura":"2 minutos"},"schema":{"@context":"https:\/\/schema.org","@graph":[{"@type":"Article","@id":"https:\/\/www.notibras.com\/site\/amigo-e-iml-saem-de-cena-e-entra-o-jet-ski-de-alvaro\/#article","isPartOf":{"@id":"https:\/\/www.notibras.com\/site\/amigo-e-iml-saem-de-cena-e-entra-o-jet-ski-de-alvaro\/"},"author":{"name":"Reda\u00e7\u00e3o","@id":"https:\/\/www.notibras.com\/site\/#\/schema\/person\/36ab0979449956132d3e5b517ea76ac8"},"headline":"Amigo e IML saem de cena e entra o jet ski de \u00c1lvaro","datePublished":"2023-04-06T20:20:26+00:00","dateModified":"2023-04-06T20:24:31+00:00","mainEntityOfPage":{"@id":"https:\/\/www.notibras.com\/site\/amigo-e-iml-saem-de-cena-e-entra-o-jet-ski-de-alvaro\/"},"wordCount":327,"publisher":{"@id":"https:\/\/www.notibras.com\/site\/#organization"},"image":{"@id":"https:\/\/www.notibras.com\/site\/amigo-e-iml-saem-de-cena-e-entra-o-jet-ski-de-alvaro\/#primaryimage"},"thumbnailUrl":"https:\/\/www.notibras.com\/site\/wp-content\/uploads\/2023\/04\/jet-ski.png","articleSection":["Quadradinho em Foco"],"inLanguage":"pt-BR"},{"@type":"WebPage","@id":"https:\/\/www.notibras.com\/site\/amigo-e-iml-saem-de-cena-e-entra-o-jet-ski-de-alvaro\/","url":"https:\/\/www.notibras.com\/site\/amigo-e-iml-saem-de-cena-e-entra-o-jet-ski-de-alvaro\/","name":"Amigo e IML saem de cena e entra o jet ski de \u00c1lvaro - Notibras","isPartOf":{"@id":"https:\/\/www.notibras.com\/site\/#website"},"primaryImageOfPage":{"@id":"https:\/\/www.notibras.com\/site\/amigo-e-iml-saem-de-cena-e-entra-o-jet-ski-de-alvaro\/#primaryimage"},"image":{"@id":"https:\/\/www.notibras.com\/site\/amigo-e-iml-saem-de-cena-e-entra-o-jet-ski-de-alvaro\/#primaryimage"},"thumbnailUrl":"https:\/\/www.notibras.com\/site\/wp-content\/uploads\/2023\/04\/jet-ski.png","datePublished":"2023-04-06T20:20:26+00:00","dateModified":"2023-04-06T20:24:31+00:00","breadcrumb":{"@id":"https:\/\/www.notibras.com\/site\/amigo-e-iml-saem-de-cena-e-entra-o-jet-ski-de-alvaro\/#breadcrumb"},"inLanguage":"pt-BR","potentialAction":[{"@type":"ReadAction","target":["https:\/\/www.notibras.com\/site\/amigo-e-iml-saem-de-cena-e-entra-o-jet-ski-de-alvaro\/"]}]},{"@type":"ImageObject","inLanguage":"pt-BR","@id":"https:\/\/www.notibras.com\/site\/amigo-e-iml-saem-de-cena-e-entra-o-jet-ski-de-alvaro\/#primaryimage","url":"https:\/\/www.notibras.com\/site\/wp-content\/uploads\/2023\/04\/jet-ski.png","contentUrl":"https:\/\/www.notibras.com\/site\/wp-content\/uploads\/2023\/04\/jet-ski.png","width":512,"height":512},{"@type":"BreadcrumbList","@id":"https:\/\/www.notibras.com\/site\/amigo-e-iml-saem-de-cena-e-entra-o-jet-ski-de-alvaro\/#breadcrumb","itemListElement":[{"@type":"ListItem","position":1,"name":"In\u00edcio","item":"https:\/\/www.notibras.com\/site\/"},{"@type":"ListItem","position":2,"name":"Amigo e IML saem de cena e entra o jet ski de \u00c1lvaro"}]},{"@type":"WebSite","@id":"https:\/\/www.notibras.com\/site\/#website","url":"https:\/\/www.notibras.com\/site\/","name":"Notibras","description":"Not\u00edcias de Bras\u00edlia, do Brasil e do Mundo","publisher":{"@id":"https:\/\/www.notibras.com\/site\/#organization"},"potentialAction":[{"@type":"SearchAction","target":{"@type":"EntryPoint","urlTemplate":"https:\/\/www.notibras.com\/site\/?s={search_term_string}"},"query-input":{"@type":"PropertyValueSpecification","valueRequired":true,"valueName":"search_term_string"}}],"inLanguage":"pt-BR"},{"@type":"Organization","@id":"https:\/\/www.notibras.com\/site\/#organization","name":"Grupo Notibras de Comunica\u00e7\u00e3o","url":"https:\/\/www.notibras.com\/site\/","logo":{"@type":"ImageObject","inLanguage":"pt-BR","@id":"https:\/\/www.notibras.com\/site\/#\/schema\/logo\/image\/","url":"https:\/\/www.notibras.com\/site\/wp-content\/uploads\/2023\/01\/notibras23.png","contentUrl":"https:\/\/www.notibras.com\/site\/wp-content\/uploads\/2023\/01\/notibras23.png","width":350,"height":87,"caption":"Grupo Notibras de Comunica\u00e7\u00e3o"},"image":{"@id":"https:\/\/www.notibras.com\/site\/#\/schema\/logo\/image\/"},"sameAs":["https:\/\/www.facebook.com\/notibras\/","https:\/\/x.com\/Notibras","https:\/\/www.instagram.com\/notibras\/"]},{"@type":"Person","@id":"https:\/\/www.notibras.com\/site\/#\/schema\/person\/36ab0979449956132d3e5b517ea76ac8","name":"Reda\u00e7\u00e3o","image":{"@type":"ImageObject","inLanguage":"pt-BR","@id":"https:\/\/secure.gravatar.com\/avatar\/e0a867bdedb85fd243eadf09663511f96fc81e0720a4a42581f334ad4303aa6b?s=96&d=mm&r=g","url":"https:\/\/secure.gravatar.com\/avatar\/e0a867bdedb85fd243eadf09663511f96fc81e0720a4a42581f334ad4303aa6b?s=96&d=mm&r=g","contentUrl":"https:\/\/secure.gravatar.com\/avatar\/e0a867bdedb85fd243eadf09663511f96fc81e0720a4a42581f334ad4303aa6b?s=96&d=mm&r=g","caption":"Reda\u00e7\u00e3o"}}]}},"amp_enabled":true,"_links":{"self":[{"href":"https:\/\/www.notibras.com\/site\/wp-json\/wp\/v2\/posts\/302523","targetHints":{"allow":["GET"]}}],"collection":[{"href":"https:\/\/www.notibras.com\/site\/wp-json\/wp\/v2\/posts"}],"about":[{"href":"https:\/\/www.notibras.com\/site\/wp-json\/wp\/v2\/types\/post"}],"author":[{"embeddable":true,"href":"https:\/\/www.notibras.com\/site\/wp-json\/wp\/v2\/users\/2"}],"replies":[{"embeddable":true,"href":"https:\/\/www.notibras.com\/site\/wp-json\/wp\/v2\/comments?post=302523"}],"version-history":[{"count":4,"href":"https:\/\/www.notibras.com\/site\/wp-json\/wp\/v2\/posts\/302523\/revisions"}],"predecessor-version":[{"id":302528,"href":"https:\/\/www.notibras.com\/site\/wp-json\/wp\/v2\/posts\/302523\/revisions\/302528"}],"wp:featuredmedia":[{"embeddable":true,"href":"https:\/\/www.notibras.com\/site\/wp-json\/wp\/v2\/media\/302524"}],"wp:attachment":[{"href":"https:\/\/www.notibras.com\/site\/wp-json\/wp\/v2\/media?parent=302523"}],"wp:term":[{"taxonomy":"category","embeddable":true,"href":"https:\/\/www.notibras.com\/site\/wp-json\/wp\/v2\/categories?post=302523"},{"taxonomy":"post_tag","embeddable":true,"href":"https:\/\/www.notibras.com\/site\/wp-json\/wp\/v2\/tags?post=302523"}],"curies":[{"name":"wp","href":"https:\/\/api.w.org\/{rel}","templated":true}]}}