{"id":302529,"date":"2023-04-06T17:52:50","date_gmt":"2023-04-06T20:52:50","guid":{"rendered":"https:\/\/www.notibras.com\/site\/?p=302529"},"modified":"2023-04-06T17:54:03","modified_gmt":"2023-04-06T20:54:03","slug":"cristiano-apresenta-brasilia-como-potencia-turistica-brasileira","status":"publish","type":"post","link":"https:\/\/www.notibras.com\/site\/cristiano-apresenta-brasilia-como-potencia-turistica-brasileira\/","title":{"rendered":"Cristiano apresenta Bras\u00edlia como pot\u00eancia tur\u00edstica brasileira"},"content":{"rendered":"<p>A vida do secret\u00e1rio de Turismo, Cristiano Ara\u00fajo, foi corrida nesta quinta, 6, v\u00e9spera de feriad\u00e3o, com a presen\u00e7a na 58\u00aa Reuni\u00e3o do Conselho Nacional de Turismo (CNT), sob o comando da ministra do Turismo e presidente do Conselho, Daniela Carneiro.<\/p>\n<p>\u201cUm dia de muita produtividade com presta\u00e7\u00f5es de contas dos 100 dias de gest\u00e3o. Uma oportunidade relevante para fazer um balan\u00e7o do setor e tra\u00e7ar um trabalho dando continuidade ao crescimento do turismo nacional\u201d, afirmou Cristiano ao cair da tarde.<\/p>\n<p>Um dos termos apresentados pelo secret\u00e1rio na reuni\u00e3o, destaca a necessidade de &#8216;dialogarmos sobre a import\u00e2ncia de Bras\u00edlia como pot\u00eancia do turismo nacional e a relev\u00e2ncia da Capital de todos os brasileiros&#8217;.<\/p>\n","protected":false},"excerpt":{"rendered":"<p>A vida do secret\u00e1rio de Turismo, Cristiano Ara\u00fajo, foi corrida nesta quinta, 6, v\u00e9spera de feriad\u00e3o, com a presen\u00e7a na 58\u00aa Reuni\u00e3o do Conselho Nacional de Turismo (CNT), sob o comando da ministra do Turismo e presidente do Conselho, Daniela Carneiro. \u201cUm dia de muita produtividade com presta\u00e7\u00f5es de contas dos 100 dias de gest\u00e3o. [&hellip;]<\/p>\n","protected":false},"author":2,"featured_media":302530,"comment_status":"closed","ping_status":"closed","sticky":false,"template":"","format":"standard","meta":{"_acf_changed":false,"footnotes":""},"categories":[1],"tags":[],"class_list":["post-302529","post","type-post","status-publish","format-standard","has-post-thumbnail","hentry","category-brasilia"],"acf":[],"yoast_head":"<!-- This site is optimized with the Yoast SEO plugin v27.2 - https:\/\/yoast.com\/product\/yoast-seo-wordpress\/ -->\n<title>Cristiano apresenta Bras\u00edlia como pot\u00eancia tur\u00edstica brasileira - Notibras<\/title>\n<meta name=\"robots\" content=\"index, follow, max-snippet:-1, max-image-preview:large, max-video-preview:-1\" \/>\n<link rel=\"canonical\" href=\"https:\/\/www.notibras.com\/site\/cristiano-apresenta-brasilia-como-potencia-turistica-brasileira\/\" \/>\n<meta property=\"og:locale\" content=\"pt_BR\" \/>\n<meta property=\"og:type\" content=\"article\" \/>\n<meta property=\"og:title\" content=\"Cristiano apresenta Bras\u00edlia como pot\u00eancia tur\u00edstica brasileira - Notibras\" \/>\n<meta property=\"og:description\" content=\"A vida do secret\u00e1rio de Turismo, Cristiano Ara\u00fajo, foi corrida nesta quinta, 6, v\u00e9spera de feriad\u00e3o, com a presen\u00e7a na 58\u00aa Reuni\u00e3o do Conselho Nacional de Turismo (CNT), sob o comando da ministra do Turismo e presidente do Conselho, Daniela Carneiro. \u201cUm dia de muita produtividade com presta\u00e7\u00f5es de contas dos 100 dias de gest\u00e3o. [&hellip;]\" \/>\n<meta property=\"og:url\" content=\"https:\/\/www.notibras.com\/site\/cristiano-apresenta-brasilia-como-potencia-turistica-brasileira\/\" \/>\n<meta property=\"og:site_name\" content=\"Notibras\" \/>\n<meta property=\"article:publisher\" content=\"https:\/\/www.facebook.com\/notibras\/\" \/>\n<meta property=\"article:published_time\" content=\"2023-04-06T20:52:50+00:00\" \/>\n<meta property=\"article:modified_time\" content=\"2023-04-06T20:54:03+00:00\" \/>\n<meta property=\"og:image\" content=\"https:\/\/www.notibras.com\/site\/wp-content\/uploads\/2023\/04\/3088225b-26e2-460b-a7f6-6f7943d44cfb.jpg\" \/>\n\t<meta property=\"og:image:width\" content=\"1600\" \/>\n\t<meta property=\"og:image:height\" content=\"1098\" \/>\n\t<meta property=\"og:image:type\" content=\"image\/jpeg\" \/>\n<meta name=\"author\" content=\"Reda\u00e7\u00e3o\" \/>\n<meta name=\"twitter:card\" content=\"summary_large_image\" \/>\n<meta name=\"twitter:creator\" content=\"@Notibras\" \/>\n<meta name=\"twitter:site\" content=\"@Notibras\" \/>\n<meta name=\"twitter:label1\" content=\"Escrito por\" \/>\n\t<meta name=\"twitter:data1\" content=\"Reda\u00e7\u00e3o\" \/>\n\t<meta name=\"twitter:label2\" content=\"Est. tempo de leitura\" \/>\n\t<meta name=\"twitter:data2\" content=\"1 minuto\" \/>\n<script type=\"application\/ld+json\" class=\"yoast-schema-graph\">{\"@context\":\"https:\/\/schema.org\",\"@graph\":[{\"@type\":\"Article\",\"@id\":\"https:\/\/www.notibras.com\/site\/cristiano-apresenta-brasilia-como-potencia-turistica-brasileira\/#article\",\"isPartOf\":{\"@id\":\"https:\/\/www.notibras.com\/site\/cristiano-apresenta-brasilia-como-potencia-turistica-brasileira\/\"},\"author\":{\"name\":\"Reda\u00e7\u00e3o\",\"@id\":\"https:\/\/www.notibras.com\/site\/#\/schema\/person\/36ab0979449956132d3e5b517ea76ac8\"},\"headline\":\"Cristiano apresenta Bras\u00edlia como pot\u00eancia tur\u00edstica brasileira\",\"datePublished\":\"2023-04-06T20:52:50+00:00\",\"dateModified\":\"2023-04-06T20:54:03+00:00\",\"mainEntityOfPage\":{\"@id\":\"https:\/\/www.notibras.com\/site\/cristiano-apresenta-brasilia-como-potencia-turistica-brasileira\/\"},\"wordCount\":136,\"publisher\":{\"@id\":\"https:\/\/www.notibras.com\/site\/#organization\"},\"image\":{\"@id\":\"https:\/\/www.notibras.com\/site\/cristiano-apresenta-brasilia-como-potencia-turistica-brasileira\/#primaryimage\"},\"thumbnailUrl\":\"https:\/\/www.notibras.com\/site\/wp-content\/uploads\/2023\/04\/3088225b-26e2-460b-a7f6-6f7943d44cfb.jpg\",\"articleSection\":[\"Bras\u00edlia\"],\"inLanguage\":\"pt-BR\"},{\"@type\":\"WebPage\",\"@id\":\"https:\/\/www.notibras.com\/site\/cristiano-apresenta-brasilia-como-potencia-turistica-brasileira\/\",\"url\":\"https:\/\/www.notibras.com\/site\/cristiano-apresenta-brasilia-como-potencia-turistica-brasileira\/\",\"name\":\"Cristiano apresenta Bras\u00edlia como pot\u00eancia tur\u00edstica brasileira - Notibras\",\"isPartOf\":{\"@id\":\"https:\/\/www.notibras.com\/site\/#website\"},\"primaryImageOfPage\":{\"@id\":\"https:\/\/www.notibras.com\/site\/cristiano-apresenta-brasilia-como-potencia-turistica-brasileira\/#primaryimage\"},\"image\":{\"@id\":\"https:\/\/www.notibras.com\/site\/cristiano-apresenta-brasilia-como-potencia-turistica-brasileira\/#primaryimage\"},\"thumbnailUrl\":\"https:\/\/www.notibras.com\/site\/wp-content\/uploads\/2023\/04\/3088225b-26e2-460b-a7f6-6f7943d44cfb.jpg\",\"datePublished\":\"2023-04-06T20:52:50+00:00\",\"dateModified\":\"2023-04-06T20:54:03+00:00\",\"breadcrumb\":{\"@id\":\"https:\/\/www.notibras.com\/site\/cristiano-apresenta-brasilia-como-potencia-turistica-brasileira\/#breadcrumb\"},\"inLanguage\":\"pt-BR\",\"potentialAction\":[{\"@type\":\"ReadAction\",\"target\":[\"https:\/\/www.notibras.com\/site\/cristiano-apresenta-brasilia-como-potencia-turistica-brasileira\/\"]}]},{\"@type\":\"ImageObject\",\"inLanguage\":\"pt-BR\",\"@id\":\"https:\/\/www.notibras.com\/site\/cristiano-apresenta-brasilia-como-potencia-turistica-brasileira\/#primaryimage\",\"url\":\"https:\/\/www.notibras.com\/site\/wp-content\/uploads\/2023\/04\/3088225b-26e2-460b-a7f6-6f7943d44cfb.jpg\",\"contentUrl\":\"https:\/\/www.notibras.com\/site\/wp-content\/uploads\/2023\/04\/3088225b-26e2-460b-a7f6-6f7943d44cfb.jpg\",\"width\":1600,\"height\":1098},{\"@type\":\"BreadcrumbList\",\"@id\":\"https:\/\/www.notibras.com\/site\/cristiano-apresenta-brasilia-como-potencia-turistica-brasileira\/#breadcrumb\",\"itemListElement\":[{\"@type\":\"ListItem\",\"position\":1,\"name\":\"In\u00edcio\",\"item\":\"https:\/\/www.notibras.com\/site\/\"},{\"@type\":\"ListItem\",\"position\":2,\"name\":\"Cristiano apresenta Bras\u00edlia como pot\u00eancia tur\u00edstica brasileira\"}]},{\"@type\":\"WebSite\",\"@id\":\"https:\/\/www.notibras.com\/site\/#website\",\"url\":\"https:\/\/www.notibras.com\/site\/\",\"name\":\"Notibras\",\"description\":\"Not\u00edcias de Bras\u00edlia, do Brasil e do Mundo\",\"publisher\":{\"@id\":\"https:\/\/www.notibras.com\/site\/#organization\"},\"potentialAction\":[{\"@type\":\"SearchAction\",\"target\":{\"@type\":\"EntryPoint\",\"urlTemplate\":\"https:\/\/www.notibras.com\/site\/?s={search_term_string}\"},\"query-input\":{\"@type\":\"PropertyValueSpecification\",\"valueRequired\":true,\"valueName\":\"search_term_string\"}}],\"inLanguage\":\"pt-BR\"},{\"@type\":\"Organization\",\"@id\":\"https:\/\/www.notibras.com\/site\/#organization\",\"name\":\"Grupo Notibras de Comunica\u00e7\u00e3o\",\"url\":\"https:\/\/www.notibras.com\/site\/\",\"logo\":{\"@type\":\"ImageObject\",\"inLanguage\":\"pt-BR\",\"@id\":\"https:\/\/www.notibras.com\/site\/#\/schema\/logo\/image\/\",\"url\":\"https:\/\/www.notibras.com\/site\/wp-content\/uploads\/2023\/01\/notibras23.png\",\"contentUrl\":\"https:\/\/www.notibras.com\/site\/wp-content\/uploads\/2023\/01\/notibras23.png\",\"width\":350,\"height\":87,\"caption\":\"Grupo Notibras de Comunica\u00e7\u00e3o\"},\"image\":{\"@id\":\"https:\/\/www.notibras.com\/site\/#\/schema\/logo\/image\/\"},\"sameAs\":[\"https:\/\/www.facebook.com\/notibras\/\",\"https:\/\/x.com\/Notibras\",\"https:\/\/www.instagram.com\/notibras\/\"]},{\"@type\":\"Person\",\"@id\":\"https:\/\/www.notibras.com\/site\/#\/schema\/person\/36ab0979449956132d3e5b517ea76ac8\",\"name\":\"Reda\u00e7\u00e3o\",\"image\":{\"@type\":\"ImageObject\",\"inLanguage\":\"pt-BR\",\"@id\":\"https:\/\/secure.gravatar.com\/avatar\/e0a867bdedb85fd243eadf09663511f96fc81e0720a4a42581f334ad4303aa6b?s=96&d=mm&r=g\",\"url\":\"https:\/\/secure.gravatar.com\/avatar\/e0a867bdedb85fd243eadf09663511f96fc81e0720a4a42581f334ad4303aa6b?s=96&d=mm&r=g\",\"contentUrl\":\"https:\/\/secure.gravatar.com\/avatar\/e0a867bdedb85fd243eadf09663511f96fc81e0720a4a42581f334ad4303aa6b?s=96&d=mm&r=g\",\"caption\":\"Reda\u00e7\u00e3o\"}}]}<\/script>\n<!-- \/ Yoast SEO plugin. -->","yoast_head_json":{"title":"Cristiano apresenta Bras\u00edlia como pot\u00eancia tur\u00edstica brasileira - Notibras","robots":{"index":"index","follow":"follow","max-snippet":"max-snippet:-1","max-image-preview":"max-image-preview:large","max-video-preview":"max-video-preview:-1"},"canonical":"https:\/\/www.notibras.com\/site\/cristiano-apresenta-brasilia-como-potencia-turistica-brasileira\/","og_locale":"pt_BR","og_type":"article","og_title":"Cristiano apresenta Bras\u00edlia como pot\u00eancia tur\u00edstica brasileira - Notibras","og_description":"A vida do secret\u00e1rio de Turismo, Cristiano Ara\u00fajo, foi corrida nesta quinta, 6, v\u00e9spera de feriad\u00e3o, com a presen\u00e7a na 58\u00aa Reuni\u00e3o do Conselho Nacional de Turismo (CNT), sob o comando da ministra do Turismo e presidente do Conselho, Daniela Carneiro. \u201cUm dia de muita produtividade com presta\u00e7\u00f5es de contas dos 100 dias de gest\u00e3o. [&hellip;]","og_url":"https:\/\/www.notibras.com\/site\/cristiano-apresenta-brasilia-como-potencia-turistica-brasileira\/","og_site_name":"Notibras","article_publisher":"https:\/\/www.facebook.com\/notibras\/","article_published_time":"2023-04-06T20:52:50+00:00","article_modified_time":"2023-04-06T20:54:03+00:00","og_image":[{"width":1600,"height":1098,"url":"https:\/\/www.notibras.com\/site\/wp-content\/uploads\/2023\/04\/3088225b-26e2-460b-a7f6-6f7943d44cfb.jpg","type":"image\/jpeg"}],"author":"Reda\u00e7\u00e3o","twitter_card":"summary_large_image","twitter_creator":"@Notibras","twitter_site":"@Notibras","twitter_misc":{"Escrito por":"Reda\u00e7\u00e3o","Est. tempo de leitura":"1 minuto"},"schema":{"@context":"https:\/\/schema.org","@graph":[{"@type":"Article","@id":"https:\/\/www.notibras.com\/site\/cristiano-apresenta-brasilia-como-potencia-turistica-brasileira\/#article","isPartOf":{"@id":"https:\/\/www.notibras.com\/site\/cristiano-apresenta-brasilia-como-potencia-turistica-brasileira\/"},"author":{"name":"Reda\u00e7\u00e3o","@id":"https:\/\/www.notibras.com\/site\/#\/schema\/person\/36ab0979449956132d3e5b517ea76ac8"},"headline":"Cristiano apresenta Bras\u00edlia como pot\u00eancia tur\u00edstica brasileira","datePublished":"2023-04-06T20:52:50+00:00","dateModified":"2023-04-06T20:54:03+00:00","mainEntityOfPage":{"@id":"https:\/\/www.notibras.com\/site\/cristiano-apresenta-brasilia-como-potencia-turistica-brasileira\/"},"wordCount":136,"publisher":{"@id":"https:\/\/www.notibras.com\/site\/#organization"},"image":{"@id":"https:\/\/www.notibras.com\/site\/cristiano-apresenta-brasilia-como-potencia-turistica-brasileira\/#primaryimage"},"thumbnailUrl":"https:\/\/www.notibras.com\/site\/wp-content\/uploads\/2023\/04\/3088225b-26e2-460b-a7f6-6f7943d44cfb.jpg","articleSection":["Bras\u00edlia"],"inLanguage":"pt-BR"},{"@type":"WebPage","@id":"https:\/\/www.notibras.com\/site\/cristiano-apresenta-brasilia-como-potencia-turistica-brasileira\/","url":"https:\/\/www.notibras.com\/site\/cristiano-apresenta-brasilia-como-potencia-turistica-brasileira\/","name":"Cristiano apresenta Bras\u00edlia como pot\u00eancia tur\u00edstica brasileira - Notibras","isPartOf":{"@id":"https:\/\/www.notibras.com\/site\/#website"},"primaryImageOfPage":{"@id":"https:\/\/www.notibras.com\/site\/cristiano-apresenta-brasilia-como-potencia-turistica-brasileira\/#primaryimage"},"image":{"@id":"https:\/\/www.notibras.com\/site\/cristiano-apresenta-brasilia-como-potencia-turistica-brasileira\/#primaryimage"},"thumbnailUrl":"https:\/\/www.notibras.com\/site\/wp-content\/uploads\/2023\/04\/3088225b-26e2-460b-a7f6-6f7943d44cfb.jpg","datePublished":"2023-04-06T20:52:50+00:00","dateModified":"2023-04-06T20:54:03+00:00","breadcrumb":{"@id":"https:\/\/www.notibras.com\/site\/cristiano-apresenta-brasilia-como-potencia-turistica-brasileira\/#breadcrumb"},"inLanguage":"pt-BR","potentialAction":[{"@type":"ReadAction","target":["https:\/\/www.notibras.com\/site\/cristiano-apresenta-brasilia-como-potencia-turistica-brasileira\/"]}]},{"@type":"ImageObject","inLanguage":"pt-BR","@id":"https:\/\/www.notibras.com\/site\/cristiano-apresenta-brasilia-como-potencia-turistica-brasileira\/#primaryimage","url":"https:\/\/www.notibras.com\/site\/wp-content\/uploads\/2023\/04\/3088225b-26e2-460b-a7f6-6f7943d44cfb.jpg","contentUrl":"https:\/\/www.notibras.com\/site\/wp-content\/uploads\/2023\/04\/3088225b-26e2-460b-a7f6-6f7943d44cfb.jpg","width":1600,"height":1098},{"@type":"BreadcrumbList","@id":"https:\/\/www.notibras.com\/site\/cristiano-apresenta-brasilia-como-potencia-turistica-brasileira\/#breadcrumb","itemListElement":[{"@type":"ListItem","position":1,"name":"In\u00edcio","item":"https:\/\/www.notibras.com\/site\/"},{"@type":"ListItem","position":2,"name":"Cristiano apresenta Bras\u00edlia como pot\u00eancia tur\u00edstica brasileira"}]},{"@type":"WebSite","@id":"https:\/\/www.notibras.com\/site\/#website","url":"https:\/\/www.notibras.com\/site\/","name":"Notibras","description":"Not\u00edcias de Bras\u00edlia, do Brasil e do Mundo","publisher":{"@id":"https:\/\/www.notibras.com\/site\/#organization"},"potentialAction":[{"@type":"SearchAction","target":{"@type":"EntryPoint","urlTemplate":"https:\/\/www.notibras.com\/site\/?s={search_term_string}"},"query-input":{"@type":"PropertyValueSpecification","valueRequired":true,"valueName":"search_term_string"}}],"inLanguage":"pt-BR"},{"@type":"Organization","@id":"https:\/\/www.notibras.com\/site\/#organization","name":"Grupo Notibras de Comunica\u00e7\u00e3o","url":"https:\/\/www.notibras.com\/site\/","logo":{"@type":"ImageObject","inLanguage":"pt-BR","@id":"https:\/\/www.notibras.com\/site\/#\/schema\/logo\/image\/","url":"https:\/\/www.notibras.com\/site\/wp-content\/uploads\/2023\/01\/notibras23.png","contentUrl":"https:\/\/www.notibras.com\/site\/wp-content\/uploads\/2023\/01\/notibras23.png","width":350,"height":87,"caption":"Grupo Notibras de Comunica\u00e7\u00e3o"},"image":{"@id":"https:\/\/www.notibras.com\/site\/#\/schema\/logo\/image\/"},"sameAs":["https:\/\/www.facebook.com\/notibras\/","https:\/\/x.com\/Notibras","https:\/\/www.instagram.com\/notibras\/"]},{"@type":"Person","@id":"https:\/\/www.notibras.com\/site\/#\/schema\/person\/36ab0979449956132d3e5b517ea76ac8","name":"Reda\u00e7\u00e3o","image":{"@type":"ImageObject","inLanguage":"pt-BR","@id":"https:\/\/secure.gravatar.com\/avatar\/e0a867bdedb85fd243eadf09663511f96fc81e0720a4a42581f334ad4303aa6b?s=96&d=mm&r=g","url":"https:\/\/secure.gravatar.com\/avatar\/e0a867bdedb85fd243eadf09663511f96fc81e0720a4a42581f334ad4303aa6b?s=96&d=mm&r=g","contentUrl":"https:\/\/secure.gravatar.com\/avatar\/e0a867bdedb85fd243eadf09663511f96fc81e0720a4a42581f334ad4303aa6b?s=96&d=mm&r=g","caption":"Reda\u00e7\u00e3o"}}]}},"amp_enabled":true,"_links":{"self":[{"href":"https:\/\/www.notibras.com\/site\/wp-json\/wp\/v2\/posts\/302529","targetHints":{"allow":["GET"]}}],"collection":[{"href":"https:\/\/www.notibras.com\/site\/wp-json\/wp\/v2\/posts"}],"about":[{"href":"https:\/\/www.notibras.com\/site\/wp-json\/wp\/v2\/types\/post"}],"author":[{"embeddable":true,"href":"https:\/\/www.notibras.com\/site\/wp-json\/wp\/v2\/users\/2"}],"replies":[{"embeddable":true,"href":"https:\/\/www.notibras.com\/site\/wp-json\/wp\/v2\/comments?post=302529"}],"version-history":[{"count":2,"href":"https:\/\/www.notibras.com\/site\/wp-json\/wp\/v2\/posts\/302529\/revisions"}],"predecessor-version":[{"id":302532,"href":"https:\/\/www.notibras.com\/site\/wp-json\/wp\/v2\/posts\/302529\/revisions\/302532"}],"wp:featuredmedia":[{"embeddable":true,"href":"https:\/\/www.notibras.com\/site\/wp-json\/wp\/v2\/media\/302530"}],"wp:attachment":[{"href":"https:\/\/www.notibras.com\/site\/wp-json\/wp\/v2\/media?parent=302529"}],"wp:term":[{"taxonomy":"category","embeddable":true,"href":"https:\/\/www.notibras.com\/site\/wp-json\/wp\/v2\/categories?post=302529"},{"taxonomy":"post_tag","embeddable":true,"href":"https:\/\/www.notibras.com\/site\/wp-json\/wp\/v2\/tags?post=302529"}],"curies":[{"name":"wp","href":"https:\/\/api.w.org\/{rel}","templated":true}]}}