{"id":302555,"date":"2023-04-07T08:11:39","date_gmt":"2023-04-07T11:11:39","guid":{"rendered":"https:\/\/www.notibras.com\/site\/?p=302555"},"modified":"2023-04-07T11:56:47","modified_gmt":"2023-04-07T14:56:47","slug":"casal-ve-mochila-e-acha-corpo-vestido-com-neoprene","status":"publish","type":"post","link":"https:\/\/www.notibras.com\/site\/casal-ve-mochila-e-acha-corpo-vestido-com-neoprene\/","title":{"rendered":"Casal v\u00ea mochila e acha corpo vestido com neoprene"},"content":{"rendered":"<p>O desaparecimento de \u00c1lvaro foi logo percebido pela fam\u00edlia. O jet ski foi localizado quase no meio do lago Parano\u00e1. No entanto, nada do homem, que, todos sabiam, era um excelente nadador. Mas s\u00e3o justamente esses destemidos que costumam morrer afogados naquelas \u00e1guas.<\/p>\n<p>O Corpo de Bombeiros foi acionado. As buscas prosseguiram durante o resto da manh\u00e3 e percorreram toda a tarde. Nenhum sinal do desaparecido. At\u00e9 o comandante da corpora\u00e7\u00e3o estranhou o fato, pois no lago n\u00e3o havia correnteza que fosse capaz de levar o poss\u00edvel corpo sem vida para muito longe. Mesmo assim, aumentaram o per\u00edmetro das buscas. Nada.<\/p>\n<p>A Pol\u00edcia Civil entrou no caso, pois talvez se tratasse de crime. Um prov\u00e1vel sequestro. O desaparecido, que ganhara muito dinheiro ao longo da vida, possivelmente teria colecionado alguns desafetos. Afinal, como bem disse um<br \/>\ninvestigador da delegacia do Lago Norte, ningu\u00e9m ficava t\u00e3o rico sem pisar em calos alheios.<\/p>\n<p>Durante as investiga\u00e7\u00f5es, foi apontado um suspeito que havia trabalhado na casa do desparecido. Era o antigo jardineiro, que teria sido demitido por justa causa, segundo se noticiava. Francinaldo Pereira da Silva, esse era o nome do quase declarado autor do crime.<\/p>\n<p>O suspeito foi levado \u00e0 delegacia, onde teria sido espremido de formas nada ortodoxas. Mesmo assim, n\u00e3o se dobrou. Manteve a mesma hist\u00f3ria at\u00e9 que, por fim, o delegado se convenceu da sua inoc\u00eancia, haja vista a profus\u00e3o de provas que indicava que, no dia do sumi\u00e7o de \u00c1lvaro, Francinaldo estava trabalhando na resid\u00eancia do novo patr\u00e3o no Park Way.<\/p>\n<p>De t\u00e3o pressionada estava a Pol\u00edcia Civil, as investiga\u00e7\u00f5es apontavam para v\u00e1rias dire\u00e7\u00f5es. Mas isso tudo foi deixado de lado. \u00c9 que, naquela sexta-feira, durante um passeio ao longo do Parano\u00e1, um jovem casal avistou o que parecia ser uma mochila entre a vegeta\u00e7\u00e3o na margem.<\/p>\n<p>O rapaz entrou no lago e, com uma das m\u00e3os, tentou puxar aquele objeto. Acabou caindo sentado dentro d\u00b4\u00e1gua, momento em que teve uma vis\u00e3o do que era aquilo. Quase enfartou! Era o corpo de um homem com uma roupa preta de neoprene.<\/p>\n<p><strong>*S\u00e1bado, 8, o Cap\u00edtulo VI<\/strong><\/p>\n","protected":false},"excerpt":{"rendered":"<p>O desaparecimento de \u00c1lvaro foi logo percebido pela fam\u00edlia. O jet ski foi localizado quase no meio do lago Parano\u00e1. No entanto, nada do homem, que, todos sabiam, era um excelente nadador. Mas s\u00e3o justamente esses destemidos que costumam morrer afogados naquelas \u00e1guas. O Corpo de Bombeiros foi acionado. As buscas prosseguiram durante o resto [&hellip;]<\/p>\n","protected":false},"author":2,"featured_media":302556,"comment_status":"closed","ping_status":"closed","sticky":false,"template":"","format":"standard","meta":{"_acf_changed":false,"footnotes":""},"categories":[161],"tags":[95],"class_list":["post-302555","post","type-post","status-publish","format-standard","has-post-thumbnail","hentry","category-quadradinho-em-foco","tag-capa"],"acf":[],"yoast_head":"<!-- This site is optimized with the Yoast SEO plugin v27.2 - https:\/\/yoast.com\/product\/yoast-seo-wordpress\/ -->\n<title>Casal v\u00ea mochila e acha corpo vestido com neoprene - Notibras<\/title>\n<meta name=\"robots\" content=\"index, follow, max-snippet:-1, max-image-preview:large, max-video-preview:-1\" \/>\n<link rel=\"canonical\" href=\"https:\/\/www.notibras.com\/site\/casal-ve-mochila-e-acha-corpo-vestido-com-neoprene\/\" \/>\n<meta property=\"og:locale\" content=\"pt_BR\" \/>\n<meta property=\"og:type\" content=\"article\" \/>\n<meta property=\"og:title\" content=\"Casal v\u00ea mochila e acha corpo vestido com neoprene - Notibras\" \/>\n<meta property=\"og:description\" content=\"O desaparecimento de \u00c1lvaro foi logo percebido pela fam\u00edlia. O jet ski foi localizado quase no meio do lago Parano\u00e1. No entanto, nada do homem, que, todos sabiam, era um excelente nadador. Mas s\u00e3o justamente esses destemidos que costumam morrer afogados naquelas \u00e1guas. O Corpo de Bombeiros foi acionado. As buscas prosseguiram durante o resto [&hellip;]\" \/>\n<meta property=\"og:url\" content=\"https:\/\/www.notibras.com\/site\/casal-ve-mochila-e-acha-corpo-vestido-com-neoprene\/\" \/>\n<meta property=\"og:site_name\" content=\"Notibras\" \/>\n<meta property=\"article:publisher\" content=\"https:\/\/www.facebook.com\/notibras\/\" \/>\n<meta property=\"article:published_time\" content=\"2023-04-07T11:11:39+00:00\" \/>\n<meta property=\"article:modified_time\" content=\"2023-04-07T14:56:47+00:00\" \/>\n<meta property=\"og:image\" content=\"https:\/\/www.notibras.com\/site\/wp-content\/uploads\/2023\/04\/vista-andar-dois-liberdade_1150-1507.jpg\" \/>\n\t<meta property=\"og:image:width\" content=\"740\" \/>\n\t<meta property=\"og:image:height\" content=\"494\" \/>\n\t<meta property=\"og:image:type\" content=\"image\/jpeg\" \/>\n<meta name=\"author\" content=\"Reda\u00e7\u00e3o\" \/>\n<meta name=\"twitter:card\" content=\"summary_large_image\" \/>\n<meta name=\"twitter:creator\" content=\"@Notibras\" \/>\n<meta name=\"twitter:site\" content=\"@Notibras\" \/>\n<meta name=\"twitter:label1\" content=\"Escrito por\" \/>\n\t<meta name=\"twitter:data1\" content=\"Reda\u00e7\u00e3o\" \/>\n\t<meta name=\"twitter:label2\" content=\"Est. tempo de leitura\" \/>\n\t<meta name=\"twitter:data2\" content=\"2 minutos\" \/>\n<script type=\"application\/ld+json\" class=\"yoast-schema-graph\">{\"@context\":\"https:\/\/schema.org\",\"@graph\":[{\"@type\":\"Article\",\"@id\":\"https:\/\/www.notibras.com\/site\/casal-ve-mochila-e-acha-corpo-vestido-com-neoprene\/#article\",\"isPartOf\":{\"@id\":\"https:\/\/www.notibras.com\/site\/casal-ve-mochila-e-acha-corpo-vestido-com-neoprene\/\"},\"author\":{\"name\":\"Reda\u00e7\u00e3o\",\"@id\":\"https:\/\/www.notibras.com\/site\/#\/schema\/person\/36ab0979449956132d3e5b517ea76ac8\"},\"headline\":\"Casal v\u00ea mochila e acha corpo vestido com neoprene\",\"datePublished\":\"2023-04-07T11:11:39+00:00\",\"dateModified\":\"2023-04-07T14:56:47+00:00\",\"mainEntityOfPage\":{\"@id\":\"https:\/\/www.notibras.com\/site\/casal-ve-mochila-e-acha-corpo-vestido-com-neoprene\/\"},\"wordCount\":382,\"publisher\":{\"@id\":\"https:\/\/www.notibras.com\/site\/#organization\"},\"image\":{\"@id\":\"https:\/\/www.notibras.com\/site\/casal-ve-mochila-e-acha-corpo-vestido-com-neoprene\/#primaryimage\"},\"thumbnailUrl\":\"https:\/\/www.notibras.com\/site\/wp-content\/uploads\/2023\/04\/vista-andar-dois-liberdade_1150-1507.jpg\",\"keywords\":[\"capa\"],\"articleSection\":[\"Quadradinho em Foco\"],\"inLanguage\":\"pt-BR\"},{\"@type\":\"WebPage\",\"@id\":\"https:\/\/www.notibras.com\/site\/casal-ve-mochila-e-acha-corpo-vestido-com-neoprene\/\",\"url\":\"https:\/\/www.notibras.com\/site\/casal-ve-mochila-e-acha-corpo-vestido-com-neoprene\/\",\"name\":\"Casal v\u00ea mochila e acha corpo vestido com neoprene - Notibras\",\"isPartOf\":{\"@id\":\"https:\/\/www.notibras.com\/site\/#website\"},\"primaryImageOfPage\":{\"@id\":\"https:\/\/www.notibras.com\/site\/casal-ve-mochila-e-acha-corpo-vestido-com-neoprene\/#primaryimage\"},\"image\":{\"@id\":\"https:\/\/www.notibras.com\/site\/casal-ve-mochila-e-acha-corpo-vestido-com-neoprene\/#primaryimage\"},\"thumbnailUrl\":\"https:\/\/www.notibras.com\/site\/wp-content\/uploads\/2023\/04\/vista-andar-dois-liberdade_1150-1507.jpg\",\"datePublished\":\"2023-04-07T11:11:39+00:00\",\"dateModified\":\"2023-04-07T14:56:47+00:00\",\"breadcrumb\":{\"@id\":\"https:\/\/www.notibras.com\/site\/casal-ve-mochila-e-acha-corpo-vestido-com-neoprene\/#breadcrumb\"},\"inLanguage\":\"pt-BR\",\"potentialAction\":[{\"@type\":\"ReadAction\",\"target\":[\"https:\/\/www.notibras.com\/site\/casal-ve-mochila-e-acha-corpo-vestido-com-neoprene\/\"]}]},{\"@type\":\"ImageObject\",\"inLanguage\":\"pt-BR\",\"@id\":\"https:\/\/www.notibras.com\/site\/casal-ve-mochila-e-acha-corpo-vestido-com-neoprene\/#primaryimage\",\"url\":\"https:\/\/www.notibras.com\/site\/wp-content\/uploads\/2023\/04\/vista-andar-dois-liberdade_1150-1507.jpg\",\"contentUrl\":\"https:\/\/www.notibras.com\/site\/wp-content\/uploads\/2023\/04\/vista-andar-dois-liberdade_1150-1507.jpg\",\"width\":740,\"height\":494},{\"@type\":\"BreadcrumbList\",\"@id\":\"https:\/\/www.notibras.com\/site\/casal-ve-mochila-e-acha-corpo-vestido-com-neoprene\/#breadcrumb\",\"itemListElement\":[{\"@type\":\"ListItem\",\"position\":1,\"name\":\"In\u00edcio\",\"item\":\"https:\/\/www.notibras.com\/site\/\"},{\"@type\":\"ListItem\",\"position\":2,\"name\":\"Casal v\u00ea mochila e acha corpo vestido com neoprene\"}]},{\"@type\":\"WebSite\",\"@id\":\"https:\/\/www.notibras.com\/site\/#website\",\"url\":\"https:\/\/www.notibras.com\/site\/\",\"name\":\"Notibras\",\"description\":\"Not\u00edcias de Bras\u00edlia, do Brasil e do Mundo\",\"publisher\":{\"@id\":\"https:\/\/www.notibras.com\/site\/#organization\"},\"potentialAction\":[{\"@type\":\"SearchAction\",\"target\":{\"@type\":\"EntryPoint\",\"urlTemplate\":\"https:\/\/www.notibras.com\/site\/?s={search_term_string}\"},\"query-input\":{\"@type\":\"PropertyValueSpecification\",\"valueRequired\":true,\"valueName\":\"search_term_string\"}}],\"inLanguage\":\"pt-BR\"},{\"@type\":\"Organization\",\"@id\":\"https:\/\/www.notibras.com\/site\/#organization\",\"name\":\"Grupo Notibras de Comunica\u00e7\u00e3o\",\"url\":\"https:\/\/www.notibras.com\/site\/\",\"logo\":{\"@type\":\"ImageObject\",\"inLanguage\":\"pt-BR\",\"@id\":\"https:\/\/www.notibras.com\/site\/#\/schema\/logo\/image\/\",\"url\":\"https:\/\/www.notibras.com\/site\/wp-content\/uploads\/2023\/01\/notibras23.png\",\"contentUrl\":\"https:\/\/www.notibras.com\/site\/wp-content\/uploads\/2023\/01\/notibras23.png\",\"width\":350,\"height\":87,\"caption\":\"Grupo Notibras de Comunica\u00e7\u00e3o\"},\"image\":{\"@id\":\"https:\/\/www.notibras.com\/site\/#\/schema\/logo\/image\/\"},\"sameAs\":[\"https:\/\/www.facebook.com\/notibras\/\",\"https:\/\/x.com\/Notibras\",\"https:\/\/www.instagram.com\/notibras\/\"]},{\"@type\":\"Person\",\"@id\":\"https:\/\/www.notibras.com\/site\/#\/schema\/person\/36ab0979449956132d3e5b517ea76ac8\",\"name\":\"Reda\u00e7\u00e3o\",\"image\":{\"@type\":\"ImageObject\",\"inLanguage\":\"pt-BR\",\"@id\":\"https:\/\/secure.gravatar.com\/avatar\/e0a867bdedb85fd243eadf09663511f96fc81e0720a4a42581f334ad4303aa6b?s=96&d=mm&r=g\",\"url\":\"https:\/\/secure.gravatar.com\/avatar\/e0a867bdedb85fd243eadf09663511f96fc81e0720a4a42581f334ad4303aa6b?s=96&d=mm&r=g\",\"contentUrl\":\"https:\/\/secure.gravatar.com\/avatar\/e0a867bdedb85fd243eadf09663511f96fc81e0720a4a42581f334ad4303aa6b?s=96&d=mm&r=g\",\"caption\":\"Reda\u00e7\u00e3o\"}}]}<\/script>\n<!-- \/ Yoast SEO plugin. -->","yoast_head_json":{"title":"Casal v\u00ea mochila e acha corpo vestido com neoprene - Notibras","robots":{"index":"index","follow":"follow","max-snippet":"max-snippet:-1","max-image-preview":"max-image-preview:large","max-video-preview":"max-video-preview:-1"},"canonical":"https:\/\/www.notibras.com\/site\/casal-ve-mochila-e-acha-corpo-vestido-com-neoprene\/","og_locale":"pt_BR","og_type":"article","og_title":"Casal v\u00ea mochila e acha corpo vestido com neoprene - Notibras","og_description":"O desaparecimento de \u00c1lvaro foi logo percebido pela fam\u00edlia. O jet ski foi localizado quase no meio do lago Parano\u00e1. No entanto, nada do homem, que, todos sabiam, era um excelente nadador. Mas s\u00e3o justamente esses destemidos que costumam morrer afogados naquelas \u00e1guas. O Corpo de Bombeiros foi acionado. As buscas prosseguiram durante o resto [&hellip;]","og_url":"https:\/\/www.notibras.com\/site\/casal-ve-mochila-e-acha-corpo-vestido-com-neoprene\/","og_site_name":"Notibras","article_publisher":"https:\/\/www.facebook.com\/notibras\/","article_published_time":"2023-04-07T11:11:39+00:00","article_modified_time":"2023-04-07T14:56:47+00:00","og_image":[{"width":740,"height":494,"url":"https:\/\/www.notibras.com\/site\/wp-content\/uploads\/2023\/04\/vista-andar-dois-liberdade_1150-1507.jpg","type":"image\/jpeg"}],"author":"Reda\u00e7\u00e3o","twitter_card":"summary_large_image","twitter_creator":"@Notibras","twitter_site":"@Notibras","twitter_misc":{"Escrito por":"Reda\u00e7\u00e3o","Est. tempo de leitura":"2 minutos"},"schema":{"@context":"https:\/\/schema.org","@graph":[{"@type":"Article","@id":"https:\/\/www.notibras.com\/site\/casal-ve-mochila-e-acha-corpo-vestido-com-neoprene\/#article","isPartOf":{"@id":"https:\/\/www.notibras.com\/site\/casal-ve-mochila-e-acha-corpo-vestido-com-neoprene\/"},"author":{"name":"Reda\u00e7\u00e3o","@id":"https:\/\/www.notibras.com\/site\/#\/schema\/person\/36ab0979449956132d3e5b517ea76ac8"},"headline":"Casal v\u00ea mochila e acha corpo vestido com neoprene","datePublished":"2023-04-07T11:11:39+00:00","dateModified":"2023-04-07T14:56:47+00:00","mainEntityOfPage":{"@id":"https:\/\/www.notibras.com\/site\/casal-ve-mochila-e-acha-corpo-vestido-com-neoprene\/"},"wordCount":382,"publisher":{"@id":"https:\/\/www.notibras.com\/site\/#organization"},"image":{"@id":"https:\/\/www.notibras.com\/site\/casal-ve-mochila-e-acha-corpo-vestido-com-neoprene\/#primaryimage"},"thumbnailUrl":"https:\/\/www.notibras.com\/site\/wp-content\/uploads\/2023\/04\/vista-andar-dois-liberdade_1150-1507.jpg","keywords":["capa"],"articleSection":["Quadradinho em Foco"],"inLanguage":"pt-BR"},{"@type":"WebPage","@id":"https:\/\/www.notibras.com\/site\/casal-ve-mochila-e-acha-corpo-vestido-com-neoprene\/","url":"https:\/\/www.notibras.com\/site\/casal-ve-mochila-e-acha-corpo-vestido-com-neoprene\/","name":"Casal v\u00ea mochila e acha corpo vestido com neoprene - Notibras","isPartOf":{"@id":"https:\/\/www.notibras.com\/site\/#website"},"primaryImageOfPage":{"@id":"https:\/\/www.notibras.com\/site\/casal-ve-mochila-e-acha-corpo-vestido-com-neoprene\/#primaryimage"},"image":{"@id":"https:\/\/www.notibras.com\/site\/casal-ve-mochila-e-acha-corpo-vestido-com-neoprene\/#primaryimage"},"thumbnailUrl":"https:\/\/www.notibras.com\/site\/wp-content\/uploads\/2023\/04\/vista-andar-dois-liberdade_1150-1507.jpg","datePublished":"2023-04-07T11:11:39+00:00","dateModified":"2023-04-07T14:56:47+00:00","breadcrumb":{"@id":"https:\/\/www.notibras.com\/site\/casal-ve-mochila-e-acha-corpo-vestido-com-neoprene\/#breadcrumb"},"inLanguage":"pt-BR","potentialAction":[{"@type":"ReadAction","target":["https:\/\/www.notibras.com\/site\/casal-ve-mochila-e-acha-corpo-vestido-com-neoprene\/"]}]},{"@type":"ImageObject","inLanguage":"pt-BR","@id":"https:\/\/www.notibras.com\/site\/casal-ve-mochila-e-acha-corpo-vestido-com-neoprene\/#primaryimage","url":"https:\/\/www.notibras.com\/site\/wp-content\/uploads\/2023\/04\/vista-andar-dois-liberdade_1150-1507.jpg","contentUrl":"https:\/\/www.notibras.com\/site\/wp-content\/uploads\/2023\/04\/vista-andar-dois-liberdade_1150-1507.jpg","width":740,"height":494},{"@type":"BreadcrumbList","@id":"https:\/\/www.notibras.com\/site\/casal-ve-mochila-e-acha-corpo-vestido-com-neoprene\/#breadcrumb","itemListElement":[{"@type":"ListItem","position":1,"name":"In\u00edcio","item":"https:\/\/www.notibras.com\/site\/"},{"@type":"ListItem","position":2,"name":"Casal v\u00ea mochila e acha corpo vestido com neoprene"}]},{"@type":"WebSite","@id":"https:\/\/www.notibras.com\/site\/#website","url":"https:\/\/www.notibras.com\/site\/","name":"Notibras","description":"Not\u00edcias de Bras\u00edlia, do Brasil e do Mundo","publisher":{"@id":"https:\/\/www.notibras.com\/site\/#organization"},"potentialAction":[{"@type":"SearchAction","target":{"@type":"EntryPoint","urlTemplate":"https:\/\/www.notibras.com\/site\/?s={search_term_string}"},"query-input":{"@type":"PropertyValueSpecification","valueRequired":true,"valueName":"search_term_string"}}],"inLanguage":"pt-BR"},{"@type":"Organization","@id":"https:\/\/www.notibras.com\/site\/#organization","name":"Grupo Notibras de Comunica\u00e7\u00e3o","url":"https:\/\/www.notibras.com\/site\/","logo":{"@type":"ImageObject","inLanguage":"pt-BR","@id":"https:\/\/www.notibras.com\/site\/#\/schema\/logo\/image\/","url":"https:\/\/www.notibras.com\/site\/wp-content\/uploads\/2023\/01\/notibras23.png","contentUrl":"https:\/\/www.notibras.com\/site\/wp-content\/uploads\/2023\/01\/notibras23.png","width":350,"height":87,"caption":"Grupo Notibras de Comunica\u00e7\u00e3o"},"image":{"@id":"https:\/\/www.notibras.com\/site\/#\/schema\/logo\/image\/"},"sameAs":["https:\/\/www.facebook.com\/notibras\/","https:\/\/x.com\/Notibras","https:\/\/www.instagram.com\/notibras\/"]},{"@type":"Person","@id":"https:\/\/www.notibras.com\/site\/#\/schema\/person\/36ab0979449956132d3e5b517ea76ac8","name":"Reda\u00e7\u00e3o","image":{"@type":"ImageObject","inLanguage":"pt-BR","@id":"https:\/\/secure.gravatar.com\/avatar\/e0a867bdedb85fd243eadf09663511f96fc81e0720a4a42581f334ad4303aa6b?s=96&d=mm&r=g","url":"https:\/\/secure.gravatar.com\/avatar\/e0a867bdedb85fd243eadf09663511f96fc81e0720a4a42581f334ad4303aa6b?s=96&d=mm&r=g","contentUrl":"https:\/\/secure.gravatar.com\/avatar\/e0a867bdedb85fd243eadf09663511f96fc81e0720a4a42581f334ad4303aa6b?s=96&d=mm&r=g","caption":"Reda\u00e7\u00e3o"}}]}},"amp_enabled":true,"_links":{"self":[{"href":"https:\/\/www.notibras.com\/site\/wp-json\/wp\/v2\/posts\/302555","targetHints":{"allow":["GET"]}}],"collection":[{"href":"https:\/\/www.notibras.com\/site\/wp-json\/wp\/v2\/posts"}],"about":[{"href":"https:\/\/www.notibras.com\/site\/wp-json\/wp\/v2\/types\/post"}],"author":[{"embeddable":true,"href":"https:\/\/www.notibras.com\/site\/wp-json\/wp\/v2\/users\/2"}],"replies":[{"embeddable":true,"href":"https:\/\/www.notibras.com\/site\/wp-json\/wp\/v2\/comments?post=302555"}],"version-history":[{"count":3,"href":"https:\/\/www.notibras.com\/site\/wp-json\/wp\/v2\/posts\/302555\/revisions"}],"predecessor-version":[{"id":302560,"href":"https:\/\/www.notibras.com\/site\/wp-json\/wp\/v2\/posts\/302555\/revisions\/302560"}],"wp:featuredmedia":[{"embeddable":true,"href":"https:\/\/www.notibras.com\/site\/wp-json\/wp\/v2\/media\/302556"}],"wp:attachment":[{"href":"https:\/\/www.notibras.com\/site\/wp-json\/wp\/v2\/media?parent=302555"}],"wp:term":[{"taxonomy":"category","embeddable":true,"href":"https:\/\/www.notibras.com\/site\/wp-json\/wp\/v2\/categories?post=302555"},{"taxonomy":"post_tag","embeddable":true,"href":"https:\/\/www.notibras.com\/site\/wp-json\/wp\/v2\/tags?post=302555"}],"curies":[{"name":"wp","href":"https:\/\/api.w.org\/{rel}","templated":true}]}}