{"id":302599,"date":"2023-04-07T00:41:17","date_gmt":"2023-04-07T03:41:17","guid":{"rendered":"https:\/\/www.notibras.com\/site\/?p=302599"},"modified":"2023-04-07T19:24:33","modified_gmt":"2023-04-07T22:24:33","slug":"abril-tem-festa-de-aniversario-da-cidade-e-para-os-indigenas","status":"publish","type":"post","link":"https:\/\/www.notibras.com\/site\/abril-tem-festa-de-aniversario-da-cidade-e-para-os-indigenas\/","title":{"rendered":"Abril tem festa de anivers\u00e1rio da cidade e para os ind\u00edgenas"},"content":{"rendered":"<p>Abril \u00e9 um m\u00eas especial para Bras\u00edlia. Al\u00e9m de todas as comemora\u00e7\u00f5es pelo anivers\u00e1rio da cidade (dia 21), uma s\u00e9rie de eventos vai celebrar o Dia dos Povos Ind\u00edgenas, comemorado no dia 19, por meio do Abril Ind\u00edgena no Memorial dos Povos Ind\u00edgenas (MPI). A programa\u00e7\u00e3o inclui oficinas, conta\u00e7\u00e3o de hist\u00f3rias para crian\u00e7as, bate-papos e feira de artesanato, reunindo a riqueza cultural de diversas das etnias espalhadas pelo Brasil.<\/p>\n<p>\u201cTrata-se de uma oportunidade de valorizar as culturas dos povos origin\u00e1rios n\u00e3o apenas em um dia do ano, mas em um m\u00eas inteiro dedicado a essa pujan\u00e7a cultural, a essa sabedoria ancestral e a essas manifesta\u00e7\u00f5es culturais t\u00e3o importantes para a forma\u00e7\u00e3o do povo brasileiro\u201d, destaca Felipe Ram\u00f3n Rodriguez, subsecret\u00e1rio de Patrim\u00f4nio Cultural.<\/p>\n<p>Ao todo, ser\u00e3o oito dias de atividades gratuitas, destinadas a um p\u00fablico diversificado e de todas as idades, reafirmando o MPI como um espa\u00e7o onde os ind\u00edgenas podem apresentar seu trabalho e sua cultura. Kessia Daline, por exemplo, vem narrar dois contos dos krah\u00f4. Raphael Weheria, karaj\u00e1, traz um conto de seu povo e ainda participa de duas rodas de debate. J\u00e1 o guarani Mirim Ju conduz os debates e tamb\u00e9m apresenta para as crian\u00e7as alguns contos da sua etnia.<\/p>\n<p>O evento conta com a participa\u00e7\u00e3o do artista tlaxcalteca Javier Biophillick, do M\u00e9xico, que est\u00e1 com exposi\u00e7\u00e3o em cartaz no MPI at\u00e9 maio e realiza, durante o Abril Ind\u00edgena, a cerim\u00f4nia Roda Animal de Poder. Ocupando amplamente o espa\u00e7o do Memorial, algumas das atividades ser\u00e3o realizadas na rec\u00e9m-inaugurada Sala do Saber M\u00e1rio Juruna, como as oficinas de express\u00e3o ind\u00edgena e de grafismos.<\/p>\n","protected":false},"excerpt":{"rendered":"<p>Abril \u00e9 um m\u00eas especial para Bras\u00edlia. Al\u00e9m de todas as comemora\u00e7\u00f5es pelo anivers\u00e1rio da cidade (dia 21), uma s\u00e9rie de eventos vai celebrar o Dia dos Povos Ind\u00edgenas, comemorado no dia 19, por meio do Abril Ind\u00edgena no Memorial dos Povos Ind\u00edgenas (MPI). A programa\u00e7\u00e3o inclui oficinas, conta\u00e7\u00e3o de hist\u00f3rias para crian\u00e7as, bate-papos e [&hellip;]<\/p>\n","protected":false},"author":2,"featured_media":302600,"comment_status":"closed","ping_status":"closed","sticky":false,"template":"","format":"standard","meta":{"_acf_changed":false,"footnotes":""},"categories":[1],"tags":[],"class_list":["post-302599","post","type-post","status-publish","format-standard","has-post-thumbnail","hentry","category-brasilia"],"acf":[],"yoast_head":"<!-- This site is optimized with the Yoast SEO plugin v27.2 - https:\/\/yoast.com\/product\/yoast-seo-wordpress\/ -->\n<title>Abril tem festa de anivers\u00e1rio da cidade e para os ind\u00edgenas - Notibras<\/title>\n<meta name=\"robots\" content=\"index, follow, max-snippet:-1, max-image-preview:large, max-video-preview:-1\" \/>\n<link rel=\"canonical\" href=\"https:\/\/www.notibras.com\/site\/abril-tem-festa-de-aniversario-da-cidade-e-para-os-indigenas\/\" \/>\n<meta property=\"og:locale\" content=\"pt_BR\" \/>\n<meta property=\"og:type\" content=\"article\" \/>\n<meta property=\"og:title\" content=\"Abril tem festa de anivers\u00e1rio da cidade e para os ind\u00edgenas - Notibras\" \/>\n<meta property=\"og:description\" content=\"Abril \u00e9 um m\u00eas especial para Bras\u00edlia. Al\u00e9m de todas as comemora\u00e7\u00f5es pelo anivers\u00e1rio da cidade (dia 21), uma s\u00e9rie de eventos vai celebrar o Dia dos Povos Ind\u00edgenas, comemorado no dia 19, por meio do Abril Ind\u00edgena no Memorial dos Povos Ind\u00edgenas (MPI). A programa\u00e7\u00e3o inclui oficinas, conta\u00e7\u00e3o de hist\u00f3rias para crian\u00e7as, bate-papos e [&hellip;]\" \/>\n<meta property=\"og:url\" content=\"https:\/\/www.notibras.com\/site\/abril-tem-festa-de-aniversario-da-cidade-e-para-os-indigenas\/\" \/>\n<meta property=\"og:site_name\" content=\"Notibras\" \/>\n<meta property=\"article:publisher\" content=\"https:\/\/www.facebook.com\/notibras\/\" \/>\n<meta property=\"article:published_time\" content=\"2023-04-07T03:41:17+00:00\" \/>\n<meta property=\"article:modified_time\" content=\"2023-04-07T22:24:33+00:00\" \/>\n<meta property=\"og:image\" content=\"https:\/\/www.notibras.com\/site\/wp-content\/uploads\/2023\/04\/52762910816_036224bad1_k.jpg\" \/>\n\t<meta property=\"og:image:width\" content=\"2048\" \/>\n\t<meta property=\"og:image:height\" content=\"1365\" \/>\n\t<meta property=\"og:image:type\" content=\"image\/jpeg\" \/>\n<meta name=\"author\" content=\"Reda\u00e7\u00e3o\" \/>\n<meta name=\"twitter:card\" content=\"summary_large_image\" \/>\n<meta name=\"twitter:creator\" content=\"@Notibras\" \/>\n<meta name=\"twitter:site\" content=\"@Notibras\" \/>\n<meta name=\"twitter:label1\" content=\"Escrito por\" \/>\n\t<meta name=\"twitter:data1\" content=\"Reda\u00e7\u00e3o\" \/>\n\t<meta name=\"twitter:label2\" content=\"Est. tempo de leitura\" \/>\n\t<meta name=\"twitter:data2\" content=\"2 minutos\" \/>\n<script type=\"application\/ld+json\" class=\"yoast-schema-graph\">{\"@context\":\"https:\/\/schema.org\",\"@graph\":[{\"@type\":\"Article\",\"@id\":\"https:\/\/www.notibras.com\/site\/abril-tem-festa-de-aniversario-da-cidade-e-para-os-indigenas\/#article\",\"isPartOf\":{\"@id\":\"https:\/\/www.notibras.com\/site\/abril-tem-festa-de-aniversario-da-cidade-e-para-os-indigenas\/\"},\"author\":{\"name\":\"Reda\u00e7\u00e3o\",\"@id\":\"https:\/\/www.notibras.com\/site\/#\/schema\/person\/36ab0979449956132d3e5b517ea76ac8\"},\"headline\":\"Abril tem festa de anivers\u00e1rio da cidade e para os ind\u00edgenas\",\"datePublished\":\"2023-04-07T03:41:17+00:00\",\"dateModified\":\"2023-04-07T22:24:33+00:00\",\"mainEntityOfPage\":{\"@id\":\"https:\/\/www.notibras.com\/site\/abril-tem-festa-de-aniversario-da-cidade-e-para-os-indigenas\/\"},\"wordCount\":314,\"publisher\":{\"@id\":\"https:\/\/www.notibras.com\/site\/#organization\"},\"image\":{\"@id\":\"https:\/\/www.notibras.com\/site\/abril-tem-festa-de-aniversario-da-cidade-e-para-os-indigenas\/#primaryimage\"},\"thumbnailUrl\":\"https:\/\/www.notibras.com\/site\/wp-content\/uploads\/2023\/04\/52762910816_036224bad1_k.jpg\",\"articleSection\":[\"Bras\u00edlia\"],\"inLanguage\":\"pt-BR\"},{\"@type\":\"WebPage\",\"@id\":\"https:\/\/www.notibras.com\/site\/abril-tem-festa-de-aniversario-da-cidade-e-para-os-indigenas\/\",\"url\":\"https:\/\/www.notibras.com\/site\/abril-tem-festa-de-aniversario-da-cidade-e-para-os-indigenas\/\",\"name\":\"Abril tem festa de anivers\u00e1rio da cidade e para os ind\u00edgenas - Notibras\",\"isPartOf\":{\"@id\":\"https:\/\/www.notibras.com\/site\/#website\"},\"primaryImageOfPage\":{\"@id\":\"https:\/\/www.notibras.com\/site\/abril-tem-festa-de-aniversario-da-cidade-e-para-os-indigenas\/#primaryimage\"},\"image\":{\"@id\":\"https:\/\/www.notibras.com\/site\/abril-tem-festa-de-aniversario-da-cidade-e-para-os-indigenas\/#primaryimage\"},\"thumbnailUrl\":\"https:\/\/www.notibras.com\/site\/wp-content\/uploads\/2023\/04\/52762910816_036224bad1_k.jpg\",\"datePublished\":\"2023-04-07T03:41:17+00:00\",\"dateModified\":\"2023-04-07T22:24:33+00:00\",\"breadcrumb\":{\"@id\":\"https:\/\/www.notibras.com\/site\/abril-tem-festa-de-aniversario-da-cidade-e-para-os-indigenas\/#breadcrumb\"},\"inLanguage\":\"pt-BR\",\"potentialAction\":[{\"@type\":\"ReadAction\",\"target\":[\"https:\/\/www.notibras.com\/site\/abril-tem-festa-de-aniversario-da-cidade-e-para-os-indigenas\/\"]}]},{\"@type\":\"ImageObject\",\"inLanguage\":\"pt-BR\",\"@id\":\"https:\/\/www.notibras.com\/site\/abril-tem-festa-de-aniversario-da-cidade-e-para-os-indigenas\/#primaryimage\",\"url\":\"https:\/\/www.notibras.com\/site\/wp-content\/uploads\/2023\/04\/52762910816_036224bad1_k.jpg\",\"contentUrl\":\"https:\/\/www.notibras.com\/site\/wp-content\/uploads\/2023\/04\/52762910816_036224bad1_k.jpg\",\"width\":2048,\"height\":1365},{\"@type\":\"BreadcrumbList\",\"@id\":\"https:\/\/www.notibras.com\/site\/abril-tem-festa-de-aniversario-da-cidade-e-para-os-indigenas\/#breadcrumb\",\"itemListElement\":[{\"@type\":\"ListItem\",\"position\":1,\"name\":\"In\u00edcio\",\"item\":\"https:\/\/www.notibras.com\/site\/\"},{\"@type\":\"ListItem\",\"position\":2,\"name\":\"Abril tem festa de anivers\u00e1rio da cidade e para os ind\u00edgenas\"}]},{\"@type\":\"WebSite\",\"@id\":\"https:\/\/www.notibras.com\/site\/#website\",\"url\":\"https:\/\/www.notibras.com\/site\/\",\"name\":\"Notibras\",\"description\":\"Not\u00edcias de Bras\u00edlia, do Brasil e do Mundo\",\"publisher\":{\"@id\":\"https:\/\/www.notibras.com\/site\/#organization\"},\"potentialAction\":[{\"@type\":\"SearchAction\",\"target\":{\"@type\":\"EntryPoint\",\"urlTemplate\":\"https:\/\/www.notibras.com\/site\/?s={search_term_string}\"},\"query-input\":{\"@type\":\"PropertyValueSpecification\",\"valueRequired\":true,\"valueName\":\"search_term_string\"}}],\"inLanguage\":\"pt-BR\"},{\"@type\":\"Organization\",\"@id\":\"https:\/\/www.notibras.com\/site\/#organization\",\"name\":\"Grupo Notibras de Comunica\u00e7\u00e3o\",\"url\":\"https:\/\/www.notibras.com\/site\/\",\"logo\":{\"@type\":\"ImageObject\",\"inLanguage\":\"pt-BR\",\"@id\":\"https:\/\/www.notibras.com\/site\/#\/schema\/logo\/image\/\",\"url\":\"https:\/\/www.notibras.com\/site\/wp-content\/uploads\/2023\/01\/notibras23.png\",\"contentUrl\":\"https:\/\/www.notibras.com\/site\/wp-content\/uploads\/2023\/01\/notibras23.png\",\"width\":350,\"height\":87,\"caption\":\"Grupo Notibras de Comunica\u00e7\u00e3o\"},\"image\":{\"@id\":\"https:\/\/www.notibras.com\/site\/#\/schema\/logo\/image\/\"},\"sameAs\":[\"https:\/\/www.facebook.com\/notibras\/\",\"https:\/\/x.com\/Notibras\",\"https:\/\/www.instagram.com\/notibras\/\"]},{\"@type\":\"Person\",\"@id\":\"https:\/\/www.notibras.com\/site\/#\/schema\/person\/36ab0979449956132d3e5b517ea76ac8\",\"name\":\"Reda\u00e7\u00e3o\",\"image\":{\"@type\":\"ImageObject\",\"inLanguage\":\"pt-BR\",\"@id\":\"https:\/\/secure.gravatar.com\/avatar\/e0a867bdedb85fd243eadf09663511f96fc81e0720a4a42581f334ad4303aa6b?s=96&d=mm&r=g\",\"url\":\"https:\/\/secure.gravatar.com\/avatar\/e0a867bdedb85fd243eadf09663511f96fc81e0720a4a42581f334ad4303aa6b?s=96&d=mm&r=g\",\"contentUrl\":\"https:\/\/secure.gravatar.com\/avatar\/e0a867bdedb85fd243eadf09663511f96fc81e0720a4a42581f334ad4303aa6b?s=96&d=mm&r=g\",\"caption\":\"Reda\u00e7\u00e3o\"}}]}<\/script>\n<!-- \/ Yoast SEO plugin. -->","yoast_head_json":{"title":"Abril tem festa de anivers\u00e1rio da cidade e para os ind\u00edgenas - Notibras","robots":{"index":"index","follow":"follow","max-snippet":"max-snippet:-1","max-image-preview":"max-image-preview:large","max-video-preview":"max-video-preview:-1"},"canonical":"https:\/\/www.notibras.com\/site\/abril-tem-festa-de-aniversario-da-cidade-e-para-os-indigenas\/","og_locale":"pt_BR","og_type":"article","og_title":"Abril tem festa de anivers\u00e1rio da cidade e para os ind\u00edgenas - Notibras","og_description":"Abril \u00e9 um m\u00eas especial para Bras\u00edlia. Al\u00e9m de todas as comemora\u00e7\u00f5es pelo anivers\u00e1rio da cidade (dia 21), uma s\u00e9rie de eventos vai celebrar o Dia dos Povos Ind\u00edgenas, comemorado no dia 19, por meio do Abril Ind\u00edgena no Memorial dos Povos Ind\u00edgenas (MPI). A programa\u00e7\u00e3o inclui oficinas, conta\u00e7\u00e3o de hist\u00f3rias para crian\u00e7as, bate-papos e [&hellip;]","og_url":"https:\/\/www.notibras.com\/site\/abril-tem-festa-de-aniversario-da-cidade-e-para-os-indigenas\/","og_site_name":"Notibras","article_publisher":"https:\/\/www.facebook.com\/notibras\/","article_published_time":"2023-04-07T03:41:17+00:00","article_modified_time":"2023-04-07T22:24:33+00:00","og_image":[{"width":2048,"height":1365,"url":"https:\/\/www.notibras.com\/site\/wp-content\/uploads\/2023\/04\/52762910816_036224bad1_k.jpg","type":"image\/jpeg"}],"author":"Reda\u00e7\u00e3o","twitter_card":"summary_large_image","twitter_creator":"@Notibras","twitter_site":"@Notibras","twitter_misc":{"Escrito por":"Reda\u00e7\u00e3o","Est. tempo de leitura":"2 minutos"},"schema":{"@context":"https:\/\/schema.org","@graph":[{"@type":"Article","@id":"https:\/\/www.notibras.com\/site\/abril-tem-festa-de-aniversario-da-cidade-e-para-os-indigenas\/#article","isPartOf":{"@id":"https:\/\/www.notibras.com\/site\/abril-tem-festa-de-aniversario-da-cidade-e-para-os-indigenas\/"},"author":{"name":"Reda\u00e7\u00e3o","@id":"https:\/\/www.notibras.com\/site\/#\/schema\/person\/36ab0979449956132d3e5b517ea76ac8"},"headline":"Abril tem festa de anivers\u00e1rio da cidade e para os ind\u00edgenas","datePublished":"2023-04-07T03:41:17+00:00","dateModified":"2023-04-07T22:24:33+00:00","mainEntityOfPage":{"@id":"https:\/\/www.notibras.com\/site\/abril-tem-festa-de-aniversario-da-cidade-e-para-os-indigenas\/"},"wordCount":314,"publisher":{"@id":"https:\/\/www.notibras.com\/site\/#organization"},"image":{"@id":"https:\/\/www.notibras.com\/site\/abril-tem-festa-de-aniversario-da-cidade-e-para-os-indigenas\/#primaryimage"},"thumbnailUrl":"https:\/\/www.notibras.com\/site\/wp-content\/uploads\/2023\/04\/52762910816_036224bad1_k.jpg","articleSection":["Bras\u00edlia"],"inLanguage":"pt-BR"},{"@type":"WebPage","@id":"https:\/\/www.notibras.com\/site\/abril-tem-festa-de-aniversario-da-cidade-e-para-os-indigenas\/","url":"https:\/\/www.notibras.com\/site\/abril-tem-festa-de-aniversario-da-cidade-e-para-os-indigenas\/","name":"Abril tem festa de anivers\u00e1rio da cidade e para os ind\u00edgenas - Notibras","isPartOf":{"@id":"https:\/\/www.notibras.com\/site\/#website"},"primaryImageOfPage":{"@id":"https:\/\/www.notibras.com\/site\/abril-tem-festa-de-aniversario-da-cidade-e-para-os-indigenas\/#primaryimage"},"image":{"@id":"https:\/\/www.notibras.com\/site\/abril-tem-festa-de-aniversario-da-cidade-e-para-os-indigenas\/#primaryimage"},"thumbnailUrl":"https:\/\/www.notibras.com\/site\/wp-content\/uploads\/2023\/04\/52762910816_036224bad1_k.jpg","datePublished":"2023-04-07T03:41:17+00:00","dateModified":"2023-04-07T22:24:33+00:00","breadcrumb":{"@id":"https:\/\/www.notibras.com\/site\/abril-tem-festa-de-aniversario-da-cidade-e-para-os-indigenas\/#breadcrumb"},"inLanguage":"pt-BR","potentialAction":[{"@type":"ReadAction","target":["https:\/\/www.notibras.com\/site\/abril-tem-festa-de-aniversario-da-cidade-e-para-os-indigenas\/"]}]},{"@type":"ImageObject","inLanguage":"pt-BR","@id":"https:\/\/www.notibras.com\/site\/abril-tem-festa-de-aniversario-da-cidade-e-para-os-indigenas\/#primaryimage","url":"https:\/\/www.notibras.com\/site\/wp-content\/uploads\/2023\/04\/52762910816_036224bad1_k.jpg","contentUrl":"https:\/\/www.notibras.com\/site\/wp-content\/uploads\/2023\/04\/52762910816_036224bad1_k.jpg","width":2048,"height":1365},{"@type":"BreadcrumbList","@id":"https:\/\/www.notibras.com\/site\/abril-tem-festa-de-aniversario-da-cidade-e-para-os-indigenas\/#breadcrumb","itemListElement":[{"@type":"ListItem","position":1,"name":"In\u00edcio","item":"https:\/\/www.notibras.com\/site\/"},{"@type":"ListItem","position":2,"name":"Abril tem festa de anivers\u00e1rio da cidade e para os ind\u00edgenas"}]},{"@type":"WebSite","@id":"https:\/\/www.notibras.com\/site\/#website","url":"https:\/\/www.notibras.com\/site\/","name":"Notibras","description":"Not\u00edcias de Bras\u00edlia, do Brasil e do Mundo","publisher":{"@id":"https:\/\/www.notibras.com\/site\/#organization"},"potentialAction":[{"@type":"SearchAction","target":{"@type":"EntryPoint","urlTemplate":"https:\/\/www.notibras.com\/site\/?s={search_term_string}"},"query-input":{"@type":"PropertyValueSpecification","valueRequired":true,"valueName":"search_term_string"}}],"inLanguage":"pt-BR"},{"@type":"Organization","@id":"https:\/\/www.notibras.com\/site\/#organization","name":"Grupo Notibras de Comunica\u00e7\u00e3o","url":"https:\/\/www.notibras.com\/site\/","logo":{"@type":"ImageObject","inLanguage":"pt-BR","@id":"https:\/\/www.notibras.com\/site\/#\/schema\/logo\/image\/","url":"https:\/\/www.notibras.com\/site\/wp-content\/uploads\/2023\/01\/notibras23.png","contentUrl":"https:\/\/www.notibras.com\/site\/wp-content\/uploads\/2023\/01\/notibras23.png","width":350,"height":87,"caption":"Grupo Notibras de Comunica\u00e7\u00e3o"},"image":{"@id":"https:\/\/www.notibras.com\/site\/#\/schema\/logo\/image\/"},"sameAs":["https:\/\/www.facebook.com\/notibras\/","https:\/\/x.com\/Notibras","https:\/\/www.instagram.com\/notibras\/"]},{"@type":"Person","@id":"https:\/\/www.notibras.com\/site\/#\/schema\/person\/36ab0979449956132d3e5b517ea76ac8","name":"Reda\u00e7\u00e3o","image":{"@type":"ImageObject","inLanguage":"pt-BR","@id":"https:\/\/secure.gravatar.com\/avatar\/e0a867bdedb85fd243eadf09663511f96fc81e0720a4a42581f334ad4303aa6b?s=96&d=mm&r=g","url":"https:\/\/secure.gravatar.com\/avatar\/e0a867bdedb85fd243eadf09663511f96fc81e0720a4a42581f334ad4303aa6b?s=96&d=mm&r=g","contentUrl":"https:\/\/secure.gravatar.com\/avatar\/e0a867bdedb85fd243eadf09663511f96fc81e0720a4a42581f334ad4303aa6b?s=96&d=mm&r=g","caption":"Reda\u00e7\u00e3o"}}]}},"amp_enabled":true,"_links":{"self":[{"href":"https:\/\/www.notibras.com\/site\/wp-json\/wp\/v2\/posts\/302599","targetHints":{"allow":["GET"]}}],"collection":[{"href":"https:\/\/www.notibras.com\/site\/wp-json\/wp\/v2\/posts"}],"about":[{"href":"https:\/\/www.notibras.com\/site\/wp-json\/wp\/v2\/types\/post"}],"author":[{"embeddable":true,"href":"https:\/\/www.notibras.com\/site\/wp-json\/wp\/v2\/users\/2"}],"replies":[{"embeddable":true,"href":"https:\/\/www.notibras.com\/site\/wp-json\/wp\/v2\/comments?post=302599"}],"version-history":[{"count":1,"href":"https:\/\/www.notibras.com\/site\/wp-json\/wp\/v2\/posts\/302599\/revisions"}],"predecessor-version":[{"id":302601,"href":"https:\/\/www.notibras.com\/site\/wp-json\/wp\/v2\/posts\/302599\/revisions\/302601"}],"wp:featuredmedia":[{"embeddable":true,"href":"https:\/\/www.notibras.com\/site\/wp-json\/wp\/v2\/media\/302600"}],"wp:attachment":[{"href":"https:\/\/www.notibras.com\/site\/wp-json\/wp\/v2\/media?parent=302599"}],"wp:term":[{"taxonomy":"category","embeddable":true,"href":"https:\/\/www.notibras.com\/site\/wp-json\/wp\/v2\/categories?post=302599"},{"taxonomy":"post_tag","embeddable":true,"href":"https:\/\/www.notibras.com\/site\/wp-json\/wp\/v2\/tags?post=302599"}],"curies":[{"name":"wp","href":"https:\/\/api.w.org\/{rel}","templated":true}]}}