{"id":302602,"date":"2023-04-07T08:20:21","date_gmt":"2023-04-07T11:20:21","guid":{"rendered":"https:\/\/www.notibras.com\/site\/?p=302602"},"modified":"2023-04-08T10:47:37","modified_gmt":"2023-04-08T13:47:37","slug":"distritais-comecam-a-avaliar-tarifa-zero-em-onibus","status":"publish","type":"post","link":"https:\/\/www.notibras.com\/site\/distritais-comecam-a-avaliar-tarifa-zero-em-onibus\/","title":{"rendered":"Distritais come\u00e7am a avaliar tarifa zero em \u00f4nibus"},"content":{"rendered":"<p>A C\u00e2mara Legislativa come\u00e7a a discutir a tarifa zero para o usu\u00e1rio de transporte p\u00fabvlico. A primeira reuni\u00e3o j\u00e1 aconteceu na Comiss\u00e3o de Transporte e Mobilidade Urbana. Segundo presidente do colegiado, Max Maciel (Psol), o Governo do Distrito Federal liquidou em 2022 R$ 3,7 bilh\u00f5es em contratos com empresas de transporte e o custo para implanta\u00e7\u00e3o da tarifa zero seria de R$ 4 bilh\u00f5es.<\/p>\n<p>O distrital disse que a CTMU vai criar uma subcomiss\u00e3o colegiada \u201ccom os movimentos que debatem o tema, envolvendo universidades, pesquisadores, para que a gente possa se aprofundar\u201d.<\/p>\n<p>Um dos desafios, ainda de acordo com Max Maciel, \u00e9 encontrar uma maneira de substituir a receita do ICMS, que tem destaque para o DF principalmente por causa do combust\u00edvel. \u201cN\u00f3s vamos pensar em estruturar a cidade. N\u00e3o tem como pensar em fortalecimento do transporte coletivo sem pensar em vias exclusivas para \u00f4nibus, em pensar em amplia\u00e7\u00e3o no setor metrovi\u00e1rio\u201d, afirmou.<\/p>\n<p>O deputado F\u00e1bio F\u00e9lix (Psol) criticou a forma dos contratos entre a administra\u00e7\u00e3o p\u00fablica e as concession\u00e1rias: \u201c\u00c9 o ganha-ganha. Voc\u00ea ganha se tiver passageiros, voc\u00ea ganha se prestar o servi\u00e7o, e voc\u00ea ganha tamb\u00e9m se n\u00e3o prestar os servi\u00e7os. O empreendedor dessa \u00e1rea tem risco zero\u201d. Segundo ele, \u201co transporte individual \u00e9 a aposta central do DF hoje\u201d e a tarifa zero \u201c\u00e9 um modelo que beneficia a maior parte da popula\u00e7\u00e3o\u201d.<\/p>\n<p>\u201cHoje, no Brasil, s\u00e3o 1.652.876 de ind\u00edgenas, segundo o IBGE. \u00c9ramos 6 milh\u00f5es. Cada um com uma forma de organiza\u00e7\u00e3o pr\u00f3pria, de economia, sistemas de parentesco, religi\u00f5es e mitologias diferentes, que fazem com que as diversas na\u00e7\u00f5es ind\u00edgenas se diferenciem entre si. Quando os \u00edndios se mobilizam e se organizam, est\u00e3o tentando ocupar o espa\u00e7o que lhes foi negado durante s\u00e9culos\u201d, frisa o gerente do MPI, David Terena.<\/p>\n<p>\u201cOs princ\u00edpios fundamentais da pessoa humana foram violados, os direitos assegurados em lei n\u00e3o s\u00e3o respeitados. E quando se falava em \u00edndios sempre se tinha uma ideia abstrata, mas s\u00e3o pessoas importantes, cidad\u00e3os com direito de livre escolha, que t\u00eam o direito do pleno exerc\u00edcio civil e pol\u00edtico \u2013 e que t\u00eam cultura!.\u201d<\/p>\n","protected":false},"excerpt":{"rendered":"<p>A C\u00e2mara Legislativa come\u00e7a a discutir a tarifa zero para o usu\u00e1rio de transporte p\u00fabvlico. A primeira reuni\u00e3o j\u00e1 aconteceu na Comiss\u00e3o de Transporte e Mobilidade Urbana. Segundo presidente do colegiado, Max Maciel (Psol), o Governo do Distrito Federal liquidou em 2022 R$ 3,7 bilh\u00f5es em contratos com empresas de transporte e o custo para [&hellip;]<\/p>\n","protected":false},"author":2,"featured_media":302603,"comment_status":"closed","ping_status":"closed","sticky":false,"template":"","format":"standard","meta":{"_acf_changed":false,"footnotes":""},"categories":[161],"tags":[],"class_list":["post-302602","post","type-post","status-publish","format-standard","has-post-thumbnail","hentry","category-quadradinho-em-foco"],"acf":[],"yoast_head":"<!-- This site is optimized with the Yoast SEO plugin v27.2 - https:\/\/yoast.com\/product\/yoast-seo-wordpress\/ -->\n<title>Distritais come\u00e7am a avaliar tarifa zero em \u00f4nibus - Notibras<\/title>\n<meta name=\"robots\" content=\"index, follow, max-snippet:-1, max-image-preview:large, max-video-preview:-1\" \/>\n<link rel=\"canonical\" href=\"https:\/\/www.notibras.com\/site\/distritais-comecam-a-avaliar-tarifa-zero-em-onibus\/\" \/>\n<meta property=\"og:locale\" content=\"pt_BR\" \/>\n<meta property=\"og:type\" content=\"article\" \/>\n<meta property=\"og:title\" content=\"Distritais come\u00e7am a avaliar tarifa zero em \u00f4nibus - Notibras\" \/>\n<meta property=\"og:description\" content=\"A C\u00e2mara Legislativa come\u00e7a a discutir a tarifa zero para o usu\u00e1rio de transporte p\u00fabvlico. A primeira reuni\u00e3o j\u00e1 aconteceu na Comiss\u00e3o de Transporte e Mobilidade Urbana. Segundo presidente do colegiado, Max Maciel (Psol), o Governo do Distrito Federal liquidou em 2022 R$ 3,7 bilh\u00f5es em contratos com empresas de transporte e o custo para [&hellip;]\" \/>\n<meta property=\"og:url\" content=\"https:\/\/www.notibras.com\/site\/distritais-comecam-a-avaliar-tarifa-zero-em-onibus\/\" \/>\n<meta property=\"og:site_name\" content=\"Notibras\" \/>\n<meta property=\"article:publisher\" content=\"https:\/\/www.facebook.com\/notibras\/\" \/>\n<meta property=\"article:published_time\" content=\"2023-04-07T11:20:21+00:00\" \/>\n<meta property=\"article:modified_time\" content=\"2023-04-08T13:47:37+00:00\" \/>\n<meta property=\"og:image\" content=\"https:\/\/www.notibras.com\/site\/wp-content\/uploads\/2023\/04\/B-2311529RM-14.jpg\" \/>\n\t<meta property=\"og:image:width\" content=\"1136\" \/>\n\t<meta property=\"og:image:height\" content=\"757\" \/>\n\t<meta property=\"og:image:type\" content=\"image\/jpeg\" \/>\n<meta name=\"author\" content=\"Reda\u00e7\u00e3o\" \/>\n<meta name=\"twitter:card\" content=\"summary_large_image\" \/>\n<meta name=\"twitter:creator\" content=\"@Notibras\" \/>\n<meta name=\"twitter:site\" content=\"@Notibras\" \/>\n<meta name=\"twitter:label1\" content=\"Escrito por\" \/>\n\t<meta name=\"twitter:data1\" content=\"Reda\u00e7\u00e3o\" \/>\n\t<meta name=\"twitter:label2\" content=\"Est. tempo de leitura\" \/>\n\t<meta name=\"twitter:data2\" content=\"2 minutos\" \/>\n<script type=\"application\/ld+json\" class=\"yoast-schema-graph\">{\"@context\":\"https:\/\/schema.org\",\"@graph\":[{\"@type\":\"Article\",\"@id\":\"https:\/\/www.notibras.com\/site\/distritais-comecam-a-avaliar-tarifa-zero-em-onibus\/#article\",\"isPartOf\":{\"@id\":\"https:\/\/www.notibras.com\/site\/distritais-comecam-a-avaliar-tarifa-zero-em-onibus\/\"},\"author\":{\"name\":\"Reda\u00e7\u00e3o\",\"@id\":\"https:\/\/www.notibras.com\/site\/#\/schema\/person\/36ab0979449956132d3e5b517ea76ac8\"},\"headline\":\"Distritais come\u00e7am a avaliar tarifa zero em \u00f4nibus\",\"datePublished\":\"2023-04-07T11:20:21+00:00\",\"dateModified\":\"2023-04-08T13:47:37+00:00\",\"mainEntityOfPage\":{\"@id\":\"https:\/\/www.notibras.com\/site\/distritais-comecam-a-avaliar-tarifa-zero-em-onibus\/\"},\"wordCount\":391,\"publisher\":{\"@id\":\"https:\/\/www.notibras.com\/site\/#organization\"},\"image\":{\"@id\":\"https:\/\/www.notibras.com\/site\/distritais-comecam-a-avaliar-tarifa-zero-em-onibus\/#primaryimage\"},\"thumbnailUrl\":\"https:\/\/www.notibras.com\/site\/wp-content\/uploads\/2023\/04\/B-2311529RM-14.jpg\",\"articleSection\":[\"Quadradinho em Foco\"],\"inLanguage\":\"pt-BR\"},{\"@type\":\"WebPage\",\"@id\":\"https:\/\/www.notibras.com\/site\/distritais-comecam-a-avaliar-tarifa-zero-em-onibus\/\",\"url\":\"https:\/\/www.notibras.com\/site\/distritais-comecam-a-avaliar-tarifa-zero-em-onibus\/\",\"name\":\"Distritais come\u00e7am a avaliar tarifa zero em \u00f4nibus - Notibras\",\"isPartOf\":{\"@id\":\"https:\/\/www.notibras.com\/site\/#website\"},\"primaryImageOfPage\":{\"@id\":\"https:\/\/www.notibras.com\/site\/distritais-comecam-a-avaliar-tarifa-zero-em-onibus\/#primaryimage\"},\"image\":{\"@id\":\"https:\/\/www.notibras.com\/site\/distritais-comecam-a-avaliar-tarifa-zero-em-onibus\/#primaryimage\"},\"thumbnailUrl\":\"https:\/\/www.notibras.com\/site\/wp-content\/uploads\/2023\/04\/B-2311529RM-14.jpg\",\"datePublished\":\"2023-04-07T11:20:21+00:00\",\"dateModified\":\"2023-04-08T13:47:37+00:00\",\"breadcrumb\":{\"@id\":\"https:\/\/www.notibras.com\/site\/distritais-comecam-a-avaliar-tarifa-zero-em-onibus\/#breadcrumb\"},\"inLanguage\":\"pt-BR\",\"potentialAction\":[{\"@type\":\"ReadAction\",\"target\":[\"https:\/\/www.notibras.com\/site\/distritais-comecam-a-avaliar-tarifa-zero-em-onibus\/\"]}]},{\"@type\":\"ImageObject\",\"inLanguage\":\"pt-BR\",\"@id\":\"https:\/\/www.notibras.com\/site\/distritais-comecam-a-avaliar-tarifa-zero-em-onibus\/#primaryimage\",\"url\":\"https:\/\/www.notibras.com\/site\/wp-content\/uploads\/2023\/04\/B-2311529RM-14.jpg\",\"contentUrl\":\"https:\/\/www.notibras.com\/site\/wp-content\/uploads\/2023\/04\/B-2311529RM-14.jpg\",\"width\":1136,\"height\":757},{\"@type\":\"BreadcrumbList\",\"@id\":\"https:\/\/www.notibras.com\/site\/distritais-comecam-a-avaliar-tarifa-zero-em-onibus\/#breadcrumb\",\"itemListElement\":[{\"@type\":\"ListItem\",\"position\":1,\"name\":\"In\u00edcio\",\"item\":\"https:\/\/www.notibras.com\/site\/\"},{\"@type\":\"ListItem\",\"position\":2,\"name\":\"Distritais come\u00e7am a avaliar tarifa zero em \u00f4nibus\"}]},{\"@type\":\"WebSite\",\"@id\":\"https:\/\/www.notibras.com\/site\/#website\",\"url\":\"https:\/\/www.notibras.com\/site\/\",\"name\":\"Notibras\",\"description\":\"Not\u00edcias de Bras\u00edlia, do Brasil e do Mundo\",\"publisher\":{\"@id\":\"https:\/\/www.notibras.com\/site\/#organization\"},\"potentialAction\":[{\"@type\":\"SearchAction\",\"target\":{\"@type\":\"EntryPoint\",\"urlTemplate\":\"https:\/\/www.notibras.com\/site\/?s={search_term_string}\"},\"query-input\":{\"@type\":\"PropertyValueSpecification\",\"valueRequired\":true,\"valueName\":\"search_term_string\"}}],\"inLanguage\":\"pt-BR\"},{\"@type\":\"Organization\",\"@id\":\"https:\/\/www.notibras.com\/site\/#organization\",\"name\":\"Grupo Notibras de Comunica\u00e7\u00e3o\",\"url\":\"https:\/\/www.notibras.com\/site\/\",\"logo\":{\"@type\":\"ImageObject\",\"inLanguage\":\"pt-BR\",\"@id\":\"https:\/\/www.notibras.com\/site\/#\/schema\/logo\/image\/\",\"url\":\"https:\/\/www.notibras.com\/site\/wp-content\/uploads\/2023\/01\/notibras23.png\",\"contentUrl\":\"https:\/\/www.notibras.com\/site\/wp-content\/uploads\/2023\/01\/notibras23.png\",\"width\":350,\"height\":87,\"caption\":\"Grupo Notibras de Comunica\u00e7\u00e3o\"},\"image\":{\"@id\":\"https:\/\/www.notibras.com\/site\/#\/schema\/logo\/image\/\"},\"sameAs\":[\"https:\/\/www.facebook.com\/notibras\/\",\"https:\/\/x.com\/Notibras\",\"https:\/\/www.instagram.com\/notibras\/\"]},{\"@type\":\"Person\",\"@id\":\"https:\/\/www.notibras.com\/site\/#\/schema\/person\/36ab0979449956132d3e5b517ea76ac8\",\"name\":\"Reda\u00e7\u00e3o\",\"image\":{\"@type\":\"ImageObject\",\"inLanguage\":\"pt-BR\",\"@id\":\"https:\/\/secure.gravatar.com\/avatar\/e0a867bdedb85fd243eadf09663511f96fc81e0720a4a42581f334ad4303aa6b?s=96&d=mm&r=g\",\"url\":\"https:\/\/secure.gravatar.com\/avatar\/e0a867bdedb85fd243eadf09663511f96fc81e0720a4a42581f334ad4303aa6b?s=96&d=mm&r=g\",\"contentUrl\":\"https:\/\/secure.gravatar.com\/avatar\/e0a867bdedb85fd243eadf09663511f96fc81e0720a4a42581f334ad4303aa6b?s=96&d=mm&r=g\",\"caption\":\"Reda\u00e7\u00e3o\"}}]}<\/script>\n<!-- \/ Yoast SEO plugin. -->","yoast_head_json":{"title":"Distritais come\u00e7am a avaliar tarifa zero em \u00f4nibus - Notibras","robots":{"index":"index","follow":"follow","max-snippet":"max-snippet:-1","max-image-preview":"max-image-preview:large","max-video-preview":"max-video-preview:-1"},"canonical":"https:\/\/www.notibras.com\/site\/distritais-comecam-a-avaliar-tarifa-zero-em-onibus\/","og_locale":"pt_BR","og_type":"article","og_title":"Distritais come\u00e7am a avaliar tarifa zero em \u00f4nibus - Notibras","og_description":"A C\u00e2mara Legislativa come\u00e7a a discutir a tarifa zero para o usu\u00e1rio de transporte p\u00fabvlico. A primeira reuni\u00e3o j\u00e1 aconteceu na Comiss\u00e3o de Transporte e Mobilidade Urbana. Segundo presidente do colegiado, Max Maciel (Psol), o Governo do Distrito Federal liquidou em 2022 R$ 3,7 bilh\u00f5es em contratos com empresas de transporte e o custo para [&hellip;]","og_url":"https:\/\/www.notibras.com\/site\/distritais-comecam-a-avaliar-tarifa-zero-em-onibus\/","og_site_name":"Notibras","article_publisher":"https:\/\/www.facebook.com\/notibras\/","article_published_time":"2023-04-07T11:20:21+00:00","article_modified_time":"2023-04-08T13:47:37+00:00","og_image":[{"width":1136,"height":757,"url":"https:\/\/www.notibras.com\/site\/wp-content\/uploads\/2023\/04\/B-2311529RM-14.jpg","type":"image\/jpeg"}],"author":"Reda\u00e7\u00e3o","twitter_card":"summary_large_image","twitter_creator":"@Notibras","twitter_site":"@Notibras","twitter_misc":{"Escrito por":"Reda\u00e7\u00e3o","Est. tempo de leitura":"2 minutos"},"schema":{"@context":"https:\/\/schema.org","@graph":[{"@type":"Article","@id":"https:\/\/www.notibras.com\/site\/distritais-comecam-a-avaliar-tarifa-zero-em-onibus\/#article","isPartOf":{"@id":"https:\/\/www.notibras.com\/site\/distritais-comecam-a-avaliar-tarifa-zero-em-onibus\/"},"author":{"name":"Reda\u00e7\u00e3o","@id":"https:\/\/www.notibras.com\/site\/#\/schema\/person\/36ab0979449956132d3e5b517ea76ac8"},"headline":"Distritais come\u00e7am a avaliar tarifa zero em \u00f4nibus","datePublished":"2023-04-07T11:20:21+00:00","dateModified":"2023-04-08T13:47:37+00:00","mainEntityOfPage":{"@id":"https:\/\/www.notibras.com\/site\/distritais-comecam-a-avaliar-tarifa-zero-em-onibus\/"},"wordCount":391,"publisher":{"@id":"https:\/\/www.notibras.com\/site\/#organization"},"image":{"@id":"https:\/\/www.notibras.com\/site\/distritais-comecam-a-avaliar-tarifa-zero-em-onibus\/#primaryimage"},"thumbnailUrl":"https:\/\/www.notibras.com\/site\/wp-content\/uploads\/2023\/04\/B-2311529RM-14.jpg","articleSection":["Quadradinho em Foco"],"inLanguage":"pt-BR"},{"@type":"WebPage","@id":"https:\/\/www.notibras.com\/site\/distritais-comecam-a-avaliar-tarifa-zero-em-onibus\/","url":"https:\/\/www.notibras.com\/site\/distritais-comecam-a-avaliar-tarifa-zero-em-onibus\/","name":"Distritais come\u00e7am a avaliar tarifa zero em \u00f4nibus - Notibras","isPartOf":{"@id":"https:\/\/www.notibras.com\/site\/#website"},"primaryImageOfPage":{"@id":"https:\/\/www.notibras.com\/site\/distritais-comecam-a-avaliar-tarifa-zero-em-onibus\/#primaryimage"},"image":{"@id":"https:\/\/www.notibras.com\/site\/distritais-comecam-a-avaliar-tarifa-zero-em-onibus\/#primaryimage"},"thumbnailUrl":"https:\/\/www.notibras.com\/site\/wp-content\/uploads\/2023\/04\/B-2311529RM-14.jpg","datePublished":"2023-04-07T11:20:21+00:00","dateModified":"2023-04-08T13:47:37+00:00","breadcrumb":{"@id":"https:\/\/www.notibras.com\/site\/distritais-comecam-a-avaliar-tarifa-zero-em-onibus\/#breadcrumb"},"inLanguage":"pt-BR","potentialAction":[{"@type":"ReadAction","target":["https:\/\/www.notibras.com\/site\/distritais-comecam-a-avaliar-tarifa-zero-em-onibus\/"]}]},{"@type":"ImageObject","inLanguage":"pt-BR","@id":"https:\/\/www.notibras.com\/site\/distritais-comecam-a-avaliar-tarifa-zero-em-onibus\/#primaryimage","url":"https:\/\/www.notibras.com\/site\/wp-content\/uploads\/2023\/04\/B-2311529RM-14.jpg","contentUrl":"https:\/\/www.notibras.com\/site\/wp-content\/uploads\/2023\/04\/B-2311529RM-14.jpg","width":1136,"height":757},{"@type":"BreadcrumbList","@id":"https:\/\/www.notibras.com\/site\/distritais-comecam-a-avaliar-tarifa-zero-em-onibus\/#breadcrumb","itemListElement":[{"@type":"ListItem","position":1,"name":"In\u00edcio","item":"https:\/\/www.notibras.com\/site\/"},{"@type":"ListItem","position":2,"name":"Distritais come\u00e7am a avaliar tarifa zero em \u00f4nibus"}]},{"@type":"WebSite","@id":"https:\/\/www.notibras.com\/site\/#website","url":"https:\/\/www.notibras.com\/site\/","name":"Notibras","description":"Not\u00edcias de Bras\u00edlia, do Brasil e do Mundo","publisher":{"@id":"https:\/\/www.notibras.com\/site\/#organization"},"potentialAction":[{"@type":"SearchAction","target":{"@type":"EntryPoint","urlTemplate":"https:\/\/www.notibras.com\/site\/?s={search_term_string}"},"query-input":{"@type":"PropertyValueSpecification","valueRequired":true,"valueName":"search_term_string"}}],"inLanguage":"pt-BR"},{"@type":"Organization","@id":"https:\/\/www.notibras.com\/site\/#organization","name":"Grupo Notibras de Comunica\u00e7\u00e3o","url":"https:\/\/www.notibras.com\/site\/","logo":{"@type":"ImageObject","inLanguage":"pt-BR","@id":"https:\/\/www.notibras.com\/site\/#\/schema\/logo\/image\/","url":"https:\/\/www.notibras.com\/site\/wp-content\/uploads\/2023\/01\/notibras23.png","contentUrl":"https:\/\/www.notibras.com\/site\/wp-content\/uploads\/2023\/01\/notibras23.png","width":350,"height":87,"caption":"Grupo Notibras de Comunica\u00e7\u00e3o"},"image":{"@id":"https:\/\/www.notibras.com\/site\/#\/schema\/logo\/image\/"},"sameAs":["https:\/\/www.facebook.com\/notibras\/","https:\/\/x.com\/Notibras","https:\/\/www.instagram.com\/notibras\/"]},{"@type":"Person","@id":"https:\/\/www.notibras.com\/site\/#\/schema\/person\/36ab0979449956132d3e5b517ea76ac8","name":"Reda\u00e7\u00e3o","image":{"@type":"ImageObject","inLanguage":"pt-BR","@id":"https:\/\/secure.gravatar.com\/avatar\/e0a867bdedb85fd243eadf09663511f96fc81e0720a4a42581f334ad4303aa6b?s=96&d=mm&r=g","url":"https:\/\/secure.gravatar.com\/avatar\/e0a867bdedb85fd243eadf09663511f96fc81e0720a4a42581f334ad4303aa6b?s=96&d=mm&r=g","contentUrl":"https:\/\/secure.gravatar.com\/avatar\/e0a867bdedb85fd243eadf09663511f96fc81e0720a4a42581f334ad4303aa6b?s=96&d=mm&r=g","caption":"Reda\u00e7\u00e3o"}}]}},"amp_enabled":true,"_links":{"self":[{"href":"https:\/\/www.notibras.com\/site\/wp-json\/wp\/v2\/posts\/302602","targetHints":{"allow":["GET"]}}],"collection":[{"href":"https:\/\/www.notibras.com\/site\/wp-json\/wp\/v2\/posts"}],"about":[{"href":"https:\/\/www.notibras.com\/site\/wp-json\/wp\/v2\/types\/post"}],"author":[{"embeddable":true,"href":"https:\/\/www.notibras.com\/site\/wp-json\/wp\/v2\/users\/2"}],"replies":[{"embeddable":true,"href":"https:\/\/www.notibras.com\/site\/wp-json\/wp\/v2\/comments?post=302602"}],"version-history":[{"count":1,"href":"https:\/\/www.notibras.com\/site\/wp-json\/wp\/v2\/posts\/302602\/revisions"}],"predecessor-version":[{"id":302604,"href":"https:\/\/www.notibras.com\/site\/wp-json\/wp\/v2\/posts\/302602\/revisions\/302604"}],"wp:featuredmedia":[{"embeddable":true,"href":"https:\/\/www.notibras.com\/site\/wp-json\/wp\/v2\/media\/302603"}],"wp:attachment":[{"href":"https:\/\/www.notibras.com\/site\/wp-json\/wp\/v2\/media?parent=302602"}],"wp:term":[{"taxonomy":"category","embeddable":true,"href":"https:\/\/www.notibras.com\/site\/wp-json\/wp\/v2\/categories?post=302602"},{"taxonomy":"post_tag","embeddable":true,"href":"https:\/\/www.notibras.com\/site\/wp-json\/wp\/v2\/tags?post=302602"}],"curies":[{"name":"wp","href":"https:\/\/api.w.org\/{rel}","templated":true}]}}