{"id":302643,"date":"2023-04-09T00:11:01","date_gmt":"2023-04-09T03:11:01","guid":{"rendered":"https:\/\/www.notibras.com\/site\/?p=302643"},"modified":"2023-04-09T06:53:30","modified_gmt":"2023-04-09T09:53:30","slug":"falsas-memorias-podem-fazer-surgir-preconceitos","status":"publish","type":"post","link":"https:\/\/www.notibras.com\/site\/falsas-memorias-podem-fazer-surgir-preconceitos\/","title":{"rendered":"Falsas mem\u00f3rias podem fazer surgir preconceitos"},"content":{"rendered":"<p>Embora a lembran\u00e7a incorreta de eventos que aconteceram h\u00e1 muito tempo n\u00e3o seja incomum, parece que at\u00e9 mem\u00f3rias recentes podem conter erros. \u00c9 o que afirmam cientistas europeus, baseados em uma tese que come\u00e7a a ganhar respaldo de nossos terapeutas.<\/p>\n<p>O estudo, de autoria de pesquisadores da Holanda e do Canad\u00e1, sobserva que as pessoas podem se lembrar mal de coisas que aconteceram alguns segundos atr\u00e1s, aparentemente devido \u00e0s suas pr\u00f3prias expectativas.<\/p>\n<p>\u201cMesmo no curto prazo, nossa mem\u00f3ria pode n\u00e3o ser totalmente confi\u00e1vel\u201d, disse Marte Otten, da Universidade de Amsterd\u00e3, primeiro autor do estudo.<\/p>\n<p>\u201cParticularmente quando temos fortes expectativas sobre como o mundo deveria ser, quando nossa mem\u00f3ria come\u00e7a a enfraquecer um pouco \u2013 mesmo depois de um segundo e meio, dois segundos, tr\u00eas segundos \u2013 ent\u00e3o come\u00e7amos a preencher com base em nossas expectativas.\u201d<\/p>\n<p>Durante o estudo, os pesquisadores conduziram uma s\u00e9rie de experimentos que envolviam pessoas tentando lembrar as letras que acabavam de ser mostradas, com algumas ressalvas: por exemplo, \u00e0s vezes as letras eram espelhadas e os participantes tinham que lembrar corretamente a forma como uma determinada carta foi orientada.<\/p>\n<p>A equipe notou que, embora os participantes do experimento geralmente tivessem poucos problemas para lembrar uma letra espec\u00edfica, as taxas de lembran\u00e7a das letras espelhadas eram piores, com o n\u00famero de erros aumentando proporcionalmente ao tempo entre ver a letra e receber a ordem. lembre-se disso.<\/p>\n<p>Essas falsas lembran\u00e7as aparentemente se deviam \u00e0 forma como os preconceitos moldam as mem\u00f3rias das pessoas, com Otten observando que \u201c\u00e9 somente quando a mem\u00f3ria se torna menos confi\u00e1vel com a passagem de um pouquinho de tempo, ou a adi\u00e7\u00e3o de informa\u00e7\u00e3o visual extra, que as expectativas internas sobre o mundo come\u00e7a a desempenhar um papel.\u201d<\/p>\n<p>A pesquisadora tamb\u00e9m mencionou que est\u00e1 interessada em \u201cencontrar uma forma de testar os efeitos do conhecimento social, como preconceito ou estere\u00f3tipos e cren\u00e7as individuais, na mem\u00f3ria de curto prazo\u201d.<\/p>\n","protected":false},"excerpt":{"rendered":"<p>Embora a lembran\u00e7a incorreta de eventos que aconteceram h\u00e1 muito tempo n\u00e3o seja incomum, parece que at\u00e9 mem\u00f3rias recentes podem conter erros. \u00c9 o que afirmam cientistas europeus, baseados em uma tese que come\u00e7a a ganhar respaldo de nossos terapeutas. O estudo, de autoria de pesquisadores da Holanda e do Canad\u00e1, sobserva que as pessoas [&hellip;]<\/p>\n","protected":false},"author":2,"featured_media":302644,"comment_status":"closed","ping_status":"closed","sticky":false,"template":"","format":"standard","meta":{"_acf_changed":false,"footnotes":""},"categories":[161],"tags":[95],"class_list":["post-302643","post","type-post","status-publish","format-standard","has-post-thumbnail","hentry","category-quadradinho-em-foco","tag-capa"],"acf":[],"yoast_head":"<!-- This site is optimized with the Yoast SEO plugin v27.2 - https:\/\/yoast.com\/product\/yoast-seo-wordpress\/ -->\n<title>Falsas mem\u00f3rias podem fazer surgir preconceitos - Notibras<\/title>\n<meta name=\"robots\" content=\"index, follow, max-snippet:-1, max-image-preview:large, max-video-preview:-1\" \/>\n<link rel=\"canonical\" href=\"https:\/\/www.notibras.com\/site\/falsas-memorias-podem-fazer-surgir-preconceitos\/\" \/>\n<meta property=\"og:locale\" content=\"pt_BR\" \/>\n<meta property=\"og:type\" content=\"article\" \/>\n<meta property=\"og:title\" content=\"Falsas mem\u00f3rias podem fazer surgir preconceitos - Notibras\" \/>\n<meta property=\"og:description\" content=\"Embora a lembran\u00e7a incorreta de eventos que aconteceram h\u00e1 muito tempo n\u00e3o seja incomum, parece que at\u00e9 mem\u00f3rias recentes podem conter erros. \u00c9 o que afirmam cientistas europeus, baseados em uma tese que come\u00e7a a ganhar respaldo de nossos terapeutas. O estudo, de autoria de pesquisadores da Holanda e do Canad\u00e1, sobserva que as pessoas [&hellip;]\" \/>\n<meta property=\"og:url\" content=\"https:\/\/www.notibras.com\/site\/falsas-memorias-podem-fazer-surgir-preconceitos\/\" \/>\n<meta property=\"og:site_name\" content=\"Notibras\" \/>\n<meta property=\"article:publisher\" content=\"https:\/\/www.facebook.com\/notibras\/\" \/>\n<meta property=\"article:published_time\" content=\"2023-04-09T03:11:01+00:00\" \/>\n<meta property=\"article:modified_time\" content=\"2023-04-09T09:53:30+00:00\" \/>\n<meta property=\"og:image\" content=\"https:\/\/www.notibras.com\/site\/wp-content\/uploads\/2023\/04\/memor.webp\" \/>\n\t<meta property=\"og:image:width\" content=\"1920\" \/>\n\t<meta property=\"og:image:height\" content=\"1080\" \/>\n\t<meta property=\"og:image:type\" content=\"image\/webp\" \/>\n<meta name=\"author\" content=\"Reda\u00e7\u00e3o\" \/>\n<meta name=\"twitter:card\" content=\"summary_large_image\" \/>\n<meta name=\"twitter:creator\" content=\"@Notibras\" \/>\n<meta name=\"twitter:site\" content=\"@Notibras\" \/>\n<meta name=\"twitter:label1\" content=\"Escrito por\" \/>\n\t<meta name=\"twitter:data1\" content=\"Reda\u00e7\u00e3o\" \/>\n\t<meta name=\"twitter:label2\" content=\"Est. tempo de leitura\" \/>\n\t<meta name=\"twitter:data2\" content=\"2 minutos\" \/>\n<script type=\"application\/ld+json\" class=\"yoast-schema-graph\">{\"@context\":\"https:\/\/schema.org\",\"@graph\":[{\"@type\":\"Article\",\"@id\":\"https:\/\/www.notibras.com\/site\/falsas-memorias-podem-fazer-surgir-preconceitos\/#article\",\"isPartOf\":{\"@id\":\"https:\/\/www.notibras.com\/site\/falsas-memorias-podem-fazer-surgir-preconceitos\/\"},\"author\":{\"name\":\"Reda\u00e7\u00e3o\",\"@id\":\"https:\/\/www.notibras.com\/site\/#\/schema\/person\/36ab0979449956132d3e5b517ea76ac8\"},\"headline\":\"Falsas mem\u00f3rias podem fazer surgir preconceitos\",\"datePublished\":\"2023-04-09T03:11:01+00:00\",\"dateModified\":\"2023-04-09T09:53:30+00:00\",\"mainEntityOfPage\":{\"@id\":\"https:\/\/www.notibras.com\/site\/falsas-memorias-podem-fazer-surgir-preconceitos\/\"},\"wordCount\":346,\"publisher\":{\"@id\":\"https:\/\/www.notibras.com\/site\/#organization\"},\"image\":{\"@id\":\"https:\/\/www.notibras.com\/site\/falsas-memorias-podem-fazer-surgir-preconceitos\/#primaryimage\"},\"thumbnailUrl\":\"https:\/\/www.notibras.com\/site\/wp-content\/uploads\/2023\/04\/memor.webp\",\"keywords\":[\"capa\"],\"articleSection\":[\"Quadradinho em Foco\"],\"inLanguage\":\"pt-BR\"},{\"@type\":\"WebPage\",\"@id\":\"https:\/\/www.notibras.com\/site\/falsas-memorias-podem-fazer-surgir-preconceitos\/\",\"url\":\"https:\/\/www.notibras.com\/site\/falsas-memorias-podem-fazer-surgir-preconceitos\/\",\"name\":\"Falsas mem\u00f3rias podem fazer surgir preconceitos - Notibras\",\"isPartOf\":{\"@id\":\"https:\/\/www.notibras.com\/site\/#website\"},\"primaryImageOfPage\":{\"@id\":\"https:\/\/www.notibras.com\/site\/falsas-memorias-podem-fazer-surgir-preconceitos\/#primaryimage\"},\"image\":{\"@id\":\"https:\/\/www.notibras.com\/site\/falsas-memorias-podem-fazer-surgir-preconceitos\/#primaryimage\"},\"thumbnailUrl\":\"https:\/\/www.notibras.com\/site\/wp-content\/uploads\/2023\/04\/memor.webp\",\"datePublished\":\"2023-04-09T03:11:01+00:00\",\"dateModified\":\"2023-04-09T09:53:30+00:00\",\"breadcrumb\":{\"@id\":\"https:\/\/www.notibras.com\/site\/falsas-memorias-podem-fazer-surgir-preconceitos\/#breadcrumb\"},\"inLanguage\":\"pt-BR\",\"potentialAction\":[{\"@type\":\"ReadAction\",\"target\":[\"https:\/\/www.notibras.com\/site\/falsas-memorias-podem-fazer-surgir-preconceitos\/\"]}]},{\"@type\":\"ImageObject\",\"inLanguage\":\"pt-BR\",\"@id\":\"https:\/\/www.notibras.com\/site\/falsas-memorias-podem-fazer-surgir-preconceitos\/#primaryimage\",\"url\":\"https:\/\/www.notibras.com\/site\/wp-content\/uploads\/2023\/04\/memor.webp\",\"contentUrl\":\"https:\/\/www.notibras.com\/site\/wp-content\/uploads\/2023\/04\/memor.webp\",\"width\":1920,\"height\":1080},{\"@type\":\"BreadcrumbList\",\"@id\":\"https:\/\/www.notibras.com\/site\/falsas-memorias-podem-fazer-surgir-preconceitos\/#breadcrumb\",\"itemListElement\":[{\"@type\":\"ListItem\",\"position\":1,\"name\":\"In\u00edcio\",\"item\":\"https:\/\/www.notibras.com\/site\/\"},{\"@type\":\"ListItem\",\"position\":2,\"name\":\"Falsas mem\u00f3rias podem fazer surgir preconceitos\"}]},{\"@type\":\"WebSite\",\"@id\":\"https:\/\/www.notibras.com\/site\/#website\",\"url\":\"https:\/\/www.notibras.com\/site\/\",\"name\":\"Notibras\",\"description\":\"Not\u00edcias de Bras\u00edlia, do Brasil e do Mundo\",\"publisher\":{\"@id\":\"https:\/\/www.notibras.com\/site\/#organization\"},\"potentialAction\":[{\"@type\":\"SearchAction\",\"target\":{\"@type\":\"EntryPoint\",\"urlTemplate\":\"https:\/\/www.notibras.com\/site\/?s={search_term_string}\"},\"query-input\":{\"@type\":\"PropertyValueSpecification\",\"valueRequired\":true,\"valueName\":\"search_term_string\"}}],\"inLanguage\":\"pt-BR\"},{\"@type\":\"Organization\",\"@id\":\"https:\/\/www.notibras.com\/site\/#organization\",\"name\":\"Grupo Notibras de Comunica\u00e7\u00e3o\",\"url\":\"https:\/\/www.notibras.com\/site\/\",\"logo\":{\"@type\":\"ImageObject\",\"inLanguage\":\"pt-BR\",\"@id\":\"https:\/\/www.notibras.com\/site\/#\/schema\/logo\/image\/\",\"url\":\"https:\/\/www.notibras.com\/site\/wp-content\/uploads\/2023\/01\/notibras23.png\",\"contentUrl\":\"https:\/\/www.notibras.com\/site\/wp-content\/uploads\/2023\/01\/notibras23.png\",\"width\":350,\"height\":87,\"caption\":\"Grupo Notibras de Comunica\u00e7\u00e3o\"},\"image\":{\"@id\":\"https:\/\/www.notibras.com\/site\/#\/schema\/logo\/image\/\"},\"sameAs\":[\"https:\/\/www.facebook.com\/notibras\/\",\"https:\/\/x.com\/Notibras\",\"https:\/\/www.instagram.com\/notibras\/\"]},{\"@type\":\"Person\",\"@id\":\"https:\/\/www.notibras.com\/site\/#\/schema\/person\/36ab0979449956132d3e5b517ea76ac8\",\"name\":\"Reda\u00e7\u00e3o\",\"image\":{\"@type\":\"ImageObject\",\"inLanguage\":\"pt-BR\",\"@id\":\"https:\/\/secure.gravatar.com\/avatar\/e0a867bdedb85fd243eadf09663511f96fc81e0720a4a42581f334ad4303aa6b?s=96&d=mm&r=g\",\"url\":\"https:\/\/secure.gravatar.com\/avatar\/e0a867bdedb85fd243eadf09663511f96fc81e0720a4a42581f334ad4303aa6b?s=96&d=mm&r=g\",\"contentUrl\":\"https:\/\/secure.gravatar.com\/avatar\/e0a867bdedb85fd243eadf09663511f96fc81e0720a4a42581f334ad4303aa6b?s=96&d=mm&r=g\",\"caption\":\"Reda\u00e7\u00e3o\"}}]}<\/script>\n<!-- \/ Yoast SEO plugin. -->","yoast_head_json":{"title":"Falsas mem\u00f3rias podem fazer surgir preconceitos - Notibras","robots":{"index":"index","follow":"follow","max-snippet":"max-snippet:-1","max-image-preview":"max-image-preview:large","max-video-preview":"max-video-preview:-1"},"canonical":"https:\/\/www.notibras.com\/site\/falsas-memorias-podem-fazer-surgir-preconceitos\/","og_locale":"pt_BR","og_type":"article","og_title":"Falsas mem\u00f3rias podem fazer surgir preconceitos - Notibras","og_description":"Embora a lembran\u00e7a incorreta de eventos que aconteceram h\u00e1 muito tempo n\u00e3o seja incomum, parece que at\u00e9 mem\u00f3rias recentes podem conter erros. \u00c9 o que afirmam cientistas europeus, baseados em uma tese que come\u00e7a a ganhar respaldo de nossos terapeutas. O estudo, de autoria de pesquisadores da Holanda e do Canad\u00e1, sobserva que as pessoas [&hellip;]","og_url":"https:\/\/www.notibras.com\/site\/falsas-memorias-podem-fazer-surgir-preconceitos\/","og_site_name":"Notibras","article_publisher":"https:\/\/www.facebook.com\/notibras\/","article_published_time":"2023-04-09T03:11:01+00:00","article_modified_time":"2023-04-09T09:53:30+00:00","og_image":[{"width":1920,"height":1080,"url":"https:\/\/www.notibras.com\/site\/wp-content\/uploads\/2023\/04\/memor.webp","type":"image\/webp"}],"author":"Reda\u00e7\u00e3o","twitter_card":"summary_large_image","twitter_creator":"@Notibras","twitter_site":"@Notibras","twitter_misc":{"Escrito por":"Reda\u00e7\u00e3o","Est. tempo de leitura":"2 minutos"},"schema":{"@context":"https:\/\/schema.org","@graph":[{"@type":"Article","@id":"https:\/\/www.notibras.com\/site\/falsas-memorias-podem-fazer-surgir-preconceitos\/#article","isPartOf":{"@id":"https:\/\/www.notibras.com\/site\/falsas-memorias-podem-fazer-surgir-preconceitos\/"},"author":{"name":"Reda\u00e7\u00e3o","@id":"https:\/\/www.notibras.com\/site\/#\/schema\/person\/36ab0979449956132d3e5b517ea76ac8"},"headline":"Falsas mem\u00f3rias podem fazer surgir preconceitos","datePublished":"2023-04-09T03:11:01+00:00","dateModified":"2023-04-09T09:53:30+00:00","mainEntityOfPage":{"@id":"https:\/\/www.notibras.com\/site\/falsas-memorias-podem-fazer-surgir-preconceitos\/"},"wordCount":346,"publisher":{"@id":"https:\/\/www.notibras.com\/site\/#organization"},"image":{"@id":"https:\/\/www.notibras.com\/site\/falsas-memorias-podem-fazer-surgir-preconceitos\/#primaryimage"},"thumbnailUrl":"https:\/\/www.notibras.com\/site\/wp-content\/uploads\/2023\/04\/memor.webp","keywords":["capa"],"articleSection":["Quadradinho em Foco"],"inLanguage":"pt-BR"},{"@type":"WebPage","@id":"https:\/\/www.notibras.com\/site\/falsas-memorias-podem-fazer-surgir-preconceitos\/","url":"https:\/\/www.notibras.com\/site\/falsas-memorias-podem-fazer-surgir-preconceitos\/","name":"Falsas mem\u00f3rias podem fazer surgir preconceitos - Notibras","isPartOf":{"@id":"https:\/\/www.notibras.com\/site\/#website"},"primaryImageOfPage":{"@id":"https:\/\/www.notibras.com\/site\/falsas-memorias-podem-fazer-surgir-preconceitos\/#primaryimage"},"image":{"@id":"https:\/\/www.notibras.com\/site\/falsas-memorias-podem-fazer-surgir-preconceitos\/#primaryimage"},"thumbnailUrl":"https:\/\/www.notibras.com\/site\/wp-content\/uploads\/2023\/04\/memor.webp","datePublished":"2023-04-09T03:11:01+00:00","dateModified":"2023-04-09T09:53:30+00:00","breadcrumb":{"@id":"https:\/\/www.notibras.com\/site\/falsas-memorias-podem-fazer-surgir-preconceitos\/#breadcrumb"},"inLanguage":"pt-BR","potentialAction":[{"@type":"ReadAction","target":["https:\/\/www.notibras.com\/site\/falsas-memorias-podem-fazer-surgir-preconceitos\/"]}]},{"@type":"ImageObject","inLanguage":"pt-BR","@id":"https:\/\/www.notibras.com\/site\/falsas-memorias-podem-fazer-surgir-preconceitos\/#primaryimage","url":"https:\/\/www.notibras.com\/site\/wp-content\/uploads\/2023\/04\/memor.webp","contentUrl":"https:\/\/www.notibras.com\/site\/wp-content\/uploads\/2023\/04\/memor.webp","width":1920,"height":1080},{"@type":"BreadcrumbList","@id":"https:\/\/www.notibras.com\/site\/falsas-memorias-podem-fazer-surgir-preconceitos\/#breadcrumb","itemListElement":[{"@type":"ListItem","position":1,"name":"In\u00edcio","item":"https:\/\/www.notibras.com\/site\/"},{"@type":"ListItem","position":2,"name":"Falsas mem\u00f3rias podem fazer surgir preconceitos"}]},{"@type":"WebSite","@id":"https:\/\/www.notibras.com\/site\/#website","url":"https:\/\/www.notibras.com\/site\/","name":"Notibras","description":"Not\u00edcias de Bras\u00edlia, do Brasil e do Mundo","publisher":{"@id":"https:\/\/www.notibras.com\/site\/#organization"},"potentialAction":[{"@type":"SearchAction","target":{"@type":"EntryPoint","urlTemplate":"https:\/\/www.notibras.com\/site\/?s={search_term_string}"},"query-input":{"@type":"PropertyValueSpecification","valueRequired":true,"valueName":"search_term_string"}}],"inLanguage":"pt-BR"},{"@type":"Organization","@id":"https:\/\/www.notibras.com\/site\/#organization","name":"Grupo Notibras de Comunica\u00e7\u00e3o","url":"https:\/\/www.notibras.com\/site\/","logo":{"@type":"ImageObject","inLanguage":"pt-BR","@id":"https:\/\/www.notibras.com\/site\/#\/schema\/logo\/image\/","url":"https:\/\/www.notibras.com\/site\/wp-content\/uploads\/2023\/01\/notibras23.png","contentUrl":"https:\/\/www.notibras.com\/site\/wp-content\/uploads\/2023\/01\/notibras23.png","width":350,"height":87,"caption":"Grupo Notibras de Comunica\u00e7\u00e3o"},"image":{"@id":"https:\/\/www.notibras.com\/site\/#\/schema\/logo\/image\/"},"sameAs":["https:\/\/www.facebook.com\/notibras\/","https:\/\/x.com\/Notibras","https:\/\/www.instagram.com\/notibras\/"]},{"@type":"Person","@id":"https:\/\/www.notibras.com\/site\/#\/schema\/person\/36ab0979449956132d3e5b517ea76ac8","name":"Reda\u00e7\u00e3o","image":{"@type":"ImageObject","inLanguage":"pt-BR","@id":"https:\/\/secure.gravatar.com\/avatar\/e0a867bdedb85fd243eadf09663511f96fc81e0720a4a42581f334ad4303aa6b?s=96&d=mm&r=g","url":"https:\/\/secure.gravatar.com\/avatar\/e0a867bdedb85fd243eadf09663511f96fc81e0720a4a42581f334ad4303aa6b?s=96&d=mm&r=g","contentUrl":"https:\/\/secure.gravatar.com\/avatar\/e0a867bdedb85fd243eadf09663511f96fc81e0720a4a42581f334ad4303aa6b?s=96&d=mm&r=g","caption":"Reda\u00e7\u00e3o"}}]}},"amp_enabled":true,"_links":{"self":[{"href":"https:\/\/www.notibras.com\/site\/wp-json\/wp\/v2\/posts\/302643","targetHints":{"allow":["GET"]}}],"collection":[{"href":"https:\/\/www.notibras.com\/site\/wp-json\/wp\/v2\/posts"}],"about":[{"href":"https:\/\/www.notibras.com\/site\/wp-json\/wp\/v2\/types\/post"}],"author":[{"embeddable":true,"href":"https:\/\/www.notibras.com\/site\/wp-json\/wp\/v2\/users\/2"}],"replies":[{"embeddable":true,"href":"https:\/\/www.notibras.com\/site\/wp-json\/wp\/v2\/comments?post=302643"}],"version-history":[{"count":1,"href":"https:\/\/www.notibras.com\/site\/wp-json\/wp\/v2\/posts\/302643\/revisions"}],"predecessor-version":[{"id":302645,"href":"https:\/\/www.notibras.com\/site\/wp-json\/wp\/v2\/posts\/302643\/revisions\/302645"}],"wp:featuredmedia":[{"embeddable":true,"href":"https:\/\/www.notibras.com\/site\/wp-json\/wp\/v2\/media\/302644"}],"wp:attachment":[{"href":"https:\/\/www.notibras.com\/site\/wp-json\/wp\/v2\/media?parent=302643"}],"wp:term":[{"taxonomy":"category","embeddable":true,"href":"https:\/\/www.notibras.com\/site\/wp-json\/wp\/v2\/categories?post=302643"},{"taxonomy":"post_tag","embeddable":true,"href":"https:\/\/www.notibras.com\/site\/wp-json\/wp\/v2\/tags?post=302643"}],"curies":[{"name":"wp","href":"https:\/\/api.w.org\/{rel}","templated":true}]}}