{"id":302649,"date":"2023-04-08T00:00:51","date_gmt":"2023-04-08T03:00:51","guid":{"rendered":"https:\/\/www.notibras.com\/site\/?p=302649"},"modified":"2023-04-08T10:45:37","modified_gmt":"2023-04-08T13:45:37","slug":"encenacao-da-paixao-de-cristo-emociona-80-mil-fieis","status":"publish","type":"post","link":"https:\/\/www.notibras.com\/site\/encenacao-da-paixao-de-cristo-emociona-80-mil-fieis\/","title":{"rendered":"Encena\u00e7\u00e3o da Paix\u00e3o de Cristo emociona 80 mil fi\u00e9is"},"content":{"rendered":"<p>No momento em que completou 50 anos, um dos eventos mais aguardados pelos fi\u00e9is reuniu p\u00fablico de cerca de 80 mil pessoas no Morro da Capelinha, em Planaltina, nesta Sexta-feira Santa (7). A tradicional encena\u00e7\u00e3o da Via Sacra contou com mais de 1,4 mil volunt\u00e1rios e investimento de R$ 1,3 milh\u00e3o do Governo do Distrito Federal (GDF).<\/p>\n<p>\u201cA Via Sacra no Morro da Capelinha \u00e9 um dos eventos mais esperados do ano, que h\u00e1 50 anos promove o turismo hist\u00f3rico, tradicional e religioso na regi\u00e3o de Planaltina. Atraindo turistas das diferentes regi\u00f5es brasileiras, fortalecendo o desenvolvimento da cadeia produtiva, estimulando o com\u00e9rcio local, a rede hoteleira e demais categorias de empregos diretos e indiretos\u201d, destacou o secret\u00e1rio de Turismo Cristiano Ara\u00fajo.<\/p>\n<p>O administrador de Planaltina, Wesley Fonseca, contou que havia uma expectativa muito grande do p\u00fablico em rela\u00e7\u00e3o ao cinquenten\u00e1rio da encena\u00e7\u00e3o da Paix\u00e3o de Cristo e o governo trabalhou para poder corresponder. \u201cS\u00e3o 50 anos de muita emo\u00e7\u00e3o, realismo e f\u00e9. Estamos aqui dando todo o apoio a esse evento. Em mais de dois meses, deixamos toda a equipe da administra\u00e7\u00e3o regional a postos. Todos os trabalhadores e \u00f3rg\u00e3os trabalharam de forma exemplar para deixarem essa Via Sacra impec\u00e1vel\u201d, comentou.<\/p>\n<p>A encena\u00e7\u00e3o come\u00e7ou \u00e0s 16h. Nem o clima nublado e nem a subida \u00e1rdua do Morro da Capelinha impediram o p\u00fablico de acompanhar a jornada de Jesus Cristo, de acordo com a hist\u00f3ria b\u00edblica. Mesmo com o princ\u00edpio chuvoso, milhares de pessoas acompanharam de perto e sentiram muita emo\u00e7\u00e3o em meio \u00e0 apresenta\u00e7\u00e3o, vendo cada cena marcante, como P\u00f4ncio Pilatos lavando as m\u00e3os, a condena\u00e7\u00e3o de Cristo, a liberta\u00e7\u00e3o de Barrab\u00e1s, a caminhada ao calv\u00e1rio, a crucifica\u00e7\u00e3o e a ressurrei\u00e7\u00e3o.<\/p>\n<p>Essa \u00faltima cena \u00e9 a considerada mais emocionante para o auxiliar de servi\u00e7os gerais Valdir Tavares. Ao lado da esposa Cristina Azevedo, ele acompanhou o espet\u00e1culo. \u201c\u00c9 triste quando come\u00e7a o julgamento, mas o bom \u00e9 o final, que Jesus ressuscita e a gente sabe que ele est\u00e1 vivo e que pode ter f\u00e9. Essa \u00e9 uma hist\u00f3ria que a Via Sacra de Planaltina conta para n\u00f3s todos os anos e a gente vem prestigiar, porque \u00e9 um lugar onde a gente pode orar, agradecer, pagar promessas e rezar para os entes queridos\u201d, descreveu.<\/p>\n<p>O vigilante Salom\u00e3o Gon\u00e7alves de Almeida participa do evento h\u00e1 28 anos e representou um soldado dos sacerdotes An\u00e1s e Caif\u00e1s. Ele definiu a Via Sacra como um evento marcante da vida: \u201cParticipo de cora\u00e7\u00e3o, por nada em troca, apenas pelo amor \u00e0 Via Sacra. \u00c9 muita emo\u00e7\u00e3o encenar para 60, 80, 100 mil pessoas. N\u00f3s choramos nos bastidores, porque \u00e9 muita emo\u00e7\u00e3o, f\u00e9 e realidade, um evento que mexe com a alma\u201d.<\/p>\n<p>J\u00e1 a aposentada Izelda Fernandes da Costa aguardou ansiosamente at\u00e9 o final do evento. \u201cTem mais de 35 anos que eu venho e a parte que eu mais gosto \u00e9 quando Jesus Cristo ressuscita. Vale a pena assistir toda a encena\u00e7\u00e3o, porque Jesus sofreu muito por n\u00f3s para nos salvar\u201d, disse a moradora de S\u00e3o Sebasti\u00e3o.<\/p>\n<p>Para o arcebispo da Arquidiocese de Bras\u00edlia, Dom Paulo Cezar, a Via Sacra de Planaltina consegue, por meio da arte, passar a mensagem central da f\u00e9 crist\u00e3. \u201cIsso \u00e9 muito importante hoje. \u00c9 uma forma bonita de evangelizar, em que a f\u00e9 vai entrando e sendo anunciada com leveza, onde o centro da f\u00e9, que \u00e9 o mist\u00e9rio da morte e ressurrei\u00e7\u00e3o de Jesus, vai penetrando no cora\u00e7\u00e3o da gente com beleza e leveza da arte\u201d, definiu.<\/p>\n","protected":false},"excerpt":{"rendered":"<p>No momento em que completou 50 anos, um dos eventos mais aguardados pelos fi\u00e9is reuniu p\u00fablico de cerca de 80 mil pessoas no Morro da Capelinha, em Planaltina, nesta Sexta-feira Santa (7). A tradicional encena\u00e7\u00e3o da Via Sacra contou com mais de 1,4 mil volunt\u00e1rios e investimento de R$ 1,3 milh\u00e3o do Governo do Distrito [&hellip;]<\/p>\n","protected":false},"author":2,"featured_media":302650,"comment_status":"closed","ping_status":"closed","sticky":false,"template":"","format":"standard","meta":{"_acf_changed":false,"footnotes":""},"categories":[161],"tags":[],"class_list":["post-302649","post","type-post","status-publish","format-standard","has-post-thumbnail","hentry","category-quadradinho-em-foco"],"acf":[],"yoast_head":"<!-- This site is optimized with the Yoast SEO plugin v27.2 - https:\/\/yoast.com\/product\/yoast-seo-wordpress\/ -->\n<title>Encena\u00e7\u00e3o da Paix\u00e3o de Cristo emociona 80 mil fi\u00e9is - Notibras<\/title>\n<meta name=\"robots\" content=\"index, follow, max-snippet:-1, max-image-preview:large, max-video-preview:-1\" \/>\n<link rel=\"canonical\" href=\"https:\/\/www.notibras.com\/site\/encenacao-da-paixao-de-cristo-emociona-80-mil-fieis\/\" \/>\n<meta property=\"og:locale\" content=\"pt_BR\" \/>\n<meta property=\"og:type\" content=\"article\" \/>\n<meta property=\"og:title\" content=\"Encena\u00e7\u00e3o da Paix\u00e3o de Cristo emociona 80 mil fi\u00e9is - Notibras\" \/>\n<meta property=\"og:description\" content=\"No momento em que completou 50 anos, um dos eventos mais aguardados pelos fi\u00e9is reuniu p\u00fablico de cerca de 80 mil pessoas no Morro da Capelinha, em Planaltina, nesta Sexta-feira Santa (7). A tradicional encena\u00e7\u00e3o da Via Sacra contou com mais de 1,4 mil volunt\u00e1rios e investimento de R$ 1,3 milh\u00e3o do Governo do Distrito [&hellip;]\" \/>\n<meta property=\"og:url\" content=\"https:\/\/www.notibras.com\/site\/encenacao-da-paixao-de-cristo-emociona-80-mil-fieis\/\" \/>\n<meta property=\"og:site_name\" content=\"Notibras\" \/>\n<meta property=\"article:publisher\" content=\"https:\/\/www.facebook.com\/notibras\/\" \/>\n<meta property=\"article:published_time\" content=\"2023-04-08T03:00:51+00:00\" \/>\n<meta property=\"article:modified_time\" content=\"2023-04-08T13:45:37+00:00\" \/>\n<meta property=\"og:image\" content=\"https:\/\/www.notibras.com\/site\/wp-content\/uploads\/2023\/04\/WhatsApp-Image-2023-04-07-at-19.19.342-1536x1023-1.jpeg\" \/>\n\t<meta property=\"og:image:width\" content=\"1536\" \/>\n\t<meta property=\"og:image:height\" content=\"1023\" \/>\n\t<meta property=\"og:image:type\" content=\"image\/jpeg\" \/>\n<meta name=\"author\" content=\"Reda\u00e7\u00e3o\" \/>\n<meta name=\"twitter:card\" content=\"summary_large_image\" \/>\n<meta name=\"twitter:creator\" content=\"@Notibras\" \/>\n<meta name=\"twitter:site\" content=\"@Notibras\" \/>\n<meta name=\"twitter:label1\" content=\"Escrito por\" \/>\n\t<meta name=\"twitter:data1\" content=\"Reda\u00e7\u00e3o\" \/>\n\t<meta name=\"twitter:label2\" content=\"Est. tempo de leitura\" \/>\n\t<meta name=\"twitter:data2\" content=\"4 minutos\" \/>\n<script type=\"application\/ld+json\" class=\"yoast-schema-graph\">{\"@context\":\"https:\/\/schema.org\",\"@graph\":[{\"@type\":\"Article\",\"@id\":\"https:\/\/www.notibras.com\/site\/encenacao-da-paixao-de-cristo-emociona-80-mil-fieis\/#article\",\"isPartOf\":{\"@id\":\"https:\/\/www.notibras.com\/site\/encenacao-da-paixao-de-cristo-emociona-80-mil-fieis\/\"},\"author\":{\"name\":\"Reda\u00e7\u00e3o\",\"@id\":\"https:\/\/www.notibras.com\/site\/#\/schema\/person\/36ab0979449956132d3e5b517ea76ac8\"},\"headline\":\"Encena\u00e7\u00e3o da Paix\u00e3o de Cristo emociona 80 mil fi\u00e9is\",\"datePublished\":\"2023-04-08T03:00:51+00:00\",\"dateModified\":\"2023-04-08T13:45:37+00:00\",\"mainEntityOfPage\":{\"@id\":\"https:\/\/www.notibras.com\/site\/encenacao-da-paixao-de-cristo-emociona-80-mil-fieis\/\"},\"wordCount\":624,\"publisher\":{\"@id\":\"https:\/\/www.notibras.com\/site\/#organization\"},\"image\":{\"@id\":\"https:\/\/www.notibras.com\/site\/encenacao-da-paixao-de-cristo-emociona-80-mil-fieis\/#primaryimage\"},\"thumbnailUrl\":\"https:\/\/www.notibras.com\/site\/wp-content\/uploads\/2023\/04\/WhatsApp-Image-2023-04-07-at-19.19.342-1536x1023-1.jpeg\",\"articleSection\":[\"Quadradinho em Foco\"],\"inLanguage\":\"pt-BR\"},{\"@type\":\"WebPage\",\"@id\":\"https:\/\/www.notibras.com\/site\/encenacao-da-paixao-de-cristo-emociona-80-mil-fieis\/\",\"url\":\"https:\/\/www.notibras.com\/site\/encenacao-da-paixao-de-cristo-emociona-80-mil-fieis\/\",\"name\":\"Encena\u00e7\u00e3o da Paix\u00e3o de Cristo emociona 80 mil fi\u00e9is - Notibras\",\"isPartOf\":{\"@id\":\"https:\/\/www.notibras.com\/site\/#website\"},\"primaryImageOfPage\":{\"@id\":\"https:\/\/www.notibras.com\/site\/encenacao-da-paixao-de-cristo-emociona-80-mil-fieis\/#primaryimage\"},\"image\":{\"@id\":\"https:\/\/www.notibras.com\/site\/encenacao-da-paixao-de-cristo-emociona-80-mil-fieis\/#primaryimage\"},\"thumbnailUrl\":\"https:\/\/www.notibras.com\/site\/wp-content\/uploads\/2023\/04\/WhatsApp-Image-2023-04-07-at-19.19.342-1536x1023-1.jpeg\",\"datePublished\":\"2023-04-08T03:00:51+00:00\",\"dateModified\":\"2023-04-08T13:45:37+00:00\",\"breadcrumb\":{\"@id\":\"https:\/\/www.notibras.com\/site\/encenacao-da-paixao-de-cristo-emociona-80-mil-fieis\/#breadcrumb\"},\"inLanguage\":\"pt-BR\",\"potentialAction\":[{\"@type\":\"ReadAction\",\"target\":[\"https:\/\/www.notibras.com\/site\/encenacao-da-paixao-de-cristo-emociona-80-mil-fieis\/\"]}]},{\"@type\":\"ImageObject\",\"inLanguage\":\"pt-BR\",\"@id\":\"https:\/\/www.notibras.com\/site\/encenacao-da-paixao-de-cristo-emociona-80-mil-fieis\/#primaryimage\",\"url\":\"https:\/\/www.notibras.com\/site\/wp-content\/uploads\/2023\/04\/WhatsApp-Image-2023-04-07-at-19.19.342-1536x1023-1.jpeg\",\"contentUrl\":\"https:\/\/www.notibras.com\/site\/wp-content\/uploads\/2023\/04\/WhatsApp-Image-2023-04-07-at-19.19.342-1536x1023-1.jpeg\",\"width\":1536,\"height\":1023},{\"@type\":\"BreadcrumbList\",\"@id\":\"https:\/\/www.notibras.com\/site\/encenacao-da-paixao-de-cristo-emociona-80-mil-fieis\/#breadcrumb\",\"itemListElement\":[{\"@type\":\"ListItem\",\"position\":1,\"name\":\"In\u00edcio\",\"item\":\"https:\/\/www.notibras.com\/site\/\"},{\"@type\":\"ListItem\",\"position\":2,\"name\":\"Encena\u00e7\u00e3o da Paix\u00e3o de Cristo emociona 80 mil fi\u00e9is\"}]},{\"@type\":\"WebSite\",\"@id\":\"https:\/\/www.notibras.com\/site\/#website\",\"url\":\"https:\/\/www.notibras.com\/site\/\",\"name\":\"Notibras\",\"description\":\"Not\u00edcias de Bras\u00edlia, do Brasil e do Mundo\",\"publisher\":{\"@id\":\"https:\/\/www.notibras.com\/site\/#organization\"},\"potentialAction\":[{\"@type\":\"SearchAction\",\"target\":{\"@type\":\"EntryPoint\",\"urlTemplate\":\"https:\/\/www.notibras.com\/site\/?s={search_term_string}\"},\"query-input\":{\"@type\":\"PropertyValueSpecification\",\"valueRequired\":true,\"valueName\":\"search_term_string\"}}],\"inLanguage\":\"pt-BR\"},{\"@type\":\"Organization\",\"@id\":\"https:\/\/www.notibras.com\/site\/#organization\",\"name\":\"Grupo Notibras de Comunica\u00e7\u00e3o\",\"url\":\"https:\/\/www.notibras.com\/site\/\",\"logo\":{\"@type\":\"ImageObject\",\"inLanguage\":\"pt-BR\",\"@id\":\"https:\/\/www.notibras.com\/site\/#\/schema\/logo\/image\/\",\"url\":\"https:\/\/www.notibras.com\/site\/wp-content\/uploads\/2023\/01\/notibras23.png\",\"contentUrl\":\"https:\/\/www.notibras.com\/site\/wp-content\/uploads\/2023\/01\/notibras23.png\",\"width\":350,\"height\":87,\"caption\":\"Grupo Notibras de Comunica\u00e7\u00e3o\"},\"image\":{\"@id\":\"https:\/\/www.notibras.com\/site\/#\/schema\/logo\/image\/\"},\"sameAs\":[\"https:\/\/www.facebook.com\/notibras\/\",\"https:\/\/x.com\/Notibras\",\"https:\/\/www.instagram.com\/notibras\/\"]},{\"@type\":\"Person\",\"@id\":\"https:\/\/www.notibras.com\/site\/#\/schema\/person\/36ab0979449956132d3e5b517ea76ac8\",\"name\":\"Reda\u00e7\u00e3o\",\"image\":{\"@type\":\"ImageObject\",\"inLanguage\":\"pt-BR\",\"@id\":\"https:\/\/secure.gravatar.com\/avatar\/e0a867bdedb85fd243eadf09663511f96fc81e0720a4a42581f334ad4303aa6b?s=96&d=mm&r=g\",\"url\":\"https:\/\/secure.gravatar.com\/avatar\/e0a867bdedb85fd243eadf09663511f96fc81e0720a4a42581f334ad4303aa6b?s=96&d=mm&r=g\",\"contentUrl\":\"https:\/\/secure.gravatar.com\/avatar\/e0a867bdedb85fd243eadf09663511f96fc81e0720a4a42581f334ad4303aa6b?s=96&d=mm&r=g\",\"caption\":\"Reda\u00e7\u00e3o\"}}]}<\/script>\n<!-- \/ Yoast SEO plugin. -->","yoast_head_json":{"title":"Encena\u00e7\u00e3o da Paix\u00e3o de Cristo emociona 80 mil fi\u00e9is - Notibras","robots":{"index":"index","follow":"follow","max-snippet":"max-snippet:-1","max-image-preview":"max-image-preview:large","max-video-preview":"max-video-preview:-1"},"canonical":"https:\/\/www.notibras.com\/site\/encenacao-da-paixao-de-cristo-emociona-80-mil-fieis\/","og_locale":"pt_BR","og_type":"article","og_title":"Encena\u00e7\u00e3o da Paix\u00e3o de Cristo emociona 80 mil fi\u00e9is - Notibras","og_description":"No momento em que completou 50 anos, um dos eventos mais aguardados pelos fi\u00e9is reuniu p\u00fablico de cerca de 80 mil pessoas no Morro da Capelinha, em Planaltina, nesta Sexta-feira Santa (7). A tradicional encena\u00e7\u00e3o da Via Sacra contou com mais de 1,4 mil volunt\u00e1rios e investimento de R$ 1,3 milh\u00e3o do Governo do Distrito [&hellip;]","og_url":"https:\/\/www.notibras.com\/site\/encenacao-da-paixao-de-cristo-emociona-80-mil-fieis\/","og_site_name":"Notibras","article_publisher":"https:\/\/www.facebook.com\/notibras\/","article_published_time":"2023-04-08T03:00:51+00:00","article_modified_time":"2023-04-08T13:45:37+00:00","og_image":[{"width":1536,"height":1023,"url":"https:\/\/www.notibras.com\/site\/wp-content\/uploads\/2023\/04\/WhatsApp-Image-2023-04-07-at-19.19.342-1536x1023-1.jpeg","type":"image\/jpeg"}],"author":"Reda\u00e7\u00e3o","twitter_card":"summary_large_image","twitter_creator":"@Notibras","twitter_site":"@Notibras","twitter_misc":{"Escrito por":"Reda\u00e7\u00e3o","Est. tempo de leitura":"4 minutos"},"schema":{"@context":"https:\/\/schema.org","@graph":[{"@type":"Article","@id":"https:\/\/www.notibras.com\/site\/encenacao-da-paixao-de-cristo-emociona-80-mil-fieis\/#article","isPartOf":{"@id":"https:\/\/www.notibras.com\/site\/encenacao-da-paixao-de-cristo-emociona-80-mil-fieis\/"},"author":{"name":"Reda\u00e7\u00e3o","@id":"https:\/\/www.notibras.com\/site\/#\/schema\/person\/36ab0979449956132d3e5b517ea76ac8"},"headline":"Encena\u00e7\u00e3o da Paix\u00e3o de Cristo emociona 80 mil fi\u00e9is","datePublished":"2023-04-08T03:00:51+00:00","dateModified":"2023-04-08T13:45:37+00:00","mainEntityOfPage":{"@id":"https:\/\/www.notibras.com\/site\/encenacao-da-paixao-de-cristo-emociona-80-mil-fieis\/"},"wordCount":624,"publisher":{"@id":"https:\/\/www.notibras.com\/site\/#organization"},"image":{"@id":"https:\/\/www.notibras.com\/site\/encenacao-da-paixao-de-cristo-emociona-80-mil-fieis\/#primaryimage"},"thumbnailUrl":"https:\/\/www.notibras.com\/site\/wp-content\/uploads\/2023\/04\/WhatsApp-Image-2023-04-07-at-19.19.342-1536x1023-1.jpeg","articleSection":["Quadradinho em Foco"],"inLanguage":"pt-BR"},{"@type":"WebPage","@id":"https:\/\/www.notibras.com\/site\/encenacao-da-paixao-de-cristo-emociona-80-mil-fieis\/","url":"https:\/\/www.notibras.com\/site\/encenacao-da-paixao-de-cristo-emociona-80-mil-fieis\/","name":"Encena\u00e7\u00e3o da Paix\u00e3o de Cristo emociona 80 mil fi\u00e9is - Notibras","isPartOf":{"@id":"https:\/\/www.notibras.com\/site\/#website"},"primaryImageOfPage":{"@id":"https:\/\/www.notibras.com\/site\/encenacao-da-paixao-de-cristo-emociona-80-mil-fieis\/#primaryimage"},"image":{"@id":"https:\/\/www.notibras.com\/site\/encenacao-da-paixao-de-cristo-emociona-80-mil-fieis\/#primaryimage"},"thumbnailUrl":"https:\/\/www.notibras.com\/site\/wp-content\/uploads\/2023\/04\/WhatsApp-Image-2023-04-07-at-19.19.342-1536x1023-1.jpeg","datePublished":"2023-04-08T03:00:51+00:00","dateModified":"2023-04-08T13:45:37+00:00","breadcrumb":{"@id":"https:\/\/www.notibras.com\/site\/encenacao-da-paixao-de-cristo-emociona-80-mil-fieis\/#breadcrumb"},"inLanguage":"pt-BR","potentialAction":[{"@type":"ReadAction","target":["https:\/\/www.notibras.com\/site\/encenacao-da-paixao-de-cristo-emociona-80-mil-fieis\/"]}]},{"@type":"ImageObject","inLanguage":"pt-BR","@id":"https:\/\/www.notibras.com\/site\/encenacao-da-paixao-de-cristo-emociona-80-mil-fieis\/#primaryimage","url":"https:\/\/www.notibras.com\/site\/wp-content\/uploads\/2023\/04\/WhatsApp-Image-2023-04-07-at-19.19.342-1536x1023-1.jpeg","contentUrl":"https:\/\/www.notibras.com\/site\/wp-content\/uploads\/2023\/04\/WhatsApp-Image-2023-04-07-at-19.19.342-1536x1023-1.jpeg","width":1536,"height":1023},{"@type":"BreadcrumbList","@id":"https:\/\/www.notibras.com\/site\/encenacao-da-paixao-de-cristo-emociona-80-mil-fieis\/#breadcrumb","itemListElement":[{"@type":"ListItem","position":1,"name":"In\u00edcio","item":"https:\/\/www.notibras.com\/site\/"},{"@type":"ListItem","position":2,"name":"Encena\u00e7\u00e3o da Paix\u00e3o de Cristo emociona 80 mil fi\u00e9is"}]},{"@type":"WebSite","@id":"https:\/\/www.notibras.com\/site\/#website","url":"https:\/\/www.notibras.com\/site\/","name":"Notibras","description":"Not\u00edcias de Bras\u00edlia, do Brasil e do Mundo","publisher":{"@id":"https:\/\/www.notibras.com\/site\/#organization"},"potentialAction":[{"@type":"SearchAction","target":{"@type":"EntryPoint","urlTemplate":"https:\/\/www.notibras.com\/site\/?s={search_term_string}"},"query-input":{"@type":"PropertyValueSpecification","valueRequired":true,"valueName":"search_term_string"}}],"inLanguage":"pt-BR"},{"@type":"Organization","@id":"https:\/\/www.notibras.com\/site\/#organization","name":"Grupo Notibras de Comunica\u00e7\u00e3o","url":"https:\/\/www.notibras.com\/site\/","logo":{"@type":"ImageObject","inLanguage":"pt-BR","@id":"https:\/\/www.notibras.com\/site\/#\/schema\/logo\/image\/","url":"https:\/\/www.notibras.com\/site\/wp-content\/uploads\/2023\/01\/notibras23.png","contentUrl":"https:\/\/www.notibras.com\/site\/wp-content\/uploads\/2023\/01\/notibras23.png","width":350,"height":87,"caption":"Grupo Notibras de Comunica\u00e7\u00e3o"},"image":{"@id":"https:\/\/www.notibras.com\/site\/#\/schema\/logo\/image\/"},"sameAs":["https:\/\/www.facebook.com\/notibras\/","https:\/\/x.com\/Notibras","https:\/\/www.instagram.com\/notibras\/"]},{"@type":"Person","@id":"https:\/\/www.notibras.com\/site\/#\/schema\/person\/36ab0979449956132d3e5b517ea76ac8","name":"Reda\u00e7\u00e3o","image":{"@type":"ImageObject","inLanguage":"pt-BR","@id":"https:\/\/secure.gravatar.com\/avatar\/e0a867bdedb85fd243eadf09663511f96fc81e0720a4a42581f334ad4303aa6b?s=96&d=mm&r=g","url":"https:\/\/secure.gravatar.com\/avatar\/e0a867bdedb85fd243eadf09663511f96fc81e0720a4a42581f334ad4303aa6b?s=96&d=mm&r=g","contentUrl":"https:\/\/secure.gravatar.com\/avatar\/e0a867bdedb85fd243eadf09663511f96fc81e0720a4a42581f334ad4303aa6b?s=96&d=mm&r=g","caption":"Reda\u00e7\u00e3o"}}]}},"amp_enabled":true,"_links":{"self":[{"href":"https:\/\/www.notibras.com\/site\/wp-json\/wp\/v2\/posts\/302649","targetHints":{"allow":["GET"]}}],"collection":[{"href":"https:\/\/www.notibras.com\/site\/wp-json\/wp\/v2\/posts"}],"about":[{"href":"https:\/\/www.notibras.com\/site\/wp-json\/wp\/v2\/types\/post"}],"author":[{"embeddable":true,"href":"https:\/\/www.notibras.com\/site\/wp-json\/wp\/v2\/users\/2"}],"replies":[{"embeddable":true,"href":"https:\/\/www.notibras.com\/site\/wp-json\/wp\/v2\/comments?post=302649"}],"version-history":[{"count":1,"href":"https:\/\/www.notibras.com\/site\/wp-json\/wp\/v2\/posts\/302649\/revisions"}],"predecessor-version":[{"id":302651,"href":"https:\/\/www.notibras.com\/site\/wp-json\/wp\/v2\/posts\/302649\/revisions\/302651"}],"wp:featuredmedia":[{"embeddable":true,"href":"https:\/\/www.notibras.com\/site\/wp-json\/wp\/v2\/media\/302650"}],"wp:attachment":[{"href":"https:\/\/www.notibras.com\/site\/wp-json\/wp\/v2\/media?parent=302649"}],"wp:term":[{"taxonomy":"category","embeddable":true,"href":"https:\/\/www.notibras.com\/site\/wp-json\/wp\/v2\/categories?post=302649"},{"taxonomy":"post_tag","embeddable":true,"href":"https:\/\/www.notibras.com\/site\/wp-json\/wp\/v2\/tags?post=302649"}],"curies":[{"name":"wp","href":"https:\/\/api.w.org\/{rel}","templated":true}]}}