{"id":302712,"date":"2023-04-09T07:18:49","date_gmt":"2023-04-09T10:18:49","guid":{"rendered":"https:\/\/www.notibras.com\/site\/?p=302712"},"modified":"2023-04-09T07:23:57","modified_gmt":"2023-04-09T10:23:57","slug":"garota-cita-sansao-e-garoto-perde-a-cabeca","status":"publish","type":"post","link":"https:\/\/www.notibras.com\/site\/garota-cita-sansao-e-garoto-perde-a-cabeca\/","title":{"rendered":"Garota cita Sans\u00e3o e garoto perde a cabe\u00e7a"},"content":{"rendered":"<p>As buscas por jacar\u00e9s no lago come\u00e7aram na manh\u00e3 seguinte. Equipes do Corpo de Bombeiros foram acionadas. A movimenta\u00e7\u00e3o no lago Parano\u00e1 foi tamanha, que logo despertou a aten\u00e7\u00e3o da popula\u00e7\u00e3o. N\u00e3o demorou, a imprensa<br \/>\nestava no local.<\/p>\n<p>A not\u00edcia de que um monstro devorador de homens habitava as calmas \u00e1guas do Parano\u00e1 se espalhou. Isso fez com que v\u00e1rias embarca\u00e7\u00f5es particulares tomassem toda a regi\u00e3o do lago. Al\u00e9m disso, v\u00e1rios drones passaram a sobrevoar a extensa \u00e1rea.<\/p>\n<p>Durante uma das in\u00fameras entrevistas a moradores locais, uma menina de 10 anos disse que j\u00e1 havia visto o Sans\u00e3o. Pois \u00e9, o jacar\u00e9 tinha at\u00e9 nome. E, segundo os c\u00e1lculos da garota, ele era t\u00e3o comprido como um autom\u00f3vel.<\/p>\n<p>Verdade ou imagina\u00e7\u00e3o, aquela hist\u00f3ria sobre Sans\u00e3o correu toda a cidade. O p\u00e2nico tomou conta dos frequentadores do lago Parano\u00e1. Entretanto, um ou outro indiv\u00edduo insano se atrevia a continuar por ali.<\/p>\n<p>Os dias foram se transformando em semanas e, j\u00e1 completando tr\u00eas meses, o assunto foi deixado de lado. Quase ningu\u00e9m comentava sobre o suposto enorme r\u00e9ptil. E, os que o faziam, era apenas para fazer chacota da an\u00e1lise do tal especialista em crocodilianos do zool\u00f3gico. At\u00e9 uma charge saiu na imprensa, onde mostrava S\u00e1 Gomes com uma lente de aumento apontada para uma lagartixa.<\/p>\n<p>Aos poucos, as pessoas voltaram a frequentar o lago. Pescadores, adeptos de esportes n\u00e1uticos, atletas que se atreviam a atravessar a nado aquele mundar\u00e9u de \u00e1gua. Tudo parecia como antes.<\/p>\n<p>Pois foi numa manh\u00e3 que um grupo de jovens resolveu se refrescar nas margens debaixo da famosa ponte JK. Todos na faixa dos 12 a 15 anos correram para ver quem entrava primeiro na \u00e1gua. O vencedor foi C\u00e9sar, que mergulhou e, depois de quase dez metros sob as \u00e1guas escuras, surgiu.<\/p>\n<p>Os outros garotos tamb\u00e9m entraram e ficaram quase tr\u00eas horas. Cansados, um a um saiu da \u00e1gua, at\u00e9 restar apenas o desbravador C\u00e9sar.<\/p>\n<p>Sentado na margem, o grupo observava o amigo boiando, at\u00e9 que surgiu um enorme jacar\u00e9 e abocanhou a cabe\u00e7a do menino.<\/p>\n<p>Todos ficaram boquiabertos com aquilo. A hist\u00f3ria sobre a exist\u00eancia de um monstro naquelas \u00e1guas era mesmo real. S\u00e1 Gomes estava certo.<\/p>\n<p><strong>*O folhetim come\u00e7a a semana com o cap\u00edtulo VIII, na segunda, 10.<\/strong><\/p>\n","protected":false},"excerpt":{"rendered":"<p>As buscas por jacar\u00e9s no lago come\u00e7aram na manh\u00e3 seguinte. Equipes do Corpo de Bombeiros foram acionadas. A movimenta\u00e7\u00e3o no lago Parano\u00e1 foi tamanha, que logo despertou a aten\u00e7\u00e3o da popula\u00e7\u00e3o. N\u00e3o demorou, a imprensa estava no local. A not\u00edcia de que um monstro devorador de homens habitava as calmas \u00e1guas do Parano\u00e1 se espalhou. [&hellip;]<\/p>\n","protected":false},"author":2,"featured_media":302713,"comment_status":"closed","ping_status":"closed","sticky":false,"template":"","format":"standard","meta":{"_acf_changed":false,"footnotes":""},"categories":[161],"tags":[],"class_list":["post-302712","post","type-post","status-publish","format-standard","has-post-thumbnail","hentry","category-quadradinho-em-foco"],"acf":[],"yoast_head":"<!-- This site is optimized with the Yoast SEO plugin v27.2 - https:\/\/yoast.com\/product\/yoast-seo-wordpress\/ -->\n<title>Garota cita Sans\u00e3o e garoto perde a cabe\u00e7a - Notibras<\/title>\n<meta name=\"robots\" content=\"index, follow, max-snippet:-1, max-image-preview:large, max-video-preview:-1\" \/>\n<link rel=\"canonical\" href=\"https:\/\/www.notibras.com\/site\/garota-cita-sansao-e-garoto-perde-a-cabeca\/\" \/>\n<meta property=\"og:locale\" content=\"pt_BR\" \/>\n<meta property=\"og:type\" content=\"article\" \/>\n<meta property=\"og:title\" content=\"Garota cita Sans\u00e3o e garoto perde a cabe\u00e7a - Notibras\" \/>\n<meta property=\"og:description\" content=\"As buscas por jacar\u00e9s no lago come\u00e7aram na manh\u00e3 seguinte. Equipes do Corpo de Bombeiros foram acionadas. A movimenta\u00e7\u00e3o no lago Parano\u00e1 foi tamanha, que logo despertou a aten\u00e7\u00e3o da popula\u00e7\u00e3o. N\u00e3o demorou, a imprensa estava no local. A not\u00edcia de que um monstro devorador de homens habitava as calmas \u00e1guas do Parano\u00e1 se espalhou. [&hellip;]\" \/>\n<meta property=\"og:url\" content=\"https:\/\/www.notibras.com\/site\/garota-cita-sansao-e-garoto-perde-a-cabeca\/\" \/>\n<meta property=\"og:site_name\" content=\"Notibras\" \/>\n<meta property=\"article:publisher\" content=\"https:\/\/www.facebook.com\/notibras\/\" \/>\n<meta property=\"article:published_time\" content=\"2023-04-09T10:18:49+00:00\" \/>\n<meta property=\"article:modified_time\" content=\"2023-04-09T10:23:57+00:00\" \/>\n<meta property=\"og:image\" content=\"https:\/\/www.notibras.com\/site\/wp-content\/uploads\/2023\/04\/bombeiros.jpg\" \/>\n\t<meta property=\"og:image:width\" content=\"984\" \/>\n\t<meta property=\"og:image:height\" content=\"591\" \/>\n\t<meta property=\"og:image:type\" content=\"image\/jpeg\" \/>\n<meta name=\"author\" content=\"Reda\u00e7\u00e3o\" \/>\n<meta name=\"twitter:card\" content=\"summary_large_image\" \/>\n<meta name=\"twitter:creator\" content=\"@Notibras\" \/>\n<meta name=\"twitter:site\" content=\"@Notibras\" \/>\n<meta name=\"twitter:label1\" content=\"Escrito por\" \/>\n\t<meta name=\"twitter:data1\" content=\"Reda\u00e7\u00e3o\" \/>\n\t<meta name=\"twitter:label2\" content=\"Est. tempo de leitura\" \/>\n\t<meta name=\"twitter:data2\" content=\"3 minutos\" \/>\n<script type=\"application\/ld+json\" class=\"yoast-schema-graph\">{\"@context\":\"https:\/\/schema.org\",\"@graph\":[{\"@type\":\"Article\",\"@id\":\"https:\/\/www.notibras.com\/site\/garota-cita-sansao-e-garoto-perde-a-cabeca\/#article\",\"isPartOf\":{\"@id\":\"https:\/\/www.notibras.com\/site\/garota-cita-sansao-e-garoto-perde-a-cabeca\/\"},\"author\":{\"name\":\"Reda\u00e7\u00e3o\",\"@id\":\"https:\/\/www.notibras.com\/site\/#\/schema\/person\/36ab0979449956132d3e5b517ea76ac8\"},\"headline\":\"Garota cita Sans\u00e3o e garoto perde a cabe\u00e7a\",\"datePublished\":\"2023-04-09T10:18:49+00:00\",\"dateModified\":\"2023-04-09T10:23:57+00:00\",\"mainEntityOfPage\":{\"@id\":\"https:\/\/www.notibras.com\/site\/garota-cita-sansao-e-garoto-perde-a-cabeca\/\"},\"wordCount\":417,\"publisher\":{\"@id\":\"https:\/\/www.notibras.com\/site\/#organization\"},\"image\":{\"@id\":\"https:\/\/www.notibras.com\/site\/garota-cita-sansao-e-garoto-perde-a-cabeca\/#primaryimage\"},\"thumbnailUrl\":\"https:\/\/www.notibras.com\/site\/wp-content\/uploads\/2023\/04\/bombeiros.jpg\",\"articleSection\":[\"Quadradinho em Foco\"],\"inLanguage\":\"pt-BR\"},{\"@type\":\"WebPage\",\"@id\":\"https:\/\/www.notibras.com\/site\/garota-cita-sansao-e-garoto-perde-a-cabeca\/\",\"url\":\"https:\/\/www.notibras.com\/site\/garota-cita-sansao-e-garoto-perde-a-cabeca\/\",\"name\":\"Garota cita Sans\u00e3o e garoto perde a cabe\u00e7a - Notibras\",\"isPartOf\":{\"@id\":\"https:\/\/www.notibras.com\/site\/#website\"},\"primaryImageOfPage\":{\"@id\":\"https:\/\/www.notibras.com\/site\/garota-cita-sansao-e-garoto-perde-a-cabeca\/#primaryimage\"},\"image\":{\"@id\":\"https:\/\/www.notibras.com\/site\/garota-cita-sansao-e-garoto-perde-a-cabeca\/#primaryimage\"},\"thumbnailUrl\":\"https:\/\/www.notibras.com\/site\/wp-content\/uploads\/2023\/04\/bombeiros.jpg\",\"datePublished\":\"2023-04-09T10:18:49+00:00\",\"dateModified\":\"2023-04-09T10:23:57+00:00\",\"breadcrumb\":{\"@id\":\"https:\/\/www.notibras.com\/site\/garota-cita-sansao-e-garoto-perde-a-cabeca\/#breadcrumb\"},\"inLanguage\":\"pt-BR\",\"potentialAction\":[{\"@type\":\"ReadAction\",\"target\":[\"https:\/\/www.notibras.com\/site\/garota-cita-sansao-e-garoto-perde-a-cabeca\/\"]}]},{\"@type\":\"ImageObject\",\"inLanguage\":\"pt-BR\",\"@id\":\"https:\/\/www.notibras.com\/site\/garota-cita-sansao-e-garoto-perde-a-cabeca\/#primaryimage\",\"url\":\"https:\/\/www.notibras.com\/site\/wp-content\/uploads\/2023\/04\/bombeiros.jpg\",\"contentUrl\":\"https:\/\/www.notibras.com\/site\/wp-content\/uploads\/2023\/04\/bombeiros.jpg\",\"width\":984,\"height\":591},{\"@type\":\"BreadcrumbList\",\"@id\":\"https:\/\/www.notibras.com\/site\/garota-cita-sansao-e-garoto-perde-a-cabeca\/#breadcrumb\",\"itemListElement\":[{\"@type\":\"ListItem\",\"position\":1,\"name\":\"In\u00edcio\",\"item\":\"https:\/\/www.notibras.com\/site\/\"},{\"@type\":\"ListItem\",\"position\":2,\"name\":\"Garota cita Sans\u00e3o e garoto perde a cabe\u00e7a\"}]},{\"@type\":\"WebSite\",\"@id\":\"https:\/\/www.notibras.com\/site\/#website\",\"url\":\"https:\/\/www.notibras.com\/site\/\",\"name\":\"Notibras\",\"description\":\"Not\u00edcias de Bras\u00edlia, do Brasil e do Mundo\",\"publisher\":{\"@id\":\"https:\/\/www.notibras.com\/site\/#organization\"},\"potentialAction\":[{\"@type\":\"SearchAction\",\"target\":{\"@type\":\"EntryPoint\",\"urlTemplate\":\"https:\/\/www.notibras.com\/site\/?s={search_term_string}\"},\"query-input\":{\"@type\":\"PropertyValueSpecification\",\"valueRequired\":true,\"valueName\":\"search_term_string\"}}],\"inLanguage\":\"pt-BR\"},{\"@type\":\"Organization\",\"@id\":\"https:\/\/www.notibras.com\/site\/#organization\",\"name\":\"Grupo Notibras de Comunica\u00e7\u00e3o\",\"url\":\"https:\/\/www.notibras.com\/site\/\",\"logo\":{\"@type\":\"ImageObject\",\"inLanguage\":\"pt-BR\",\"@id\":\"https:\/\/www.notibras.com\/site\/#\/schema\/logo\/image\/\",\"url\":\"https:\/\/www.notibras.com\/site\/wp-content\/uploads\/2023\/01\/notibras23.png\",\"contentUrl\":\"https:\/\/www.notibras.com\/site\/wp-content\/uploads\/2023\/01\/notibras23.png\",\"width\":350,\"height\":87,\"caption\":\"Grupo Notibras de Comunica\u00e7\u00e3o\"},\"image\":{\"@id\":\"https:\/\/www.notibras.com\/site\/#\/schema\/logo\/image\/\"},\"sameAs\":[\"https:\/\/www.facebook.com\/notibras\/\",\"https:\/\/x.com\/Notibras\",\"https:\/\/www.instagram.com\/notibras\/\"]},{\"@type\":\"Person\",\"@id\":\"https:\/\/www.notibras.com\/site\/#\/schema\/person\/36ab0979449956132d3e5b517ea76ac8\",\"name\":\"Reda\u00e7\u00e3o\",\"image\":{\"@type\":\"ImageObject\",\"inLanguage\":\"pt-BR\",\"@id\":\"https:\/\/secure.gravatar.com\/avatar\/e0a867bdedb85fd243eadf09663511f96fc81e0720a4a42581f334ad4303aa6b?s=96&d=mm&r=g\",\"url\":\"https:\/\/secure.gravatar.com\/avatar\/e0a867bdedb85fd243eadf09663511f96fc81e0720a4a42581f334ad4303aa6b?s=96&d=mm&r=g\",\"contentUrl\":\"https:\/\/secure.gravatar.com\/avatar\/e0a867bdedb85fd243eadf09663511f96fc81e0720a4a42581f334ad4303aa6b?s=96&d=mm&r=g\",\"caption\":\"Reda\u00e7\u00e3o\"}}]}<\/script>\n<!-- \/ Yoast SEO plugin. -->","yoast_head_json":{"title":"Garota cita Sans\u00e3o e garoto perde a cabe\u00e7a - Notibras","robots":{"index":"index","follow":"follow","max-snippet":"max-snippet:-1","max-image-preview":"max-image-preview:large","max-video-preview":"max-video-preview:-1"},"canonical":"https:\/\/www.notibras.com\/site\/garota-cita-sansao-e-garoto-perde-a-cabeca\/","og_locale":"pt_BR","og_type":"article","og_title":"Garota cita Sans\u00e3o e garoto perde a cabe\u00e7a - Notibras","og_description":"As buscas por jacar\u00e9s no lago come\u00e7aram na manh\u00e3 seguinte. Equipes do Corpo de Bombeiros foram acionadas. A movimenta\u00e7\u00e3o no lago Parano\u00e1 foi tamanha, que logo despertou a aten\u00e7\u00e3o da popula\u00e7\u00e3o. N\u00e3o demorou, a imprensa estava no local. A not\u00edcia de que um monstro devorador de homens habitava as calmas \u00e1guas do Parano\u00e1 se espalhou. [&hellip;]","og_url":"https:\/\/www.notibras.com\/site\/garota-cita-sansao-e-garoto-perde-a-cabeca\/","og_site_name":"Notibras","article_publisher":"https:\/\/www.facebook.com\/notibras\/","article_published_time":"2023-04-09T10:18:49+00:00","article_modified_time":"2023-04-09T10:23:57+00:00","og_image":[{"width":984,"height":591,"url":"https:\/\/www.notibras.com\/site\/wp-content\/uploads\/2023\/04\/bombeiros.jpg","type":"image\/jpeg"}],"author":"Reda\u00e7\u00e3o","twitter_card":"summary_large_image","twitter_creator":"@Notibras","twitter_site":"@Notibras","twitter_misc":{"Escrito por":"Reda\u00e7\u00e3o","Est. tempo de leitura":"3 minutos"},"schema":{"@context":"https:\/\/schema.org","@graph":[{"@type":"Article","@id":"https:\/\/www.notibras.com\/site\/garota-cita-sansao-e-garoto-perde-a-cabeca\/#article","isPartOf":{"@id":"https:\/\/www.notibras.com\/site\/garota-cita-sansao-e-garoto-perde-a-cabeca\/"},"author":{"name":"Reda\u00e7\u00e3o","@id":"https:\/\/www.notibras.com\/site\/#\/schema\/person\/36ab0979449956132d3e5b517ea76ac8"},"headline":"Garota cita Sans\u00e3o e garoto perde a cabe\u00e7a","datePublished":"2023-04-09T10:18:49+00:00","dateModified":"2023-04-09T10:23:57+00:00","mainEntityOfPage":{"@id":"https:\/\/www.notibras.com\/site\/garota-cita-sansao-e-garoto-perde-a-cabeca\/"},"wordCount":417,"publisher":{"@id":"https:\/\/www.notibras.com\/site\/#organization"},"image":{"@id":"https:\/\/www.notibras.com\/site\/garota-cita-sansao-e-garoto-perde-a-cabeca\/#primaryimage"},"thumbnailUrl":"https:\/\/www.notibras.com\/site\/wp-content\/uploads\/2023\/04\/bombeiros.jpg","articleSection":["Quadradinho em Foco"],"inLanguage":"pt-BR"},{"@type":"WebPage","@id":"https:\/\/www.notibras.com\/site\/garota-cita-sansao-e-garoto-perde-a-cabeca\/","url":"https:\/\/www.notibras.com\/site\/garota-cita-sansao-e-garoto-perde-a-cabeca\/","name":"Garota cita Sans\u00e3o e garoto perde a cabe\u00e7a - Notibras","isPartOf":{"@id":"https:\/\/www.notibras.com\/site\/#website"},"primaryImageOfPage":{"@id":"https:\/\/www.notibras.com\/site\/garota-cita-sansao-e-garoto-perde-a-cabeca\/#primaryimage"},"image":{"@id":"https:\/\/www.notibras.com\/site\/garota-cita-sansao-e-garoto-perde-a-cabeca\/#primaryimage"},"thumbnailUrl":"https:\/\/www.notibras.com\/site\/wp-content\/uploads\/2023\/04\/bombeiros.jpg","datePublished":"2023-04-09T10:18:49+00:00","dateModified":"2023-04-09T10:23:57+00:00","breadcrumb":{"@id":"https:\/\/www.notibras.com\/site\/garota-cita-sansao-e-garoto-perde-a-cabeca\/#breadcrumb"},"inLanguage":"pt-BR","potentialAction":[{"@type":"ReadAction","target":["https:\/\/www.notibras.com\/site\/garota-cita-sansao-e-garoto-perde-a-cabeca\/"]}]},{"@type":"ImageObject","inLanguage":"pt-BR","@id":"https:\/\/www.notibras.com\/site\/garota-cita-sansao-e-garoto-perde-a-cabeca\/#primaryimage","url":"https:\/\/www.notibras.com\/site\/wp-content\/uploads\/2023\/04\/bombeiros.jpg","contentUrl":"https:\/\/www.notibras.com\/site\/wp-content\/uploads\/2023\/04\/bombeiros.jpg","width":984,"height":591},{"@type":"BreadcrumbList","@id":"https:\/\/www.notibras.com\/site\/garota-cita-sansao-e-garoto-perde-a-cabeca\/#breadcrumb","itemListElement":[{"@type":"ListItem","position":1,"name":"In\u00edcio","item":"https:\/\/www.notibras.com\/site\/"},{"@type":"ListItem","position":2,"name":"Garota cita Sans\u00e3o e garoto perde a cabe\u00e7a"}]},{"@type":"WebSite","@id":"https:\/\/www.notibras.com\/site\/#website","url":"https:\/\/www.notibras.com\/site\/","name":"Notibras","description":"Not\u00edcias de Bras\u00edlia, do Brasil e do Mundo","publisher":{"@id":"https:\/\/www.notibras.com\/site\/#organization"},"potentialAction":[{"@type":"SearchAction","target":{"@type":"EntryPoint","urlTemplate":"https:\/\/www.notibras.com\/site\/?s={search_term_string}"},"query-input":{"@type":"PropertyValueSpecification","valueRequired":true,"valueName":"search_term_string"}}],"inLanguage":"pt-BR"},{"@type":"Organization","@id":"https:\/\/www.notibras.com\/site\/#organization","name":"Grupo Notibras de Comunica\u00e7\u00e3o","url":"https:\/\/www.notibras.com\/site\/","logo":{"@type":"ImageObject","inLanguage":"pt-BR","@id":"https:\/\/www.notibras.com\/site\/#\/schema\/logo\/image\/","url":"https:\/\/www.notibras.com\/site\/wp-content\/uploads\/2023\/01\/notibras23.png","contentUrl":"https:\/\/www.notibras.com\/site\/wp-content\/uploads\/2023\/01\/notibras23.png","width":350,"height":87,"caption":"Grupo Notibras de Comunica\u00e7\u00e3o"},"image":{"@id":"https:\/\/www.notibras.com\/site\/#\/schema\/logo\/image\/"},"sameAs":["https:\/\/www.facebook.com\/notibras\/","https:\/\/x.com\/Notibras","https:\/\/www.instagram.com\/notibras\/"]},{"@type":"Person","@id":"https:\/\/www.notibras.com\/site\/#\/schema\/person\/36ab0979449956132d3e5b517ea76ac8","name":"Reda\u00e7\u00e3o","image":{"@type":"ImageObject","inLanguage":"pt-BR","@id":"https:\/\/secure.gravatar.com\/avatar\/e0a867bdedb85fd243eadf09663511f96fc81e0720a4a42581f334ad4303aa6b?s=96&d=mm&r=g","url":"https:\/\/secure.gravatar.com\/avatar\/e0a867bdedb85fd243eadf09663511f96fc81e0720a4a42581f334ad4303aa6b?s=96&d=mm&r=g","contentUrl":"https:\/\/secure.gravatar.com\/avatar\/e0a867bdedb85fd243eadf09663511f96fc81e0720a4a42581f334ad4303aa6b?s=96&d=mm&r=g","caption":"Reda\u00e7\u00e3o"}}]}},"amp_enabled":true,"_links":{"self":[{"href":"https:\/\/www.notibras.com\/site\/wp-json\/wp\/v2\/posts\/302712","targetHints":{"allow":["GET"]}}],"collection":[{"href":"https:\/\/www.notibras.com\/site\/wp-json\/wp\/v2\/posts"}],"about":[{"href":"https:\/\/www.notibras.com\/site\/wp-json\/wp\/v2\/types\/post"}],"author":[{"embeddable":true,"href":"https:\/\/www.notibras.com\/site\/wp-json\/wp\/v2\/users\/2"}],"replies":[{"embeddable":true,"href":"https:\/\/www.notibras.com\/site\/wp-json\/wp\/v2\/comments?post=302712"}],"version-history":[{"count":3,"href":"https:\/\/www.notibras.com\/site\/wp-json\/wp\/v2\/posts\/302712\/revisions"}],"predecessor-version":[{"id":302716,"href":"https:\/\/www.notibras.com\/site\/wp-json\/wp\/v2\/posts\/302712\/revisions\/302716"}],"wp:featuredmedia":[{"embeddable":true,"href":"https:\/\/www.notibras.com\/site\/wp-json\/wp\/v2\/media\/302713"}],"wp:attachment":[{"href":"https:\/\/www.notibras.com\/site\/wp-json\/wp\/v2\/media?parent=302712"}],"wp:term":[{"taxonomy":"category","embeddable":true,"href":"https:\/\/www.notibras.com\/site\/wp-json\/wp\/v2\/categories?post=302712"},{"taxonomy":"post_tag","embeddable":true,"href":"https:\/\/www.notibras.com\/site\/wp-json\/wp\/v2\/tags?post=302712"}],"curies":[{"name":"wp","href":"https:\/\/api.w.org\/{rel}","templated":true}]}}