{"id":302787,"date":"2023-04-10T10:23:23","date_gmt":"2023-04-10T13:23:23","guid":{"rendered":"https:\/\/www.notibras.com\/site\/?p=302787"},"modified":"2023-04-10T10:26:40","modified_gmt":"2023-04-10T13:26:40","slug":"sansao-encurralado-se-debate-mas-e-contido","status":"publish","type":"post","link":"https:\/\/www.notibras.com\/site\/sansao-encurralado-se-debate-mas-e-contido\/","title":{"rendered":"Sans\u00e3o, encurralado, se debate mas \u00e9 contido"},"content":{"rendered":"<p>Pouco tempo ap\u00f3s o ataque contra o pequeno C\u00e9sar, uma verdadeira opera\u00e7\u00e3o de buscas j\u00e1 estava no local. Partes do corpo do menino foram encontradas. At\u00e9 os mais experientes bombeiros ficaram abalados com a cena.<\/p>\n<p>J\u00e1 no in\u00edcio da tarde, Sans\u00e3o foi avistado deitado entre arbustos na margem oposta ao ataque. A equipe que o havia encontrado apenas esperava a decis\u00e3o do comandante da opera\u00e7\u00e3o: capturar ou abater a fera. Depois de quase uma hora de indecis\u00e3o, optou-se por mant\u00ea-la viva.<\/p>\n<p>Ap\u00f3s v\u00e1rias tentativas frustradas, Sans\u00e3o foi capturado. La\u00e7ado, amorda\u00e7ado, Sans\u00e3o se debateu tanto, que facilmente seria capaz de fazer outras v\u00edtimas apenas com sua enorme cauda. Foram necess\u00e1rios v\u00e1rios homens sobre o enorme jacar\u00e9-a\u00e7u para cont\u00ea-lo.<\/p>\n<p>A multid\u00e3o que se formou no local foi tamanha, que a imprensa precisou abrir espa\u00e7o para filmar e fotografar aquela captura, que levou at\u00e9 o in\u00edcio da noite.<\/p>\n<p>Finalmente, Sans\u00e3o foi transportado para o \u00fanico local que poderia receb\u00ea-lo: o zool\u00f3gico de Bras\u00edlia.<\/p>\n<p>J\u00e1 passava das 22 horas quando o caminh\u00e3o entrou pelo port\u00e3o do zoo. S\u00e1 Gomes estava l\u00e1 para receber aquele esp\u00e9cime magn\u00edfico. Ao seu lado, encontrava-se o veterin\u00e1rio Leonardo Bernar. Os dois teriam muito trabalho, pois precisavam fazer uma an\u00e1lise cuidadosa das condi\u00e7\u00f5es f\u00edsicas de Sans\u00e3o.<\/p>\n<p><strong>*\u00daltimo cap\u00edtulo do folhetim na ter\u00e7a-feira, 11<\/strong><\/p>\n","protected":false},"excerpt":{"rendered":"<p>Pouco tempo ap\u00f3s o ataque contra o pequeno C\u00e9sar, uma verdadeira opera\u00e7\u00e3o de buscas j\u00e1 estava no local. Partes do corpo do menino foram encontradas. At\u00e9 os mais experientes bombeiros ficaram abalados com a cena. J\u00e1 no in\u00edcio da tarde, Sans\u00e3o foi avistado deitado entre arbustos na margem oposta ao ataque. A equipe que o [&hellip;]<\/p>\n","protected":false},"author":2,"featured_media":302788,"comment_status":"closed","ping_status":"closed","sticky":false,"template":"","format":"standard","meta":{"_acf_changed":false,"footnotes":""},"categories":[161],"tags":[],"class_list":["post-302787","post","type-post","status-publish","format-standard","has-post-thumbnail","hentry","category-quadradinho-em-foco"],"acf":[],"yoast_head":"<!-- This site is optimized with the Yoast SEO plugin v27.2 - https:\/\/yoast.com\/product\/yoast-seo-wordpress\/ -->\n<title>Sans\u00e3o, encurralado, se debate mas \u00e9 contido - Notibras<\/title>\n<meta name=\"robots\" content=\"index, follow, max-snippet:-1, max-image-preview:large, max-video-preview:-1\" \/>\n<link rel=\"canonical\" href=\"https:\/\/www.notibras.com\/site\/sansao-encurralado-se-debate-mas-e-contido\/\" \/>\n<meta property=\"og:locale\" content=\"pt_BR\" \/>\n<meta property=\"og:type\" content=\"article\" \/>\n<meta property=\"og:title\" content=\"Sans\u00e3o, encurralado, se debate mas \u00e9 contido - Notibras\" \/>\n<meta property=\"og:description\" content=\"Pouco tempo ap\u00f3s o ataque contra o pequeno C\u00e9sar, uma verdadeira opera\u00e7\u00e3o de buscas j\u00e1 estava no local. Partes do corpo do menino foram encontradas. At\u00e9 os mais experientes bombeiros ficaram abalados com a cena. J\u00e1 no in\u00edcio da tarde, Sans\u00e3o foi avistado deitado entre arbustos na margem oposta ao ataque. A equipe que o [&hellip;]\" \/>\n<meta property=\"og:url\" content=\"https:\/\/www.notibras.com\/site\/sansao-encurralado-se-debate-mas-e-contido\/\" \/>\n<meta property=\"og:site_name\" content=\"Notibras\" \/>\n<meta property=\"article:publisher\" content=\"https:\/\/www.facebook.com\/notibras\/\" \/>\n<meta property=\"article:published_time\" content=\"2023-04-10T13:23:23+00:00\" \/>\n<meta property=\"article:modified_time\" content=\"2023-04-10T13:26:40+00:00\" \/>\n<meta property=\"og:image\" content=\"https:\/\/www.notibras.com\/site\/wp-content\/uploads\/2023\/04\/1000_F_503893166_aZc4F1VJio2sulQTlgin6WAu5Zaj0mgZ.jpg\" \/>\n\t<meta property=\"og:image:width\" content=\"1000\" \/>\n\t<meta property=\"og:image:height\" content=\"921\" \/>\n\t<meta property=\"og:image:type\" content=\"image\/jpeg\" \/>\n<meta name=\"author\" content=\"Reda\u00e7\u00e3o\" \/>\n<meta name=\"twitter:card\" content=\"summary_large_image\" \/>\n<meta name=\"twitter:creator\" content=\"@Notibras\" \/>\n<meta name=\"twitter:site\" content=\"@Notibras\" \/>\n<meta name=\"twitter:label1\" content=\"Escrito por\" \/>\n\t<meta name=\"twitter:data1\" content=\"Reda\u00e7\u00e3o\" \/>\n\t<meta name=\"twitter:label2\" content=\"Est. tempo de leitura\" \/>\n\t<meta name=\"twitter:data2\" content=\"2 minutos\" \/>\n<script type=\"application\/ld+json\" class=\"yoast-schema-graph\">{\"@context\":\"https:\/\/schema.org\",\"@graph\":[{\"@type\":\"Article\",\"@id\":\"https:\/\/www.notibras.com\/site\/sansao-encurralado-se-debate-mas-e-contido\/#article\",\"isPartOf\":{\"@id\":\"https:\/\/www.notibras.com\/site\/sansao-encurralado-se-debate-mas-e-contido\/\"},\"author\":{\"name\":\"Reda\u00e7\u00e3o\",\"@id\":\"https:\/\/www.notibras.com\/site\/#\/schema\/person\/36ab0979449956132d3e5b517ea76ac8\"},\"headline\":\"Sans\u00e3o, encurralado, se debate mas \u00e9 contido\",\"datePublished\":\"2023-04-10T13:23:23+00:00\",\"dateModified\":\"2023-04-10T13:26:40+00:00\",\"mainEntityOfPage\":{\"@id\":\"https:\/\/www.notibras.com\/site\/sansao-encurralado-se-debate-mas-e-contido\/\"},\"wordCount\":257,\"publisher\":{\"@id\":\"https:\/\/www.notibras.com\/site\/#organization\"},\"image\":{\"@id\":\"https:\/\/www.notibras.com\/site\/sansao-encurralado-se-debate-mas-e-contido\/#primaryimage\"},\"thumbnailUrl\":\"https:\/\/www.notibras.com\/site\/wp-content\/uploads\/2023\/04\/1000_F_503893166_aZc4F1VJio2sulQTlgin6WAu5Zaj0mgZ.jpg\",\"articleSection\":[\"Quadradinho em Foco\"],\"inLanguage\":\"pt-BR\"},{\"@type\":\"WebPage\",\"@id\":\"https:\/\/www.notibras.com\/site\/sansao-encurralado-se-debate-mas-e-contido\/\",\"url\":\"https:\/\/www.notibras.com\/site\/sansao-encurralado-se-debate-mas-e-contido\/\",\"name\":\"Sans\u00e3o, encurralado, se debate mas \u00e9 contido - Notibras\",\"isPartOf\":{\"@id\":\"https:\/\/www.notibras.com\/site\/#website\"},\"primaryImageOfPage\":{\"@id\":\"https:\/\/www.notibras.com\/site\/sansao-encurralado-se-debate-mas-e-contido\/#primaryimage\"},\"image\":{\"@id\":\"https:\/\/www.notibras.com\/site\/sansao-encurralado-se-debate-mas-e-contido\/#primaryimage\"},\"thumbnailUrl\":\"https:\/\/www.notibras.com\/site\/wp-content\/uploads\/2023\/04\/1000_F_503893166_aZc4F1VJio2sulQTlgin6WAu5Zaj0mgZ.jpg\",\"datePublished\":\"2023-04-10T13:23:23+00:00\",\"dateModified\":\"2023-04-10T13:26:40+00:00\",\"breadcrumb\":{\"@id\":\"https:\/\/www.notibras.com\/site\/sansao-encurralado-se-debate-mas-e-contido\/#breadcrumb\"},\"inLanguage\":\"pt-BR\",\"potentialAction\":[{\"@type\":\"ReadAction\",\"target\":[\"https:\/\/www.notibras.com\/site\/sansao-encurralado-se-debate-mas-e-contido\/\"]}]},{\"@type\":\"ImageObject\",\"inLanguage\":\"pt-BR\",\"@id\":\"https:\/\/www.notibras.com\/site\/sansao-encurralado-se-debate-mas-e-contido\/#primaryimage\",\"url\":\"https:\/\/www.notibras.com\/site\/wp-content\/uploads\/2023\/04\/1000_F_503893166_aZc4F1VJio2sulQTlgin6WAu5Zaj0mgZ.jpg\",\"contentUrl\":\"https:\/\/www.notibras.com\/site\/wp-content\/uploads\/2023\/04\/1000_F_503893166_aZc4F1VJio2sulQTlgin6WAu5Zaj0mgZ.jpg\",\"width\":1000,\"height\":921},{\"@type\":\"BreadcrumbList\",\"@id\":\"https:\/\/www.notibras.com\/site\/sansao-encurralado-se-debate-mas-e-contido\/#breadcrumb\",\"itemListElement\":[{\"@type\":\"ListItem\",\"position\":1,\"name\":\"In\u00edcio\",\"item\":\"https:\/\/www.notibras.com\/site\/\"},{\"@type\":\"ListItem\",\"position\":2,\"name\":\"Sans\u00e3o, encurralado, se debate mas \u00e9 contido\"}]},{\"@type\":\"WebSite\",\"@id\":\"https:\/\/www.notibras.com\/site\/#website\",\"url\":\"https:\/\/www.notibras.com\/site\/\",\"name\":\"Notibras\",\"description\":\"Not\u00edcias de Bras\u00edlia, do Brasil e do Mundo\",\"publisher\":{\"@id\":\"https:\/\/www.notibras.com\/site\/#organization\"},\"potentialAction\":[{\"@type\":\"SearchAction\",\"target\":{\"@type\":\"EntryPoint\",\"urlTemplate\":\"https:\/\/www.notibras.com\/site\/?s={search_term_string}\"},\"query-input\":{\"@type\":\"PropertyValueSpecification\",\"valueRequired\":true,\"valueName\":\"search_term_string\"}}],\"inLanguage\":\"pt-BR\"},{\"@type\":\"Organization\",\"@id\":\"https:\/\/www.notibras.com\/site\/#organization\",\"name\":\"Grupo Notibras de Comunica\u00e7\u00e3o\",\"url\":\"https:\/\/www.notibras.com\/site\/\",\"logo\":{\"@type\":\"ImageObject\",\"inLanguage\":\"pt-BR\",\"@id\":\"https:\/\/www.notibras.com\/site\/#\/schema\/logo\/image\/\",\"url\":\"https:\/\/www.notibras.com\/site\/wp-content\/uploads\/2023\/01\/notibras23.png\",\"contentUrl\":\"https:\/\/www.notibras.com\/site\/wp-content\/uploads\/2023\/01\/notibras23.png\",\"width\":350,\"height\":87,\"caption\":\"Grupo Notibras de Comunica\u00e7\u00e3o\"},\"image\":{\"@id\":\"https:\/\/www.notibras.com\/site\/#\/schema\/logo\/image\/\"},\"sameAs\":[\"https:\/\/www.facebook.com\/notibras\/\",\"https:\/\/x.com\/Notibras\",\"https:\/\/www.instagram.com\/notibras\/\"]},{\"@type\":\"Person\",\"@id\":\"https:\/\/www.notibras.com\/site\/#\/schema\/person\/36ab0979449956132d3e5b517ea76ac8\",\"name\":\"Reda\u00e7\u00e3o\",\"image\":{\"@type\":\"ImageObject\",\"inLanguage\":\"pt-BR\",\"@id\":\"https:\/\/secure.gravatar.com\/avatar\/e0a867bdedb85fd243eadf09663511f96fc81e0720a4a42581f334ad4303aa6b?s=96&d=mm&r=g\",\"url\":\"https:\/\/secure.gravatar.com\/avatar\/e0a867bdedb85fd243eadf09663511f96fc81e0720a4a42581f334ad4303aa6b?s=96&d=mm&r=g\",\"contentUrl\":\"https:\/\/secure.gravatar.com\/avatar\/e0a867bdedb85fd243eadf09663511f96fc81e0720a4a42581f334ad4303aa6b?s=96&d=mm&r=g\",\"caption\":\"Reda\u00e7\u00e3o\"}}]}<\/script>\n<!-- \/ Yoast SEO plugin. -->","yoast_head_json":{"title":"Sans\u00e3o, encurralado, se debate mas \u00e9 contido - Notibras","robots":{"index":"index","follow":"follow","max-snippet":"max-snippet:-1","max-image-preview":"max-image-preview:large","max-video-preview":"max-video-preview:-1"},"canonical":"https:\/\/www.notibras.com\/site\/sansao-encurralado-se-debate-mas-e-contido\/","og_locale":"pt_BR","og_type":"article","og_title":"Sans\u00e3o, encurralado, se debate mas \u00e9 contido - Notibras","og_description":"Pouco tempo ap\u00f3s o ataque contra o pequeno C\u00e9sar, uma verdadeira opera\u00e7\u00e3o de buscas j\u00e1 estava no local. Partes do corpo do menino foram encontradas. At\u00e9 os mais experientes bombeiros ficaram abalados com a cena. J\u00e1 no in\u00edcio da tarde, Sans\u00e3o foi avistado deitado entre arbustos na margem oposta ao ataque. A equipe que o [&hellip;]","og_url":"https:\/\/www.notibras.com\/site\/sansao-encurralado-se-debate-mas-e-contido\/","og_site_name":"Notibras","article_publisher":"https:\/\/www.facebook.com\/notibras\/","article_published_time":"2023-04-10T13:23:23+00:00","article_modified_time":"2023-04-10T13:26:40+00:00","og_image":[{"width":1000,"height":921,"url":"https:\/\/www.notibras.com\/site\/wp-content\/uploads\/2023\/04\/1000_F_503893166_aZc4F1VJio2sulQTlgin6WAu5Zaj0mgZ.jpg","type":"image\/jpeg"}],"author":"Reda\u00e7\u00e3o","twitter_card":"summary_large_image","twitter_creator":"@Notibras","twitter_site":"@Notibras","twitter_misc":{"Escrito por":"Reda\u00e7\u00e3o","Est. tempo de leitura":"2 minutos"},"schema":{"@context":"https:\/\/schema.org","@graph":[{"@type":"Article","@id":"https:\/\/www.notibras.com\/site\/sansao-encurralado-se-debate-mas-e-contido\/#article","isPartOf":{"@id":"https:\/\/www.notibras.com\/site\/sansao-encurralado-se-debate-mas-e-contido\/"},"author":{"name":"Reda\u00e7\u00e3o","@id":"https:\/\/www.notibras.com\/site\/#\/schema\/person\/36ab0979449956132d3e5b517ea76ac8"},"headline":"Sans\u00e3o, encurralado, se debate mas \u00e9 contido","datePublished":"2023-04-10T13:23:23+00:00","dateModified":"2023-04-10T13:26:40+00:00","mainEntityOfPage":{"@id":"https:\/\/www.notibras.com\/site\/sansao-encurralado-se-debate-mas-e-contido\/"},"wordCount":257,"publisher":{"@id":"https:\/\/www.notibras.com\/site\/#organization"},"image":{"@id":"https:\/\/www.notibras.com\/site\/sansao-encurralado-se-debate-mas-e-contido\/#primaryimage"},"thumbnailUrl":"https:\/\/www.notibras.com\/site\/wp-content\/uploads\/2023\/04\/1000_F_503893166_aZc4F1VJio2sulQTlgin6WAu5Zaj0mgZ.jpg","articleSection":["Quadradinho em Foco"],"inLanguage":"pt-BR"},{"@type":"WebPage","@id":"https:\/\/www.notibras.com\/site\/sansao-encurralado-se-debate-mas-e-contido\/","url":"https:\/\/www.notibras.com\/site\/sansao-encurralado-se-debate-mas-e-contido\/","name":"Sans\u00e3o, encurralado, se debate mas \u00e9 contido - Notibras","isPartOf":{"@id":"https:\/\/www.notibras.com\/site\/#website"},"primaryImageOfPage":{"@id":"https:\/\/www.notibras.com\/site\/sansao-encurralado-se-debate-mas-e-contido\/#primaryimage"},"image":{"@id":"https:\/\/www.notibras.com\/site\/sansao-encurralado-se-debate-mas-e-contido\/#primaryimage"},"thumbnailUrl":"https:\/\/www.notibras.com\/site\/wp-content\/uploads\/2023\/04\/1000_F_503893166_aZc4F1VJio2sulQTlgin6WAu5Zaj0mgZ.jpg","datePublished":"2023-04-10T13:23:23+00:00","dateModified":"2023-04-10T13:26:40+00:00","breadcrumb":{"@id":"https:\/\/www.notibras.com\/site\/sansao-encurralado-se-debate-mas-e-contido\/#breadcrumb"},"inLanguage":"pt-BR","potentialAction":[{"@type":"ReadAction","target":["https:\/\/www.notibras.com\/site\/sansao-encurralado-se-debate-mas-e-contido\/"]}]},{"@type":"ImageObject","inLanguage":"pt-BR","@id":"https:\/\/www.notibras.com\/site\/sansao-encurralado-se-debate-mas-e-contido\/#primaryimage","url":"https:\/\/www.notibras.com\/site\/wp-content\/uploads\/2023\/04\/1000_F_503893166_aZc4F1VJio2sulQTlgin6WAu5Zaj0mgZ.jpg","contentUrl":"https:\/\/www.notibras.com\/site\/wp-content\/uploads\/2023\/04\/1000_F_503893166_aZc4F1VJio2sulQTlgin6WAu5Zaj0mgZ.jpg","width":1000,"height":921},{"@type":"BreadcrumbList","@id":"https:\/\/www.notibras.com\/site\/sansao-encurralado-se-debate-mas-e-contido\/#breadcrumb","itemListElement":[{"@type":"ListItem","position":1,"name":"In\u00edcio","item":"https:\/\/www.notibras.com\/site\/"},{"@type":"ListItem","position":2,"name":"Sans\u00e3o, encurralado, se debate mas \u00e9 contido"}]},{"@type":"WebSite","@id":"https:\/\/www.notibras.com\/site\/#website","url":"https:\/\/www.notibras.com\/site\/","name":"Notibras","description":"Not\u00edcias de Bras\u00edlia, do Brasil e do Mundo","publisher":{"@id":"https:\/\/www.notibras.com\/site\/#organization"},"potentialAction":[{"@type":"SearchAction","target":{"@type":"EntryPoint","urlTemplate":"https:\/\/www.notibras.com\/site\/?s={search_term_string}"},"query-input":{"@type":"PropertyValueSpecification","valueRequired":true,"valueName":"search_term_string"}}],"inLanguage":"pt-BR"},{"@type":"Organization","@id":"https:\/\/www.notibras.com\/site\/#organization","name":"Grupo Notibras de Comunica\u00e7\u00e3o","url":"https:\/\/www.notibras.com\/site\/","logo":{"@type":"ImageObject","inLanguage":"pt-BR","@id":"https:\/\/www.notibras.com\/site\/#\/schema\/logo\/image\/","url":"https:\/\/www.notibras.com\/site\/wp-content\/uploads\/2023\/01\/notibras23.png","contentUrl":"https:\/\/www.notibras.com\/site\/wp-content\/uploads\/2023\/01\/notibras23.png","width":350,"height":87,"caption":"Grupo Notibras de Comunica\u00e7\u00e3o"},"image":{"@id":"https:\/\/www.notibras.com\/site\/#\/schema\/logo\/image\/"},"sameAs":["https:\/\/www.facebook.com\/notibras\/","https:\/\/x.com\/Notibras","https:\/\/www.instagram.com\/notibras\/"]},{"@type":"Person","@id":"https:\/\/www.notibras.com\/site\/#\/schema\/person\/36ab0979449956132d3e5b517ea76ac8","name":"Reda\u00e7\u00e3o","image":{"@type":"ImageObject","inLanguage":"pt-BR","@id":"https:\/\/secure.gravatar.com\/avatar\/e0a867bdedb85fd243eadf09663511f96fc81e0720a4a42581f334ad4303aa6b?s=96&d=mm&r=g","url":"https:\/\/secure.gravatar.com\/avatar\/e0a867bdedb85fd243eadf09663511f96fc81e0720a4a42581f334ad4303aa6b?s=96&d=mm&r=g","contentUrl":"https:\/\/secure.gravatar.com\/avatar\/e0a867bdedb85fd243eadf09663511f96fc81e0720a4a42581f334ad4303aa6b?s=96&d=mm&r=g","caption":"Reda\u00e7\u00e3o"}}]}},"amp_enabled":true,"_links":{"self":[{"href":"https:\/\/www.notibras.com\/site\/wp-json\/wp\/v2\/posts\/302787","targetHints":{"allow":["GET"]}}],"collection":[{"href":"https:\/\/www.notibras.com\/site\/wp-json\/wp\/v2\/posts"}],"about":[{"href":"https:\/\/www.notibras.com\/site\/wp-json\/wp\/v2\/types\/post"}],"author":[{"embeddable":true,"href":"https:\/\/www.notibras.com\/site\/wp-json\/wp\/v2\/users\/2"}],"replies":[{"embeddable":true,"href":"https:\/\/www.notibras.com\/site\/wp-json\/wp\/v2\/comments?post=302787"}],"version-history":[{"count":3,"href":"https:\/\/www.notibras.com\/site\/wp-json\/wp\/v2\/posts\/302787\/revisions"}],"predecessor-version":[{"id":302791,"href":"https:\/\/www.notibras.com\/site\/wp-json\/wp\/v2\/posts\/302787\/revisions\/302791"}],"wp:featuredmedia":[{"embeddable":true,"href":"https:\/\/www.notibras.com\/site\/wp-json\/wp\/v2\/media\/302788"}],"wp:attachment":[{"href":"https:\/\/www.notibras.com\/site\/wp-json\/wp\/v2\/media?parent=302787"}],"wp:term":[{"taxonomy":"category","embeddable":true,"href":"https:\/\/www.notibras.com\/site\/wp-json\/wp\/v2\/categories?post=302787"},{"taxonomy":"post_tag","embeddable":true,"href":"https:\/\/www.notibras.com\/site\/wp-json\/wp\/v2\/tags?post=302787"}],"curies":[{"name":"wp","href":"https:\/\/api.w.org\/{rel}","templated":true}]}}