{"id":302792,"date":"2023-04-10T00:37:20","date_gmt":"2023-04-10T03:37:20","guid":{"rendered":"https:\/\/www.notibras.com\/site\/?p=302792"},"modified":"2023-04-10T10:42:08","modified_gmt":"2023-04-10T13:42:08","slug":"governo-intensifica-acoes-para-insercao-dos-carroceiros","status":"publish","type":"post","link":"https:\/\/www.notibras.com\/site\/governo-intensifica-acoes-para-insercao-dos-carroceiros\/","title":{"rendered":"Governo intensifica a\u00e7\u00f5es para inser\u00e7\u00e3o dos carroceiros"},"content":{"rendered":"<p>O Governo do Distrito Federal tem mobilizado suas equipes no programa de transi\u00e7\u00e3o voltado \u00e0 inclus\u00e3o social e produtiva dos condutores de ve\u00edculos de tra\u00e7\u00e3o animal. Diversas a\u00e7\u00f5es t\u00eam sido executadas com enfoque nessa categoria.<\/p>\n<p>A circula\u00e7\u00e3o de ve\u00edculos de tra\u00e7\u00e3o animal em vias do DF est\u00e1 proibida desde 2019. O Decreto n\u00b0 40.336\/2019 instituiu o Programa de Transi\u00e7\u00e3o da Utiliza\u00e7\u00e3o de Ve\u00edculos de Tra\u00e7\u00e3o Animal, que tem como foco estrat\u00e9gias voltadas para educa\u00e7\u00e3o, desenvolvimento social, capacita\u00e7\u00e3o e inclus\u00e3o no mercado de trabalho dos condutores, al\u00e9m dos cuidados com os animais.<\/p>\n<p>Respons\u00e1vel pela fiscaliza\u00e7\u00e3o do ve\u00edculo de tra\u00e7\u00e3o animal \u2013 atuando com abordagem, autua\u00e7\u00e3o e remo\u00e7\u00e3o de carro\u00e7as \u2013, o Detran est\u00e1 envolvido nas a\u00e7\u00f5es de educa\u00e7\u00e3o e conscientiza\u00e7\u00e3o. Recentemente, o \u00f3rg\u00e3o concluiu o levantamento dos pontos onde ser\u00e1 instalada a sinaliza\u00e7\u00e3o com aviso de proibi\u00e7\u00e3o de circula\u00e7\u00e3o de carro\u00e7as.<\/p>\n<p>\u201cAs placas ser\u00e3o colocadas nas entradas das cidades que, atualmente, concentram a maior quantidade de ve\u00edculos de tra\u00e7\u00e3o animal\u201d, anuncia o diretor-geral em exerc\u00edcio do Detran, Rafael Vitorino. \u201cSer\u00e3o instaladas 40 placas nesse primeiro momento\u201d. Taguatinga, Ceil\u00e2ndia, S\u00e3o Sebasti\u00e3o, Planaltina, Gama e Santa Maria ser\u00e3o as primeiras cidades a receberem essa sinaliza\u00e7\u00e3o.<\/p>\n<p>\u201cO Detran est\u00e1 alinhado com os demais \u00f3rg\u00e3os do GDF para tomar as provid\u00eancias necess\u00e1rias para o cumprimento das normas vigentes; contudo, mais do que fiscalizar, \u00e9 necess\u00e1rio conscientizar os condutores de ve\u00edculos de tra\u00e7\u00e3o animal sobre a proibi\u00e7\u00e3o e, sobretudo, conseguir inserir o carroceiro e sua fam\u00edlia no mercado de trabalho, pois a grande maioria depende desse tipo de servi\u00e7o para a subsist\u00eancia da fam\u00edlia\u201d, ressalta o gestor.<\/p>\n<p><strong>Recadastramento<\/strong><br \/>\nA Secretaria de Desenvolvimento Econ\u00f4mico, Trabalho e Renda (Sedet) \u00e9 a respons\u00e1vel por qualificar e oferecer oportunidades de emprego e renda para os condutores. Entre as a\u00e7\u00f5es, est\u00e3o o recadastramento, inser\u00e7\u00e3o nos programas de qualifica\u00e7\u00e3o da pasta e ofertas de cr\u00e9dito para os trabalhadores.<\/p>\n<p>\u201cEstamos recadastrando mais de 500 carroceiros para inser\u00e7\u00e3o nos programas da Sedet\u201d, conta o chefe de gabinete da secretaria, Jos\u00e9 Messias da Silva. \u201cJ\u00e1 est\u00e3o previstos, no nosso planejamento, mil vagas para qualifica\u00e7\u00e3o dentro do QualificaDF e previs\u00e3o or\u00e7ament\u00e1ria para a oferta de microcr\u00e9dito por meio do Prospera, para a aquisi\u00e7\u00e3o de 300 triciclos el\u00e9tricos e de tobatas [minitratores].\u201d<\/p>\n<p>Segundo ele, a pasta tem promovido reuni\u00f5es com os l\u00edderes dos carroceiros e entrado em contato com os trabalhadores para fazer recadastramento. \u201cEsse cadastro atualizado nos permite conhecer melhor a dimens\u00e3o desse p\u00fablico, orient\u00e1-lo sobre os programas dispon\u00edveis para gera\u00e7\u00e3o de renda e at\u00e9 mesmo buscar a inser\u00e7\u00e3o no mercado de trabalho\u201d, explica.<\/p>\n<p><strong>Cavalos bem-cuidados<\/strong><br \/>\nAs a\u00e7\u00f5es tamb\u00e9m est\u00e3o voltadas para os cuidados com os cavalos que conduzem as carro\u00e7as. O Bras\u00edlia Ambiental, \u00f3rg\u00e3o respons\u00e1vel pela fiscaliza\u00e7\u00e3o de maus-tratos aos animais, tem participado de atividades de conscientiza\u00e7\u00e3o junto aos condutores.<\/p>\n<p>\u201cFizemos muitas a\u00e7\u00f5es para conscientizar os carroceiros em rela\u00e7\u00e3o aos maus-tratos, como [esclarecer sobre a import\u00e2ncia do] uso de ferraduras, e assim os profissionais passaram a cuidar melhor dos cavalos\u201d, relata o superintendente de Fiscaliza\u00e7\u00e3o, Auditoria e Monitoramento do Bras\u00edlia Ambiental, Victor Assis Carvalho Santos.<\/p>\n<p>Cabe \u00e0 Secretaria de Agricultura e Abastecimento (Seagri) o recolhimento e cuidado dos cavalos, ap\u00f3s a a\u00e7\u00e3o dos \u00f3rg\u00e3os de fiscaliza\u00e7\u00e3o. \u201cQuando a fiscaliza\u00e7\u00e3o identifica maus-tratos a esses animais, a Seagri efetua o recolhimento do cavalo\u201d, detalha a subsecret\u00e1ria de Defesa Agropecu\u00e1ria, Danielle Ara\u00fajo. \u201cAbrigamos os animais no nosso curral e realizamos todos os cuidados necess\u00e1rios de alimenta\u00e7\u00e3o, exames e consulta com o nosso veterin\u00e1rio.\u201d<\/p>\n<p>Localizado na Asa Norte, o curral de apreens\u00e3o da Seagri, atualmente, tem 69 animais, entre equ\u00eddeos e bovinos albergados. Nesse cen\u00e1rio, Danielle Ara\u00fajo ressalta a import\u00e2ncia do programa Adote um Animal: \u201cAqui eles s\u00e3o bem-tratados e recebem todos os cuidados, mas temos limita\u00e7\u00e3o de espa\u00e7o. Com o programa, as pessoas interessadas que tenham condi\u00e7\u00f5es de cuidar podem nos procurar e adotar um desses animais\u201d.<\/p>\n<p>Tamb\u00e9m participam das a\u00e7\u00f5es, no \u00e2mbito do programa de transi\u00e7\u00e3o, as secretarias de Educa\u00e7\u00e3o (SEE) e de Desenvolvimento Social (Sedes). A primeira est\u00e1 elaborando um plano de educa\u00e7\u00e3o destinado \u00e0 categoria, enquanto a Sedes atua na inser\u00e7\u00e3o dos trabalhadores desse ramo e seus familiares nas pol\u00edticas de assist\u00eancia social.<\/p>\n<p>Caso voc\u00ea identifique situa\u00e7\u00f5es de maus-tratos ou cavalos abandonados, acione a Central de Atendimento do GDF pelo telefone 162. O canal funciona de segunda a sexta-feira, das 7h \u00e0s 21h. Aos s\u00e1bados, domingos e feriados, o atendimento vai das 8h \u00e0s 18h.<\/p>\n","protected":false},"excerpt":{"rendered":"<p>O Governo do Distrito Federal tem mobilizado suas equipes no programa de transi\u00e7\u00e3o voltado \u00e0 inclus\u00e3o social e produtiva dos condutores de ve\u00edculos de tra\u00e7\u00e3o animal. Diversas a\u00e7\u00f5es t\u00eam sido executadas com enfoque nessa categoria. A circula\u00e7\u00e3o de ve\u00edculos de tra\u00e7\u00e3o animal em vias do DF est\u00e1 proibida desde 2019. O Decreto n\u00b0 40.336\/2019 instituiu [&hellip;]<\/p>\n","protected":false},"author":2,"featured_media":302793,"comment_status":"closed","ping_status":"closed","sticky":false,"template":"","format":"standard","meta":{"_acf_changed":false,"footnotes":""},"categories":[161],"tags":[],"class_list":["post-302792","post","type-post","status-publish","format-standard","has-post-thumbnail","hentry","category-quadradinho-em-foco"],"acf":[],"yoast_head":"<!-- This site is optimized with the Yoast SEO plugin v27.2 - https:\/\/yoast.com\/product\/yoast-seo-wordpress\/ -->\n<title>Governo intensifica a\u00e7\u00f5es para inser\u00e7\u00e3o dos carroceiros - Notibras<\/title>\n<meta name=\"robots\" content=\"index, follow, max-snippet:-1, max-image-preview:large, max-video-preview:-1\" \/>\n<link rel=\"canonical\" href=\"https:\/\/www.notibras.com\/site\/governo-intensifica-acoes-para-insercao-dos-carroceiros\/\" \/>\n<meta property=\"og:locale\" content=\"pt_BR\" \/>\n<meta property=\"og:type\" content=\"article\" \/>\n<meta property=\"og:title\" content=\"Governo intensifica a\u00e7\u00f5es para inser\u00e7\u00e3o dos carroceiros - Notibras\" \/>\n<meta property=\"og:description\" content=\"O Governo do Distrito Federal tem mobilizado suas equipes no programa de transi\u00e7\u00e3o voltado \u00e0 inclus\u00e3o social e produtiva dos condutores de ve\u00edculos de tra\u00e7\u00e3o animal. Diversas a\u00e7\u00f5es t\u00eam sido executadas com enfoque nessa categoria. A circula\u00e7\u00e3o de ve\u00edculos de tra\u00e7\u00e3o animal em vias do DF est\u00e1 proibida desde 2019. O Decreto n\u00b0 40.336\/2019 instituiu [&hellip;]\" \/>\n<meta property=\"og:url\" content=\"https:\/\/www.notibras.com\/site\/governo-intensifica-acoes-para-insercao-dos-carroceiros\/\" \/>\n<meta property=\"og:site_name\" content=\"Notibras\" \/>\n<meta property=\"article:publisher\" content=\"https:\/\/www.facebook.com\/notibras\/\" \/>\n<meta property=\"article:published_time\" content=\"2023-04-10T03:37:20+00:00\" \/>\n<meta property=\"article:modified_time\" content=\"2023-04-10T13:42:08+00:00\" \/>\n<meta property=\"og:image\" content=\"https:\/\/www.notibras.com\/site\/wp-content\/uploads\/2023\/04\/Foto-Divulgacao-Seagri-2.jpg\" \/>\n\t<meta property=\"og:image:width\" content=\"1280\" \/>\n\t<meta property=\"og:image:height\" content=\"853\" \/>\n\t<meta property=\"og:image:type\" content=\"image\/jpeg\" \/>\n<meta name=\"author\" content=\"Reda\u00e7\u00e3o\" \/>\n<meta name=\"twitter:card\" content=\"summary_large_image\" \/>\n<meta name=\"twitter:creator\" content=\"@Notibras\" \/>\n<meta name=\"twitter:site\" content=\"@Notibras\" \/>\n<meta name=\"twitter:label1\" content=\"Escrito por\" \/>\n\t<meta name=\"twitter:data1\" content=\"Reda\u00e7\u00e3o\" \/>\n\t<meta name=\"twitter:label2\" content=\"Est. tempo de leitura\" \/>\n\t<meta name=\"twitter:data2\" content=\"4 minutos\" \/>\n<script type=\"application\/ld+json\" class=\"yoast-schema-graph\">{\"@context\":\"https:\/\/schema.org\",\"@graph\":[{\"@type\":\"Article\",\"@id\":\"https:\/\/www.notibras.com\/site\/governo-intensifica-acoes-para-insercao-dos-carroceiros\/#article\",\"isPartOf\":{\"@id\":\"https:\/\/www.notibras.com\/site\/governo-intensifica-acoes-para-insercao-dos-carroceiros\/\"},\"author\":{\"name\":\"Reda\u00e7\u00e3o\",\"@id\":\"https:\/\/www.notibras.com\/site\/#\/schema\/person\/36ab0979449956132d3e5b517ea76ac8\"},\"headline\":\"Governo intensifica a\u00e7\u00f5es para inser\u00e7\u00e3o dos carroceiros\",\"datePublished\":\"2023-04-10T03:37:20+00:00\",\"dateModified\":\"2023-04-10T13:42:08+00:00\",\"mainEntityOfPage\":{\"@id\":\"https:\/\/www.notibras.com\/site\/governo-intensifica-acoes-para-insercao-dos-carroceiros\/\"},\"wordCount\":837,\"publisher\":{\"@id\":\"https:\/\/www.notibras.com\/site\/#organization\"},\"image\":{\"@id\":\"https:\/\/www.notibras.com\/site\/governo-intensifica-acoes-para-insercao-dos-carroceiros\/#primaryimage\"},\"thumbnailUrl\":\"https:\/\/www.notibras.com\/site\/wp-content\/uploads\/2023\/04\/Foto-Divulgacao-Seagri-2.jpg\",\"articleSection\":[\"Quadradinho em Foco\"],\"inLanguage\":\"pt-BR\"},{\"@type\":\"WebPage\",\"@id\":\"https:\/\/www.notibras.com\/site\/governo-intensifica-acoes-para-insercao-dos-carroceiros\/\",\"url\":\"https:\/\/www.notibras.com\/site\/governo-intensifica-acoes-para-insercao-dos-carroceiros\/\",\"name\":\"Governo intensifica a\u00e7\u00f5es para inser\u00e7\u00e3o dos carroceiros - Notibras\",\"isPartOf\":{\"@id\":\"https:\/\/www.notibras.com\/site\/#website\"},\"primaryImageOfPage\":{\"@id\":\"https:\/\/www.notibras.com\/site\/governo-intensifica-acoes-para-insercao-dos-carroceiros\/#primaryimage\"},\"image\":{\"@id\":\"https:\/\/www.notibras.com\/site\/governo-intensifica-acoes-para-insercao-dos-carroceiros\/#primaryimage\"},\"thumbnailUrl\":\"https:\/\/www.notibras.com\/site\/wp-content\/uploads\/2023\/04\/Foto-Divulgacao-Seagri-2.jpg\",\"datePublished\":\"2023-04-10T03:37:20+00:00\",\"dateModified\":\"2023-04-10T13:42:08+00:00\",\"breadcrumb\":{\"@id\":\"https:\/\/www.notibras.com\/site\/governo-intensifica-acoes-para-insercao-dos-carroceiros\/#breadcrumb\"},\"inLanguage\":\"pt-BR\",\"potentialAction\":[{\"@type\":\"ReadAction\",\"target\":[\"https:\/\/www.notibras.com\/site\/governo-intensifica-acoes-para-insercao-dos-carroceiros\/\"]}]},{\"@type\":\"ImageObject\",\"inLanguage\":\"pt-BR\",\"@id\":\"https:\/\/www.notibras.com\/site\/governo-intensifica-acoes-para-insercao-dos-carroceiros\/#primaryimage\",\"url\":\"https:\/\/www.notibras.com\/site\/wp-content\/uploads\/2023\/04\/Foto-Divulgacao-Seagri-2.jpg\",\"contentUrl\":\"https:\/\/www.notibras.com\/site\/wp-content\/uploads\/2023\/04\/Foto-Divulgacao-Seagri-2.jpg\",\"width\":1280,\"height\":853},{\"@type\":\"BreadcrumbList\",\"@id\":\"https:\/\/www.notibras.com\/site\/governo-intensifica-acoes-para-insercao-dos-carroceiros\/#breadcrumb\",\"itemListElement\":[{\"@type\":\"ListItem\",\"position\":1,\"name\":\"In\u00edcio\",\"item\":\"https:\/\/www.notibras.com\/site\/\"},{\"@type\":\"ListItem\",\"position\":2,\"name\":\"Governo intensifica a\u00e7\u00f5es para inser\u00e7\u00e3o dos carroceiros\"}]},{\"@type\":\"WebSite\",\"@id\":\"https:\/\/www.notibras.com\/site\/#website\",\"url\":\"https:\/\/www.notibras.com\/site\/\",\"name\":\"Notibras\",\"description\":\"Not\u00edcias de Bras\u00edlia, do Brasil e do Mundo\",\"publisher\":{\"@id\":\"https:\/\/www.notibras.com\/site\/#organization\"},\"potentialAction\":[{\"@type\":\"SearchAction\",\"target\":{\"@type\":\"EntryPoint\",\"urlTemplate\":\"https:\/\/www.notibras.com\/site\/?s={search_term_string}\"},\"query-input\":{\"@type\":\"PropertyValueSpecification\",\"valueRequired\":true,\"valueName\":\"search_term_string\"}}],\"inLanguage\":\"pt-BR\"},{\"@type\":\"Organization\",\"@id\":\"https:\/\/www.notibras.com\/site\/#organization\",\"name\":\"Grupo Notibras de Comunica\u00e7\u00e3o\",\"url\":\"https:\/\/www.notibras.com\/site\/\",\"logo\":{\"@type\":\"ImageObject\",\"inLanguage\":\"pt-BR\",\"@id\":\"https:\/\/www.notibras.com\/site\/#\/schema\/logo\/image\/\",\"url\":\"https:\/\/www.notibras.com\/site\/wp-content\/uploads\/2023\/01\/notibras23.png\",\"contentUrl\":\"https:\/\/www.notibras.com\/site\/wp-content\/uploads\/2023\/01\/notibras23.png\",\"width\":350,\"height\":87,\"caption\":\"Grupo Notibras de Comunica\u00e7\u00e3o\"},\"image\":{\"@id\":\"https:\/\/www.notibras.com\/site\/#\/schema\/logo\/image\/\"},\"sameAs\":[\"https:\/\/www.facebook.com\/notibras\/\",\"https:\/\/x.com\/Notibras\",\"https:\/\/www.instagram.com\/notibras\/\"]},{\"@type\":\"Person\",\"@id\":\"https:\/\/www.notibras.com\/site\/#\/schema\/person\/36ab0979449956132d3e5b517ea76ac8\",\"name\":\"Reda\u00e7\u00e3o\",\"image\":{\"@type\":\"ImageObject\",\"inLanguage\":\"pt-BR\",\"@id\":\"https:\/\/secure.gravatar.com\/avatar\/e0a867bdedb85fd243eadf09663511f96fc81e0720a4a42581f334ad4303aa6b?s=96&d=mm&r=g\",\"url\":\"https:\/\/secure.gravatar.com\/avatar\/e0a867bdedb85fd243eadf09663511f96fc81e0720a4a42581f334ad4303aa6b?s=96&d=mm&r=g\",\"contentUrl\":\"https:\/\/secure.gravatar.com\/avatar\/e0a867bdedb85fd243eadf09663511f96fc81e0720a4a42581f334ad4303aa6b?s=96&d=mm&r=g\",\"caption\":\"Reda\u00e7\u00e3o\"}}]}<\/script>\n<!-- \/ Yoast SEO plugin. -->","yoast_head_json":{"title":"Governo intensifica a\u00e7\u00f5es para inser\u00e7\u00e3o dos carroceiros - Notibras","robots":{"index":"index","follow":"follow","max-snippet":"max-snippet:-1","max-image-preview":"max-image-preview:large","max-video-preview":"max-video-preview:-1"},"canonical":"https:\/\/www.notibras.com\/site\/governo-intensifica-acoes-para-insercao-dos-carroceiros\/","og_locale":"pt_BR","og_type":"article","og_title":"Governo intensifica a\u00e7\u00f5es para inser\u00e7\u00e3o dos carroceiros - Notibras","og_description":"O Governo do Distrito Federal tem mobilizado suas equipes no programa de transi\u00e7\u00e3o voltado \u00e0 inclus\u00e3o social e produtiva dos condutores de ve\u00edculos de tra\u00e7\u00e3o animal. Diversas a\u00e7\u00f5es t\u00eam sido executadas com enfoque nessa categoria. A circula\u00e7\u00e3o de ve\u00edculos de tra\u00e7\u00e3o animal em vias do DF est\u00e1 proibida desde 2019. O Decreto n\u00b0 40.336\/2019 instituiu [&hellip;]","og_url":"https:\/\/www.notibras.com\/site\/governo-intensifica-acoes-para-insercao-dos-carroceiros\/","og_site_name":"Notibras","article_publisher":"https:\/\/www.facebook.com\/notibras\/","article_published_time":"2023-04-10T03:37:20+00:00","article_modified_time":"2023-04-10T13:42:08+00:00","og_image":[{"width":1280,"height":853,"url":"https:\/\/www.notibras.com\/site\/wp-content\/uploads\/2023\/04\/Foto-Divulgacao-Seagri-2.jpg","type":"image\/jpeg"}],"author":"Reda\u00e7\u00e3o","twitter_card":"summary_large_image","twitter_creator":"@Notibras","twitter_site":"@Notibras","twitter_misc":{"Escrito por":"Reda\u00e7\u00e3o","Est. tempo de leitura":"4 minutos"},"schema":{"@context":"https:\/\/schema.org","@graph":[{"@type":"Article","@id":"https:\/\/www.notibras.com\/site\/governo-intensifica-acoes-para-insercao-dos-carroceiros\/#article","isPartOf":{"@id":"https:\/\/www.notibras.com\/site\/governo-intensifica-acoes-para-insercao-dos-carroceiros\/"},"author":{"name":"Reda\u00e7\u00e3o","@id":"https:\/\/www.notibras.com\/site\/#\/schema\/person\/36ab0979449956132d3e5b517ea76ac8"},"headline":"Governo intensifica a\u00e7\u00f5es para inser\u00e7\u00e3o dos carroceiros","datePublished":"2023-04-10T03:37:20+00:00","dateModified":"2023-04-10T13:42:08+00:00","mainEntityOfPage":{"@id":"https:\/\/www.notibras.com\/site\/governo-intensifica-acoes-para-insercao-dos-carroceiros\/"},"wordCount":837,"publisher":{"@id":"https:\/\/www.notibras.com\/site\/#organization"},"image":{"@id":"https:\/\/www.notibras.com\/site\/governo-intensifica-acoes-para-insercao-dos-carroceiros\/#primaryimage"},"thumbnailUrl":"https:\/\/www.notibras.com\/site\/wp-content\/uploads\/2023\/04\/Foto-Divulgacao-Seagri-2.jpg","articleSection":["Quadradinho em Foco"],"inLanguage":"pt-BR"},{"@type":"WebPage","@id":"https:\/\/www.notibras.com\/site\/governo-intensifica-acoes-para-insercao-dos-carroceiros\/","url":"https:\/\/www.notibras.com\/site\/governo-intensifica-acoes-para-insercao-dos-carroceiros\/","name":"Governo intensifica a\u00e7\u00f5es para inser\u00e7\u00e3o dos carroceiros - Notibras","isPartOf":{"@id":"https:\/\/www.notibras.com\/site\/#website"},"primaryImageOfPage":{"@id":"https:\/\/www.notibras.com\/site\/governo-intensifica-acoes-para-insercao-dos-carroceiros\/#primaryimage"},"image":{"@id":"https:\/\/www.notibras.com\/site\/governo-intensifica-acoes-para-insercao-dos-carroceiros\/#primaryimage"},"thumbnailUrl":"https:\/\/www.notibras.com\/site\/wp-content\/uploads\/2023\/04\/Foto-Divulgacao-Seagri-2.jpg","datePublished":"2023-04-10T03:37:20+00:00","dateModified":"2023-04-10T13:42:08+00:00","breadcrumb":{"@id":"https:\/\/www.notibras.com\/site\/governo-intensifica-acoes-para-insercao-dos-carroceiros\/#breadcrumb"},"inLanguage":"pt-BR","potentialAction":[{"@type":"ReadAction","target":["https:\/\/www.notibras.com\/site\/governo-intensifica-acoes-para-insercao-dos-carroceiros\/"]}]},{"@type":"ImageObject","inLanguage":"pt-BR","@id":"https:\/\/www.notibras.com\/site\/governo-intensifica-acoes-para-insercao-dos-carroceiros\/#primaryimage","url":"https:\/\/www.notibras.com\/site\/wp-content\/uploads\/2023\/04\/Foto-Divulgacao-Seagri-2.jpg","contentUrl":"https:\/\/www.notibras.com\/site\/wp-content\/uploads\/2023\/04\/Foto-Divulgacao-Seagri-2.jpg","width":1280,"height":853},{"@type":"BreadcrumbList","@id":"https:\/\/www.notibras.com\/site\/governo-intensifica-acoes-para-insercao-dos-carroceiros\/#breadcrumb","itemListElement":[{"@type":"ListItem","position":1,"name":"In\u00edcio","item":"https:\/\/www.notibras.com\/site\/"},{"@type":"ListItem","position":2,"name":"Governo intensifica a\u00e7\u00f5es para inser\u00e7\u00e3o dos carroceiros"}]},{"@type":"WebSite","@id":"https:\/\/www.notibras.com\/site\/#website","url":"https:\/\/www.notibras.com\/site\/","name":"Notibras","description":"Not\u00edcias de Bras\u00edlia, do Brasil e do Mundo","publisher":{"@id":"https:\/\/www.notibras.com\/site\/#organization"},"potentialAction":[{"@type":"SearchAction","target":{"@type":"EntryPoint","urlTemplate":"https:\/\/www.notibras.com\/site\/?s={search_term_string}"},"query-input":{"@type":"PropertyValueSpecification","valueRequired":true,"valueName":"search_term_string"}}],"inLanguage":"pt-BR"},{"@type":"Organization","@id":"https:\/\/www.notibras.com\/site\/#organization","name":"Grupo Notibras de Comunica\u00e7\u00e3o","url":"https:\/\/www.notibras.com\/site\/","logo":{"@type":"ImageObject","inLanguage":"pt-BR","@id":"https:\/\/www.notibras.com\/site\/#\/schema\/logo\/image\/","url":"https:\/\/www.notibras.com\/site\/wp-content\/uploads\/2023\/01\/notibras23.png","contentUrl":"https:\/\/www.notibras.com\/site\/wp-content\/uploads\/2023\/01\/notibras23.png","width":350,"height":87,"caption":"Grupo Notibras de Comunica\u00e7\u00e3o"},"image":{"@id":"https:\/\/www.notibras.com\/site\/#\/schema\/logo\/image\/"},"sameAs":["https:\/\/www.facebook.com\/notibras\/","https:\/\/x.com\/Notibras","https:\/\/www.instagram.com\/notibras\/"]},{"@type":"Person","@id":"https:\/\/www.notibras.com\/site\/#\/schema\/person\/36ab0979449956132d3e5b517ea76ac8","name":"Reda\u00e7\u00e3o","image":{"@type":"ImageObject","inLanguage":"pt-BR","@id":"https:\/\/secure.gravatar.com\/avatar\/e0a867bdedb85fd243eadf09663511f96fc81e0720a4a42581f334ad4303aa6b?s=96&d=mm&r=g","url":"https:\/\/secure.gravatar.com\/avatar\/e0a867bdedb85fd243eadf09663511f96fc81e0720a4a42581f334ad4303aa6b?s=96&d=mm&r=g","contentUrl":"https:\/\/secure.gravatar.com\/avatar\/e0a867bdedb85fd243eadf09663511f96fc81e0720a4a42581f334ad4303aa6b?s=96&d=mm&r=g","caption":"Reda\u00e7\u00e3o"}}]}},"amp_enabled":true,"_links":{"self":[{"href":"https:\/\/www.notibras.com\/site\/wp-json\/wp\/v2\/posts\/302792","targetHints":{"allow":["GET"]}}],"collection":[{"href":"https:\/\/www.notibras.com\/site\/wp-json\/wp\/v2\/posts"}],"about":[{"href":"https:\/\/www.notibras.com\/site\/wp-json\/wp\/v2\/types\/post"}],"author":[{"embeddable":true,"href":"https:\/\/www.notibras.com\/site\/wp-json\/wp\/v2\/users\/2"}],"replies":[{"embeddable":true,"href":"https:\/\/www.notibras.com\/site\/wp-json\/wp\/v2\/comments?post=302792"}],"version-history":[{"count":1,"href":"https:\/\/www.notibras.com\/site\/wp-json\/wp\/v2\/posts\/302792\/revisions"}],"predecessor-version":[{"id":302794,"href":"https:\/\/www.notibras.com\/site\/wp-json\/wp\/v2\/posts\/302792\/revisions\/302794"}],"wp:featuredmedia":[{"embeddable":true,"href":"https:\/\/www.notibras.com\/site\/wp-json\/wp\/v2\/media\/302793"}],"wp:attachment":[{"href":"https:\/\/www.notibras.com\/site\/wp-json\/wp\/v2\/media?parent=302792"}],"wp:term":[{"taxonomy":"category","embeddable":true,"href":"https:\/\/www.notibras.com\/site\/wp-json\/wp\/v2\/categories?post=302792"},{"taxonomy":"post_tag","embeddable":true,"href":"https:\/\/www.notibras.com\/site\/wp-json\/wp\/v2\/tags?post=302792"}],"curies":[{"name":"wp","href":"https:\/\/api.w.org\/{rel}","templated":true}]}}