{"id":302797,"date":"2023-04-10T00:00:11","date_gmt":"2023-04-10T03:00:11","guid":{"rendered":"https:\/\/www.notibras.com\/site\/?p=302797"},"modified":"2023-04-10T10:56:44","modified_gmt":"2023-04-10T13:56:44","slug":"economia-do-df-cresce-acima-da-media-nacional","status":"publish","type":"post","link":"https:\/\/www.notibras.com\/site\/economia-do-df-cresce-acima-da-media-nacional\/","title":{"rendered":"Economia do DF cresce acima da m\u00e9dia nacional"},"content":{"rendered":"<p>A economia do DF cresceu 4,3% no ano passado em compara\u00e7\u00e3o a 2021, n\u00famero acima dos 2,9% do \u00edndice nacional para o mesmo per\u00edodo. Esse bom desempenho se deve em parte ao trabalho dos setores de com\u00e9rcio e da ind\u00fastria, aliado a medidas adotadas pelo Governo do Distrito Federal, a exemplo da desonera\u00e7\u00e3o de tributos e da concess\u00e3o de benef\u00edcios fiscais.<\/p>\n<p>O Produto Interno Bruto, conhecido como PIB, representa a soma de todos os bens e servi\u00e7os produzidos por uma cidade em um determinado per\u00edodo, geralmente de um ano. No caso do DF, esse resultado de 4,3% anual contou com a colabora\u00e7\u00e3o de grandes setores, como a Ind\u00fastria (10,3%), Servi\u00e7os (3,8%) e Agropecu\u00e1ria (1,3%).<\/p>\n<p>\u201c\u00c9 resultado de uma retomada da demanda das pessoas por esses produtos e servi\u00e7os, uma vez que as pessoas voltaram a trabalhar com o arrefecimento da pandemia. Foi uma rea\u00e7\u00e3o bastante positiva a esse retorno das atividades\u201d, destaca o coordenador de An\u00e1lise Econ\u00f4mica e Contas Regionais (Caeco) do Instituto de Pesquisa e Estat\u00edstica do Distrito Federal (IPEDF), Luiz Augusto Magalh\u00e3es.<\/p>\n<p>Magalh\u00e3es explica que o fato de o DF ter um setor de servi\u00e7os e a administra\u00e7\u00e3o p\u00fablica fortes colaborou nessa retomada. \u201cO governo teve boa atua\u00e7\u00e3o na pandemia ao escolher, com base em crit\u00e9rios t\u00e9cnicos, quais setores e tipos de com\u00e9rcio seriam fechados. O DF passou por um per\u00edodo de readapta\u00e7\u00e3o na economia e gerou esse crescimento elevado, acima do nacional\u201d, acrescenta.<\/p>\n<p>Para a Federa\u00e7\u00e3o do Com\u00e9rcio de Bens, Servi\u00e7os e Turismo do Distrito Federal (Fecom\u00e9rcio-DF), o aumento do PIB foi uma soma dos esfor\u00e7os do setor junto ao Executivo e ao Legislativo. \u201cAcredito que esse crescimento seja resultado da uni\u00e3o do setor produtivo, em conjunto com as a\u00e7\u00f5es do GDF e da C\u00e2mara Legislativa. Tivemos os programas Pr\u00f3-Economia I e II, que ampliaram a linha de cr\u00e9dito e facilitaram o processo de retomada da economia no p\u00f3s-pandemia, por exemplo. Outro aspecto importante de se destacar foi o crescimento do turismo de eventos na cidade, que teve bom resultado, principalmente no \u00faltimo trimestre de 2022. Acho que tudo isso re\u00fane condi\u00e7\u00f5es para que sigamos nesse ritmo e tenhamos um bom desempenho neste ano\u201d, avalia o presidente da Fecom\u00e9rcio-DF, Jos\u00e9 Aparecido da Costa Freire.<\/p>\n<p>J\u00e1 a Federa\u00e7\u00e3o das Ind\u00fastrias do Distrito Federal (Fibra) analisa que em 2022 muito do consumo represado foi realizado, o que ampliou a demanda e resultou em aumento da produ\u00e7\u00e3o industrial. \u201cO aumento da participa\u00e7\u00e3o da ind\u00fastria na economia tamb\u00e9m ocorreu pelo crescimento da constru\u00e7\u00e3o civil, principal setor na composi\u00e7\u00e3o do PIB industrial do DF, impulsionado em grande parte pelas grandes obras p\u00fablicas que o governo est\u00e1 executando na cidade\u201d, afirma o presidente da Fibra, Jamal Jorge Bittar.<\/p>\n<p>O gestor da Fibra tamb\u00e9m lembrou das a\u00e7\u00f5es do governo para atender os endividados. Com os programas de renegocia\u00e7\u00e3o de d\u00edvidas, o GDF vai receber, dentro de dez anos, um montante de R$ 4,1 bilh\u00f5es. Os programas de recupera\u00e7\u00e3o fiscal Refis I e Refis II contemplaram mais de 66 mil pessoas f\u00edsicas e 19,9 mil pessoas jur\u00eddicas. \u201cNaquele momento, muitas empresas atravessavam problemas por resultado ainda da pandemia, com d\u00e9bitos com o governo. Ao permitir o refinanciamento, foi poss\u00edvel que essas empresas sa\u00edssem da inadimpl\u00eancia e tivessem acesso a cr\u00e9dito, fator que contribuiu para a melhoria das condi\u00e7\u00f5es no setor\u201d, ressalta Bittar.<\/p>\n<p>Os programas do GDF tamb\u00e9m foram recordados pelo secret\u00e1rio de Fazenda do DF, Itamar Feitosa. O gestor tamb\u00e9m falou que o governo trabalhou na melhoria do ambiente de neg\u00f3cios: \u201cO GDF contribuiu para esse crescimento ao realizar a\u00e7\u00f5es coordenadas na diminui\u00e7\u00e3o da carga tribut\u00e1ria, que faz com que os recursos financeiros, que seriam arrecadados pelo Distrito Federal, permane\u00e7am na economia local para serem reutilizados no consumo, gera\u00e7\u00e3o do emprego e gera\u00e7\u00e3o de renda\u201d.<\/p>\n<p>Ainda segundo o secret\u00e1rio, o governo tem focado na melhoria do ambiente de neg\u00f3cios, cujos resultados foram mensurados pelo \u00cdndice de Concorr\u00eancia dos Munic\u00edpios Brasileiros (ICM), elaborado pelo Minist\u00e9rio da Fazenda, que recentemente trouxe Bras\u00edlia em primeiro lugar do Centro-Oeste.<\/p>\n","protected":false},"excerpt":{"rendered":"<p>A economia do DF cresceu 4,3% no ano passado em compara\u00e7\u00e3o a 2021, n\u00famero acima dos 2,9% do \u00edndice nacional para o mesmo per\u00edodo. Esse bom desempenho se deve em parte ao trabalho dos setores de com\u00e9rcio e da ind\u00fastria, aliado a medidas adotadas pelo Governo do Distrito Federal, a exemplo da desonera\u00e7\u00e3o de tributos [&hellip;]<\/p>\n","protected":false},"author":2,"featured_media":302798,"comment_status":"closed","ping_status":"closed","sticky":false,"template":"","format":"standard","meta":{"_acf_changed":false,"footnotes":""},"categories":[161],"tags":[],"class_list":["post-302797","post","type-post","status-publish","format-standard","has-post-thumbnail","hentry","category-quadradinho-em-foco"],"acf":[],"yoast_head":"<!-- This site is optimized with the Yoast SEO plugin v27.2 - https:\/\/yoast.com\/product\/yoast-seo-wordpress\/ -->\n<title>Economia do DF cresce acima da m\u00e9dia nacional - Notibras<\/title>\n<meta name=\"robots\" content=\"index, follow, max-snippet:-1, max-image-preview:large, max-video-preview:-1\" \/>\n<link rel=\"canonical\" href=\"https:\/\/www.notibras.com\/site\/economia-do-df-cresce-acima-da-media-nacional\/\" \/>\n<meta property=\"og:locale\" content=\"pt_BR\" \/>\n<meta property=\"og:type\" content=\"article\" \/>\n<meta property=\"og:title\" content=\"Economia do DF cresce acima da m\u00e9dia nacional - Notibras\" \/>\n<meta property=\"og:description\" content=\"A economia do DF cresceu 4,3% no ano passado em compara\u00e7\u00e3o a 2021, n\u00famero acima dos 2,9% do \u00edndice nacional para o mesmo per\u00edodo. Esse bom desempenho se deve em parte ao trabalho dos setores de com\u00e9rcio e da ind\u00fastria, aliado a medidas adotadas pelo Governo do Distrito Federal, a exemplo da desonera\u00e7\u00e3o de tributos [&hellip;]\" \/>\n<meta property=\"og:url\" content=\"https:\/\/www.notibras.com\/site\/economia-do-df-cresce-acima-da-media-nacional\/\" \/>\n<meta property=\"og:site_name\" content=\"Notibras\" \/>\n<meta property=\"article:publisher\" content=\"https:\/\/www.facebook.com\/notibras\/\" \/>\n<meta property=\"article:published_time\" content=\"2023-04-10T03:00:11+00:00\" \/>\n<meta property=\"article:modified_time\" content=\"2023-04-10T13:56:44+00:00\" \/>\n<meta property=\"og:image\" content=\"https:\/\/www.notibras.com\/site\/wp-content\/uploads\/2023\/04\/Industria-Foto-Renato-Alves-01-1536x1024-1.jpg\" \/>\n\t<meta property=\"og:image:width\" content=\"1536\" \/>\n\t<meta property=\"og:image:height\" content=\"1024\" \/>\n\t<meta property=\"og:image:type\" content=\"image\/jpeg\" \/>\n<meta name=\"author\" content=\"Reda\u00e7\u00e3o\" \/>\n<meta name=\"twitter:card\" content=\"summary_large_image\" \/>\n<meta name=\"twitter:creator\" content=\"@Notibras\" \/>\n<meta name=\"twitter:site\" content=\"@Notibras\" \/>\n<meta name=\"twitter:label1\" content=\"Escrito por\" \/>\n\t<meta name=\"twitter:data1\" content=\"Reda\u00e7\u00e3o\" \/>\n\t<meta name=\"twitter:label2\" content=\"Est. tempo de leitura\" \/>\n\t<meta name=\"twitter:data2\" content=\"4 minutos\" \/>\n<script type=\"application\/ld+json\" class=\"yoast-schema-graph\">{\"@context\":\"https:\/\/schema.org\",\"@graph\":[{\"@type\":\"Article\",\"@id\":\"https:\/\/www.notibras.com\/site\/economia-do-df-cresce-acima-da-media-nacional\/#article\",\"isPartOf\":{\"@id\":\"https:\/\/www.notibras.com\/site\/economia-do-df-cresce-acima-da-media-nacional\/\"},\"author\":{\"name\":\"Reda\u00e7\u00e3o\",\"@id\":\"https:\/\/www.notibras.com\/site\/#\/schema\/person\/36ab0979449956132d3e5b517ea76ac8\"},\"headline\":\"Economia do DF cresce acima da m\u00e9dia nacional\",\"datePublished\":\"2023-04-10T03:00:11+00:00\",\"dateModified\":\"2023-04-10T13:56:44+00:00\",\"mainEntityOfPage\":{\"@id\":\"https:\/\/www.notibras.com\/site\/economia-do-df-cresce-acima-da-media-nacional\/\"},\"wordCount\":739,\"publisher\":{\"@id\":\"https:\/\/www.notibras.com\/site\/#organization\"},\"image\":{\"@id\":\"https:\/\/www.notibras.com\/site\/economia-do-df-cresce-acima-da-media-nacional\/#primaryimage\"},\"thumbnailUrl\":\"https:\/\/www.notibras.com\/site\/wp-content\/uploads\/2023\/04\/Industria-Foto-Renato-Alves-01-1536x1024-1.jpg\",\"articleSection\":[\"Quadradinho em Foco\"],\"inLanguage\":\"pt-BR\"},{\"@type\":\"WebPage\",\"@id\":\"https:\/\/www.notibras.com\/site\/economia-do-df-cresce-acima-da-media-nacional\/\",\"url\":\"https:\/\/www.notibras.com\/site\/economia-do-df-cresce-acima-da-media-nacional\/\",\"name\":\"Economia do DF cresce acima da m\u00e9dia nacional - Notibras\",\"isPartOf\":{\"@id\":\"https:\/\/www.notibras.com\/site\/#website\"},\"primaryImageOfPage\":{\"@id\":\"https:\/\/www.notibras.com\/site\/economia-do-df-cresce-acima-da-media-nacional\/#primaryimage\"},\"image\":{\"@id\":\"https:\/\/www.notibras.com\/site\/economia-do-df-cresce-acima-da-media-nacional\/#primaryimage\"},\"thumbnailUrl\":\"https:\/\/www.notibras.com\/site\/wp-content\/uploads\/2023\/04\/Industria-Foto-Renato-Alves-01-1536x1024-1.jpg\",\"datePublished\":\"2023-04-10T03:00:11+00:00\",\"dateModified\":\"2023-04-10T13:56:44+00:00\",\"breadcrumb\":{\"@id\":\"https:\/\/www.notibras.com\/site\/economia-do-df-cresce-acima-da-media-nacional\/#breadcrumb\"},\"inLanguage\":\"pt-BR\",\"potentialAction\":[{\"@type\":\"ReadAction\",\"target\":[\"https:\/\/www.notibras.com\/site\/economia-do-df-cresce-acima-da-media-nacional\/\"]}]},{\"@type\":\"ImageObject\",\"inLanguage\":\"pt-BR\",\"@id\":\"https:\/\/www.notibras.com\/site\/economia-do-df-cresce-acima-da-media-nacional\/#primaryimage\",\"url\":\"https:\/\/www.notibras.com\/site\/wp-content\/uploads\/2023\/04\/Industria-Foto-Renato-Alves-01-1536x1024-1.jpg\",\"contentUrl\":\"https:\/\/www.notibras.com\/site\/wp-content\/uploads\/2023\/04\/Industria-Foto-Renato-Alves-01-1536x1024-1.jpg\",\"width\":1536,\"height\":1024},{\"@type\":\"BreadcrumbList\",\"@id\":\"https:\/\/www.notibras.com\/site\/economia-do-df-cresce-acima-da-media-nacional\/#breadcrumb\",\"itemListElement\":[{\"@type\":\"ListItem\",\"position\":1,\"name\":\"In\u00edcio\",\"item\":\"https:\/\/www.notibras.com\/site\/\"},{\"@type\":\"ListItem\",\"position\":2,\"name\":\"Economia do DF cresce acima da m\u00e9dia nacional\"}]},{\"@type\":\"WebSite\",\"@id\":\"https:\/\/www.notibras.com\/site\/#website\",\"url\":\"https:\/\/www.notibras.com\/site\/\",\"name\":\"Notibras\",\"description\":\"Not\u00edcias de Bras\u00edlia, do Brasil e do Mundo\",\"publisher\":{\"@id\":\"https:\/\/www.notibras.com\/site\/#organization\"},\"potentialAction\":[{\"@type\":\"SearchAction\",\"target\":{\"@type\":\"EntryPoint\",\"urlTemplate\":\"https:\/\/www.notibras.com\/site\/?s={search_term_string}\"},\"query-input\":{\"@type\":\"PropertyValueSpecification\",\"valueRequired\":true,\"valueName\":\"search_term_string\"}}],\"inLanguage\":\"pt-BR\"},{\"@type\":\"Organization\",\"@id\":\"https:\/\/www.notibras.com\/site\/#organization\",\"name\":\"Grupo Notibras de Comunica\u00e7\u00e3o\",\"url\":\"https:\/\/www.notibras.com\/site\/\",\"logo\":{\"@type\":\"ImageObject\",\"inLanguage\":\"pt-BR\",\"@id\":\"https:\/\/www.notibras.com\/site\/#\/schema\/logo\/image\/\",\"url\":\"https:\/\/www.notibras.com\/site\/wp-content\/uploads\/2023\/01\/notibras23.png\",\"contentUrl\":\"https:\/\/www.notibras.com\/site\/wp-content\/uploads\/2023\/01\/notibras23.png\",\"width\":350,\"height\":87,\"caption\":\"Grupo Notibras de Comunica\u00e7\u00e3o\"},\"image\":{\"@id\":\"https:\/\/www.notibras.com\/site\/#\/schema\/logo\/image\/\"},\"sameAs\":[\"https:\/\/www.facebook.com\/notibras\/\",\"https:\/\/x.com\/Notibras\",\"https:\/\/www.instagram.com\/notibras\/\"]},{\"@type\":\"Person\",\"@id\":\"https:\/\/www.notibras.com\/site\/#\/schema\/person\/36ab0979449956132d3e5b517ea76ac8\",\"name\":\"Reda\u00e7\u00e3o\",\"image\":{\"@type\":\"ImageObject\",\"inLanguage\":\"pt-BR\",\"@id\":\"https:\/\/secure.gravatar.com\/avatar\/e0a867bdedb85fd243eadf09663511f96fc81e0720a4a42581f334ad4303aa6b?s=96&d=mm&r=g\",\"url\":\"https:\/\/secure.gravatar.com\/avatar\/e0a867bdedb85fd243eadf09663511f96fc81e0720a4a42581f334ad4303aa6b?s=96&d=mm&r=g\",\"contentUrl\":\"https:\/\/secure.gravatar.com\/avatar\/e0a867bdedb85fd243eadf09663511f96fc81e0720a4a42581f334ad4303aa6b?s=96&d=mm&r=g\",\"caption\":\"Reda\u00e7\u00e3o\"}}]}<\/script>\n<!-- \/ Yoast SEO plugin. -->","yoast_head_json":{"title":"Economia do DF cresce acima da m\u00e9dia nacional - Notibras","robots":{"index":"index","follow":"follow","max-snippet":"max-snippet:-1","max-image-preview":"max-image-preview:large","max-video-preview":"max-video-preview:-1"},"canonical":"https:\/\/www.notibras.com\/site\/economia-do-df-cresce-acima-da-media-nacional\/","og_locale":"pt_BR","og_type":"article","og_title":"Economia do DF cresce acima da m\u00e9dia nacional - Notibras","og_description":"A economia do DF cresceu 4,3% no ano passado em compara\u00e7\u00e3o a 2021, n\u00famero acima dos 2,9% do \u00edndice nacional para o mesmo per\u00edodo. Esse bom desempenho se deve em parte ao trabalho dos setores de com\u00e9rcio e da ind\u00fastria, aliado a medidas adotadas pelo Governo do Distrito Federal, a exemplo da desonera\u00e7\u00e3o de tributos [&hellip;]","og_url":"https:\/\/www.notibras.com\/site\/economia-do-df-cresce-acima-da-media-nacional\/","og_site_name":"Notibras","article_publisher":"https:\/\/www.facebook.com\/notibras\/","article_published_time":"2023-04-10T03:00:11+00:00","article_modified_time":"2023-04-10T13:56:44+00:00","og_image":[{"width":1536,"height":1024,"url":"https:\/\/www.notibras.com\/site\/wp-content\/uploads\/2023\/04\/Industria-Foto-Renato-Alves-01-1536x1024-1.jpg","type":"image\/jpeg"}],"author":"Reda\u00e7\u00e3o","twitter_card":"summary_large_image","twitter_creator":"@Notibras","twitter_site":"@Notibras","twitter_misc":{"Escrito por":"Reda\u00e7\u00e3o","Est. tempo de leitura":"4 minutos"},"schema":{"@context":"https:\/\/schema.org","@graph":[{"@type":"Article","@id":"https:\/\/www.notibras.com\/site\/economia-do-df-cresce-acima-da-media-nacional\/#article","isPartOf":{"@id":"https:\/\/www.notibras.com\/site\/economia-do-df-cresce-acima-da-media-nacional\/"},"author":{"name":"Reda\u00e7\u00e3o","@id":"https:\/\/www.notibras.com\/site\/#\/schema\/person\/36ab0979449956132d3e5b517ea76ac8"},"headline":"Economia do DF cresce acima da m\u00e9dia nacional","datePublished":"2023-04-10T03:00:11+00:00","dateModified":"2023-04-10T13:56:44+00:00","mainEntityOfPage":{"@id":"https:\/\/www.notibras.com\/site\/economia-do-df-cresce-acima-da-media-nacional\/"},"wordCount":739,"publisher":{"@id":"https:\/\/www.notibras.com\/site\/#organization"},"image":{"@id":"https:\/\/www.notibras.com\/site\/economia-do-df-cresce-acima-da-media-nacional\/#primaryimage"},"thumbnailUrl":"https:\/\/www.notibras.com\/site\/wp-content\/uploads\/2023\/04\/Industria-Foto-Renato-Alves-01-1536x1024-1.jpg","articleSection":["Quadradinho em Foco"],"inLanguage":"pt-BR"},{"@type":"WebPage","@id":"https:\/\/www.notibras.com\/site\/economia-do-df-cresce-acima-da-media-nacional\/","url":"https:\/\/www.notibras.com\/site\/economia-do-df-cresce-acima-da-media-nacional\/","name":"Economia do DF cresce acima da m\u00e9dia nacional - Notibras","isPartOf":{"@id":"https:\/\/www.notibras.com\/site\/#website"},"primaryImageOfPage":{"@id":"https:\/\/www.notibras.com\/site\/economia-do-df-cresce-acima-da-media-nacional\/#primaryimage"},"image":{"@id":"https:\/\/www.notibras.com\/site\/economia-do-df-cresce-acima-da-media-nacional\/#primaryimage"},"thumbnailUrl":"https:\/\/www.notibras.com\/site\/wp-content\/uploads\/2023\/04\/Industria-Foto-Renato-Alves-01-1536x1024-1.jpg","datePublished":"2023-04-10T03:00:11+00:00","dateModified":"2023-04-10T13:56:44+00:00","breadcrumb":{"@id":"https:\/\/www.notibras.com\/site\/economia-do-df-cresce-acima-da-media-nacional\/#breadcrumb"},"inLanguage":"pt-BR","potentialAction":[{"@type":"ReadAction","target":["https:\/\/www.notibras.com\/site\/economia-do-df-cresce-acima-da-media-nacional\/"]}]},{"@type":"ImageObject","inLanguage":"pt-BR","@id":"https:\/\/www.notibras.com\/site\/economia-do-df-cresce-acima-da-media-nacional\/#primaryimage","url":"https:\/\/www.notibras.com\/site\/wp-content\/uploads\/2023\/04\/Industria-Foto-Renato-Alves-01-1536x1024-1.jpg","contentUrl":"https:\/\/www.notibras.com\/site\/wp-content\/uploads\/2023\/04\/Industria-Foto-Renato-Alves-01-1536x1024-1.jpg","width":1536,"height":1024},{"@type":"BreadcrumbList","@id":"https:\/\/www.notibras.com\/site\/economia-do-df-cresce-acima-da-media-nacional\/#breadcrumb","itemListElement":[{"@type":"ListItem","position":1,"name":"In\u00edcio","item":"https:\/\/www.notibras.com\/site\/"},{"@type":"ListItem","position":2,"name":"Economia do DF cresce acima da m\u00e9dia nacional"}]},{"@type":"WebSite","@id":"https:\/\/www.notibras.com\/site\/#website","url":"https:\/\/www.notibras.com\/site\/","name":"Notibras","description":"Not\u00edcias de Bras\u00edlia, do Brasil e do Mundo","publisher":{"@id":"https:\/\/www.notibras.com\/site\/#organization"},"potentialAction":[{"@type":"SearchAction","target":{"@type":"EntryPoint","urlTemplate":"https:\/\/www.notibras.com\/site\/?s={search_term_string}"},"query-input":{"@type":"PropertyValueSpecification","valueRequired":true,"valueName":"search_term_string"}}],"inLanguage":"pt-BR"},{"@type":"Organization","@id":"https:\/\/www.notibras.com\/site\/#organization","name":"Grupo Notibras de Comunica\u00e7\u00e3o","url":"https:\/\/www.notibras.com\/site\/","logo":{"@type":"ImageObject","inLanguage":"pt-BR","@id":"https:\/\/www.notibras.com\/site\/#\/schema\/logo\/image\/","url":"https:\/\/www.notibras.com\/site\/wp-content\/uploads\/2023\/01\/notibras23.png","contentUrl":"https:\/\/www.notibras.com\/site\/wp-content\/uploads\/2023\/01\/notibras23.png","width":350,"height":87,"caption":"Grupo Notibras de Comunica\u00e7\u00e3o"},"image":{"@id":"https:\/\/www.notibras.com\/site\/#\/schema\/logo\/image\/"},"sameAs":["https:\/\/www.facebook.com\/notibras\/","https:\/\/x.com\/Notibras","https:\/\/www.instagram.com\/notibras\/"]},{"@type":"Person","@id":"https:\/\/www.notibras.com\/site\/#\/schema\/person\/36ab0979449956132d3e5b517ea76ac8","name":"Reda\u00e7\u00e3o","image":{"@type":"ImageObject","inLanguage":"pt-BR","@id":"https:\/\/secure.gravatar.com\/avatar\/e0a867bdedb85fd243eadf09663511f96fc81e0720a4a42581f334ad4303aa6b?s=96&d=mm&r=g","url":"https:\/\/secure.gravatar.com\/avatar\/e0a867bdedb85fd243eadf09663511f96fc81e0720a4a42581f334ad4303aa6b?s=96&d=mm&r=g","contentUrl":"https:\/\/secure.gravatar.com\/avatar\/e0a867bdedb85fd243eadf09663511f96fc81e0720a4a42581f334ad4303aa6b?s=96&d=mm&r=g","caption":"Reda\u00e7\u00e3o"}}]}},"amp_enabled":true,"_links":{"self":[{"href":"https:\/\/www.notibras.com\/site\/wp-json\/wp\/v2\/posts\/302797","targetHints":{"allow":["GET"]}}],"collection":[{"href":"https:\/\/www.notibras.com\/site\/wp-json\/wp\/v2\/posts"}],"about":[{"href":"https:\/\/www.notibras.com\/site\/wp-json\/wp\/v2\/types\/post"}],"author":[{"embeddable":true,"href":"https:\/\/www.notibras.com\/site\/wp-json\/wp\/v2\/users\/2"}],"replies":[{"embeddable":true,"href":"https:\/\/www.notibras.com\/site\/wp-json\/wp\/v2\/comments?post=302797"}],"version-history":[{"count":1,"href":"https:\/\/www.notibras.com\/site\/wp-json\/wp\/v2\/posts\/302797\/revisions"}],"predecessor-version":[{"id":302799,"href":"https:\/\/www.notibras.com\/site\/wp-json\/wp\/v2\/posts\/302797\/revisions\/302799"}],"wp:featuredmedia":[{"embeddable":true,"href":"https:\/\/www.notibras.com\/site\/wp-json\/wp\/v2\/media\/302798"}],"wp:attachment":[{"href":"https:\/\/www.notibras.com\/site\/wp-json\/wp\/v2\/media?parent=302797"}],"wp:term":[{"taxonomy":"category","embeddable":true,"href":"https:\/\/www.notibras.com\/site\/wp-json\/wp\/v2\/categories?post=302797"},{"taxonomy":"post_tag","embeddable":true,"href":"https:\/\/www.notibras.com\/site\/wp-json\/wp\/v2\/tags?post=302797"}],"curies":[{"name":"wp","href":"https:\/\/api.w.org\/{rel}","templated":true}]}}