{"id":302800,"date":"2023-04-10T07:07:55","date_gmt":"2023-04-10T10:07:55","guid":{"rendered":"https:\/\/www.notibras.com\/site\/?p=302800"},"modified":"2023-04-10T11:10:18","modified_gmt":"2023-04-10T14:10:18","slug":"saude-amplia-publicos-da-vacina-contra-a-gripe","status":"publish","type":"post","link":"https:\/\/www.notibras.com\/site\/saude-amplia-publicos-da-vacina-contra-a-gripe\/","title":{"rendered":"Sa\u00fade amplia p\u00fablicos da vacina contra a gripe"},"content":{"rendered":"<p>A campanha 2023 da vacina\u00e7\u00e3o contra influenza ser\u00e1 ampliada a partir desta segunda-feira (10). Todos os grupos priorit\u00e1rios poder\u00e3o ser atendidos nos 130 pontos de imuniza\u00e7\u00e3o, com atendimento de segunda a sexta-feira, al\u00e9m de a\u00e7\u00f5es aos fins de semana. A lista completa dos locais est\u00e1 dispon\u00edvel no site da Secretaria de Sa\u00fade (SES). Ao todo, 1.137.399 pessoas s\u00e3o esperadas nas salas de vacina.<\/p>\n<p>Anteriormente, dispon\u00edveis apenas para as crian\u00e7as de 6 meses a 5 anos, 11 meses e 29 dias, a imuniza\u00e7\u00e3o agora ir\u00e1 abranger idosos com 60 anos ou mais; gestantes e pu\u00e9rperas; professores das escolas p\u00fablicas e privadas; trabalhadores da sa\u00fade; trabalhadores de transporte coletivo rodovi\u00e1rio; caminhoneiros; portu\u00e1rios; profissionais das for\u00e7as de seguran\u00e7a e salvamento e das for\u00e7as armadas; funcion\u00e1rios do sistema prisional; adolescentes e jovens de 12 a 21 anos de idade sob medidas socioeducativas; popula\u00e7\u00e3o privada de liberdade; pessoas portadoras de doen\u00e7as cr\u00f4nicas n\u00e3o transmiss\u00edveis e outras condi\u00e7\u00f5es cl\u00ednicas especiais; pessoas com defici\u00eancia permanente; e povos ind\u00edgenas.<\/p>\n<p>A orienta\u00e7\u00e3o da SES \u00e9 comparecer a um dos locais de vacina\u00e7\u00e3o com documento de identifica\u00e7\u00e3o, cart\u00e3o de vacina e, se for o caso, comprovante da situa\u00e7\u00e3o cl\u00ednica, doen\u00e7a cr\u00f4nica ou da profiss\u00e3o. Esta \u00faltima pode ser confirmada com crach\u00e1 ou contracheque, entre outros documentos. J\u00e1 quest\u00f5es de sa\u00fade devem ser comprovadas por meio de relat\u00f3rio m\u00e9dico ou de exames.<\/p>\n<p>Pessoas com febre, sintomas gripais ou contaminadas pela covid-19 devem aguardar a melhora no quadro de sa\u00fade. No caso de alergia a ovo, pode-se tomar a vacina quem apresenta urtic\u00e1ria. Se houver manifesta\u00e7\u00f5es al\u00e9rgicas mais graves, como desconforto respirat\u00f3rio ou v\u00f4mitos repetidos, a vacina pode ser administrada, desde que em ambiente adequado para tratamento de poss\u00edveis rea\u00e7\u00f5es, sob supervis\u00e3o m\u00e9dica.<\/p>\n<p>A gerente da Rede de Frio Central da SES, Tereza Luiza Pereira, afirma que foi realizado um treinamento com as equipes de vacina\u00e7\u00e3o que participam da campanha. Tamb\u00e9m foi montado um esfor\u00e7o log\u00edstico para garantir o abastecimento de todas as salas de vacina. \u201cTeremos entregas semanais, totalizando o recebimento de mais de um milh\u00e3o de doses\u201d, detalha.<\/p>\n<p><strong>Prote\u00e7\u00e3o por 12 meses<\/strong><br \/>\nO diretor de Vigil\u00e2ncia Epidemiol\u00f3gica, Fabiano dos Anjos Martins, destaca que a imuniza\u00e7\u00e3o contra a gripe \u00e9 capaz de reduzir a intensidade dos sintomas quando h\u00e1 infec\u00e7\u00e3o. \u201cConsiderando que a influenza possui alta transmissibilidade, a import\u00e2ncia dessa vacina\u00e7\u00e3o \u00e9 justamente diminuir as interna\u00e7\u00f5es, complica\u00e7\u00f5es e os \u00f3bitos\u201d, explica.<\/p>\n<p>A vacina que ser\u00e1 aplicada protege contra os v\u00edrus A\/Sydney\/5\/2021 (H1N1) pdm09, A\/Darwin\/9\/2021 (H3N2) e B\/Austria\/1359417\/2021 (linhagem B\/Victoria, tendo sido desenvolvida a partir das cepas em circula\u00e7\u00e3o no Brasil). Ap\u00f3s a imuniza\u00e7\u00e3o, em duas a tr\u00eas semanas passam a ser detectados anticorpos contra a doen\u00e7a. A dura\u00e7\u00e3o varia de seis a 12 meses, dependendo do indiv\u00edduo, fato que justifica a vacina\u00e7\u00e3o ocorrer anualmente.<\/p>\n<p>A meta estabelecida pelo Minist\u00e9rio da Sa\u00fade \u00e9 imunizar ao menos 90% das pessoas de cada um dos grupos priorit\u00e1rios. Em 2022, o \u00edndice de ades\u00e3o da popula\u00e7\u00e3o foi abaixo do esperado: o maior foi entre os idosos com mais de 60 anos, chegando a 73,3%. Menos da metade das gestantes (47,5%) e das pu\u00e9rperas (48,2%) procuraram um dos locais de vacina\u00e7\u00e3o. A cobertura ficou em 59,7% para crian\u00e7as, 62,8% para professores, 52,8% para trabalhadores de sa\u00fade e 31,7% de pessoas com comorbidades. Das 933.502 doses aplicadas no DF no ano anterior, 575.698 (61,7%) foram para os p\u00fablicos priorit\u00e1rios. As demais foram aplicadas ap\u00f3s a libera\u00e7\u00e3o para todos os p\u00fablicos.<\/p>\n","protected":false},"excerpt":{"rendered":"<p>A campanha 2023 da vacina\u00e7\u00e3o contra influenza ser\u00e1 ampliada a partir desta segunda-feira (10). Todos os grupos priorit\u00e1rios poder\u00e3o ser atendidos nos 130 pontos de imuniza\u00e7\u00e3o, com atendimento de segunda a sexta-feira, al\u00e9m de a\u00e7\u00f5es aos fins de semana. A lista completa dos locais est\u00e1 dispon\u00edvel no site da Secretaria de Sa\u00fade (SES). Ao todo, [&hellip;]<\/p>\n","protected":false},"author":2,"featured_media":295906,"comment_status":"closed","ping_status":"closed","sticky":false,"template":"","format":"standard","meta":{"_acf_changed":false,"footnotes":""},"categories":[161],"tags":[],"class_list":["post-302800","post","type-post","status-publish","format-standard","has-post-thumbnail","hentry","category-quadradinho-em-foco"],"acf":[],"yoast_head":"<!-- This site is optimized with the Yoast SEO plugin v27.2 - https:\/\/yoast.com\/product\/yoast-seo-wordpress\/ -->\n<title>Sa\u00fade amplia p\u00fablicos da vacina contra a gripe - Notibras<\/title>\n<meta name=\"robots\" content=\"index, follow, max-snippet:-1, max-image-preview:large, max-video-preview:-1\" \/>\n<link rel=\"canonical\" href=\"https:\/\/www.notibras.com\/site\/saude-amplia-publicos-da-vacina-contra-a-gripe\/\" \/>\n<meta property=\"og:locale\" content=\"pt_BR\" \/>\n<meta property=\"og:type\" content=\"article\" \/>\n<meta property=\"og:title\" content=\"Sa\u00fade amplia p\u00fablicos da vacina contra a gripe - Notibras\" \/>\n<meta property=\"og:description\" content=\"A campanha 2023 da vacina\u00e7\u00e3o contra influenza ser\u00e1 ampliada a partir desta segunda-feira (10). Todos os grupos priorit\u00e1rios poder\u00e3o ser atendidos nos 130 pontos de imuniza\u00e7\u00e3o, com atendimento de segunda a sexta-feira, al\u00e9m de a\u00e7\u00f5es aos fins de semana. A lista completa dos locais est\u00e1 dispon\u00edvel no site da Secretaria de Sa\u00fade (SES). Ao todo, [&hellip;]\" \/>\n<meta property=\"og:url\" content=\"https:\/\/www.notibras.com\/site\/saude-amplia-publicos-da-vacina-contra-a-gripe\/\" \/>\n<meta property=\"og:site_name\" content=\"Notibras\" \/>\n<meta property=\"article:publisher\" content=\"https:\/\/www.facebook.com\/notibras\/\" \/>\n<meta property=\"article:published_time\" content=\"2023-04-10T10:07:55+00:00\" \/>\n<meta property=\"article:modified_time\" content=\"2023-04-10T14:10:18+00:00\" \/>\n<meta property=\"og:image\" content=\"https:\/\/www.notibras.com\/site\/wp-content\/uploads\/2022\/12\/vacinacao_contra_covid-19_sao_paulo_rovsa_abr_19012101079.jpg\" \/>\n\t<meta property=\"og:image:width\" content=\"1170\" \/>\n\t<meta property=\"og:image:height\" content=\"700\" \/>\n\t<meta property=\"og:image:type\" content=\"image\/jpeg\" \/>\n<meta name=\"author\" content=\"Reda\u00e7\u00e3o\" \/>\n<meta name=\"twitter:card\" content=\"summary_large_image\" \/>\n<meta name=\"twitter:creator\" content=\"@Notibras\" \/>\n<meta name=\"twitter:site\" content=\"@Notibras\" \/>\n<meta name=\"twitter:label1\" content=\"Escrito por\" \/>\n\t<meta name=\"twitter:data1\" content=\"Reda\u00e7\u00e3o\" \/>\n\t<meta name=\"twitter:label2\" content=\"Est. tempo de leitura\" \/>\n\t<meta name=\"twitter:data2\" content=\"4 minutos\" \/>\n<script type=\"application\/ld+json\" class=\"yoast-schema-graph\">{\"@context\":\"https:\/\/schema.org\",\"@graph\":[{\"@type\":\"Article\",\"@id\":\"https:\/\/www.notibras.com\/site\/saude-amplia-publicos-da-vacina-contra-a-gripe\/#article\",\"isPartOf\":{\"@id\":\"https:\/\/www.notibras.com\/site\/saude-amplia-publicos-da-vacina-contra-a-gripe\/\"},\"author\":{\"name\":\"Reda\u00e7\u00e3o\",\"@id\":\"https:\/\/www.notibras.com\/site\/#\/schema\/person\/36ab0979449956132d3e5b517ea76ac8\"},\"headline\":\"Sa\u00fade amplia p\u00fablicos da vacina contra a gripe\",\"datePublished\":\"2023-04-10T10:07:55+00:00\",\"dateModified\":\"2023-04-10T14:10:18+00:00\",\"mainEntityOfPage\":{\"@id\":\"https:\/\/www.notibras.com\/site\/saude-amplia-publicos-da-vacina-contra-a-gripe\/\"},\"wordCount\":639,\"publisher\":{\"@id\":\"https:\/\/www.notibras.com\/site\/#organization\"},\"image\":{\"@id\":\"https:\/\/www.notibras.com\/site\/saude-amplia-publicos-da-vacina-contra-a-gripe\/#primaryimage\"},\"thumbnailUrl\":\"https:\/\/www.notibras.com\/site\/wp-content\/uploads\/2022\/12\/vacinacao_contra_covid-19_sao_paulo_rovsa_abr_19012101079.jpg\",\"articleSection\":[\"Quadradinho em Foco\"],\"inLanguage\":\"pt-BR\"},{\"@type\":\"WebPage\",\"@id\":\"https:\/\/www.notibras.com\/site\/saude-amplia-publicos-da-vacina-contra-a-gripe\/\",\"url\":\"https:\/\/www.notibras.com\/site\/saude-amplia-publicos-da-vacina-contra-a-gripe\/\",\"name\":\"Sa\u00fade amplia p\u00fablicos da vacina contra a gripe - Notibras\",\"isPartOf\":{\"@id\":\"https:\/\/www.notibras.com\/site\/#website\"},\"primaryImageOfPage\":{\"@id\":\"https:\/\/www.notibras.com\/site\/saude-amplia-publicos-da-vacina-contra-a-gripe\/#primaryimage\"},\"image\":{\"@id\":\"https:\/\/www.notibras.com\/site\/saude-amplia-publicos-da-vacina-contra-a-gripe\/#primaryimage\"},\"thumbnailUrl\":\"https:\/\/www.notibras.com\/site\/wp-content\/uploads\/2022\/12\/vacinacao_contra_covid-19_sao_paulo_rovsa_abr_19012101079.jpg\",\"datePublished\":\"2023-04-10T10:07:55+00:00\",\"dateModified\":\"2023-04-10T14:10:18+00:00\",\"breadcrumb\":{\"@id\":\"https:\/\/www.notibras.com\/site\/saude-amplia-publicos-da-vacina-contra-a-gripe\/#breadcrumb\"},\"inLanguage\":\"pt-BR\",\"potentialAction\":[{\"@type\":\"ReadAction\",\"target\":[\"https:\/\/www.notibras.com\/site\/saude-amplia-publicos-da-vacina-contra-a-gripe\/\"]}]},{\"@type\":\"ImageObject\",\"inLanguage\":\"pt-BR\",\"@id\":\"https:\/\/www.notibras.com\/site\/saude-amplia-publicos-da-vacina-contra-a-gripe\/#primaryimage\",\"url\":\"https:\/\/www.notibras.com\/site\/wp-content\/uploads\/2022\/12\/vacinacao_contra_covid-19_sao_paulo_rovsa_abr_19012101079.jpg\",\"contentUrl\":\"https:\/\/www.notibras.com\/site\/wp-content\/uploads\/2022\/12\/vacinacao_contra_covid-19_sao_paulo_rovsa_abr_19012101079.jpg\",\"width\":1170,\"height\":700,\"caption\":\"S\u00e3o Paulo - Vacina\u00e7\u00e3o contra covid-19 aos profissionais da sa\u00fade do Hospital das Cl\u00ednicas, no Centro de Conven\u00e7\u00f5es Rebou\u00e7as.\"},{\"@type\":\"BreadcrumbList\",\"@id\":\"https:\/\/www.notibras.com\/site\/saude-amplia-publicos-da-vacina-contra-a-gripe\/#breadcrumb\",\"itemListElement\":[{\"@type\":\"ListItem\",\"position\":1,\"name\":\"In\u00edcio\",\"item\":\"https:\/\/www.notibras.com\/site\/\"},{\"@type\":\"ListItem\",\"position\":2,\"name\":\"Sa\u00fade amplia p\u00fablicos da vacina contra a gripe\"}]},{\"@type\":\"WebSite\",\"@id\":\"https:\/\/www.notibras.com\/site\/#website\",\"url\":\"https:\/\/www.notibras.com\/site\/\",\"name\":\"Notibras\",\"description\":\"Not\u00edcias de Bras\u00edlia, do Brasil e do Mundo\",\"publisher\":{\"@id\":\"https:\/\/www.notibras.com\/site\/#organization\"},\"potentialAction\":[{\"@type\":\"SearchAction\",\"target\":{\"@type\":\"EntryPoint\",\"urlTemplate\":\"https:\/\/www.notibras.com\/site\/?s={search_term_string}\"},\"query-input\":{\"@type\":\"PropertyValueSpecification\",\"valueRequired\":true,\"valueName\":\"search_term_string\"}}],\"inLanguage\":\"pt-BR\"},{\"@type\":\"Organization\",\"@id\":\"https:\/\/www.notibras.com\/site\/#organization\",\"name\":\"Grupo Notibras de Comunica\u00e7\u00e3o\",\"url\":\"https:\/\/www.notibras.com\/site\/\",\"logo\":{\"@type\":\"ImageObject\",\"inLanguage\":\"pt-BR\",\"@id\":\"https:\/\/www.notibras.com\/site\/#\/schema\/logo\/image\/\",\"url\":\"https:\/\/www.notibras.com\/site\/wp-content\/uploads\/2023\/01\/notibras23.png\",\"contentUrl\":\"https:\/\/www.notibras.com\/site\/wp-content\/uploads\/2023\/01\/notibras23.png\",\"width\":350,\"height\":87,\"caption\":\"Grupo Notibras de Comunica\u00e7\u00e3o\"},\"image\":{\"@id\":\"https:\/\/www.notibras.com\/site\/#\/schema\/logo\/image\/\"},\"sameAs\":[\"https:\/\/www.facebook.com\/notibras\/\",\"https:\/\/x.com\/Notibras\",\"https:\/\/www.instagram.com\/notibras\/\"]},{\"@type\":\"Person\",\"@id\":\"https:\/\/www.notibras.com\/site\/#\/schema\/person\/36ab0979449956132d3e5b517ea76ac8\",\"name\":\"Reda\u00e7\u00e3o\",\"image\":{\"@type\":\"ImageObject\",\"inLanguage\":\"pt-BR\",\"@id\":\"https:\/\/secure.gravatar.com\/avatar\/e0a867bdedb85fd243eadf09663511f96fc81e0720a4a42581f334ad4303aa6b?s=96&d=mm&r=g\",\"url\":\"https:\/\/secure.gravatar.com\/avatar\/e0a867bdedb85fd243eadf09663511f96fc81e0720a4a42581f334ad4303aa6b?s=96&d=mm&r=g\",\"contentUrl\":\"https:\/\/secure.gravatar.com\/avatar\/e0a867bdedb85fd243eadf09663511f96fc81e0720a4a42581f334ad4303aa6b?s=96&d=mm&r=g\",\"caption\":\"Reda\u00e7\u00e3o\"}}]}<\/script>\n<!-- \/ Yoast SEO plugin. -->","yoast_head_json":{"title":"Sa\u00fade amplia p\u00fablicos da vacina contra a gripe - Notibras","robots":{"index":"index","follow":"follow","max-snippet":"max-snippet:-1","max-image-preview":"max-image-preview:large","max-video-preview":"max-video-preview:-1"},"canonical":"https:\/\/www.notibras.com\/site\/saude-amplia-publicos-da-vacina-contra-a-gripe\/","og_locale":"pt_BR","og_type":"article","og_title":"Sa\u00fade amplia p\u00fablicos da vacina contra a gripe - Notibras","og_description":"A campanha 2023 da vacina\u00e7\u00e3o contra influenza ser\u00e1 ampliada a partir desta segunda-feira (10). Todos os grupos priorit\u00e1rios poder\u00e3o ser atendidos nos 130 pontos de imuniza\u00e7\u00e3o, com atendimento de segunda a sexta-feira, al\u00e9m de a\u00e7\u00f5es aos fins de semana. A lista completa dos locais est\u00e1 dispon\u00edvel no site da Secretaria de Sa\u00fade (SES). Ao todo, [&hellip;]","og_url":"https:\/\/www.notibras.com\/site\/saude-amplia-publicos-da-vacina-contra-a-gripe\/","og_site_name":"Notibras","article_publisher":"https:\/\/www.facebook.com\/notibras\/","article_published_time":"2023-04-10T10:07:55+00:00","article_modified_time":"2023-04-10T14:10:18+00:00","og_image":[{"width":1170,"height":700,"url":"https:\/\/www.notibras.com\/site\/wp-content\/uploads\/2022\/12\/vacinacao_contra_covid-19_sao_paulo_rovsa_abr_19012101079.jpg","type":"image\/jpeg"}],"author":"Reda\u00e7\u00e3o","twitter_card":"summary_large_image","twitter_creator":"@Notibras","twitter_site":"@Notibras","twitter_misc":{"Escrito por":"Reda\u00e7\u00e3o","Est. tempo de leitura":"4 minutos"},"schema":{"@context":"https:\/\/schema.org","@graph":[{"@type":"Article","@id":"https:\/\/www.notibras.com\/site\/saude-amplia-publicos-da-vacina-contra-a-gripe\/#article","isPartOf":{"@id":"https:\/\/www.notibras.com\/site\/saude-amplia-publicos-da-vacina-contra-a-gripe\/"},"author":{"name":"Reda\u00e7\u00e3o","@id":"https:\/\/www.notibras.com\/site\/#\/schema\/person\/36ab0979449956132d3e5b517ea76ac8"},"headline":"Sa\u00fade amplia p\u00fablicos da vacina contra a gripe","datePublished":"2023-04-10T10:07:55+00:00","dateModified":"2023-04-10T14:10:18+00:00","mainEntityOfPage":{"@id":"https:\/\/www.notibras.com\/site\/saude-amplia-publicos-da-vacina-contra-a-gripe\/"},"wordCount":639,"publisher":{"@id":"https:\/\/www.notibras.com\/site\/#organization"},"image":{"@id":"https:\/\/www.notibras.com\/site\/saude-amplia-publicos-da-vacina-contra-a-gripe\/#primaryimage"},"thumbnailUrl":"https:\/\/www.notibras.com\/site\/wp-content\/uploads\/2022\/12\/vacinacao_contra_covid-19_sao_paulo_rovsa_abr_19012101079.jpg","articleSection":["Quadradinho em Foco"],"inLanguage":"pt-BR"},{"@type":"WebPage","@id":"https:\/\/www.notibras.com\/site\/saude-amplia-publicos-da-vacina-contra-a-gripe\/","url":"https:\/\/www.notibras.com\/site\/saude-amplia-publicos-da-vacina-contra-a-gripe\/","name":"Sa\u00fade amplia p\u00fablicos da vacina contra a gripe - Notibras","isPartOf":{"@id":"https:\/\/www.notibras.com\/site\/#website"},"primaryImageOfPage":{"@id":"https:\/\/www.notibras.com\/site\/saude-amplia-publicos-da-vacina-contra-a-gripe\/#primaryimage"},"image":{"@id":"https:\/\/www.notibras.com\/site\/saude-amplia-publicos-da-vacina-contra-a-gripe\/#primaryimage"},"thumbnailUrl":"https:\/\/www.notibras.com\/site\/wp-content\/uploads\/2022\/12\/vacinacao_contra_covid-19_sao_paulo_rovsa_abr_19012101079.jpg","datePublished":"2023-04-10T10:07:55+00:00","dateModified":"2023-04-10T14:10:18+00:00","breadcrumb":{"@id":"https:\/\/www.notibras.com\/site\/saude-amplia-publicos-da-vacina-contra-a-gripe\/#breadcrumb"},"inLanguage":"pt-BR","potentialAction":[{"@type":"ReadAction","target":["https:\/\/www.notibras.com\/site\/saude-amplia-publicos-da-vacina-contra-a-gripe\/"]}]},{"@type":"ImageObject","inLanguage":"pt-BR","@id":"https:\/\/www.notibras.com\/site\/saude-amplia-publicos-da-vacina-contra-a-gripe\/#primaryimage","url":"https:\/\/www.notibras.com\/site\/wp-content\/uploads\/2022\/12\/vacinacao_contra_covid-19_sao_paulo_rovsa_abr_19012101079.jpg","contentUrl":"https:\/\/www.notibras.com\/site\/wp-content\/uploads\/2022\/12\/vacinacao_contra_covid-19_sao_paulo_rovsa_abr_19012101079.jpg","width":1170,"height":700,"caption":"S\u00e3o Paulo - Vacina\u00e7\u00e3o contra covid-19 aos profissionais da sa\u00fade do Hospital das Cl\u00ednicas, no Centro de Conven\u00e7\u00f5es Rebou\u00e7as."},{"@type":"BreadcrumbList","@id":"https:\/\/www.notibras.com\/site\/saude-amplia-publicos-da-vacina-contra-a-gripe\/#breadcrumb","itemListElement":[{"@type":"ListItem","position":1,"name":"In\u00edcio","item":"https:\/\/www.notibras.com\/site\/"},{"@type":"ListItem","position":2,"name":"Sa\u00fade amplia p\u00fablicos da vacina contra a gripe"}]},{"@type":"WebSite","@id":"https:\/\/www.notibras.com\/site\/#website","url":"https:\/\/www.notibras.com\/site\/","name":"Notibras","description":"Not\u00edcias de Bras\u00edlia, do Brasil e do Mundo","publisher":{"@id":"https:\/\/www.notibras.com\/site\/#organization"},"potentialAction":[{"@type":"SearchAction","target":{"@type":"EntryPoint","urlTemplate":"https:\/\/www.notibras.com\/site\/?s={search_term_string}"},"query-input":{"@type":"PropertyValueSpecification","valueRequired":true,"valueName":"search_term_string"}}],"inLanguage":"pt-BR"},{"@type":"Organization","@id":"https:\/\/www.notibras.com\/site\/#organization","name":"Grupo Notibras de Comunica\u00e7\u00e3o","url":"https:\/\/www.notibras.com\/site\/","logo":{"@type":"ImageObject","inLanguage":"pt-BR","@id":"https:\/\/www.notibras.com\/site\/#\/schema\/logo\/image\/","url":"https:\/\/www.notibras.com\/site\/wp-content\/uploads\/2023\/01\/notibras23.png","contentUrl":"https:\/\/www.notibras.com\/site\/wp-content\/uploads\/2023\/01\/notibras23.png","width":350,"height":87,"caption":"Grupo Notibras de Comunica\u00e7\u00e3o"},"image":{"@id":"https:\/\/www.notibras.com\/site\/#\/schema\/logo\/image\/"},"sameAs":["https:\/\/www.facebook.com\/notibras\/","https:\/\/x.com\/Notibras","https:\/\/www.instagram.com\/notibras\/"]},{"@type":"Person","@id":"https:\/\/www.notibras.com\/site\/#\/schema\/person\/36ab0979449956132d3e5b517ea76ac8","name":"Reda\u00e7\u00e3o","image":{"@type":"ImageObject","inLanguage":"pt-BR","@id":"https:\/\/secure.gravatar.com\/avatar\/e0a867bdedb85fd243eadf09663511f96fc81e0720a4a42581f334ad4303aa6b?s=96&d=mm&r=g","url":"https:\/\/secure.gravatar.com\/avatar\/e0a867bdedb85fd243eadf09663511f96fc81e0720a4a42581f334ad4303aa6b?s=96&d=mm&r=g","contentUrl":"https:\/\/secure.gravatar.com\/avatar\/e0a867bdedb85fd243eadf09663511f96fc81e0720a4a42581f334ad4303aa6b?s=96&d=mm&r=g","caption":"Reda\u00e7\u00e3o"}}]}},"amp_enabled":true,"_links":{"self":[{"href":"https:\/\/www.notibras.com\/site\/wp-json\/wp\/v2\/posts\/302800","targetHints":{"allow":["GET"]}}],"collection":[{"href":"https:\/\/www.notibras.com\/site\/wp-json\/wp\/v2\/posts"}],"about":[{"href":"https:\/\/www.notibras.com\/site\/wp-json\/wp\/v2\/types\/post"}],"author":[{"embeddable":true,"href":"https:\/\/www.notibras.com\/site\/wp-json\/wp\/v2\/users\/2"}],"replies":[{"embeddable":true,"href":"https:\/\/www.notibras.com\/site\/wp-json\/wp\/v2\/comments?post=302800"}],"version-history":[{"count":1,"href":"https:\/\/www.notibras.com\/site\/wp-json\/wp\/v2\/posts\/302800\/revisions"}],"predecessor-version":[{"id":302801,"href":"https:\/\/www.notibras.com\/site\/wp-json\/wp\/v2\/posts\/302800\/revisions\/302801"}],"wp:featuredmedia":[{"embeddable":true,"href":"https:\/\/www.notibras.com\/site\/wp-json\/wp\/v2\/media\/295906"}],"wp:attachment":[{"href":"https:\/\/www.notibras.com\/site\/wp-json\/wp\/v2\/media?parent=302800"}],"wp:term":[{"taxonomy":"category","embeddable":true,"href":"https:\/\/www.notibras.com\/site\/wp-json\/wp\/v2\/categories?post=302800"},{"taxonomy":"post_tag","embeddable":true,"href":"https:\/\/www.notibras.com\/site\/wp-json\/wp\/v2\/tags?post=302800"}],"curies":[{"name":"wp","href":"https:\/\/api.w.org\/{rel}","templated":true}]}}