{"id":302802,"date":"2023-04-10T00:00:38","date_gmt":"2023-04-10T03:00:38","guid":{"rendered":"https:\/\/www.notibras.com\/site\/?p=302802"},"modified":"2023-04-10T11:18:10","modified_gmt":"2023-04-10T14:18:10","slug":"governo-recupera-186-hectares-ocupados-irregularmente","status":"publish","type":"post","link":"https:\/\/www.notibras.com\/site\/governo-recupera-186-hectares-ocupados-irregularmente\/","title":{"rendered":"Governo recupera 186 hectares ocupados irregularmente"},"content":{"rendered":"<p>Entre janeiro e mar\u00e7o deste ano, o Governo do Distrito Federal recuperou 1.868.700 m\u00b2 de \u00e1rea p\u00fablica ocupada irregularmente, o que equivale a 186 hectares de terra desobstru\u00edda. A retomada ocorreu durante as a\u00e7\u00f5es de combate \u00e0 grilagem de terras na capital federal.<\/p>\n<p>Ao todo, foram realizadas 13 opera\u00e7\u00f5es de grande porte em Santa Maria, Ceil\u00e2ndia, Sobradinho, Riacho Fundo II e Brazl\u00e2ndia. O combate \u00e0s invas\u00f5es, por meio dessas a\u00e7\u00f5es que envolvem quase 30 \u00f3rg\u00e3os do GDF, evita preju\u00edzos sociais, pol\u00edticos, ambientais e econ\u00f4micos tanto para o Estado quanto para o cidad\u00e3o infrator.<\/p>\n<p>\u201cNosso trabalho \u00e9 sempre de monitoramento constante\u201d, explica o subsecret\u00e1rio de Opera\u00e7\u00f5es da Secretaria de Prote\u00e7\u00e3o da Ordem Urban\u00edstica (DF Legal), Alexandre Sena. \u201cEssas demandas vieram para dar resposta a essas ocupa\u00e7\u00f5es que surgiram recentemente. A maior em que atuamos, que era a de Brazl\u00e2ndia, come\u00e7ou em janeiro.\u201d<\/p>\n<p>S\u00f3 em Brazl\u00e2ndia, na \u00c1rea de Prote\u00e7\u00e3o Ambiental (APA) da Bacia do Rio Descoberto, foram 138 hectares desocupados de trechos invadidos por grileiros. A a\u00e7\u00e3o promovida em mar\u00e7o focou tr\u00eas grandes pontos de aglomera\u00e7\u00e3o de pequenos barracos feitos de madeira e lona. Ao todo, foram desconstitu\u00eddas 1.210 dessas constru\u00e7\u00f5es, das quais mais de 90% estavam desabitadas. Os lotes j\u00e1 vinham sendo vendidos por R$ 8 mil, conforme apurou a DF Legal.<\/p>\n<p>\u201cPara a execu\u00e7\u00e3o dessas opera\u00e7\u00f5es, a gente segue diversos passos, como verifica\u00e7\u00e3o da titularidade da \u00e1rea e sensibilidade\u201d, revela Sena. \u201cAp\u00f3s o t\u00e9rmino dessas opera\u00e7\u00f5es, n\u00f3s fazemos um trabalho de manuten\u00e7\u00e3o e de vigil\u00e2ncia para evitar que as mesmas pessoas voltem a ocupar o espa\u00e7o.\u201d<\/p>\n<p>Al\u00e9m dessas opera\u00e7\u00f5es de grande porte, a DF Legal executa todos os dias, inclusive aos fins de semana, as chamadas opera\u00e7\u00f5es Pronto Emprego, voltadas a mitigar ocupa\u00e7\u00f5es irregulares ainda em fase inicial. O protocolo \u00e9 imediato ou n\u00e3o superior a 72 horas do recebimento da den\u00fancia ou constata\u00e7\u00e3o de ilegalidades pelos agentes de fiscaliza\u00e7\u00e3o.<\/p>\n<p>Segundo a pasta, em 2022, foram promovidas 790 opera\u00e7\u00f5es de desobstru\u00e7\u00e3o de \u00e1rea p\u00fablica, com 2.482.819 m\u00b2 recuperados. A secretaria segue o monitoramento de todas as 35 regi\u00f5es administrativas e, atualmente, est\u00e1 na fase de qualifica\u00e7\u00e3o e treinamento de 100 assistentes operacionais, que far\u00e3o um trabalho de campo com uso de imagens de sat\u00e9lite e drones de vigil\u00e2ncia.<\/p>\n","protected":false},"excerpt":{"rendered":"<p>Entre janeiro e mar\u00e7o deste ano, o Governo do Distrito Federal recuperou 1.868.700 m\u00b2 de \u00e1rea p\u00fablica ocupada irregularmente, o que equivale a 186 hectares de terra desobstru\u00edda. A retomada ocorreu durante as a\u00e7\u00f5es de combate \u00e0 grilagem de terras na capital federal. Ao todo, foram realizadas 13 opera\u00e7\u00f5es de grande porte em Santa Maria, [&hellip;]<\/p>\n","protected":false},"author":2,"featured_media":302803,"comment_status":"closed","ping_status":"closed","sticky":false,"template":"","format":"standard","meta":{"_acf_changed":false,"footnotes":""},"categories":[161],"tags":[],"class_list":["post-302802","post","type-post","status-publish","format-standard","has-post-thumbnail","hentry","category-quadradinho-em-foco"],"acf":[],"yoast_head":"<!-- This site is optimized with the Yoast SEO plugin v27.2 - https:\/\/yoast.com\/product\/yoast-seo-wordpress\/ -->\n<title>Governo recupera 186 hectares ocupados irregularmente - Notibras<\/title>\n<meta name=\"robots\" content=\"index, follow, max-snippet:-1, max-image-preview:large, max-video-preview:-1\" \/>\n<link rel=\"canonical\" href=\"https:\/\/www.notibras.com\/site\/governo-recupera-186-hectares-ocupados-irregularmente\/\" \/>\n<meta property=\"og:locale\" content=\"pt_BR\" \/>\n<meta property=\"og:type\" content=\"article\" \/>\n<meta property=\"og:title\" content=\"Governo recupera 186 hectares ocupados irregularmente - Notibras\" \/>\n<meta property=\"og:description\" content=\"Entre janeiro e mar\u00e7o deste ano, o Governo do Distrito Federal recuperou 1.868.700 m\u00b2 de \u00e1rea p\u00fablica ocupada irregularmente, o que equivale a 186 hectares de terra desobstru\u00edda. A retomada ocorreu durante as a\u00e7\u00f5es de combate \u00e0 grilagem de terras na capital federal. Ao todo, foram realizadas 13 opera\u00e7\u00f5es de grande porte em Santa Maria, [&hellip;]\" \/>\n<meta property=\"og:url\" content=\"https:\/\/www.notibras.com\/site\/governo-recupera-186-hectares-ocupados-irregularmente\/\" \/>\n<meta property=\"og:site_name\" content=\"Notibras\" \/>\n<meta property=\"article:publisher\" content=\"https:\/\/www.facebook.com\/notibras\/\" \/>\n<meta property=\"article:published_time\" content=\"2023-04-10T03:00:38+00:00\" \/>\n<meta property=\"article:modified_time\" content=\"2023-04-10T14:18:10+00:00\" \/>\n<meta property=\"og:image\" content=\"https:\/\/www.notibras.com\/site\/wp-content\/uploads\/2023\/04\/WhatsApp-Image-2023-04-07-at-16.04.03-3.jpeg\" \/>\n\t<meta property=\"og:image:width\" content=\"1242\" \/>\n\t<meta property=\"og:image:height\" content=\"828\" \/>\n\t<meta property=\"og:image:type\" content=\"image\/jpeg\" \/>\n<meta name=\"author\" content=\"Reda\u00e7\u00e3o\" \/>\n<meta name=\"twitter:card\" content=\"summary_large_image\" \/>\n<meta name=\"twitter:creator\" content=\"@Notibras\" \/>\n<meta name=\"twitter:site\" content=\"@Notibras\" \/>\n<meta name=\"twitter:label1\" content=\"Escrito por\" \/>\n\t<meta name=\"twitter:data1\" content=\"Reda\u00e7\u00e3o\" \/>\n\t<meta name=\"twitter:label2\" content=\"Est. tempo de leitura\" \/>\n\t<meta name=\"twitter:data2\" content=\"3 minutos\" \/>\n<script type=\"application\/ld+json\" class=\"yoast-schema-graph\">{\"@context\":\"https:\/\/schema.org\",\"@graph\":[{\"@type\":\"Article\",\"@id\":\"https:\/\/www.notibras.com\/site\/governo-recupera-186-hectares-ocupados-irregularmente\/#article\",\"isPartOf\":{\"@id\":\"https:\/\/www.notibras.com\/site\/governo-recupera-186-hectares-ocupados-irregularmente\/\"},\"author\":{\"name\":\"Reda\u00e7\u00e3o\",\"@id\":\"https:\/\/www.notibras.com\/site\/#\/schema\/person\/36ab0979449956132d3e5b517ea76ac8\"},\"headline\":\"Governo recupera 186 hectares ocupados irregularmente\",\"datePublished\":\"2023-04-10T03:00:38+00:00\",\"dateModified\":\"2023-04-10T14:18:10+00:00\",\"mainEntityOfPage\":{\"@id\":\"https:\/\/www.notibras.com\/site\/governo-recupera-186-hectares-ocupados-irregularmente\/\"},\"wordCount\":412,\"publisher\":{\"@id\":\"https:\/\/www.notibras.com\/site\/#organization\"},\"image\":{\"@id\":\"https:\/\/www.notibras.com\/site\/governo-recupera-186-hectares-ocupados-irregularmente\/#primaryimage\"},\"thumbnailUrl\":\"https:\/\/www.notibras.com\/site\/wp-content\/uploads\/2023\/04\/WhatsApp-Image-2023-04-07-at-16.04.03-3.jpeg\",\"articleSection\":[\"Quadradinho em Foco\"],\"inLanguage\":\"pt-BR\"},{\"@type\":\"WebPage\",\"@id\":\"https:\/\/www.notibras.com\/site\/governo-recupera-186-hectares-ocupados-irregularmente\/\",\"url\":\"https:\/\/www.notibras.com\/site\/governo-recupera-186-hectares-ocupados-irregularmente\/\",\"name\":\"Governo recupera 186 hectares ocupados irregularmente - Notibras\",\"isPartOf\":{\"@id\":\"https:\/\/www.notibras.com\/site\/#website\"},\"primaryImageOfPage\":{\"@id\":\"https:\/\/www.notibras.com\/site\/governo-recupera-186-hectares-ocupados-irregularmente\/#primaryimage\"},\"image\":{\"@id\":\"https:\/\/www.notibras.com\/site\/governo-recupera-186-hectares-ocupados-irregularmente\/#primaryimage\"},\"thumbnailUrl\":\"https:\/\/www.notibras.com\/site\/wp-content\/uploads\/2023\/04\/WhatsApp-Image-2023-04-07-at-16.04.03-3.jpeg\",\"datePublished\":\"2023-04-10T03:00:38+00:00\",\"dateModified\":\"2023-04-10T14:18:10+00:00\",\"breadcrumb\":{\"@id\":\"https:\/\/www.notibras.com\/site\/governo-recupera-186-hectares-ocupados-irregularmente\/#breadcrumb\"},\"inLanguage\":\"pt-BR\",\"potentialAction\":[{\"@type\":\"ReadAction\",\"target\":[\"https:\/\/www.notibras.com\/site\/governo-recupera-186-hectares-ocupados-irregularmente\/\"]}]},{\"@type\":\"ImageObject\",\"inLanguage\":\"pt-BR\",\"@id\":\"https:\/\/www.notibras.com\/site\/governo-recupera-186-hectares-ocupados-irregularmente\/#primaryimage\",\"url\":\"https:\/\/www.notibras.com\/site\/wp-content\/uploads\/2023\/04\/WhatsApp-Image-2023-04-07-at-16.04.03-3.jpeg\",\"contentUrl\":\"https:\/\/www.notibras.com\/site\/wp-content\/uploads\/2023\/04\/WhatsApp-Image-2023-04-07-at-16.04.03-3.jpeg\",\"width\":1242,\"height\":828},{\"@type\":\"BreadcrumbList\",\"@id\":\"https:\/\/www.notibras.com\/site\/governo-recupera-186-hectares-ocupados-irregularmente\/#breadcrumb\",\"itemListElement\":[{\"@type\":\"ListItem\",\"position\":1,\"name\":\"In\u00edcio\",\"item\":\"https:\/\/www.notibras.com\/site\/\"},{\"@type\":\"ListItem\",\"position\":2,\"name\":\"Governo recupera 186 hectares ocupados irregularmente\"}]},{\"@type\":\"WebSite\",\"@id\":\"https:\/\/www.notibras.com\/site\/#website\",\"url\":\"https:\/\/www.notibras.com\/site\/\",\"name\":\"Notibras\",\"description\":\"Not\u00edcias de Bras\u00edlia, do Brasil e do Mundo\",\"publisher\":{\"@id\":\"https:\/\/www.notibras.com\/site\/#organization\"},\"potentialAction\":[{\"@type\":\"SearchAction\",\"target\":{\"@type\":\"EntryPoint\",\"urlTemplate\":\"https:\/\/www.notibras.com\/site\/?s={search_term_string}\"},\"query-input\":{\"@type\":\"PropertyValueSpecification\",\"valueRequired\":true,\"valueName\":\"search_term_string\"}}],\"inLanguage\":\"pt-BR\"},{\"@type\":\"Organization\",\"@id\":\"https:\/\/www.notibras.com\/site\/#organization\",\"name\":\"Grupo Notibras de Comunica\u00e7\u00e3o\",\"url\":\"https:\/\/www.notibras.com\/site\/\",\"logo\":{\"@type\":\"ImageObject\",\"inLanguage\":\"pt-BR\",\"@id\":\"https:\/\/www.notibras.com\/site\/#\/schema\/logo\/image\/\",\"url\":\"https:\/\/www.notibras.com\/site\/wp-content\/uploads\/2023\/01\/notibras23.png\",\"contentUrl\":\"https:\/\/www.notibras.com\/site\/wp-content\/uploads\/2023\/01\/notibras23.png\",\"width\":350,\"height\":87,\"caption\":\"Grupo Notibras de Comunica\u00e7\u00e3o\"},\"image\":{\"@id\":\"https:\/\/www.notibras.com\/site\/#\/schema\/logo\/image\/\"},\"sameAs\":[\"https:\/\/www.facebook.com\/notibras\/\",\"https:\/\/x.com\/Notibras\",\"https:\/\/www.instagram.com\/notibras\/\"]},{\"@type\":\"Person\",\"@id\":\"https:\/\/www.notibras.com\/site\/#\/schema\/person\/36ab0979449956132d3e5b517ea76ac8\",\"name\":\"Reda\u00e7\u00e3o\",\"image\":{\"@type\":\"ImageObject\",\"inLanguage\":\"pt-BR\",\"@id\":\"https:\/\/secure.gravatar.com\/avatar\/e0a867bdedb85fd243eadf09663511f96fc81e0720a4a42581f334ad4303aa6b?s=96&d=mm&r=g\",\"url\":\"https:\/\/secure.gravatar.com\/avatar\/e0a867bdedb85fd243eadf09663511f96fc81e0720a4a42581f334ad4303aa6b?s=96&d=mm&r=g\",\"contentUrl\":\"https:\/\/secure.gravatar.com\/avatar\/e0a867bdedb85fd243eadf09663511f96fc81e0720a4a42581f334ad4303aa6b?s=96&d=mm&r=g\",\"caption\":\"Reda\u00e7\u00e3o\"}}]}<\/script>\n<!-- \/ Yoast SEO plugin. -->","yoast_head_json":{"title":"Governo recupera 186 hectares ocupados irregularmente - Notibras","robots":{"index":"index","follow":"follow","max-snippet":"max-snippet:-1","max-image-preview":"max-image-preview:large","max-video-preview":"max-video-preview:-1"},"canonical":"https:\/\/www.notibras.com\/site\/governo-recupera-186-hectares-ocupados-irregularmente\/","og_locale":"pt_BR","og_type":"article","og_title":"Governo recupera 186 hectares ocupados irregularmente - Notibras","og_description":"Entre janeiro e mar\u00e7o deste ano, o Governo do Distrito Federal recuperou 1.868.700 m\u00b2 de \u00e1rea p\u00fablica ocupada irregularmente, o que equivale a 186 hectares de terra desobstru\u00edda. A retomada ocorreu durante as a\u00e7\u00f5es de combate \u00e0 grilagem de terras na capital federal. Ao todo, foram realizadas 13 opera\u00e7\u00f5es de grande porte em Santa Maria, [&hellip;]","og_url":"https:\/\/www.notibras.com\/site\/governo-recupera-186-hectares-ocupados-irregularmente\/","og_site_name":"Notibras","article_publisher":"https:\/\/www.facebook.com\/notibras\/","article_published_time":"2023-04-10T03:00:38+00:00","article_modified_time":"2023-04-10T14:18:10+00:00","og_image":[{"width":1242,"height":828,"url":"https:\/\/www.notibras.com\/site\/wp-content\/uploads\/2023\/04\/WhatsApp-Image-2023-04-07-at-16.04.03-3.jpeg","type":"image\/jpeg"}],"author":"Reda\u00e7\u00e3o","twitter_card":"summary_large_image","twitter_creator":"@Notibras","twitter_site":"@Notibras","twitter_misc":{"Escrito por":"Reda\u00e7\u00e3o","Est. tempo de leitura":"3 minutos"},"schema":{"@context":"https:\/\/schema.org","@graph":[{"@type":"Article","@id":"https:\/\/www.notibras.com\/site\/governo-recupera-186-hectares-ocupados-irregularmente\/#article","isPartOf":{"@id":"https:\/\/www.notibras.com\/site\/governo-recupera-186-hectares-ocupados-irregularmente\/"},"author":{"name":"Reda\u00e7\u00e3o","@id":"https:\/\/www.notibras.com\/site\/#\/schema\/person\/36ab0979449956132d3e5b517ea76ac8"},"headline":"Governo recupera 186 hectares ocupados irregularmente","datePublished":"2023-04-10T03:00:38+00:00","dateModified":"2023-04-10T14:18:10+00:00","mainEntityOfPage":{"@id":"https:\/\/www.notibras.com\/site\/governo-recupera-186-hectares-ocupados-irregularmente\/"},"wordCount":412,"publisher":{"@id":"https:\/\/www.notibras.com\/site\/#organization"},"image":{"@id":"https:\/\/www.notibras.com\/site\/governo-recupera-186-hectares-ocupados-irregularmente\/#primaryimage"},"thumbnailUrl":"https:\/\/www.notibras.com\/site\/wp-content\/uploads\/2023\/04\/WhatsApp-Image-2023-04-07-at-16.04.03-3.jpeg","articleSection":["Quadradinho em Foco"],"inLanguage":"pt-BR"},{"@type":"WebPage","@id":"https:\/\/www.notibras.com\/site\/governo-recupera-186-hectares-ocupados-irregularmente\/","url":"https:\/\/www.notibras.com\/site\/governo-recupera-186-hectares-ocupados-irregularmente\/","name":"Governo recupera 186 hectares ocupados irregularmente - Notibras","isPartOf":{"@id":"https:\/\/www.notibras.com\/site\/#website"},"primaryImageOfPage":{"@id":"https:\/\/www.notibras.com\/site\/governo-recupera-186-hectares-ocupados-irregularmente\/#primaryimage"},"image":{"@id":"https:\/\/www.notibras.com\/site\/governo-recupera-186-hectares-ocupados-irregularmente\/#primaryimage"},"thumbnailUrl":"https:\/\/www.notibras.com\/site\/wp-content\/uploads\/2023\/04\/WhatsApp-Image-2023-04-07-at-16.04.03-3.jpeg","datePublished":"2023-04-10T03:00:38+00:00","dateModified":"2023-04-10T14:18:10+00:00","breadcrumb":{"@id":"https:\/\/www.notibras.com\/site\/governo-recupera-186-hectares-ocupados-irregularmente\/#breadcrumb"},"inLanguage":"pt-BR","potentialAction":[{"@type":"ReadAction","target":["https:\/\/www.notibras.com\/site\/governo-recupera-186-hectares-ocupados-irregularmente\/"]}]},{"@type":"ImageObject","inLanguage":"pt-BR","@id":"https:\/\/www.notibras.com\/site\/governo-recupera-186-hectares-ocupados-irregularmente\/#primaryimage","url":"https:\/\/www.notibras.com\/site\/wp-content\/uploads\/2023\/04\/WhatsApp-Image-2023-04-07-at-16.04.03-3.jpeg","contentUrl":"https:\/\/www.notibras.com\/site\/wp-content\/uploads\/2023\/04\/WhatsApp-Image-2023-04-07-at-16.04.03-3.jpeg","width":1242,"height":828},{"@type":"BreadcrumbList","@id":"https:\/\/www.notibras.com\/site\/governo-recupera-186-hectares-ocupados-irregularmente\/#breadcrumb","itemListElement":[{"@type":"ListItem","position":1,"name":"In\u00edcio","item":"https:\/\/www.notibras.com\/site\/"},{"@type":"ListItem","position":2,"name":"Governo recupera 186 hectares ocupados irregularmente"}]},{"@type":"WebSite","@id":"https:\/\/www.notibras.com\/site\/#website","url":"https:\/\/www.notibras.com\/site\/","name":"Notibras","description":"Not\u00edcias de Bras\u00edlia, do Brasil e do Mundo","publisher":{"@id":"https:\/\/www.notibras.com\/site\/#organization"},"potentialAction":[{"@type":"SearchAction","target":{"@type":"EntryPoint","urlTemplate":"https:\/\/www.notibras.com\/site\/?s={search_term_string}"},"query-input":{"@type":"PropertyValueSpecification","valueRequired":true,"valueName":"search_term_string"}}],"inLanguage":"pt-BR"},{"@type":"Organization","@id":"https:\/\/www.notibras.com\/site\/#organization","name":"Grupo Notibras de Comunica\u00e7\u00e3o","url":"https:\/\/www.notibras.com\/site\/","logo":{"@type":"ImageObject","inLanguage":"pt-BR","@id":"https:\/\/www.notibras.com\/site\/#\/schema\/logo\/image\/","url":"https:\/\/www.notibras.com\/site\/wp-content\/uploads\/2023\/01\/notibras23.png","contentUrl":"https:\/\/www.notibras.com\/site\/wp-content\/uploads\/2023\/01\/notibras23.png","width":350,"height":87,"caption":"Grupo Notibras de Comunica\u00e7\u00e3o"},"image":{"@id":"https:\/\/www.notibras.com\/site\/#\/schema\/logo\/image\/"},"sameAs":["https:\/\/www.facebook.com\/notibras\/","https:\/\/x.com\/Notibras","https:\/\/www.instagram.com\/notibras\/"]},{"@type":"Person","@id":"https:\/\/www.notibras.com\/site\/#\/schema\/person\/36ab0979449956132d3e5b517ea76ac8","name":"Reda\u00e7\u00e3o","image":{"@type":"ImageObject","inLanguage":"pt-BR","@id":"https:\/\/secure.gravatar.com\/avatar\/e0a867bdedb85fd243eadf09663511f96fc81e0720a4a42581f334ad4303aa6b?s=96&d=mm&r=g","url":"https:\/\/secure.gravatar.com\/avatar\/e0a867bdedb85fd243eadf09663511f96fc81e0720a4a42581f334ad4303aa6b?s=96&d=mm&r=g","contentUrl":"https:\/\/secure.gravatar.com\/avatar\/e0a867bdedb85fd243eadf09663511f96fc81e0720a4a42581f334ad4303aa6b?s=96&d=mm&r=g","caption":"Reda\u00e7\u00e3o"}}]}},"amp_enabled":true,"_links":{"self":[{"href":"https:\/\/www.notibras.com\/site\/wp-json\/wp\/v2\/posts\/302802","targetHints":{"allow":["GET"]}}],"collection":[{"href":"https:\/\/www.notibras.com\/site\/wp-json\/wp\/v2\/posts"}],"about":[{"href":"https:\/\/www.notibras.com\/site\/wp-json\/wp\/v2\/types\/post"}],"author":[{"embeddable":true,"href":"https:\/\/www.notibras.com\/site\/wp-json\/wp\/v2\/users\/2"}],"replies":[{"embeddable":true,"href":"https:\/\/www.notibras.com\/site\/wp-json\/wp\/v2\/comments?post=302802"}],"version-history":[{"count":1,"href":"https:\/\/www.notibras.com\/site\/wp-json\/wp\/v2\/posts\/302802\/revisions"}],"predecessor-version":[{"id":302804,"href":"https:\/\/www.notibras.com\/site\/wp-json\/wp\/v2\/posts\/302802\/revisions\/302804"}],"wp:featuredmedia":[{"embeddable":true,"href":"https:\/\/www.notibras.com\/site\/wp-json\/wp\/v2\/media\/302803"}],"wp:attachment":[{"href":"https:\/\/www.notibras.com\/site\/wp-json\/wp\/v2\/media?parent=302802"}],"wp:term":[{"taxonomy":"category","embeddable":true,"href":"https:\/\/www.notibras.com\/site\/wp-json\/wp\/v2\/categories?post=302802"},{"taxonomy":"post_tag","embeddable":true,"href":"https:\/\/www.notibras.com\/site\/wp-json\/wp\/v2\/tags?post=302802"}],"curies":[{"name":"wp","href":"https:\/\/api.w.org\/{rel}","templated":true}]}}