{"id":302816,"date":"2023-04-11T07:47:41","date_gmt":"2023-04-11T10:47:41","guid":{"rendered":"https:\/\/www.notibras.com\/site\/?p=302816"},"modified":"2023-04-11T07:49:07","modified_gmt":"2023-04-11T10:49:07","slug":"homem-que-nao-sabe-mentir-tem-lado-puro-verdadeiro","status":"publish","type":"post","link":"https:\/\/www.notibras.com\/site\/homem-que-nao-sabe-mentir-tem-lado-puro-verdadeiro\/","title":{"rendered":"Homem que n\u00e3o sabe mentir tem lado puro verdadeiro"},"content":{"rendered":"<p>Escrevi profissionalmente por longos anos. Hoje, ainda n\u00e3o \u00e9 um hobby, mas escrevo com prazer sobre o que quero ou o que pedem. Nunca mais sobre o que mandam. Por isso, jamais atendi meu subconsciente que durante algum tempo exigia algo sobre mim. Desconhe\u00e7o as raz\u00f5es, mas faz tempo que meus dem\u00f4nios escondidos entre os neur\u00f4nios que ainda funcionam cobram essa marmota. E o que dizer a meu respeito? Sempre parti do princ\u00edpio de que quem tem mais ego do que personalidade tamb\u00e9m tem mais imagem do que ess\u00eancia. Na balan\u00e7a do cora\u00e7\u00e3o, normalmente opto pela segunda hip\u00f3tese. \u00c9 da minha natureza perder pessoas com as minhas verdades. Em outras palavras, n\u00e3o costumo ganh\u00e1-las com mentiras mentirosas. S\u00f3 as verdadeiras.<\/p>\n<p>Fujo dos narcisistas. Eles nunca contam a hist\u00f3ria toda. Se limitam a narrar o que a voc\u00ea vai parecer ruim. Estrat\u00e9gia? N\u00e3o! Apenas uma necessidade patol\u00f3gica. Por conta disso, nem nos piores surtos psic\u00f3ticos imaginei narrando algo que, de bom ou ruim, produzi. Poderia usar uma s\u00e9rie de terminologias populares para traduzir meu eu e meu n\u00f3s. Talvez dissesse que, na adolesc\u00eancia, fui esquel\u00e9tico e beatleman\u00edaco. Mudei na juventude, quando assumi meu lado meio maquiav\u00e9lico, meio psicod\u00e9lico. Asseguro, por\u00e9m, que, em ambos os per\u00edodos, n\u00e3o cheguei \u00e0 fase do pat\u00e9tico, tampouco \u00e0 do escorregad\u00e9lico. N\u00e3o sei se voc\u00eas me entendem, mas passei batido do bord\u00e3o entendido. De concreto, sem acesso a quase nada, sonhei em tudo que fiz. A utopia foi minha ass\u00eddua companheira.<\/p>\n<p>Tamb\u00e9m n\u00e3o frequentava igrejas. Da\u00ed reiterar que, por mais que tentasse, nunca comunguei. Minha tese era a do faroeste caboclo: ajoelhou tem de rezar e, caso rezasse, n\u00e3o abria m\u00e3o da perseguida h\u00f3stia. Relembrando o tempo de P\u00e1scoa, s\u00f3 pedia uma gentileza: por favor, n\u00e3o apalpe os ovos. Eles eram muito t\u00eanues. Haviam sa\u00eddo h\u00e1 pouco do forno. O que sei \u00e9 que, como brasileiro e carioca comuns, sensualidade n\u00e3o era o meu forte. O que vendia com alguma facilidade era a alegria. \u00c0s vezes, embutia batimentos fortes de emo\u00e7\u00e3o e grandeza quando fazia refer\u00eancias assim\u00e9tricas e falsas ao todo poderoso astronauta, boi da cara preta ou simplesmente tico-tico.<\/p>\n<p>Os nomes j\u00e1 eram variados, mas, por quest\u00f5es b\u00edblicas, prefiro n\u00e3o aceitar apelidos feios e jocosos do tipo pirombeta, salgado ou bilau. Ele cresceu, mas \u00e9 melhor mant\u00ea-lo infantilizado. N\u00e3o ofendo e nem desagrado ningu\u00e9m. Voltando \u00e0 juventude, minha marca eram as escolhas muito particulares. Por exemplo, entre ficar preso no tr\u00e2nsito das marginais do Rio e tomar um banho de mar antes do trabalho, normalmente exclu\u00eda a primeira op\u00e7\u00e3o. Era o que fundamentalmente me diferenciava \u2013 e me diferencia &#8211; do paulista. O lado ruim \u00e9 que, como suburbano raiz, tive acesso \u00e0 cultura prazerosa dos mais velhos muito tarde, embora desde cedo tenha come\u00e7ado a literalmente ter nas m\u00e3os Brigitte Bardot, Catherine Deneuve, Darlene Gl\u00f3ria, Rita Cadilac e Vera Fischer, entre outras<\/p>\n<p>Para que imaginem meu sofrimento de jovem desacessado, o mais vibrante filme porn\u00f4 que assisti \u00e0 \u00e9poca foi o Escudo Negro, uma pel\u00edcula portuguesa, na qual Joaquim, Jos\u00e9 e Manoel se revezavam com Botaro, Tomaro e Seguraro nas performances pelados \u00e0 frente da tela. Como sou do tempo em que os olhos ganhavam remela e as costas borrachada, era o que eu podia. Era o que permitiam. Anos depois me decepcionei com o perfil do Homem de Itu. Apesar da idade ainda pequena, tinha um Amuleto de Ogum bem maior. Da Boneca Cobi\u00e7ada, Taras de Colegiais, Seis Mulheres de Ad\u00e3o, Seduzida por um Cavalo, Senta no Meu Que Eu Entro na Tua aos Sete Gatinhos escorreguei pela pornochanchada com muito brilho nos olhos e grossos calos nas m\u00e3os.<\/p>\n<p>Depois da Quinta Dimens\u00e3o do Sexo e do Fuk Fuk \u00e0 Brasileira, s\u00f3 pulei a fita Amor Estranho Amor. T\u00f4 fora. Eita, dei mole. Virei, mexi e acabei falando de mim e nem percebi. Perdoem-me a rudeza da narrativa, mas sempre fui viciado em mentir. Cresci e jamais me achei uma \u00e1guia ou um gavi\u00e3o, daqueles que pegam pinto no ar, mas meu Imp\u00e9rio do Sexo s\u00f3 existia na minha cabe\u00e7a e solitariamente no banheiro externo. Hoje, quando tudo \u00e9 anal\u00f3gico, \u00e9 l\u00f3gico que d\u00e1 prazer lembrar dos efeitos da digita\u00e7\u00e3o di\u00e1ria a que era obrigado. N\u00e3o tenho voca\u00e7\u00e3o para pol\u00edtico, mas s\u00f3 dou a cara a tapa porque sei que meus contempor\u00e2neos tamb\u00e9m eram manetas. N\u00e3o \u00e9 que n\u00e3o tinham m\u00e3os. O problema \u00e9 que \u00e9 feio a refer\u00eancia aos que n\u00e3o t\u00eam punho. Para minha sorte \u2013 ou azar -, nos funks cariocas e paulistas tudo que idealizo como verdade \u00e9 uma realidade. Eis a pureza de um homem que mente, mas n\u00e3o sabe mentir.<\/p>\n","protected":false},"excerpt":{"rendered":"<p>Escrevi profissionalmente por longos anos. Hoje, ainda n\u00e3o \u00e9 um hobby, mas escrevo com prazer sobre o que quero ou o que pedem. Nunca mais sobre o que mandam. Por isso, jamais atendi meu subconsciente que durante algum tempo exigia algo sobre mim. Desconhe\u00e7o as raz\u00f5es, mas faz tempo que meus dem\u00f4nios escondidos entre os [&hellip;]<\/p>\n","protected":false},"author":2,"featured_media":302817,"comment_status":"closed","ping_status":"closed","sticky":false,"template":"","format":"standard","meta":{"_acf_changed":false,"footnotes":""},"categories":[161],"tags":[],"class_list":["post-302816","post","type-post","status-publish","format-standard","has-post-thumbnail","hentry","category-quadradinho-em-foco"],"acf":[],"yoast_head":"<!-- This site is optimized with the Yoast SEO plugin v27.2 - https:\/\/yoast.com\/product\/yoast-seo-wordpress\/ -->\n<title>Homem que n\u00e3o sabe mentir tem lado puro verdadeiro - Notibras<\/title>\n<meta name=\"robots\" content=\"index, follow, max-snippet:-1, max-image-preview:large, max-video-preview:-1\" \/>\n<link rel=\"canonical\" href=\"https:\/\/www.notibras.com\/site\/homem-que-nao-sabe-mentir-tem-lado-puro-verdadeiro\/\" \/>\n<meta property=\"og:locale\" content=\"pt_BR\" \/>\n<meta property=\"og:type\" content=\"article\" \/>\n<meta property=\"og:title\" content=\"Homem que n\u00e3o sabe mentir tem lado puro verdadeiro - Notibras\" \/>\n<meta property=\"og:description\" content=\"Escrevi profissionalmente por longos anos. Hoje, ainda n\u00e3o \u00e9 um hobby, mas escrevo com prazer sobre o que quero ou o que pedem. Nunca mais sobre o que mandam. Por isso, jamais atendi meu subconsciente que durante algum tempo exigia algo sobre mim. Desconhe\u00e7o as raz\u00f5es, mas faz tempo que meus dem\u00f4nios escondidos entre os [&hellip;]\" \/>\n<meta property=\"og:url\" content=\"https:\/\/www.notibras.com\/site\/homem-que-nao-sabe-mentir-tem-lado-puro-verdadeiro\/\" \/>\n<meta property=\"og:site_name\" content=\"Notibras\" \/>\n<meta property=\"article:publisher\" content=\"https:\/\/www.facebook.com\/notibras\/\" \/>\n<meta property=\"article:published_time\" content=\"2023-04-11T10:47:41+00:00\" \/>\n<meta property=\"article:modified_time\" content=\"2023-04-11T10:49:07+00:00\" \/>\n<meta property=\"og:image\" content=\"https:\/\/www.notibras.com\/site\/wp-content\/uploads\/2023\/04\/post1.jpg\" \/>\n\t<meta property=\"og:image:width\" content=\"1000\" \/>\n\t<meta property=\"og:image:height\" content=\"563\" \/>\n\t<meta property=\"og:image:type\" content=\"image\/jpeg\" \/>\n<meta name=\"author\" content=\"Reda\u00e7\u00e3o\" \/>\n<meta name=\"twitter:card\" content=\"summary_large_image\" \/>\n<meta name=\"twitter:creator\" content=\"@Notibras\" \/>\n<meta name=\"twitter:site\" content=\"@Notibras\" \/>\n<meta name=\"twitter:label1\" content=\"Escrito por\" \/>\n\t<meta name=\"twitter:data1\" content=\"Reda\u00e7\u00e3o\" \/>\n\t<meta name=\"twitter:label2\" content=\"Est. tempo de leitura\" \/>\n\t<meta name=\"twitter:data2\" content=\"5 minutos\" \/>\n<script type=\"application\/ld+json\" class=\"yoast-schema-graph\">{\"@context\":\"https:\/\/schema.org\",\"@graph\":[{\"@type\":\"Article\",\"@id\":\"https:\/\/www.notibras.com\/site\/homem-que-nao-sabe-mentir-tem-lado-puro-verdadeiro\/#article\",\"isPartOf\":{\"@id\":\"https:\/\/www.notibras.com\/site\/homem-que-nao-sabe-mentir-tem-lado-puro-verdadeiro\/\"},\"author\":{\"name\":\"Reda\u00e7\u00e3o\",\"@id\":\"https:\/\/www.notibras.com\/site\/#\/schema\/person\/36ab0979449956132d3e5b517ea76ac8\"},\"headline\":\"Homem que n\u00e3o sabe mentir tem lado puro verdadeiro\",\"datePublished\":\"2023-04-11T10:47:41+00:00\",\"dateModified\":\"2023-04-11T10:49:07+00:00\",\"mainEntityOfPage\":{\"@id\":\"https:\/\/www.notibras.com\/site\/homem-que-nao-sabe-mentir-tem-lado-puro-verdadeiro\/\"},\"wordCount\":845,\"publisher\":{\"@id\":\"https:\/\/www.notibras.com\/site\/#organization\"},\"image\":{\"@id\":\"https:\/\/www.notibras.com\/site\/homem-que-nao-sabe-mentir-tem-lado-puro-verdadeiro\/#primaryimage\"},\"thumbnailUrl\":\"https:\/\/www.notibras.com\/site\/wp-content\/uploads\/2023\/04\/post1.jpg\",\"articleSection\":[\"Quadradinho em Foco\"],\"inLanguage\":\"pt-BR\"},{\"@type\":\"WebPage\",\"@id\":\"https:\/\/www.notibras.com\/site\/homem-que-nao-sabe-mentir-tem-lado-puro-verdadeiro\/\",\"url\":\"https:\/\/www.notibras.com\/site\/homem-que-nao-sabe-mentir-tem-lado-puro-verdadeiro\/\",\"name\":\"Homem que n\u00e3o sabe mentir tem lado puro verdadeiro - Notibras\",\"isPartOf\":{\"@id\":\"https:\/\/www.notibras.com\/site\/#website\"},\"primaryImageOfPage\":{\"@id\":\"https:\/\/www.notibras.com\/site\/homem-que-nao-sabe-mentir-tem-lado-puro-verdadeiro\/#primaryimage\"},\"image\":{\"@id\":\"https:\/\/www.notibras.com\/site\/homem-que-nao-sabe-mentir-tem-lado-puro-verdadeiro\/#primaryimage\"},\"thumbnailUrl\":\"https:\/\/www.notibras.com\/site\/wp-content\/uploads\/2023\/04\/post1.jpg\",\"datePublished\":\"2023-04-11T10:47:41+00:00\",\"dateModified\":\"2023-04-11T10:49:07+00:00\",\"breadcrumb\":{\"@id\":\"https:\/\/www.notibras.com\/site\/homem-que-nao-sabe-mentir-tem-lado-puro-verdadeiro\/#breadcrumb\"},\"inLanguage\":\"pt-BR\",\"potentialAction\":[{\"@type\":\"ReadAction\",\"target\":[\"https:\/\/www.notibras.com\/site\/homem-que-nao-sabe-mentir-tem-lado-puro-verdadeiro\/\"]}]},{\"@type\":\"ImageObject\",\"inLanguage\":\"pt-BR\",\"@id\":\"https:\/\/www.notibras.com\/site\/homem-que-nao-sabe-mentir-tem-lado-puro-verdadeiro\/#primaryimage\",\"url\":\"https:\/\/www.notibras.com\/site\/wp-content\/uploads\/2023\/04\/post1.jpg\",\"contentUrl\":\"https:\/\/www.notibras.com\/site\/wp-content\/uploads\/2023\/04\/post1.jpg\",\"width\":1000,\"height\":563},{\"@type\":\"BreadcrumbList\",\"@id\":\"https:\/\/www.notibras.com\/site\/homem-que-nao-sabe-mentir-tem-lado-puro-verdadeiro\/#breadcrumb\",\"itemListElement\":[{\"@type\":\"ListItem\",\"position\":1,\"name\":\"In\u00edcio\",\"item\":\"https:\/\/www.notibras.com\/site\/\"},{\"@type\":\"ListItem\",\"position\":2,\"name\":\"Homem que n\u00e3o sabe mentir tem lado puro verdadeiro\"}]},{\"@type\":\"WebSite\",\"@id\":\"https:\/\/www.notibras.com\/site\/#website\",\"url\":\"https:\/\/www.notibras.com\/site\/\",\"name\":\"Notibras\",\"description\":\"Not\u00edcias de Bras\u00edlia, do Brasil e do Mundo\",\"publisher\":{\"@id\":\"https:\/\/www.notibras.com\/site\/#organization\"},\"potentialAction\":[{\"@type\":\"SearchAction\",\"target\":{\"@type\":\"EntryPoint\",\"urlTemplate\":\"https:\/\/www.notibras.com\/site\/?s={search_term_string}\"},\"query-input\":{\"@type\":\"PropertyValueSpecification\",\"valueRequired\":true,\"valueName\":\"search_term_string\"}}],\"inLanguage\":\"pt-BR\"},{\"@type\":\"Organization\",\"@id\":\"https:\/\/www.notibras.com\/site\/#organization\",\"name\":\"Grupo Notibras de Comunica\u00e7\u00e3o\",\"url\":\"https:\/\/www.notibras.com\/site\/\",\"logo\":{\"@type\":\"ImageObject\",\"inLanguage\":\"pt-BR\",\"@id\":\"https:\/\/www.notibras.com\/site\/#\/schema\/logo\/image\/\",\"url\":\"https:\/\/www.notibras.com\/site\/wp-content\/uploads\/2023\/01\/notibras23.png\",\"contentUrl\":\"https:\/\/www.notibras.com\/site\/wp-content\/uploads\/2023\/01\/notibras23.png\",\"width\":350,\"height\":87,\"caption\":\"Grupo Notibras de Comunica\u00e7\u00e3o\"},\"image\":{\"@id\":\"https:\/\/www.notibras.com\/site\/#\/schema\/logo\/image\/\"},\"sameAs\":[\"https:\/\/www.facebook.com\/notibras\/\",\"https:\/\/x.com\/Notibras\",\"https:\/\/www.instagram.com\/notibras\/\"]},{\"@type\":\"Person\",\"@id\":\"https:\/\/www.notibras.com\/site\/#\/schema\/person\/36ab0979449956132d3e5b517ea76ac8\",\"name\":\"Reda\u00e7\u00e3o\",\"image\":{\"@type\":\"ImageObject\",\"inLanguage\":\"pt-BR\",\"@id\":\"https:\/\/secure.gravatar.com\/avatar\/e0a867bdedb85fd243eadf09663511f96fc81e0720a4a42581f334ad4303aa6b?s=96&d=mm&r=g\",\"url\":\"https:\/\/secure.gravatar.com\/avatar\/e0a867bdedb85fd243eadf09663511f96fc81e0720a4a42581f334ad4303aa6b?s=96&d=mm&r=g\",\"contentUrl\":\"https:\/\/secure.gravatar.com\/avatar\/e0a867bdedb85fd243eadf09663511f96fc81e0720a4a42581f334ad4303aa6b?s=96&d=mm&r=g\",\"caption\":\"Reda\u00e7\u00e3o\"}}]}<\/script>\n<!-- \/ Yoast SEO plugin. -->","yoast_head_json":{"title":"Homem que n\u00e3o sabe mentir tem lado puro verdadeiro - Notibras","robots":{"index":"index","follow":"follow","max-snippet":"max-snippet:-1","max-image-preview":"max-image-preview:large","max-video-preview":"max-video-preview:-1"},"canonical":"https:\/\/www.notibras.com\/site\/homem-que-nao-sabe-mentir-tem-lado-puro-verdadeiro\/","og_locale":"pt_BR","og_type":"article","og_title":"Homem que n\u00e3o sabe mentir tem lado puro verdadeiro - Notibras","og_description":"Escrevi profissionalmente por longos anos. Hoje, ainda n\u00e3o \u00e9 um hobby, mas escrevo com prazer sobre o que quero ou o que pedem. Nunca mais sobre o que mandam. Por isso, jamais atendi meu subconsciente que durante algum tempo exigia algo sobre mim. Desconhe\u00e7o as raz\u00f5es, mas faz tempo que meus dem\u00f4nios escondidos entre os [&hellip;]","og_url":"https:\/\/www.notibras.com\/site\/homem-que-nao-sabe-mentir-tem-lado-puro-verdadeiro\/","og_site_name":"Notibras","article_publisher":"https:\/\/www.facebook.com\/notibras\/","article_published_time":"2023-04-11T10:47:41+00:00","article_modified_time":"2023-04-11T10:49:07+00:00","og_image":[{"width":1000,"height":563,"url":"https:\/\/www.notibras.com\/site\/wp-content\/uploads\/2023\/04\/post1.jpg","type":"image\/jpeg"}],"author":"Reda\u00e7\u00e3o","twitter_card":"summary_large_image","twitter_creator":"@Notibras","twitter_site":"@Notibras","twitter_misc":{"Escrito por":"Reda\u00e7\u00e3o","Est. tempo de leitura":"5 minutos"},"schema":{"@context":"https:\/\/schema.org","@graph":[{"@type":"Article","@id":"https:\/\/www.notibras.com\/site\/homem-que-nao-sabe-mentir-tem-lado-puro-verdadeiro\/#article","isPartOf":{"@id":"https:\/\/www.notibras.com\/site\/homem-que-nao-sabe-mentir-tem-lado-puro-verdadeiro\/"},"author":{"name":"Reda\u00e7\u00e3o","@id":"https:\/\/www.notibras.com\/site\/#\/schema\/person\/36ab0979449956132d3e5b517ea76ac8"},"headline":"Homem que n\u00e3o sabe mentir tem lado puro verdadeiro","datePublished":"2023-04-11T10:47:41+00:00","dateModified":"2023-04-11T10:49:07+00:00","mainEntityOfPage":{"@id":"https:\/\/www.notibras.com\/site\/homem-que-nao-sabe-mentir-tem-lado-puro-verdadeiro\/"},"wordCount":845,"publisher":{"@id":"https:\/\/www.notibras.com\/site\/#organization"},"image":{"@id":"https:\/\/www.notibras.com\/site\/homem-que-nao-sabe-mentir-tem-lado-puro-verdadeiro\/#primaryimage"},"thumbnailUrl":"https:\/\/www.notibras.com\/site\/wp-content\/uploads\/2023\/04\/post1.jpg","articleSection":["Quadradinho em Foco"],"inLanguage":"pt-BR"},{"@type":"WebPage","@id":"https:\/\/www.notibras.com\/site\/homem-que-nao-sabe-mentir-tem-lado-puro-verdadeiro\/","url":"https:\/\/www.notibras.com\/site\/homem-que-nao-sabe-mentir-tem-lado-puro-verdadeiro\/","name":"Homem que n\u00e3o sabe mentir tem lado puro verdadeiro - Notibras","isPartOf":{"@id":"https:\/\/www.notibras.com\/site\/#website"},"primaryImageOfPage":{"@id":"https:\/\/www.notibras.com\/site\/homem-que-nao-sabe-mentir-tem-lado-puro-verdadeiro\/#primaryimage"},"image":{"@id":"https:\/\/www.notibras.com\/site\/homem-que-nao-sabe-mentir-tem-lado-puro-verdadeiro\/#primaryimage"},"thumbnailUrl":"https:\/\/www.notibras.com\/site\/wp-content\/uploads\/2023\/04\/post1.jpg","datePublished":"2023-04-11T10:47:41+00:00","dateModified":"2023-04-11T10:49:07+00:00","breadcrumb":{"@id":"https:\/\/www.notibras.com\/site\/homem-que-nao-sabe-mentir-tem-lado-puro-verdadeiro\/#breadcrumb"},"inLanguage":"pt-BR","potentialAction":[{"@type":"ReadAction","target":["https:\/\/www.notibras.com\/site\/homem-que-nao-sabe-mentir-tem-lado-puro-verdadeiro\/"]}]},{"@type":"ImageObject","inLanguage":"pt-BR","@id":"https:\/\/www.notibras.com\/site\/homem-que-nao-sabe-mentir-tem-lado-puro-verdadeiro\/#primaryimage","url":"https:\/\/www.notibras.com\/site\/wp-content\/uploads\/2023\/04\/post1.jpg","contentUrl":"https:\/\/www.notibras.com\/site\/wp-content\/uploads\/2023\/04\/post1.jpg","width":1000,"height":563},{"@type":"BreadcrumbList","@id":"https:\/\/www.notibras.com\/site\/homem-que-nao-sabe-mentir-tem-lado-puro-verdadeiro\/#breadcrumb","itemListElement":[{"@type":"ListItem","position":1,"name":"In\u00edcio","item":"https:\/\/www.notibras.com\/site\/"},{"@type":"ListItem","position":2,"name":"Homem que n\u00e3o sabe mentir tem lado puro verdadeiro"}]},{"@type":"WebSite","@id":"https:\/\/www.notibras.com\/site\/#website","url":"https:\/\/www.notibras.com\/site\/","name":"Notibras","description":"Not\u00edcias de Bras\u00edlia, do Brasil e do Mundo","publisher":{"@id":"https:\/\/www.notibras.com\/site\/#organization"},"potentialAction":[{"@type":"SearchAction","target":{"@type":"EntryPoint","urlTemplate":"https:\/\/www.notibras.com\/site\/?s={search_term_string}"},"query-input":{"@type":"PropertyValueSpecification","valueRequired":true,"valueName":"search_term_string"}}],"inLanguage":"pt-BR"},{"@type":"Organization","@id":"https:\/\/www.notibras.com\/site\/#organization","name":"Grupo Notibras de Comunica\u00e7\u00e3o","url":"https:\/\/www.notibras.com\/site\/","logo":{"@type":"ImageObject","inLanguage":"pt-BR","@id":"https:\/\/www.notibras.com\/site\/#\/schema\/logo\/image\/","url":"https:\/\/www.notibras.com\/site\/wp-content\/uploads\/2023\/01\/notibras23.png","contentUrl":"https:\/\/www.notibras.com\/site\/wp-content\/uploads\/2023\/01\/notibras23.png","width":350,"height":87,"caption":"Grupo Notibras de Comunica\u00e7\u00e3o"},"image":{"@id":"https:\/\/www.notibras.com\/site\/#\/schema\/logo\/image\/"},"sameAs":["https:\/\/www.facebook.com\/notibras\/","https:\/\/x.com\/Notibras","https:\/\/www.instagram.com\/notibras\/"]},{"@type":"Person","@id":"https:\/\/www.notibras.com\/site\/#\/schema\/person\/36ab0979449956132d3e5b517ea76ac8","name":"Reda\u00e7\u00e3o","image":{"@type":"ImageObject","inLanguage":"pt-BR","@id":"https:\/\/secure.gravatar.com\/avatar\/e0a867bdedb85fd243eadf09663511f96fc81e0720a4a42581f334ad4303aa6b?s=96&d=mm&r=g","url":"https:\/\/secure.gravatar.com\/avatar\/e0a867bdedb85fd243eadf09663511f96fc81e0720a4a42581f334ad4303aa6b?s=96&d=mm&r=g","contentUrl":"https:\/\/secure.gravatar.com\/avatar\/e0a867bdedb85fd243eadf09663511f96fc81e0720a4a42581f334ad4303aa6b?s=96&d=mm&r=g","caption":"Reda\u00e7\u00e3o"}}]}},"amp_enabled":true,"_links":{"self":[{"href":"https:\/\/www.notibras.com\/site\/wp-json\/wp\/v2\/posts\/302816","targetHints":{"allow":["GET"]}}],"collection":[{"href":"https:\/\/www.notibras.com\/site\/wp-json\/wp\/v2\/posts"}],"about":[{"href":"https:\/\/www.notibras.com\/site\/wp-json\/wp\/v2\/types\/post"}],"author":[{"embeddable":true,"href":"https:\/\/www.notibras.com\/site\/wp-json\/wp\/v2\/users\/2"}],"replies":[{"embeddable":true,"href":"https:\/\/www.notibras.com\/site\/wp-json\/wp\/v2\/comments?post=302816"}],"version-history":[{"count":2,"href":"https:\/\/www.notibras.com\/site\/wp-json\/wp\/v2\/posts\/302816\/revisions"}],"predecessor-version":[{"id":302819,"href":"https:\/\/www.notibras.com\/site\/wp-json\/wp\/v2\/posts\/302816\/revisions\/302819"}],"wp:featuredmedia":[{"embeddable":true,"href":"https:\/\/www.notibras.com\/site\/wp-json\/wp\/v2\/media\/302817"}],"wp:attachment":[{"href":"https:\/\/www.notibras.com\/site\/wp-json\/wp\/v2\/media?parent=302816"}],"wp:term":[{"taxonomy":"category","embeddable":true,"href":"https:\/\/www.notibras.com\/site\/wp-json\/wp\/v2\/categories?post=302816"},{"taxonomy":"post_tag","embeddable":true,"href":"https:\/\/www.notibras.com\/site\/wp-json\/wp\/v2\/tags?post=302816"}],"curies":[{"name":"wp","href":"https:\/\/api.w.org\/{rel}","templated":true}]}}