{"id":302825,"date":"2023-04-11T00:00:55","date_gmt":"2023-04-11T03:00:55","guid":{"rendered":"https:\/\/www.notibras.com\/site\/?p=302825"},"modified":"2023-04-11T08:33:37","modified_gmt":"2023-04-11T11:33:37","slug":"turma-do-enem-ja-pode-acessar-redacao-digitalizada","status":"publish","type":"post","link":"https:\/\/www.notibras.com\/site\/turma-do-enem-ja-pode-acessar-redacao-digitalizada\/","title":{"rendered":"Turma do Enem j\u00e1 pode acessar reda\u00e7\u00e3o digitalizada"},"content":{"rendered":"<p>Os espelhos da prova de reda\u00e7\u00e3o do Exame Nacional do Ensino M\u00e9dio (Enem) de 2022 est\u00e3o dispon\u00edveis para consulta, na P\u00e1gina do Participante. Para consultar as chamadas \u201cvistas pedag\u00f3gicas\u201d das pr\u00f3prias reda\u00e7\u00f5es, basta que os candidatos fa\u00e7am login com o CPF e a senha cadastrada para baixar o arquivo com a vers\u00e3o digitalizada dos textos entregues pelos inscritos no dia da prova.<\/p>\n<p>A consulta foi liberada pelo Instituto Nacional de Estudos e Pesquisas Educacionais An\u00edsio Teixeira (Inep) nesta segunda-feira (10). O objetivo da consulta \u00e9 que o candidato avalie o pr\u00f3prio desempenho para melhorar a nota na reda\u00e7\u00e3o, no caso de vir a participar de novas edi\u00e7\u00f5es do Enem.<\/p>\n<p>A vista pedag\u00f3gica da prova de reda\u00e7\u00e3o mostra o desempenho detalhado do candidato, analisando cada uma das cinco compet\u00eancias avaliadas e explicando o porqu\u00ea da nota. As compet\u00eancias avaliadas na reda\u00e7\u00e3o est\u00e3o detalhadas na Cartilha de Reda\u00e7\u00e3o do Enem 2022.. S\u00e3o elas:<\/p>\n<p>1. Dominar a escrita formal da l\u00edngua portuguesa;<\/p>\n<p>2. Compreender o tema e n\u00e3o fugir do que \u00e9 proposto;<\/p>\n<p>3. Selecionar, relacionar, organizar e interpretar informa\u00e7\u00f5es, fatos, opini\u00f5es e argumentos em defesa de um ponto de vista;<\/p>\n<p>4. Conhecer os mecanismos lingu\u00edsticos necess\u00e1rios para a constru\u00e7\u00e3o da argumenta\u00e7\u00e3o, em defesa de um ponto de vista;<\/p>\n<p>5. Elaborar proposta de interven\u00e7\u00e3o para o problema abordado, com respeito aos direitos humanos<\/p>\n<p>O tema da reda\u00e7\u00e3o do Enem de 2022 foi Desafios para a valoriza\u00e7\u00e3o de comunidades e povos tradicionais no Brasil. O tema foi v\u00e1lido para as duas vers\u00f5es do Enem: impressa e digital.<\/p>\n<p>Notas de treineiro<br \/>\nAs notas de treineiros tamb\u00e9m foram disponibilizadas hoje pelo Inep.<\/p>\n<p>Treineiros s\u00e3o os participantes que ainda n\u00e3o conclu\u00edram o ensino m\u00e9dio. Os resultados das provas deles servem somente para autoavalia\u00e7\u00e3o de conhecimentos.<\/p>\n<p>Os resultados das provas completas foi divulgado em fevereiro.<\/p>\n","protected":false},"excerpt":{"rendered":"<p>Os espelhos da prova de reda\u00e7\u00e3o do Exame Nacional do Ensino M\u00e9dio (Enem) de 2022 est\u00e3o dispon\u00edveis para consulta, na P\u00e1gina do Participante. Para consultar as chamadas \u201cvistas pedag\u00f3gicas\u201d das pr\u00f3prias reda\u00e7\u00f5es, basta que os candidatos fa\u00e7am login com o CPF e a senha cadastrada para baixar o arquivo com a vers\u00e3o digitalizada dos textos [&hellip;]<\/p>\n","protected":false},"author":2,"featured_media":302826,"comment_status":"closed","ping_status":"closed","sticky":false,"template":"","format":"standard","meta":{"_acf_changed":false,"footnotes":""},"categories":[161],"tags":[95],"class_list":["post-302825","post","type-post","status-publish","format-standard","has-post-thumbnail","hentry","category-quadradinho-em-foco","tag-capa"],"acf":[],"yoast_head":"<!-- This site is optimized with the Yoast SEO plugin v27.2 - https:\/\/yoast.com\/product\/yoast-seo-wordpress\/ -->\n<title>Turma do Enem j\u00e1 pode acessar reda\u00e7\u00e3o digitalizada - Notibras<\/title>\n<meta name=\"robots\" content=\"index, follow, max-snippet:-1, max-image-preview:large, max-video-preview:-1\" \/>\n<link rel=\"canonical\" href=\"https:\/\/www.notibras.com\/site\/turma-do-enem-ja-pode-acessar-redacao-digitalizada\/\" \/>\n<meta property=\"og:locale\" content=\"pt_BR\" \/>\n<meta property=\"og:type\" content=\"article\" \/>\n<meta property=\"og:title\" content=\"Turma do Enem j\u00e1 pode acessar reda\u00e7\u00e3o digitalizada - Notibras\" \/>\n<meta property=\"og:description\" content=\"Os espelhos da prova de reda\u00e7\u00e3o do Exame Nacional do Ensino M\u00e9dio (Enem) de 2022 est\u00e3o dispon\u00edveis para consulta, na P\u00e1gina do Participante. Para consultar as chamadas \u201cvistas pedag\u00f3gicas\u201d das pr\u00f3prias reda\u00e7\u00f5es, basta que os candidatos fa\u00e7am login com o CPF e a senha cadastrada para baixar o arquivo com a vers\u00e3o digitalizada dos textos [&hellip;]\" \/>\n<meta property=\"og:url\" content=\"https:\/\/www.notibras.com\/site\/turma-do-enem-ja-pode-acessar-redacao-digitalizada\/\" \/>\n<meta property=\"og:site_name\" content=\"Notibras\" \/>\n<meta property=\"article:publisher\" content=\"https:\/\/www.facebook.com\/notibras\/\" \/>\n<meta property=\"article:published_time\" content=\"2023-04-11T03:00:55+00:00\" \/>\n<meta property=\"article:modified_time\" content=\"2023-04-11T11:33:37+00:00\" \/>\n<meta property=\"og:image\" content=\"https:\/\/www.notibras.com\/site\/wp-content\/uploads\/2023\/04\/vac_abr_enem_20221120_0194.jpg\" \/>\n\t<meta property=\"og:image:width\" content=\"1170\" \/>\n\t<meta property=\"og:image:height\" content=\"700\" \/>\n\t<meta property=\"og:image:type\" content=\"image\/jpeg\" \/>\n<meta name=\"author\" content=\"Reda\u00e7\u00e3o\" \/>\n<meta name=\"twitter:card\" content=\"summary_large_image\" \/>\n<meta name=\"twitter:creator\" content=\"@Notibras\" \/>\n<meta name=\"twitter:site\" content=\"@Notibras\" \/>\n<meta name=\"twitter:label1\" content=\"Escrito por\" \/>\n\t<meta name=\"twitter:data1\" content=\"Reda\u00e7\u00e3o\" \/>\n\t<meta name=\"twitter:label2\" content=\"Est. tempo de leitura\" \/>\n\t<meta name=\"twitter:data2\" content=\"2 minutos\" \/>\n<script type=\"application\/ld+json\" class=\"yoast-schema-graph\">{\"@context\":\"https:\/\/schema.org\",\"@graph\":[{\"@type\":\"Article\",\"@id\":\"https:\/\/www.notibras.com\/site\/turma-do-enem-ja-pode-acessar-redacao-digitalizada\/#article\",\"isPartOf\":{\"@id\":\"https:\/\/www.notibras.com\/site\/turma-do-enem-ja-pode-acessar-redacao-digitalizada\/\"},\"author\":{\"name\":\"Reda\u00e7\u00e3o\",\"@id\":\"https:\/\/www.notibras.com\/site\/#\/schema\/person\/36ab0979449956132d3e5b517ea76ac8\"},\"headline\":\"Turma do Enem j\u00e1 pode acessar reda\u00e7\u00e3o digitalizada\",\"datePublished\":\"2023-04-11T03:00:55+00:00\",\"dateModified\":\"2023-04-11T11:33:37+00:00\",\"mainEntityOfPage\":{\"@id\":\"https:\/\/www.notibras.com\/site\/turma-do-enem-ja-pode-acessar-redacao-digitalizada\/\"},\"wordCount\":336,\"publisher\":{\"@id\":\"https:\/\/www.notibras.com\/site\/#organization\"},\"image\":{\"@id\":\"https:\/\/www.notibras.com\/site\/turma-do-enem-ja-pode-acessar-redacao-digitalizada\/#primaryimage\"},\"thumbnailUrl\":\"https:\/\/www.notibras.com\/site\/wp-content\/uploads\/2023\/04\/vac_abr_enem_20221120_0194.jpg\",\"keywords\":[\"capa\"],\"articleSection\":[\"Quadradinho em Foco\"],\"inLanguage\":\"pt-BR\"},{\"@type\":\"WebPage\",\"@id\":\"https:\/\/www.notibras.com\/site\/turma-do-enem-ja-pode-acessar-redacao-digitalizada\/\",\"url\":\"https:\/\/www.notibras.com\/site\/turma-do-enem-ja-pode-acessar-redacao-digitalizada\/\",\"name\":\"Turma do Enem j\u00e1 pode acessar reda\u00e7\u00e3o digitalizada - Notibras\",\"isPartOf\":{\"@id\":\"https:\/\/www.notibras.com\/site\/#website\"},\"primaryImageOfPage\":{\"@id\":\"https:\/\/www.notibras.com\/site\/turma-do-enem-ja-pode-acessar-redacao-digitalizada\/#primaryimage\"},\"image\":{\"@id\":\"https:\/\/www.notibras.com\/site\/turma-do-enem-ja-pode-acessar-redacao-digitalizada\/#primaryimage\"},\"thumbnailUrl\":\"https:\/\/www.notibras.com\/site\/wp-content\/uploads\/2023\/04\/vac_abr_enem_20221120_0194.jpg\",\"datePublished\":\"2023-04-11T03:00:55+00:00\",\"dateModified\":\"2023-04-11T11:33:37+00:00\",\"breadcrumb\":{\"@id\":\"https:\/\/www.notibras.com\/site\/turma-do-enem-ja-pode-acessar-redacao-digitalizada\/#breadcrumb\"},\"inLanguage\":\"pt-BR\",\"potentialAction\":[{\"@type\":\"ReadAction\",\"target\":[\"https:\/\/www.notibras.com\/site\/turma-do-enem-ja-pode-acessar-redacao-digitalizada\/\"]}]},{\"@type\":\"ImageObject\",\"inLanguage\":\"pt-BR\",\"@id\":\"https:\/\/www.notibras.com\/site\/turma-do-enem-ja-pode-acessar-redacao-digitalizada\/#primaryimage\",\"url\":\"https:\/\/www.notibras.com\/site\/wp-content\/uploads\/2023\/04\/vac_abr_enem_20221120_0194.jpg\",\"contentUrl\":\"https:\/\/www.notibras.com\/site\/wp-content\/uploads\/2023\/04\/vac_abr_enem_20221120_0194.jpg\",\"width\":1170,\"height\":700,\"caption\":\"Abertura dos port\u00f5es, segunda etapa do Exame Nacional do Ensino M\u00e9dio (Enem) 2022.\"},{\"@type\":\"BreadcrumbList\",\"@id\":\"https:\/\/www.notibras.com\/site\/turma-do-enem-ja-pode-acessar-redacao-digitalizada\/#breadcrumb\",\"itemListElement\":[{\"@type\":\"ListItem\",\"position\":1,\"name\":\"In\u00edcio\",\"item\":\"https:\/\/www.notibras.com\/site\/\"},{\"@type\":\"ListItem\",\"position\":2,\"name\":\"Turma do Enem j\u00e1 pode acessar reda\u00e7\u00e3o digitalizada\"}]},{\"@type\":\"WebSite\",\"@id\":\"https:\/\/www.notibras.com\/site\/#website\",\"url\":\"https:\/\/www.notibras.com\/site\/\",\"name\":\"Notibras\",\"description\":\"Not\u00edcias de Bras\u00edlia, do Brasil e do Mundo\",\"publisher\":{\"@id\":\"https:\/\/www.notibras.com\/site\/#organization\"},\"potentialAction\":[{\"@type\":\"SearchAction\",\"target\":{\"@type\":\"EntryPoint\",\"urlTemplate\":\"https:\/\/www.notibras.com\/site\/?s={search_term_string}\"},\"query-input\":{\"@type\":\"PropertyValueSpecification\",\"valueRequired\":true,\"valueName\":\"search_term_string\"}}],\"inLanguage\":\"pt-BR\"},{\"@type\":\"Organization\",\"@id\":\"https:\/\/www.notibras.com\/site\/#organization\",\"name\":\"Grupo Notibras de Comunica\u00e7\u00e3o\",\"url\":\"https:\/\/www.notibras.com\/site\/\",\"logo\":{\"@type\":\"ImageObject\",\"inLanguage\":\"pt-BR\",\"@id\":\"https:\/\/www.notibras.com\/site\/#\/schema\/logo\/image\/\",\"url\":\"https:\/\/www.notibras.com\/site\/wp-content\/uploads\/2023\/01\/notibras23.png\",\"contentUrl\":\"https:\/\/www.notibras.com\/site\/wp-content\/uploads\/2023\/01\/notibras23.png\",\"width\":350,\"height\":87,\"caption\":\"Grupo Notibras de Comunica\u00e7\u00e3o\"},\"image\":{\"@id\":\"https:\/\/www.notibras.com\/site\/#\/schema\/logo\/image\/\"},\"sameAs\":[\"https:\/\/www.facebook.com\/notibras\/\",\"https:\/\/x.com\/Notibras\",\"https:\/\/www.instagram.com\/notibras\/\"]},{\"@type\":\"Person\",\"@id\":\"https:\/\/www.notibras.com\/site\/#\/schema\/person\/36ab0979449956132d3e5b517ea76ac8\",\"name\":\"Reda\u00e7\u00e3o\",\"image\":{\"@type\":\"ImageObject\",\"inLanguage\":\"pt-BR\",\"@id\":\"https:\/\/secure.gravatar.com\/avatar\/e0a867bdedb85fd243eadf09663511f96fc81e0720a4a42581f334ad4303aa6b?s=96&d=mm&r=g\",\"url\":\"https:\/\/secure.gravatar.com\/avatar\/e0a867bdedb85fd243eadf09663511f96fc81e0720a4a42581f334ad4303aa6b?s=96&d=mm&r=g\",\"contentUrl\":\"https:\/\/secure.gravatar.com\/avatar\/e0a867bdedb85fd243eadf09663511f96fc81e0720a4a42581f334ad4303aa6b?s=96&d=mm&r=g\",\"caption\":\"Reda\u00e7\u00e3o\"}}]}<\/script>\n<!-- \/ Yoast SEO plugin. -->","yoast_head_json":{"title":"Turma do Enem j\u00e1 pode acessar reda\u00e7\u00e3o digitalizada - Notibras","robots":{"index":"index","follow":"follow","max-snippet":"max-snippet:-1","max-image-preview":"max-image-preview:large","max-video-preview":"max-video-preview:-1"},"canonical":"https:\/\/www.notibras.com\/site\/turma-do-enem-ja-pode-acessar-redacao-digitalizada\/","og_locale":"pt_BR","og_type":"article","og_title":"Turma do Enem j\u00e1 pode acessar reda\u00e7\u00e3o digitalizada - Notibras","og_description":"Os espelhos da prova de reda\u00e7\u00e3o do Exame Nacional do Ensino M\u00e9dio (Enem) de 2022 est\u00e3o dispon\u00edveis para consulta, na P\u00e1gina do Participante. Para consultar as chamadas \u201cvistas pedag\u00f3gicas\u201d das pr\u00f3prias reda\u00e7\u00f5es, basta que os candidatos fa\u00e7am login com o CPF e a senha cadastrada para baixar o arquivo com a vers\u00e3o digitalizada dos textos [&hellip;]","og_url":"https:\/\/www.notibras.com\/site\/turma-do-enem-ja-pode-acessar-redacao-digitalizada\/","og_site_name":"Notibras","article_publisher":"https:\/\/www.facebook.com\/notibras\/","article_published_time":"2023-04-11T03:00:55+00:00","article_modified_time":"2023-04-11T11:33:37+00:00","og_image":[{"width":1170,"height":700,"url":"https:\/\/www.notibras.com\/site\/wp-content\/uploads\/2023\/04\/vac_abr_enem_20221120_0194.jpg","type":"image\/jpeg"}],"author":"Reda\u00e7\u00e3o","twitter_card":"summary_large_image","twitter_creator":"@Notibras","twitter_site":"@Notibras","twitter_misc":{"Escrito por":"Reda\u00e7\u00e3o","Est. tempo de leitura":"2 minutos"},"schema":{"@context":"https:\/\/schema.org","@graph":[{"@type":"Article","@id":"https:\/\/www.notibras.com\/site\/turma-do-enem-ja-pode-acessar-redacao-digitalizada\/#article","isPartOf":{"@id":"https:\/\/www.notibras.com\/site\/turma-do-enem-ja-pode-acessar-redacao-digitalizada\/"},"author":{"name":"Reda\u00e7\u00e3o","@id":"https:\/\/www.notibras.com\/site\/#\/schema\/person\/36ab0979449956132d3e5b517ea76ac8"},"headline":"Turma do Enem j\u00e1 pode acessar reda\u00e7\u00e3o digitalizada","datePublished":"2023-04-11T03:00:55+00:00","dateModified":"2023-04-11T11:33:37+00:00","mainEntityOfPage":{"@id":"https:\/\/www.notibras.com\/site\/turma-do-enem-ja-pode-acessar-redacao-digitalizada\/"},"wordCount":336,"publisher":{"@id":"https:\/\/www.notibras.com\/site\/#organization"},"image":{"@id":"https:\/\/www.notibras.com\/site\/turma-do-enem-ja-pode-acessar-redacao-digitalizada\/#primaryimage"},"thumbnailUrl":"https:\/\/www.notibras.com\/site\/wp-content\/uploads\/2023\/04\/vac_abr_enem_20221120_0194.jpg","keywords":["capa"],"articleSection":["Quadradinho em Foco"],"inLanguage":"pt-BR"},{"@type":"WebPage","@id":"https:\/\/www.notibras.com\/site\/turma-do-enem-ja-pode-acessar-redacao-digitalizada\/","url":"https:\/\/www.notibras.com\/site\/turma-do-enem-ja-pode-acessar-redacao-digitalizada\/","name":"Turma do Enem j\u00e1 pode acessar reda\u00e7\u00e3o digitalizada - Notibras","isPartOf":{"@id":"https:\/\/www.notibras.com\/site\/#website"},"primaryImageOfPage":{"@id":"https:\/\/www.notibras.com\/site\/turma-do-enem-ja-pode-acessar-redacao-digitalizada\/#primaryimage"},"image":{"@id":"https:\/\/www.notibras.com\/site\/turma-do-enem-ja-pode-acessar-redacao-digitalizada\/#primaryimage"},"thumbnailUrl":"https:\/\/www.notibras.com\/site\/wp-content\/uploads\/2023\/04\/vac_abr_enem_20221120_0194.jpg","datePublished":"2023-04-11T03:00:55+00:00","dateModified":"2023-04-11T11:33:37+00:00","breadcrumb":{"@id":"https:\/\/www.notibras.com\/site\/turma-do-enem-ja-pode-acessar-redacao-digitalizada\/#breadcrumb"},"inLanguage":"pt-BR","potentialAction":[{"@type":"ReadAction","target":["https:\/\/www.notibras.com\/site\/turma-do-enem-ja-pode-acessar-redacao-digitalizada\/"]}]},{"@type":"ImageObject","inLanguage":"pt-BR","@id":"https:\/\/www.notibras.com\/site\/turma-do-enem-ja-pode-acessar-redacao-digitalizada\/#primaryimage","url":"https:\/\/www.notibras.com\/site\/wp-content\/uploads\/2023\/04\/vac_abr_enem_20221120_0194.jpg","contentUrl":"https:\/\/www.notibras.com\/site\/wp-content\/uploads\/2023\/04\/vac_abr_enem_20221120_0194.jpg","width":1170,"height":700,"caption":"Abertura dos port\u00f5es, segunda etapa do Exame Nacional do Ensino M\u00e9dio (Enem) 2022."},{"@type":"BreadcrumbList","@id":"https:\/\/www.notibras.com\/site\/turma-do-enem-ja-pode-acessar-redacao-digitalizada\/#breadcrumb","itemListElement":[{"@type":"ListItem","position":1,"name":"In\u00edcio","item":"https:\/\/www.notibras.com\/site\/"},{"@type":"ListItem","position":2,"name":"Turma do Enem j\u00e1 pode acessar reda\u00e7\u00e3o digitalizada"}]},{"@type":"WebSite","@id":"https:\/\/www.notibras.com\/site\/#website","url":"https:\/\/www.notibras.com\/site\/","name":"Notibras","description":"Not\u00edcias de Bras\u00edlia, do Brasil e do Mundo","publisher":{"@id":"https:\/\/www.notibras.com\/site\/#organization"},"potentialAction":[{"@type":"SearchAction","target":{"@type":"EntryPoint","urlTemplate":"https:\/\/www.notibras.com\/site\/?s={search_term_string}"},"query-input":{"@type":"PropertyValueSpecification","valueRequired":true,"valueName":"search_term_string"}}],"inLanguage":"pt-BR"},{"@type":"Organization","@id":"https:\/\/www.notibras.com\/site\/#organization","name":"Grupo Notibras de Comunica\u00e7\u00e3o","url":"https:\/\/www.notibras.com\/site\/","logo":{"@type":"ImageObject","inLanguage":"pt-BR","@id":"https:\/\/www.notibras.com\/site\/#\/schema\/logo\/image\/","url":"https:\/\/www.notibras.com\/site\/wp-content\/uploads\/2023\/01\/notibras23.png","contentUrl":"https:\/\/www.notibras.com\/site\/wp-content\/uploads\/2023\/01\/notibras23.png","width":350,"height":87,"caption":"Grupo Notibras de Comunica\u00e7\u00e3o"},"image":{"@id":"https:\/\/www.notibras.com\/site\/#\/schema\/logo\/image\/"},"sameAs":["https:\/\/www.facebook.com\/notibras\/","https:\/\/x.com\/Notibras","https:\/\/www.instagram.com\/notibras\/"]},{"@type":"Person","@id":"https:\/\/www.notibras.com\/site\/#\/schema\/person\/36ab0979449956132d3e5b517ea76ac8","name":"Reda\u00e7\u00e3o","image":{"@type":"ImageObject","inLanguage":"pt-BR","@id":"https:\/\/secure.gravatar.com\/avatar\/e0a867bdedb85fd243eadf09663511f96fc81e0720a4a42581f334ad4303aa6b?s=96&d=mm&r=g","url":"https:\/\/secure.gravatar.com\/avatar\/e0a867bdedb85fd243eadf09663511f96fc81e0720a4a42581f334ad4303aa6b?s=96&d=mm&r=g","contentUrl":"https:\/\/secure.gravatar.com\/avatar\/e0a867bdedb85fd243eadf09663511f96fc81e0720a4a42581f334ad4303aa6b?s=96&d=mm&r=g","caption":"Reda\u00e7\u00e3o"}}]}},"amp_enabled":true,"_links":{"self":[{"href":"https:\/\/www.notibras.com\/site\/wp-json\/wp\/v2\/posts\/302825","targetHints":{"allow":["GET"]}}],"collection":[{"href":"https:\/\/www.notibras.com\/site\/wp-json\/wp\/v2\/posts"}],"about":[{"href":"https:\/\/www.notibras.com\/site\/wp-json\/wp\/v2\/types\/post"}],"author":[{"embeddable":true,"href":"https:\/\/www.notibras.com\/site\/wp-json\/wp\/v2\/users\/2"}],"replies":[{"embeddable":true,"href":"https:\/\/www.notibras.com\/site\/wp-json\/wp\/v2\/comments?post=302825"}],"version-history":[{"count":1,"href":"https:\/\/www.notibras.com\/site\/wp-json\/wp\/v2\/posts\/302825\/revisions"}],"predecessor-version":[{"id":302827,"href":"https:\/\/www.notibras.com\/site\/wp-json\/wp\/v2\/posts\/302825\/revisions\/302827"}],"wp:featuredmedia":[{"embeddable":true,"href":"https:\/\/www.notibras.com\/site\/wp-json\/wp\/v2\/media\/302826"}],"wp:attachment":[{"href":"https:\/\/www.notibras.com\/site\/wp-json\/wp\/v2\/media?parent=302825"}],"wp:term":[{"taxonomy":"category","embeddable":true,"href":"https:\/\/www.notibras.com\/site\/wp-json\/wp\/v2\/categories?post=302825"},{"taxonomy":"post_tag","embeddable":true,"href":"https:\/\/www.notibras.com\/site\/wp-json\/wp\/v2\/tags?post=302825"}],"curies":[{"name":"wp","href":"https:\/\/api.w.org\/{rel}","templated":true}]}}