{"id":302834,"date":"2023-04-11T00:04:12","date_gmt":"2023-04-11T03:04:12","guid":{"rendered":"https:\/\/www.notibras.com\/site\/?p=302834"},"modified":"2023-04-11T09:06:59","modified_gmt":"2023-04-11T12:06:59","slug":"dino-exige-de-redes-sociais-retirada-de-mensagens-de-ameaca","status":"publish","type":"post","link":"https:\/\/www.notibras.com\/site\/dino-exige-de-redes-sociais-retirada-de-mensagens-de-ameaca\/","title":{"rendered":"Dino exige de redes sociais retirada de mensagens de amea\u00e7a"},"content":{"rendered":"<p>O governo federal vai exigir que plataformas criem canais abertos e \u00e1geis para atender solicita\u00e7\u00f5es das autoridades policiais sobre conte\u00fados com apologia \u00e0 viol\u00eancia e amea\u00e7as a escolas nas redes sociais, como a retirada desses perfis, informou o ministro da Justi\u00e7a e Seguran\u00e7a P\u00fablica, Fl\u00e1vio Dino.<\/p>\n<p>O ministro cobrou ainda monitoramento ativo das plataformas em rela\u00e7\u00e3o a amea\u00e7as. As plataformas ser\u00e3o notificadas formalmente nesta semana sobre os perfis e conte\u00fados suspeitos identificados pela pasta da Justi\u00e7a em conjunto com as pol\u00edcias dos estados.<\/p>\n<p>Quem descumprir a notifica\u00e7\u00e3o poder\u00e1 sofrer san\u00e7\u00f5es, como ser alvo de investiga\u00e7\u00e3o da Pol\u00edcia Federal e de medidas determinadas pelos minist\u00e9rios p\u00fablicos.<\/p>\n<p>\u201cEstamos vendo p\u00e2nico sendo instalado no seio das escolas e das fam\u00edlias e n\u00e3o identificamos ainda a proporcionalidade de rea\u00e7\u00e3o das plataformas com essa epidemia de viol\u00eancia que amea\u00e7am nossas escolas nesse momento\u201d, disse em entrevista \u00e0 imprensa. \u201cDeixei claro na reuni\u00e3o que, se a notifica\u00e7\u00e3o n\u00e3o for atendida, vamos tomar as provid\u00eancias policiais e judiciais contra as plataformas. Obviamente, n\u00e3o desejamos isso. Desejamos que as plataformas nos ajudem.\u201d<\/p>\n<p>O ministro reuniu-se com representantes das empresas Meta, Kwai, Tik tok, Twitter, YouTube, Google e WhatsApp para debater a\u00e7\u00f5es de preven\u00e7\u00e3o \u00e0 viol\u00eancia nas escolas e evitar ataques como o ocorrido em uma creche em Blumenau, Santa Catarina, na semana passada, que levou \u00e0 morte de quatro crian\u00e7as e deixou v\u00e1rias feridas.<\/p>\n<p>At\u00e9 o momento, o minist\u00e9rio identificou mais de 511 perfis com divulga\u00e7\u00e3o de conte\u00fado violento contra escolas, identificados nos dias 8 e 9 de abril, somente no Twitter. De acordo com o ministro, para n\u00e3o retirar o conte\u00fado e os perfis, as empresas argumentam respeito aos termos de uso e liberdade de express\u00e3o. Dino citou um caso em que foi solicitada a retirada de perfis com nome e fotos de homicidas. A plataforma alegou que somente pode derrubar se o perfil postar alguma mensagem de apologia \u00e0 viol\u00eancia.<\/p>\n","protected":false},"excerpt":{"rendered":"<p>O governo federal vai exigir que plataformas criem canais abertos e \u00e1geis para atender solicita\u00e7\u00f5es das autoridades policiais sobre conte\u00fados com apologia \u00e0 viol\u00eancia e amea\u00e7as a escolas nas redes sociais, como a retirada desses perfis, informou o ministro da Justi\u00e7a e Seguran\u00e7a P\u00fablica, Fl\u00e1vio Dino. O ministro cobrou ainda monitoramento ativo das plataformas em [&hellip;]<\/p>\n","protected":false},"author":2,"featured_media":302835,"comment_status":"closed","ping_status":"closed","sticky":false,"template":"","format":"standard","meta":{"_acf_changed":false,"footnotes":""},"categories":[161],"tags":[],"class_list":["post-302834","post","type-post","status-publish","format-standard","has-post-thumbnail","hentry","category-quadradinho-em-foco"],"acf":[],"yoast_head":"<!-- This site is optimized with the Yoast SEO plugin v27.2 - https:\/\/yoast.com\/product\/yoast-seo-wordpress\/ -->\n<title>Dino exige de redes sociais retirada de mensagens de amea\u00e7a - Notibras<\/title>\n<meta name=\"robots\" content=\"index, follow, max-snippet:-1, max-image-preview:large, max-video-preview:-1\" \/>\n<link rel=\"canonical\" href=\"https:\/\/www.notibras.com\/site\/dino-exige-de-redes-sociais-retirada-de-mensagens-de-ameaca\/\" \/>\n<meta property=\"og:locale\" content=\"pt_BR\" \/>\n<meta property=\"og:type\" content=\"article\" \/>\n<meta property=\"og:title\" content=\"Dino exige de redes sociais retirada de mensagens de amea\u00e7a - Notibras\" \/>\n<meta property=\"og:description\" content=\"O governo federal vai exigir que plataformas criem canais abertos e \u00e1geis para atender solicita\u00e7\u00f5es das autoridades policiais sobre conte\u00fados com apologia \u00e0 viol\u00eancia e amea\u00e7as a escolas nas redes sociais, como a retirada desses perfis, informou o ministro da Justi\u00e7a e Seguran\u00e7a P\u00fablica, Fl\u00e1vio Dino. O ministro cobrou ainda monitoramento ativo das plataformas em [&hellip;]\" \/>\n<meta property=\"og:url\" content=\"https:\/\/www.notibras.com\/site\/dino-exige-de-redes-sociais-retirada-de-mensagens-de-ameaca\/\" \/>\n<meta property=\"og:site_name\" content=\"Notibras\" \/>\n<meta property=\"article:publisher\" content=\"https:\/\/www.facebook.com\/notibras\/\" \/>\n<meta property=\"article:published_time\" content=\"2023-04-11T03:04:12+00:00\" \/>\n<meta property=\"article:modified_time\" content=\"2023-04-11T12:06:59+00:00\" \/>\n<meta property=\"og:image\" content=\"https:\/\/www.notibras.com\/site\/wp-content\/uploads\/2023\/04\/flavio_dino_ccj-2.jpg\" \/>\n\t<meta property=\"og:image:width\" content=\"1170\" \/>\n\t<meta property=\"og:image:height\" content=\"700\" \/>\n\t<meta property=\"og:image:type\" content=\"image\/jpeg\" \/>\n<meta name=\"author\" content=\"Reda\u00e7\u00e3o\" \/>\n<meta name=\"twitter:card\" content=\"summary_large_image\" \/>\n<meta name=\"twitter:creator\" content=\"@Notibras\" \/>\n<meta name=\"twitter:site\" content=\"@Notibras\" \/>\n<meta name=\"twitter:label1\" content=\"Escrito por\" \/>\n\t<meta name=\"twitter:data1\" content=\"Reda\u00e7\u00e3o\" \/>\n\t<meta name=\"twitter:label2\" content=\"Est. tempo de leitura\" \/>\n\t<meta name=\"twitter:data2\" content=\"2 minutos\" \/>\n<script type=\"application\/ld+json\" class=\"yoast-schema-graph\">{\"@context\":\"https:\/\/schema.org\",\"@graph\":[{\"@type\":\"Article\",\"@id\":\"https:\/\/www.notibras.com\/site\/dino-exige-de-redes-sociais-retirada-de-mensagens-de-ameaca\/#article\",\"isPartOf\":{\"@id\":\"https:\/\/www.notibras.com\/site\/dino-exige-de-redes-sociais-retirada-de-mensagens-de-ameaca\/\"},\"author\":{\"name\":\"Reda\u00e7\u00e3o\",\"@id\":\"https:\/\/www.notibras.com\/site\/#\/schema\/person\/36ab0979449956132d3e5b517ea76ac8\"},\"headline\":\"Dino exige de redes sociais retirada de mensagens de amea\u00e7a\",\"datePublished\":\"2023-04-11T03:04:12+00:00\",\"dateModified\":\"2023-04-11T12:06:59+00:00\",\"mainEntityOfPage\":{\"@id\":\"https:\/\/www.notibras.com\/site\/dino-exige-de-redes-sociais-retirada-de-mensagens-de-ameaca\/\"},\"wordCount\":360,\"publisher\":{\"@id\":\"https:\/\/www.notibras.com\/site\/#organization\"},\"image\":{\"@id\":\"https:\/\/www.notibras.com\/site\/dino-exige-de-redes-sociais-retirada-de-mensagens-de-ameaca\/#primaryimage\"},\"thumbnailUrl\":\"https:\/\/www.notibras.com\/site\/wp-content\/uploads\/2023\/04\/flavio_dino_ccj-2.jpg\",\"articleSection\":[\"Quadradinho em Foco\"],\"inLanguage\":\"pt-BR\"},{\"@type\":\"WebPage\",\"@id\":\"https:\/\/www.notibras.com\/site\/dino-exige-de-redes-sociais-retirada-de-mensagens-de-ameaca\/\",\"url\":\"https:\/\/www.notibras.com\/site\/dino-exige-de-redes-sociais-retirada-de-mensagens-de-ameaca\/\",\"name\":\"Dino exige de redes sociais retirada de mensagens de amea\u00e7a - Notibras\",\"isPartOf\":{\"@id\":\"https:\/\/www.notibras.com\/site\/#website\"},\"primaryImageOfPage\":{\"@id\":\"https:\/\/www.notibras.com\/site\/dino-exige-de-redes-sociais-retirada-de-mensagens-de-ameaca\/#primaryimage\"},\"image\":{\"@id\":\"https:\/\/www.notibras.com\/site\/dino-exige-de-redes-sociais-retirada-de-mensagens-de-ameaca\/#primaryimage\"},\"thumbnailUrl\":\"https:\/\/www.notibras.com\/site\/wp-content\/uploads\/2023\/04\/flavio_dino_ccj-2.jpg\",\"datePublished\":\"2023-04-11T03:04:12+00:00\",\"dateModified\":\"2023-04-11T12:06:59+00:00\",\"breadcrumb\":{\"@id\":\"https:\/\/www.notibras.com\/site\/dino-exige-de-redes-sociais-retirada-de-mensagens-de-ameaca\/#breadcrumb\"},\"inLanguage\":\"pt-BR\",\"potentialAction\":[{\"@type\":\"ReadAction\",\"target\":[\"https:\/\/www.notibras.com\/site\/dino-exige-de-redes-sociais-retirada-de-mensagens-de-ameaca\/\"]}]},{\"@type\":\"ImageObject\",\"inLanguage\":\"pt-BR\",\"@id\":\"https:\/\/www.notibras.com\/site\/dino-exige-de-redes-sociais-retirada-de-mensagens-de-ameaca\/#primaryimage\",\"url\":\"https:\/\/www.notibras.com\/site\/wp-content\/uploads\/2023\/04\/flavio_dino_ccj-2.jpg\",\"contentUrl\":\"https:\/\/www.notibras.com\/site\/wp-content\/uploads\/2023\/04\/flavio_dino_ccj-2.jpg\",\"width\":1170,\"height\":700,\"caption\":\"Bras\u00edlia (DF) 28\/03\/2023 Ministro da justi\u00e7a, Fl\u00e1vio Dino, durante audi\u00eancia na CCJ da C\u00e2mara dos Deputados.\"},{\"@type\":\"BreadcrumbList\",\"@id\":\"https:\/\/www.notibras.com\/site\/dino-exige-de-redes-sociais-retirada-de-mensagens-de-ameaca\/#breadcrumb\",\"itemListElement\":[{\"@type\":\"ListItem\",\"position\":1,\"name\":\"In\u00edcio\",\"item\":\"https:\/\/www.notibras.com\/site\/\"},{\"@type\":\"ListItem\",\"position\":2,\"name\":\"Dino exige de redes sociais retirada de mensagens de amea\u00e7a\"}]},{\"@type\":\"WebSite\",\"@id\":\"https:\/\/www.notibras.com\/site\/#website\",\"url\":\"https:\/\/www.notibras.com\/site\/\",\"name\":\"Notibras\",\"description\":\"Not\u00edcias de Bras\u00edlia, do Brasil e do Mundo\",\"publisher\":{\"@id\":\"https:\/\/www.notibras.com\/site\/#organization\"},\"potentialAction\":[{\"@type\":\"SearchAction\",\"target\":{\"@type\":\"EntryPoint\",\"urlTemplate\":\"https:\/\/www.notibras.com\/site\/?s={search_term_string}\"},\"query-input\":{\"@type\":\"PropertyValueSpecification\",\"valueRequired\":true,\"valueName\":\"search_term_string\"}}],\"inLanguage\":\"pt-BR\"},{\"@type\":\"Organization\",\"@id\":\"https:\/\/www.notibras.com\/site\/#organization\",\"name\":\"Grupo Notibras de Comunica\u00e7\u00e3o\",\"url\":\"https:\/\/www.notibras.com\/site\/\",\"logo\":{\"@type\":\"ImageObject\",\"inLanguage\":\"pt-BR\",\"@id\":\"https:\/\/www.notibras.com\/site\/#\/schema\/logo\/image\/\",\"url\":\"https:\/\/www.notibras.com\/site\/wp-content\/uploads\/2023\/01\/notibras23.png\",\"contentUrl\":\"https:\/\/www.notibras.com\/site\/wp-content\/uploads\/2023\/01\/notibras23.png\",\"width\":350,\"height\":87,\"caption\":\"Grupo Notibras de Comunica\u00e7\u00e3o\"},\"image\":{\"@id\":\"https:\/\/www.notibras.com\/site\/#\/schema\/logo\/image\/\"},\"sameAs\":[\"https:\/\/www.facebook.com\/notibras\/\",\"https:\/\/x.com\/Notibras\",\"https:\/\/www.instagram.com\/notibras\/\"]},{\"@type\":\"Person\",\"@id\":\"https:\/\/www.notibras.com\/site\/#\/schema\/person\/36ab0979449956132d3e5b517ea76ac8\",\"name\":\"Reda\u00e7\u00e3o\",\"image\":{\"@type\":\"ImageObject\",\"inLanguage\":\"pt-BR\",\"@id\":\"https:\/\/secure.gravatar.com\/avatar\/e0a867bdedb85fd243eadf09663511f96fc81e0720a4a42581f334ad4303aa6b?s=96&d=mm&r=g\",\"url\":\"https:\/\/secure.gravatar.com\/avatar\/e0a867bdedb85fd243eadf09663511f96fc81e0720a4a42581f334ad4303aa6b?s=96&d=mm&r=g\",\"contentUrl\":\"https:\/\/secure.gravatar.com\/avatar\/e0a867bdedb85fd243eadf09663511f96fc81e0720a4a42581f334ad4303aa6b?s=96&d=mm&r=g\",\"caption\":\"Reda\u00e7\u00e3o\"}}]}<\/script>\n<!-- \/ Yoast SEO plugin. -->","yoast_head_json":{"title":"Dino exige de redes sociais retirada de mensagens de amea\u00e7a - Notibras","robots":{"index":"index","follow":"follow","max-snippet":"max-snippet:-1","max-image-preview":"max-image-preview:large","max-video-preview":"max-video-preview:-1"},"canonical":"https:\/\/www.notibras.com\/site\/dino-exige-de-redes-sociais-retirada-de-mensagens-de-ameaca\/","og_locale":"pt_BR","og_type":"article","og_title":"Dino exige de redes sociais retirada de mensagens de amea\u00e7a - Notibras","og_description":"O governo federal vai exigir que plataformas criem canais abertos e \u00e1geis para atender solicita\u00e7\u00f5es das autoridades policiais sobre conte\u00fados com apologia \u00e0 viol\u00eancia e amea\u00e7as a escolas nas redes sociais, como a retirada desses perfis, informou o ministro da Justi\u00e7a e Seguran\u00e7a P\u00fablica, Fl\u00e1vio Dino. O ministro cobrou ainda monitoramento ativo das plataformas em [&hellip;]","og_url":"https:\/\/www.notibras.com\/site\/dino-exige-de-redes-sociais-retirada-de-mensagens-de-ameaca\/","og_site_name":"Notibras","article_publisher":"https:\/\/www.facebook.com\/notibras\/","article_published_time":"2023-04-11T03:04:12+00:00","article_modified_time":"2023-04-11T12:06:59+00:00","og_image":[{"width":1170,"height":700,"url":"https:\/\/www.notibras.com\/site\/wp-content\/uploads\/2023\/04\/flavio_dino_ccj-2.jpg","type":"image\/jpeg"}],"author":"Reda\u00e7\u00e3o","twitter_card":"summary_large_image","twitter_creator":"@Notibras","twitter_site":"@Notibras","twitter_misc":{"Escrito por":"Reda\u00e7\u00e3o","Est. tempo de leitura":"2 minutos"},"schema":{"@context":"https:\/\/schema.org","@graph":[{"@type":"Article","@id":"https:\/\/www.notibras.com\/site\/dino-exige-de-redes-sociais-retirada-de-mensagens-de-ameaca\/#article","isPartOf":{"@id":"https:\/\/www.notibras.com\/site\/dino-exige-de-redes-sociais-retirada-de-mensagens-de-ameaca\/"},"author":{"name":"Reda\u00e7\u00e3o","@id":"https:\/\/www.notibras.com\/site\/#\/schema\/person\/36ab0979449956132d3e5b517ea76ac8"},"headline":"Dino exige de redes sociais retirada de mensagens de amea\u00e7a","datePublished":"2023-04-11T03:04:12+00:00","dateModified":"2023-04-11T12:06:59+00:00","mainEntityOfPage":{"@id":"https:\/\/www.notibras.com\/site\/dino-exige-de-redes-sociais-retirada-de-mensagens-de-ameaca\/"},"wordCount":360,"publisher":{"@id":"https:\/\/www.notibras.com\/site\/#organization"},"image":{"@id":"https:\/\/www.notibras.com\/site\/dino-exige-de-redes-sociais-retirada-de-mensagens-de-ameaca\/#primaryimage"},"thumbnailUrl":"https:\/\/www.notibras.com\/site\/wp-content\/uploads\/2023\/04\/flavio_dino_ccj-2.jpg","articleSection":["Quadradinho em Foco"],"inLanguage":"pt-BR"},{"@type":"WebPage","@id":"https:\/\/www.notibras.com\/site\/dino-exige-de-redes-sociais-retirada-de-mensagens-de-ameaca\/","url":"https:\/\/www.notibras.com\/site\/dino-exige-de-redes-sociais-retirada-de-mensagens-de-ameaca\/","name":"Dino exige de redes sociais retirada de mensagens de amea\u00e7a - Notibras","isPartOf":{"@id":"https:\/\/www.notibras.com\/site\/#website"},"primaryImageOfPage":{"@id":"https:\/\/www.notibras.com\/site\/dino-exige-de-redes-sociais-retirada-de-mensagens-de-ameaca\/#primaryimage"},"image":{"@id":"https:\/\/www.notibras.com\/site\/dino-exige-de-redes-sociais-retirada-de-mensagens-de-ameaca\/#primaryimage"},"thumbnailUrl":"https:\/\/www.notibras.com\/site\/wp-content\/uploads\/2023\/04\/flavio_dino_ccj-2.jpg","datePublished":"2023-04-11T03:04:12+00:00","dateModified":"2023-04-11T12:06:59+00:00","breadcrumb":{"@id":"https:\/\/www.notibras.com\/site\/dino-exige-de-redes-sociais-retirada-de-mensagens-de-ameaca\/#breadcrumb"},"inLanguage":"pt-BR","potentialAction":[{"@type":"ReadAction","target":["https:\/\/www.notibras.com\/site\/dino-exige-de-redes-sociais-retirada-de-mensagens-de-ameaca\/"]}]},{"@type":"ImageObject","inLanguage":"pt-BR","@id":"https:\/\/www.notibras.com\/site\/dino-exige-de-redes-sociais-retirada-de-mensagens-de-ameaca\/#primaryimage","url":"https:\/\/www.notibras.com\/site\/wp-content\/uploads\/2023\/04\/flavio_dino_ccj-2.jpg","contentUrl":"https:\/\/www.notibras.com\/site\/wp-content\/uploads\/2023\/04\/flavio_dino_ccj-2.jpg","width":1170,"height":700,"caption":"Bras\u00edlia (DF) 28\/03\/2023 Ministro da justi\u00e7a, Fl\u00e1vio Dino, durante audi\u00eancia na CCJ da C\u00e2mara dos Deputados."},{"@type":"BreadcrumbList","@id":"https:\/\/www.notibras.com\/site\/dino-exige-de-redes-sociais-retirada-de-mensagens-de-ameaca\/#breadcrumb","itemListElement":[{"@type":"ListItem","position":1,"name":"In\u00edcio","item":"https:\/\/www.notibras.com\/site\/"},{"@type":"ListItem","position":2,"name":"Dino exige de redes sociais retirada de mensagens de amea\u00e7a"}]},{"@type":"WebSite","@id":"https:\/\/www.notibras.com\/site\/#website","url":"https:\/\/www.notibras.com\/site\/","name":"Notibras","description":"Not\u00edcias de Bras\u00edlia, do Brasil e do Mundo","publisher":{"@id":"https:\/\/www.notibras.com\/site\/#organization"},"potentialAction":[{"@type":"SearchAction","target":{"@type":"EntryPoint","urlTemplate":"https:\/\/www.notibras.com\/site\/?s={search_term_string}"},"query-input":{"@type":"PropertyValueSpecification","valueRequired":true,"valueName":"search_term_string"}}],"inLanguage":"pt-BR"},{"@type":"Organization","@id":"https:\/\/www.notibras.com\/site\/#organization","name":"Grupo Notibras de Comunica\u00e7\u00e3o","url":"https:\/\/www.notibras.com\/site\/","logo":{"@type":"ImageObject","inLanguage":"pt-BR","@id":"https:\/\/www.notibras.com\/site\/#\/schema\/logo\/image\/","url":"https:\/\/www.notibras.com\/site\/wp-content\/uploads\/2023\/01\/notibras23.png","contentUrl":"https:\/\/www.notibras.com\/site\/wp-content\/uploads\/2023\/01\/notibras23.png","width":350,"height":87,"caption":"Grupo Notibras de Comunica\u00e7\u00e3o"},"image":{"@id":"https:\/\/www.notibras.com\/site\/#\/schema\/logo\/image\/"},"sameAs":["https:\/\/www.facebook.com\/notibras\/","https:\/\/x.com\/Notibras","https:\/\/www.instagram.com\/notibras\/"]},{"@type":"Person","@id":"https:\/\/www.notibras.com\/site\/#\/schema\/person\/36ab0979449956132d3e5b517ea76ac8","name":"Reda\u00e7\u00e3o","image":{"@type":"ImageObject","inLanguage":"pt-BR","@id":"https:\/\/secure.gravatar.com\/avatar\/e0a867bdedb85fd243eadf09663511f96fc81e0720a4a42581f334ad4303aa6b?s=96&d=mm&r=g","url":"https:\/\/secure.gravatar.com\/avatar\/e0a867bdedb85fd243eadf09663511f96fc81e0720a4a42581f334ad4303aa6b?s=96&d=mm&r=g","contentUrl":"https:\/\/secure.gravatar.com\/avatar\/e0a867bdedb85fd243eadf09663511f96fc81e0720a4a42581f334ad4303aa6b?s=96&d=mm&r=g","caption":"Reda\u00e7\u00e3o"}}]}},"amp_enabled":true,"_links":{"self":[{"href":"https:\/\/www.notibras.com\/site\/wp-json\/wp\/v2\/posts\/302834","targetHints":{"allow":["GET"]}}],"collection":[{"href":"https:\/\/www.notibras.com\/site\/wp-json\/wp\/v2\/posts"}],"about":[{"href":"https:\/\/www.notibras.com\/site\/wp-json\/wp\/v2\/types\/post"}],"author":[{"embeddable":true,"href":"https:\/\/www.notibras.com\/site\/wp-json\/wp\/v2\/users\/2"}],"replies":[{"embeddable":true,"href":"https:\/\/www.notibras.com\/site\/wp-json\/wp\/v2\/comments?post=302834"}],"version-history":[{"count":1,"href":"https:\/\/www.notibras.com\/site\/wp-json\/wp\/v2\/posts\/302834\/revisions"}],"predecessor-version":[{"id":302836,"href":"https:\/\/www.notibras.com\/site\/wp-json\/wp\/v2\/posts\/302834\/revisions\/302836"}],"wp:featuredmedia":[{"embeddable":true,"href":"https:\/\/www.notibras.com\/site\/wp-json\/wp\/v2\/media\/302835"}],"wp:attachment":[{"href":"https:\/\/www.notibras.com\/site\/wp-json\/wp\/v2\/media?parent=302834"}],"wp:term":[{"taxonomy":"category","embeddable":true,"href":"https:\/\/www.notibras.com\/site\/wp-json\/wp\/v2\/categories?post=302834"},{"taxonomy":"post_tag","embeddable":true,"href":"https:\/\/www.notibras.com\/site\/wp-json\/wp\/v2\/tags?post=302834"}],"curies":[{"name":"wp","href":"https:\/\/api.w.org\/{rel}","templated":true}]}}