{"id":302837,"date":"2023-04-11T00:00:05","date_gmt":"2023-04-11T03:00:05","guid":{"rendered":"https:\/\/www.notibras.com\/site\/?p=302837"},"modified":"2023-04-11T09:15:15","modified_gmt":"2023-04-11T12:15:15","slug":"obra-do-viaduto-entra-nas-fases-de-drenagem-e-pavimentacao","status":"publish","type":"post","link":"https:\/\/www.notibras.com\/site\/obra-do-viaduto-entra-nas-fases-de-drenagem-e-pavimentacao\/","title":{"rendered":"Obra do viaduto entra nas fases de drenagem e pavimenta\u00e7\u00e3o"},"content":{"rendered":"<p>A obra do viaduto de Sobradinho avan\u00e7ou em mais duas etapas: a de drenagem e a de pavimenta\u00e7\u00e3o. As estruturas da obra j\u00e1 est\u00e3o conclu\u00eddas e, a partir de agora, inicia-se a fase de encabe\u00e7amento, que envolve os servi\u00e7os de terraplenagem, estrutura do pavimento, revestimento asf\u00e1ltico, sinaliza\u00e7\u00e3o vi\u00e1ria e dispositivos de drenagem pluvial.<\/p>\n<p>O viaduto vai beneficiar aproximadamente 70 mil motoristas que passam pelo local e sofrem, h\u00e1 anos, com o tr\u00e2nsito intenso na regi\u00e3o, especialmente nos hor\u00e1rios de pico. \u201cN\u00f3s j\u00e1 fizemos toda a parte de terraplanagem e agora estamos executando as camadas do asfalto, que \u00e9 sub-base, base e capa asf\u00e1ltica\u201d, explicou o superintendente de obras do DER, Cristiano Cavalcante.<\/p>\n<p>Simultaneamente \u00e0s obras de pavimenta\u00e7\u00e3o, as equipes, compostas por aproximadamente 100 funcion\u00e1rios, atuam na etapa de drenagem. \u201cCom o per\u00edodo chuvoso, a gente n\u00e3o consegue avan\u00e7ar muito na etapa de pavimenta\u00e7\u00e3o. Para que a equipe n\u00e3o fique parada, a gente foca na parte de drenagem, que \u00e9 o escoamento da \u00e1gua pluvial que cai no viaduto\u201d, concluiu.<\/p>\n<p>Morador de Sobradinho, Ranieri Carneiro, 56 anos, acompanha o desenvolvimento das obras com grande expectativa. \u201cEsse viaduto \u00e9 um grande avan\u00e7o para n\u00f3s. \u00c9 uma alegria muito grande porque, com certeza, vai beneficiar muita gente, o fluxo aqui \u00e9 realmente muito alto. Vai desafogar o tr\u00e2nsito\u201d, comemorou.<\/p>\n<p>O avan\u00e7o das obras do viaduto tamb\u00e9m deixam Natalia Fernandes, de 50 anos, animada: \u201cEstou com as expectativas altas com esse viaduto porque \u00e9 muito engarrafado aqui nos hor\u00e1rios de pico. Vai ficar uma maravilha tanto para as pessoas que moram em Sobradinho como para aquelas que trabalham em outras localidades e precisam passar por aqui.\u201d<\/p>\n<p>As pr\u00f3ximas etapas do viaduto, quando conclu\u00eddas as de drenagem e pavimenta\u00e7\u00e3o, s\u00e3o implanta\u00e7\u00e3o da sinaliza\u00e7\u00e3o horizontal e vertical, passagem para pedestres e urbanismo. O valor investido na obra \u00e9 de R$ 33,2 milh\u00f5es.<\/p>\n","protected":false},"excerpt":{"rendered":"<p>A obra do viaduto de Sobradinho avan\u00e7ou em mais duas etapas: a de drenagem e a de pavimenta\u00e7\u00e3o. As estruturas da obra j\u00e1 est\u00e3o conclu\u00eddas e, a partir de agora, inicia-se a fase de encabe\u00e7amento, que envolve os servi\u00e7os de terraplenagem, estrutura do pavimento, revestimento asf\u00e1ltico, sinaliza\u00e7\u00e3o vi\u00e1ria e dispositivos de drenagem pluvial. O viaduto [&hellip;]<\/p>\n","protected":false},"author":2,"featured_media":302838,"comment_status":"closed","ping_status":"closed","sticky":false,"template":"","format":"standard","meta":{"_acf_changed":false,"footnotes":""},"categories":[161],"tags":[],"class_list":["post-302837","post","type-post","status-publish","format-standard","has-post-thumbnail","hentry","category-quadradinho-em-foco"],"acf":[],"yoast_head":"<!-- This site is optimized with the Yoast SEO plugin v27.2 - https:\/\/yoast.com\/product\/yoast-seo-wordpress\/ -->\n<title>Obra do viaduto entra nas fases de drenagem e pavimenta\u00e7\u00e3o - Notibras<\/title>\n<meta name=\"robots\" content=\"index, follow, max-snippet:-1, max-image-preview:large, max-video-preview:-1\" \/>\n<link rel=\"canonical\" href=\"https:\/\/www.notibras.com\/site\/obra-do-viaduto-entra-nas-fases-de-drenagem-e-pavimentacao\/\" \/>\n<meta property=\"og:locale\" content=\"pt_BR\" \/>\n<meta property=\"og:type\" content=\"article\" \/>\n<meta property=\"og:title\" content=\"Obra do viaduto entra nas fases de drenagem e pavimenta\u00e7\u00e3o - Notibras\" \/>\n<meta property=\"og:description\" content=\"A obra do viaduto de Sobradinho avan\u00e7ou em mais duas etapas: a de drenagem e a de pavimenta\u00e7\u00e3o. As estruturas da obra j\u00e1 est\u00e3o conclu\u00eddas e, a partir de agora, inicia-se a fase de encabe\u00e7amento, que envolve os servi\u00e7os de terraplenagem, estrutura do pavimento, revestimento asf\u00e1ltico, sinaliza\u00e7\u00e3o vi\u00e1ria e dispositivos de drenagem pluvial. O viaduto [&hellip;]\" \/>\n<meta property=\"og:url\" content=\"https:\/\/www.notibras.com\/site\/obra-do-viaduto-entra-nas-fases-de-drenagem-e-pavimentacao\/\" \/>\n<meta property=\"og:site_name\" content=\"Notibras\" \/>\n<meta property=\"article:publisher\" content=\"https:\/\/www.facebook.com\/notibras\/\" \/>\n<meta property=\"article:published_time\" content=\"2023-04-11T03:00:05+00:00\" \/>\n<meta property=\"article:modified_time\" content=\"2023-04-11T12:15:15+00:00\" \/>\n<meta property=\"og:image\" content=\"https:\/\/www.notibras.com\/site\/wp-content\/uploads\/2023\/04\/dentro-1-4-1536x1024-1.jpg\" \/>\n\t<meta property=\"og:image:width\" content=\"1536\" \/>\n\t<meta property=\"og:image:height\" content=\"1024\" \/>\n\t<meta property=\"og:image:type\" content=\"image\/jpeg\" \/>\n<meta name=\"author\" content=\"Reda\u00e7\u00e3o\" \/>\n<meta name=\"twitter:card\" content=\"summary_large_image\" \/>\n<meta name=\"twitter:creator\" content=\"@Notibras\" \/>\n<meta name=\"twitter:site\" content=\"@Notibras\" \/>\n<meta name=\"twitter:label1\" content=\"Escrito por\" \/>\n\t<meta name=\"twitter:data1\" content=\"Reda\u00e7\u00e3o\" \/>\n\t<meta name=\"twitter:label2\" content=\"Est. tempo de leitura\" \/>\n\t<meta name=\"twitter:data2\" content=\"2 minutos\" \/>\n<script type=\"application\/ld+json\" class=\"yoast-schema-graph\">{\"@context\":\"https:\/\/schema.org\",\"@graph\":[{\"@type\":\"Article\",\"@id\":\"https:\/\/www.notibras.com\/site\/obra-do-viaduto-entra-nas-fases-de-drenagem-e-pavimentacao\/#article\",\"isPartOf\":{\"@id\":\"https:\/\/www.notibras.com\/site\/obra-do-viaduto-entra-nas-fases-de-drenagem-e-pavimentacao\/\"},\"author\":{\"name\":\"Reda\u00e7\u00e3o\",\"@id\":\"https:\/\/www.notibras.com\/site\/#\/schema\/person\/36ab0979449956132d3e5b517ea76ac8\"},\"headline\":\"Obra do viaduto entra nas fases de drenagem e pavimenta\u00e7\u00e3o\",\"datePublished\":\"2023-04-11T03:00:05+00:00\",\"dateModified\":\"2023-04-11T12:15:15+00:00\",\"mainEntityOfPage\":{\"@id\":\"https:\/\/www.notibras.com\/site\/obra-do-viaduto-entra-nas-fases-de-drenagem-e-pavimentacao\/\"},\"wordCount\":339,\"publisher\":{\"@id\":\"https:\/\/www.notibras.com\/site\/#organization\"},\"image\":{\"@id\":\"https:\/\/www.notibras.com\/site\/obra-do-viaduto-entra-nas-fases-de-drenagem-e-pavimentacao\/#primaryimage\"},\"thumbnailUrl\":\"https:\/\/www.notibras.com\/site\/wp-content\/uploads\/2023\/04\/dentro-1-4-1536x1024-1.jpg\",\"articleSection\":[\"Quadradinho em Foco\"],\"inLanguage\":\"pt-BR\"},{\"@type\":\"WebPage\",\"@id\":\"https:\/\/www.notibras.com\/site\/obra-do-viaduto-entra-nas-fases-de-drenagem-e-pavimentacao\/\",\"url\":\"https:\/\/www.notibras.com\/site\/obra-do-viaduto-entra-nas-fases-de-drenagem-e-pavimentacao\/\",\"name\":\"Obra do viaduto entra nas fases de drenagem e pavimenta\u00e7\u00e3o - Notibras\",\"isPartOf\":{\"@id\":\"https:\/\/www.notibras.com\/site\/#website\"},\"primaryImageOfPage\":{\"@id\":\"https:\/\/www.notibras.com\/site\/obra-do-viaduto-entra-nas-fases-de-drenagem-e-pavimentacao\/#primaryimage\"},\"image\":{\"@id\":\"https:\/\/www.notibras.com\/site\/obra-do-viaduto-entra-nas-fases-de-drenagem-e-pavimentacao\/#primaryimage\"},\"thumbnailUrl\":\"https:\/\/www.notibras.com\/site\/wp-content\/uploads\/2023\/04\/dentro-1-4-1536x1024-1.jpg\",\"datePublished\":\"2023-04-11T03:00:05+00:00\",\"dateModified\":\"2023-04-11T12:15:15+00:00\",\"breadcrumb\":{\"@id\":\"https:\/\/www.notibras.com\/site\/obra-do-viaduto-entra-nas-fases-de-drenagem-e-pavimentacao\/#breadcrumb\"},\"inLanguage\":\"pt-BR\",\"potentialAction\":[{\"@type\":\"ReadAction\",\"target\":[\"https:\/\/www.notibras.com\/site\/obra-do-viaduto-entra-nas-fases-de-drenagem-e-pavimentacao\/\"]}]},{\"@type\":\"ImageObject\",\"inLanguage\":\"pt-BR\",\"@id\":\"https:\/\/www.notibras.com\/site\/obra-do-viaduto-entra-nas-fases-de-drenagem-e-pavimentacao\/#primaryimage\",\"url\":\"https:\/\/www.notibras.com\/site\/wp-content\/uploads\/2023\/04\/dentro-1-4-1536x1024-1.jpg\",\"contentUrl\":\"https:\/\/www.notibras.com\/site\/wp-content\/uploads\/2023\/04\/dentro-1-4-1536x1024-1.jpg\",\"width\":1536,\"height\":1024},{\"@type\":\"BreadcrumbList\",\"@id\":\"https:\/\/www.notibras.com\/site\/obra-do-viaduto-entra-nas-fases-de-drenagem-e-pavimentacao\/#breadcrumb\",\"itemListElement\":[{\"@type\":\"ListItem\",\"position\":1,\"name\":\"In\u00edcio\",\"item\":\"https:\/\/www.notibras.com\/site\/\"},{\"@type\":\"ListItem\",\"position\":2,\"name\":\"Obra do viaduto entra nas fases de drenagem e pavimenta\u00e7\u00e3o\"}]},{\"@type\":\"WebSite\",\"@id\":\"https:\/\/www.notibras.com\/site\/#website\",\"url\":\"https:\/\/www.notibras.com\/site\/\",\"name\":\"Notibras\",\"description\":\"Not\u00edcias de Bras\u00edlia, do Brasil e do Mundo\",\"publisher\":{\"@id\":\"https:\/\/www.notibras.com\/site\/#organization\"},\"potentialAction\":[{\"@type\":\"SearchAction\",\"target\":{\"@type\":\"EntryPoint\",\"urlTemplate\":\"https:\/\/www.notibras.com\/site\/?s={search_term_string}\"},\"query-input\":{\"@type\":\"PropertyValueSpecification\",\"valueRequired\":true,\"valueName\":\"search_term_string\"}}],\"inLanguage\":\"pt-BR\"},{\"@type\":\"Organization\",\"@id\":\"https:\/\/www.notibras.com\/site\/#organization\",\"name\":\"Grupo Notibras de Comunica\u00e7\u00e3o\",\"url\":\"https:\/\/www.notibras.com\/site\/\",\"logo\":{\"@type\":\"ImageObject\",\"inLanguage\":\"pt-BR\",\"@id\":\"https:\/\/www.notibras.com\/site\/#\/schema\/logo\/image\/\",\"url\":\"https:\/\/www.notibras.com\/site\/wp-content\/uploads\/2023\/01\/notibras23.png\",\"contentUrl\":\"https:\/\/www.notibras.com\/site\/wp-content\/uploads\/2023\/01\/notibras23.png\",\"width\":350,\"height\":87,\"caption\":\"Grupo Notibras de Comunica\u00e7\u00e3o\"},\"image\":{\"@id\":\"https:\/\/www.notibras.com\/site\/#\/schema\/logo\/image\/\"},\"sameAs\":[\"https:\/\/www.facebook.com\/notibras\/\",\"https:\/\/x.com\/Notibras\",\"https:\/\/www.instagram.com\/notibras\/\"]},{\"@type\":\"Person\",\"@id\":\"https:\/\/www.notibras.com\/site\/#\/schema\/person\/36ab0979449956132d3e5b517ea76ac8\",\"name\":\"Reda\u00e7\u00e3o\",\"image\":{\"@type\":\"ImageObject\",\"inLanguage\":\"pt-BR\",\"@id\":\"https:\/\/secure.gravatar.com\/avatar\/e0a867bdedb85fd243eadf09663511f96fc81e0720a4a42581f334ad4303aa6b?s=96&d=mm&r=g\",\"url\":\"https:\/\/secure.gravatar.com\/avatar\/e0a867bdedb85fd243eadf09663511f96fc81e0720a4a42581f334ad4303aa6b?s=96&d=mm&r=g\",\"contentUrl\":\"https:\/\/secure.gravatar.com\/avatar\/e0a867bdedb85fd243eadf09663511f96fc81e0720a4a42581f334ad4303aa6b?s=96&d=mm&r=g\",\"caption\":\"Reda\u00e7\u00e3o\"}}]}<\/script>\n<!-- \/ Yoast SEO plugin. -->","yoast_head_json":{"title":"Obra do viaduto entra nas fases de drenagem e pavimenta\u00e7\u00e3o - Notibras","robots":{"index":"index","follow":"follow","max-snippet":"max-snippet:-1","max-image-preview":"max-image-preview:large","max-video-preview":"max-video-preview:-1"},"canonical":"https:\/\/www.notibras.com\/site\/obra-do-viaduto-entra-nas-fases-de-drenagem-e-pavimentacao\/","og_locale":"pt_BR","og_type":"article","og_title":"Obra do viaduto entra nas fases de drenagem e pavimenta\u00e7\u00e3o - Notibras","og_description":"A obra do viaduto de Sobradinho avan\u00e7ou em mais duas etapas: a de drenagem e a de pavimenta\u00e7\u00e3o. As estruturas da obra j\u00e1 est\u00e3o conclu\u00eddas e, a partir de agora, inicia-se a fase de encabe\u00e7amento, que envolve os servi\u00e7os de terraplenagem, estrutura do pavimento, revestimento asf\u00e1ltico, sinaliza\u00e7\u00e3o vi\u00e1ria e dispositivos de drenagem pluvial. O viaduto [&hellip;]","og_url":"https:\/\/www.notibras.com\/site\/obra-do-viaduto-entra-nas-fases-de-drenagem-e-pavimentacao\/","og_site_name":"Notibras","article_publisher":"https:\/\/www.facebook.com\/notibras\/","article_published_time":"2023-04-11T03:00:05+00:00","article_modified_time":"2023-04-11T12:15:15+00:00","og_image":[{"width":1536,"height":1024,"url":"https:\/\/www.notibras.com\/site\/wp-content\/uploads\/2023\/04\/dentro-1-4-1536x1024-1.jpg","type":"image\/jpeg"}],"author":"Reda\u00e7\u00e3o","twitter_card":"summary_large_image","twitter_creator":"@Notibras","twitter_site":"@Notibras","twitter_misc":{"Escrito por":"Reda\u00e7\u00e3o","Est. tempo de leitura":"2 minutos"},"schema":{"@context":"https:\/\/schema.org","@graph":[{"@type":"Article","@id":"https:\/\/www.notibras.com\/site\/obra-do-viaduto-entra-nas-fases-de-drenagem-e-pavimentacao\/#article","isPartOf":{"@id":"https:\/\/www.notibras.com\/site\/obra-do-viaduto-entra-nas-fases-de-drenagem-e-pavimentacao\/"},"author":{"name":"Reda\u00e7\u00e3o","@id":"https:\/\/www.notibras.com\/site\/#\/schema\/person\/36ab0979449956132d3e5b517ea76ac8"},"headline":"Obra do viaduto entra nas fases de drenagem e pavimenta\u00e7\u00e3o","datePublished":"2023-04-11T03:00:05+00:00","dateModified":"2023-04-11T12:15:15+00:00","mainEntityOfPage":{"@id":"https:\/\/www.notibras.com\/site\/obra-do-viaduto-entra-nas-fases-de-drenagem-e-pavimentacao\/"},"wordCount":339,"publisher":{"@id":"https:\/\/www.notibras.com\/site\/#organization"},"image":{"@id":"https:\/\/www.notibras.com\/site\/obra-do-viaduto-entra-nas-fases-de-drenagem-e-pavimentacao\/#primaryimage"},"thumbnailUrl":"https:\/\/www.notibras.com\/site\/wp-content\/uploads\/2023\/04\/dentro-1-4-1536x1024-1.jpg","articleSection":["Quadradinho em Foco"],"inLanguage":"pt-BR"},{"@type":"WebPage","@id":"https:\/\/www.notibras.com\/site\/obra-do-viaduto-entra-nas-fases-de-drenagem-e-pavimentacao\/","url":"https:\/\/www.notibras.com\/site\/obra-do-viaduto-entra-nas-fases-de-drenagem-e-pavimentacao\/","name":"Obra do viaduto entra nas fases de drenagem e pavimenta\u00e7\u00e3o - Notibras","isPartOf":{"@id":"https:\/\/www.notibras.com\/site\/#website"},"primaryImageOfPage":{"@id":"https:\/\/www.notibras.com\/site\/obra-do-viaduto-entra-nas-fases-de-drenagem-e-pavimentacao\/#primaryimage"},"image":{"@id":"https:\/\/www.notibras.com\/site\/obra-do-viaduto-entra-nas-fases-de-drenagem-e-pavimentacao\/#primaryimage"},"thumbnailUrl":"https:\/\/www.notibras.com\/site\/wp-content\/uploads\/2023\/04\/dentro-1-4-1536x1024-1.jpg","datePublished":"2023-04-11T03:00:05+00:00","dateModified":"2023-04-11T12:15:15+00:00","breadcrumb":{"@id":"https:\/\/www.notibras.com\/site\/obra-do-viaduto-entra-nas-fases-de-drenagem-e-pavimentacao\/#breadcrumb"},"inLanguage":"pt-BR","potentialAction":[{"@type":"ReadAction","target":["https:\/\/www.notibras.com\/site\/obra-do-viaduto-entra-nas-fases-de-drenagem-e-pavimentacao\/"]}]},{"@type":"ImageObject","inLanguage":"pt-BR","@id":"https:\/\/www.notibras.com\/site\/obra-do-viaduto-entra-nas-fases-de-drenagem-e-pavimentacao\/#primaryimage","url":"https:\/\/www.notibras.com\/site\/wp-content\/uploads\/2023\/04\/dentro-1-4-1536x1024-1.jpg","contentUrl":"https:\/\/www.notibras.com\/site\/wp-content\/uploads\/2023\/04\/dentro-1-4-1536x1024-1.jpg","width":1536,"height":1024},{"@type":"BreadcrumbList","@id":"https:\/\/www.notibras.com\/site\/obra-do-viaduto-entra-nas-fases-de-drenagem-e-pavimentacao\/#breadcrumb","itemListElement":[{"@type":"ListItem","position":1,"name":"In\u00edcio","item":"https:\/\/www.notibras.com\/site\/"},{"@type":"ListItem","position":2,"name":"Obra do viaduto entra nas fases de drenagem e pavimenta\u00e7\u00e3o"}]},{"@type":"WebSite","@id":"https:\/\/www.notibras.com\/site\/#website","url":"https:\/\/www.notibras.com\/site\/","name":"Notibras","description":"Not\u00edcias de Bras\u00edlia, do Brasil e do Mundo","publisher":{"@id":"https:\/\/www.notibras.com\/site\/#organization"},"potentialAction":[{"@type":"SearchAction","target":{"@type":"EntryPoint","urlTemplate":"https:\/\/www.notibras.com\/site\/?s={search_term_string}"},"query-input":{"@type":"PropertyValueSpecification","valueRequired":true,"valueName":"search_term_string"}}],"inLanguage":"pt-BR"},{"@type":"Organization","@id":"https:\/\/www.notibras.com\/site\/#organization","name":"Grupo Notibras de Comunica\u00e7\u00e3o","url":"https:\/\/www.notibras.com\/site\/","logo":{"@type":"ImageObject","inLanguage":"pt-BR","@id":"https:\/\/www.notibras.com\/site\/#\/schema\/logo\/image\/","url":"https:\/\/www.notibras.com\/site\/wp-content\/uploads\/2023\/01\/notibras23.png","contentUrl":"https:\/\/www.notibras.com\/site\/wp-content\/uploads\/2023\/01\/notibras23.png","width":350,"height":87,"caption":"Grupo Notibras de Comunica\u00e7\u00e3o"},"image":{"@id":"https:\/\/www.notibras.com\/site\/#\/schema\/logo\/image\/"},"sameAs":["https:\/\/www.facebook.com\/notibras\/","https:\/\/x.com\/Notibras","https:\/\/www.instagram.com\/notibras\/"]},{"@type":"Person","@id":"https:\/\/www.notibras.com\/site\/#\/schema\/person\/36ab0979449956132d3e5b517ea76ac8","name":"Reda\u00e7\u00e3o","image":{"@type":"ImageObject","inLanguage":"pt-BR","@id":"https:\/\/secure.gravatar.com\/avatar\/e0a867bdedb85fd243eadf09663511f96fc81e0720a4a42581f334ad4303aa6b?s=96&d=mm&r=g","url":"https:\/\/secure.gravatar.com\/avatar\/e0a867bdedb85fd243eadf09663511f96fc81e0720a4a42581f334ad4303aa6b?s=96&d=mm&r=g","contentUrl":"https:\/\/secure.gravatar.com\/avatar\/e0a867bdedb85fd243eadf09663511f96fc81e0720a4a42581f334ad4303aa6b?s=96&d=mm&r=g","caption":"Reda\u00e7\u00e3o"}}]}},"amp_enabled":true,"_links":{"self":[{"href":"https:\/\/www.notibras.com\/site\/wp-json\/wp\/v2\/posts\/302837","targetHints":{"allow":["GET"]}}],"collection":[{"href":"https:\/\/www.notibras.com\/site\/wp-json\/wp\/v2\/posts"}],"about":[{"href":"https:\/\/www.notibras.com\/site\/wp-json\/wp\/v2\/types\/post"}],"author":[{"embeddable":true,"href":"https:\/\/www.notibras.com\/site\/wp-json\/wp\/v2\/users\/2"}],"replies":[{"embeddable":true,"href":"https:\/\/www.notibras.com\/site\/wp-json\/wp\/v2\/comments?post=302837"}],"version-history":[{"count":1,"href":"https:\/\/www.notibras.com\/site\/wp-json\/wp\/v2\/posts\/302837\/revisions"}],"predecessor-version":[{"id":302839,"href":"https:\/\/www.notibras.com\/site\/wp-json\/wp\/v2\/posts\/302837\/revisions\/302839"}],"wp:featuredmedia":[{"embeddable":true,"href":"https:\/\/www.notibras.com\/site\/wp-json\/wp\/v2\/media\/302838"}],"wp:attachment":[{"href":"https:\/\/www.notibras.com\/site\/wp-json\/wp\/v2\/media?parent=302837"}],"wp:term":[{"taxonomy":"category","embeddable":true,"href":"https:\/\/www.notibras.com\/site\/wp-json\/wp\/v2\/categories?post=302837"},{"taxonomy":"post_tag","embeddable":true,"href":"https:\/\/www.notibras.com\/site\/wp-json\/wp\/v2\/tags?post=302837"}],"curies":[{"name":"wp","href":"https:\/\/api.w.org\/{rel}","templated":true}]}}