{"id":302859,"date":"2023-04-11T12:00:56","date_gmt":"2023-04-11T15:00:56","guid":{"rendered":"https:\/\/www.notibras.com\/site\/?p=302859"},"modified":"2023-04-11T12:02:19","modified_gmt":"2023-04-11T15:02:19","slug":"dalila-e-nao-sansao-pode-ter-deixado-herdeiros","status":"publish","type":"post","link":"https:\/\/www.notibras.com\/site\/dalila-e-nao-sansao-pode-ter-deixado-herdeiros\/","title":{"rendered":"Dalila, e n\u00e3o Sans\u00e3o, pode ter deixado herdeiros"},"content":{"rendered":"<p>Quase uma semana ap\u00f3s a captura do devorador de homens, S\u00e1 Gomes e Leonardo Bernar foram entrevistados por v\u00e1rios jornalistas. Al\u00e9m da imprensa local, profissionais de todo o pa\u00eds e at\u00e9 do exterior queriam noticiar aquele<br \/>\nmomento.<\/p>\n<p>Diante dos holofotes, S\u00e1 Gomes deu in\u00edcio \u00e0s conclus\u00f5es que a equipe formada por bi\u00f3logos e veterin\u00e1rios havia chegado ap\u00f3s os exames no jacar\u00e9-a\u00e7u. A primeira e mais surpreendente, segundo as pr\u00f3prias palavras de S\u00e1 Gomes, \u00e9 de que n\u00e3o havia Sans\u00e3o, mas Dalila.<\/p>\n<p>&#8211; Isso foi algo que nos deixou muito surpresos. \u00c9 que se trata de uma f\u00eamea. Crocodilianos f\u00eameas s\u00e3o muito menores que os machos. Mas esta, em especial, \u00e9 incrivelmente grande, pois \u00e9 o maior esp\u00e9cime registrado at\u00e9 o momento. Ela tem exatos 5,88 metros.<\/p>\n<p>A confer\u00eancia durou horas, at\u00e9 o momento em que todos foram encaminhados para o local onde estava a f\u00eamea de jacar\u00e9-a\u00e7u. L\u00e1 se encontrava Dalila praticamente inerte se esquentando num canto da ilha quase no meio do pequeno lago. Alguns macacos dividiam aquele espa\u00e7o com ela. Certamente desconheciam os antecedentes da companheira ou, se sabiam, confiavam na pr\u00f3pria agilidade em escapar daquelas poderosas mand\u00edbulas.<\/p>\n<p>Quase dois anos ap\u00f3s esse ocorrido, uma d\u00favida ainda paira entre os moradores da capital do pa\u00eds. Dalila teria deixado herdeiros no lago Parano\u00e1? N\u00e3o se sabe se isso \u00e9 verdade ou, ent\u00e3o, mais uma lenda urbana. Seja como for, Dalila continua exposta no zool\u00f3gico de Bras\u00edlia para quem quiser atestar a veracidade dessa hist\u00f3ria.<\/p>\n","protected":false},"excerpt":{"rendered":"<p>Quase uma semana ap\u00f3s a captura do devorador de homens, S\u00e1 Gomes e Leonardo Bernar foram entrevistados por v\u00e1rios jornalistas. Al\u00e9m da imprensa local, profissionais de todo o pa\u00eds e at\u00e9 do exterior queriam noticiar aquele momento. Diante dos holofotes, S\u00e1 Gomes deu in\u00edcio \u00e0s conclus\u00f5es que a equipe formada por bi\u00f3logos e veterin\u00e1rios havia [&hellip;]<\/p>\n","protected":false},"author":2,"featured_media":302860,"comment_status":"closed","ping_status":"closed","sticky":false,"template":"","format":"standard","meta":{"_acf_changed":false,"footnotes":""},"categories":[161],"tags":[],"class_list":["post-302859","post","type-post","status-publish","format-standard","has-post-thumbnail","hentry","category-quadradinho-em-foco"],"acf":[],"yoast_head":"<!-- This site is optimized with the Yoast SEO plugin v27.2 - https:\/\/yoast.com\/product\/yoast-seo-wordpress\/ -->\n<title>Dalila, e n\u00e3o Sans\u00e3o, pode ter deixado herdeiros - Notibras<\/title>\n<meta name=\"robots\" content=\"index, follow, max-snippet:-1, max-image-preview:large, max-video-preview:-1\" \/>\n<link rel=\"canonical\" href=\"https:\/\/www.notibras.com\/site\/dalila-e-nao-sansao-pode-ter-deixado-herdeiros\/\" \/>\n<meta property=\"og:locale\" content=\"pt_BR\" \/>\n<meta property=\"og:type\" content=\"article\" \/>\n<meta property=\"og:title\" content=\"Dalila, e n\u00e3o Sans\u00e3o, pode ter deixado herdeiros - Notibras\" \/>\n<meta property=\"og:description\" content=\"Quase uma semana ap\u00f3s a captura do devorador de homens, S\u00e1 Gomes e Leonardo Bernar foram entrevistados por v\u00e1rios jornalistas. Al\u00e9m da imprensa local, profissionais de todo o pa\u00eds e at\u00e9 do exterior queriam noticiar aquele momento. Diante dos holofotes, S\u00e1 Gomes deu in\u00edcio \u00e0s conclus\u00f5es que a equipe formada por bi\u00f3logos e veterin\u00e1rios havia [&hellip;]\" \/>\n<meta property=\"og:url\" content=\"https:\/\/www.notibras.com\/site\/dalila-e-nao-sansao-pode-ter-deixado-herdeiros\/\" \/>\n<meta property=\"og:site_name\" content=\"Notibras\" \/>\n<meta property=\"article:publisher\" content=\"https:\/\/www.facebook.com\/notibras\/\" \/>\n<meta property=\"article:published_time\" content=\"2023-04-11T15:00:56+00:00\" \/>\n<meta property=\"article:modified_time\" content=\"2023-04-11T15:02:19+00:00\" \/>\n<meta property=\"og:image\" content=\"https:\/\/www.notibras.com\/site\/wp-content\/uploads\/2023\/04\/Fabio-Paschoal-Anta-Tapirus-terrestris.jpg\" \/>\n\t<meta property=\"og:image:width\" content=\"800\" \/>\n\t<meta property=\"og:image:height\" content=\"445\" \/>\n\t<meta property=\"og:image:type\" content=\"image\/jpeg\" \/>\n<meta name=\"author\" content=\"Reda\u00e7\u00e3o\" \/>\n<meta name=\"twitter:card\" content=\"summary_large_image\" \/>\n<meta name=\"twitter:creator\" content=\"@Notibras\" \/>\n<meta name=\"twitter:site\" content=\"@Notibras\" \/>\n<meta name=\"twitter:label1\" content=\"Escrito por\" \/>\n\t<meta name=\"twitter:data1\" content=\"Reda\u00e7\u00e3o\" \/>\n\t<meta name=\"twitter:label2\" content=\"Est. tempo de leitura\" \/>\n\t<meta name=\"twitter:data2\" content=\"2 minutos\" \/>\n<script type=\"application\/ld+json\" class=\"yoast-schema-graph\">{\"@context\":\"https:\/\/schema.org\",\"@graph\":[{\"@type\":\"Article\",\"@id\":\"https:\/\/www.notibras.com\/site\/dalila-e-nao-sansao-pode-ter-deixado-herdeiros\/#article\",\"isPartOf\":{\"@id\":\"https:\/\/www.notibras.com\/site\/dalila-e-nao-sansao-pode-ter-deixado-herdeiros\/\"},\"author\":{\"name\":\"Reda\u00e7\u00e3o\",\"@id\":\"https:\/\/www.notibras.com\/site\/#\/schema\/person\/36ab0979449956132d3e5b517ea76ac8\"},\"headline\":\"Dalila, e n\u00e3o Sans\u00e3o, pode ter deixado herdeiros\",\"datePublished\":\"2023-04-11T15:00:56+00:00\",\"dateModified\":\"2023-04-11T15:02:19+00:00\",\"mainEntityOfPage\":{\"@id\":\"https:\/\/www.notibras.com\/site\/dalila-e-nao-sansao-pode-ter-deixado-herdeiros\/\"},\"wordCount\":282,\"publisher\":{\"@id\":\"https:\/\/www.notibras.com\/site\/#organization\"},\"image\":{\"@id\":\"https:\/\/www.notibras.com\/site\/dalila-e-nao-sansao-pode-ter-deixado-herdeiros\/#primaryimage\"},\"thumbnailUrl\":\"https:\/\/www.notibras.com\/site\/wp-content\/uploads\/2023\/04\/Fabio-Paschoal-Anta-Tapirus-terrestris.jpg\",\"articleSection\":[\"Quadradinho em Foco\"],\"inLanguage\":\"pt-BR\"},{\"@type\":\"WebPage\",\"@id\":\"https:\/\/www.notibras.com\/site\/dalila-e-nao-sansao-pode-ter-deixado-herdeiros\/\",\"url\":\"https:\/\/www.notibras.com\/site\/dalila-e-nao-sansao-pode-ter-deixado-herdeiros\/\",\"name\":\"Dalila, e n\u00e3o Sans\u00e3o, pode ter deixado herdeiros - Notibras\",\"isPartOf\":{\"@id\":\"https:\/\/www.notibras.com\/site\/#website\"},\"primaryImageOfPage\":{\"@id\":\"https:\/\/www.notibras.com\/site\/dalila-e-nao-sansao-pode-ter-deixado-herdeiros\/#primaryimage\"},\"image\":{\"@id\":\"https:\/\/www.notibras.com\/site\/dalila-e-nao-sansao-pode-ter-deixado-herdeiros\/#primaryimage\"},\"thumbnailUrl\":\"https:\/\/www.notibras.com\/site\/wp-content\/uploads\/2023\/04\/Fabio-Paschoal-Anta-Tapirus-terrestris.jpg\",\"datePublished\":\"2023-04-11T15:00:56+00:00\",\"dateModified\":\"2023-04-11T15:02:19+00:00\",\"breadcrumb\":{\"@id\":\"https:\/\/www.notibras.com\/site\/dalila-e-nao-sansao-pode-ter-deixado-herdeiros\/#breadcrumb\"},\"inLanguage\":\"pt-BR\",\"potentialAction\":[{\"@type\":\"ReadAction\",\"target\":[\"https:\/\/www.notibras.com\/site\/dalila-e-nao-sansao-pode-ter-deixado-herdeiros\/\"]}]},{\"@type\":\"ImageObject\",\"inLanguage\":\"pt-BR\",\"@id\":\"https:\/\/www.notibras.com\/site\/dalila-e-nao-sansao-pode-ter-deixado-herdeiros\/#primaryimage\",\"url\":\"https:\/\/www.notibras.com\/site\/wp-content\/uploads\/2023\/04\/Fabio-Paschoal-Anta-Tapirus-terrestris.jpg\",\"contentUrl\":\"https:\/\/www.notibras.com\/site\/wp-content\/uploads\/2023\/04\/Fabio-Paschoal-Anta-Tapirus-terrestris.jpg\",\"width\":800,\"height\":445},{\"@type\":\"BreadcrumbList\",\"@id\":\"https:\/\/www.notibras.com\/site\/dalila-e-nao-sansao-pode-ter-deixado-herdeiros\/#breadcrumb\",\"itemListElement\":[{\"@type\":\"ListItem\",\"position\":1,\"name\":\"In\u00edcio\",\"item\":\"https:\/\/www.notibras.com\/site\/\"},{\"@type\":\"ListItem\",\"position\":2,\"name\":\"Dalila, e n\u00e3o Sans\u00e3o, pode ter deixado herdeiros\"}]},{\"@type\":\"WebSite\",\"@id\":\"https:\/\/www.notibras.com\/site\/#website\",\"url\":\"https:\/\/www.notibras.com\/site\/\",\"name\":\"Notibras\",\"description\":\"Not\u00edcias de Bras\u00edlia, do Brasil e do Mundo\",\"publisher\":{\"@id\":\"https:\/\/www.notibras.com\/site\/#organization\"},\"potentialAction\":[{\"@type\":\"SearchAction\",\"target\":{\"@type\":\"EntryPoint\",\"urlTemplate\":\"https:\/\/www.notibras.com\/site\/?s={search_term_string}\"},\"query-input\":{\"@type\":\"PropertyValueSpecification\",\"valueRequired\":true,\"valueName\":\"search_term_string\"}}],\"inLanguage\":\"pt-BR\"},{\"@type\":\"Organization\",\"@id\":\"https:\/\/www.notibras.com\/site\/#organization\",\"name\":\"Grupo Notibras de Comunica\u00e7\u00e3o\",\"url\":\"https:\/\/www.notibras.com\/site\/\",\"logo\":{\"@type\":\"ImageObject\",\"inLanguage\":\"pt-BR\",\"@id\":\"https:\/\/www.notibras.com\/site\/#\/schema\/logo\/image\/\",\"url\":\"https:\/\/www.notibras.com\/site\/wp-content\/uploads\/2023\/01\/notibras23.png\",\"contentUrl\":\"https:\/\/www.notibras.com\/site\/wp-content\/uploads\/2023\/01\/notibras23.png\",\"width\":350,\"height\":87,\"caption\":\"Grupo Notibras de Comunica\u00e7\u00e3o\"},\"image\":{\"@id\":\"https:\/\/www.notibras.com\/site\/#\/schema\/logo\/image\/\"},\"sameAs\":[\"https:\/\/www.facebook.com\/notibras\/\",\"https:\/\/x.com\/Notibras\",\"https:\/\/www.instagram.com\/notibras\/\"]},{\"@type\":\"Person\",\"@id\":\"https:\/\/www.notibras.com\/site\/#\/schema\/person\/36ab0979449956132d3e5b517ea76ac8\",\"name\":\"Reda\u00e7\u00e3o\",\"image\":{\"@type\":\"ImageObject\",\"inLanguage\":\"pt-BR\",\"@id\":\"https:\/\/secure.gravatar.com\/avatar\/e0a867bdedb85fd243eadf09663511f96fc81e0720a4a42581f334ad4303aa6b?s=96&d=mm&r=g\",\"url\":\"https:\/\/secure.gravatar.com\/avatar\/e0a867bdedb85fd243eadf09663511f96fc81e0720a4a42581f334ad4303aa6b?s=96&d=mm&r=g\",\"contentUrl\":\"https:\/\/secure.gravatar.com\/avatar\/e0a867bdedb85fd243eadf09663511f96fc81e0720a4a42581f334ad4303aa6b?s=96&d=mm&r=g\",\"caption\":\"Reda\u00e7\u00e3o\"}}]}<\/script>\n<!-- \/ Yoast SEO plugin. -->","yoast_head_json":{"title":"Dalila, e n\u00e3o Sans\u00e3o, pode ter deixado herdeiros - Notibras","robots":{"index":"index","follow":"follow","max-snippet":"max-snippet:-1","max-image-preview":"max-image-preview:large","max-video-preview":"max-video-preview:-1"},"canonical":"https:\/\/www.notibras.com\/site\/dalila-e-nao-sansao-pode-ter-deixado-herdeiros\/","og_locale":"pt_BR","og_type":"article","og_title":"Dalila, e n\u00e3o Sans\u00e3o, pode ter deixado herdeiros - Notibras","og_description":"Quase uma semana ap\u00f3s a captura do devorador de homens, S\u00e1 Gomes e Leonardo Bernar foram entrevistados por v\u00e1rios jornalistas. Al\u00e9m da imprensa local, profissionais de todo o pa\u00eds e at\u00e9 do exterior queriam noticiar aquele momento. Diante dos holofotes, S\u00e1 Gomes deu in\u00edcio \u00e0s conclus\u00f5es que a equipe formada por bi\u00f3logos e veterin\u00e1rios havia [&hellip;]","og_url":"https:\/\/www.notibras.com\/site\/dalila-e-nao-sansao-pode-ter-deixado-herdeiros\/","og_site_name":"Notibras","article_publisher":"https:\/\/www.facebook.com\/notibras\/","article_published_time":"2023-04-11T15:00:56+00:00","article_modified_time":"2023-04-11T15:02:19+00:00","og_image":[{"width":800,"height":445,"url":"https:\/\/www.notibras.com\/site\/wp-content\/uploads\/2023\/04\/Fabio-Paschoal-Anta-Tapirus-terrestris.jpg","type":"image\/jpeg"}],"author":"Reda\u00e7\u00e3o","twitter_card":"summary_large_image","twitter_creator":"@Notibras","twitter_site":"@Notibras","twitter_misc":{"Escrito por":"Reda\u00e7\u00e3o","Est. tempo de leitura":"2 minutos"},"schema":{"@context":"https:\/\/schema.org","@graph":[{"@type":"Article","@id":"https:\/\/www.notibras.com\/site\/dalila-e-nao-sansao-pode-ter-deixado-herdeiros\/#article","isPartOf":{"@id":"https:\/\/www.notibras.com\/site\/dalila-e-nao-sansao-pode-ter-deixado-herdeiros\/"},"author":{"name":"Reda\u00e7\u00e3o","@id":"https:\/\/www.notibras.com\/site\/#\/schema\/person\/36ab0979449956132d3e5b517ea76ac8"},"headline":"Dalila, e n\u00e3o Sans\u00e3o, pode ter deixado herdeiros","datePublished":"2023-04-11T15:00:56+00:00","dateModified":"2023-04-11T15:02:19+00:00","mainEntityOfPage":{"@id":"https:\/\/www.notibras.com\/site\/dalila-e-nao-sansao-pode-ter-deixado-herdeiros\/"},"wordCount":282,"publisher":{"@id":"https:\/\/www.notibras.com\/site\/#organization"},"image":{"@id":"https:\/\/www.notibras.com\/site\/dalila-e-nao-sansao-pode-ter-deixado-herdeiros\/#primaryimage"},"thumbnailUrl":"https:\/\/www.notibras.com\/site\/wp-content\/uploads\/2023\/04\/Fabio-Paschoal-Anta-Tapirus-terrestris.jpg","articleSection":["Quadradinho em Foco"],"inLanguage":"pt-BR"},{"@type":"WebPage","@id":"https:\/\/www.notibras.com\/site\/dalila-e-nao-sansao-pode-ter-deixado-herdeiros\/","url":"https:\/\/www.notibras.com\/site\/dalila-e-nao-sansao-pode-ter-deixado-herdeiros\/","name":"Dalila, e n\u00e3o Sans\u00e3o, pode ter deixado herdeiros - Notibras","isPartOf":{"@id":"https:\/\/www.notibras.com\/site\/#website"},"primaryImageOfPage":{"@id":"https:\/\/www.notibras.com\/site\/dalila-e-nao-sansao-pode-ter-deixado-herdeiros\/#primaryimage"},"image":{"@id":"https:\/\/www.notibras.com\/site\/dalila-e-nao-sansao-pode-ter-deixado-herdeiros\/#primaryimage"},"thumbnailUrl":"https:\/\/www.notibras.com\/site\/wp-content\/uploads\/2023\/04\/Fabio-Paschoal-Anta-Tapirus-terrestris.jpg","datePublished":"2023-04-11T15:00:56+00:00","dateModified":"2023-04-11T15:02:19+00:00","breadcrumb":{"@id":"https:\/\/www.notibras.com\/site\/dalila-e-nao-sansao-pode-ter-deixado-herdeiros\/#breadcrumb"},"inLanguage":"pt-BR","potentialAction":[{"@type":"ReadAction","target":["https:\/\/www.notibras.com\/site\/dalila-e-nao-sansao-pode-ter-deixado-herdeiros\/"]}]},{"@type":"ImageObject","inLanguage":"pt-BR","@id":"https:\/\/www.notibras.com\/site\/dalila-e-nao-sansao-pode-ter-deixado-herdeiros\/#primaryimage","url":"https:\/\/www.notibras.com\/site\/wp-content\/uploads\/2023\/04\/Fabio-Paschoal-Anta-Tapirus-terrestris.jpg","contentUrl":"https:\/\/www.notibras.com\/site\/wp-content\/uploads\/2023\/04\/Fabio-Paschoal-Anta-Tapirus-terrestris.jpg","width":800,"height":445},{"@type":"BreadcrumbList","@id":"https:\/\/www.notibras.com\/site\/dalila-e-nao-sansao-pode-ter-deixado-herdeiros\/#breadcrumb","itemListElement":[{"@type":"ListItem","position":1,"name":"In\u00edcio","item":"https:\/\/www.notibras.com\/site\/"},{"@type":"ListItem","position":2,"name":"Dalila, e n\u00e3o Sans\u00e3o, pode ter deixado herdeiros"}]},{"@type":"WebSite","@id":"https:\/\/www.notibras.com\/site\/#website","url":"https:\/\/www.notibras.com\/site\/","name":"Notibras","description":"Not\u00edcias de Bras\u00edlia, do Brasil e do Mundo","publisher":{"@id":"https:\/\/www.notibras.com\/site\/#organization"},"potentialAction":[{"@type":"SearchAction","target":{"@type":"EntryPoint","urlTemplate":"https:\/\/www.notibras.com\/site\/?s={search_term_string}"},"query-input":{"@type":"PropertyValueSpecification","valueRequired":true,"valueName":"search_term_string"}}],"inLanguage":"pt-BR"},{"@type":"Organization","@id":"https:\/\/www.notibras.com\/site\/#organization","name":"Grupo Notibras de Comunica\u00e7\u00e3o","url":"https:\/\/www.notibras.com\/site\/","logo":{"@type":"ImageObject","inLanguage":"pt-BR","@id":"https:\/\/www.notibras.com\/site\/#\/schema\/logo\/image\/","url":"https:\/\/www.notibras.com\/site\/wp-content\/uploads\/2023\/01\/notibras23.png","contentUrl":"https:\/\/www.notibras.com\/site\/wp-content\/uploads\/2023\/01\/notibras23.png","width":350,"height":87,"caption":"Grupo Notibras de Comunica\u00e7\u00e3o"},"image":{"@id":"https:\/\/www.notibras.com\/site\/#\/schema\/logo\/image\/"},"sameAs":["https:\/\/www.facebook.com\/notibras\/","https:\/\/x.com\/Notibras","https:\/\/www.instagram.com\/notibras\/"]},{"@type":"Person","@id":"https:\/\/www.notibras.com\/site\/#\/schema\/person\/36ab0979449956132d3e5b517ea76ac8","name":"Reda\u00e7\u00e3o","image":{"@type":"ImageObject","inLanguage":"pt-BR","@id":"https:\/\/secure.gravatar.com\/avatar\/e0a867bdedb85fd243eadf09663511f96fc81e0720a4a42581f334ad4303aa6b?s=96&d=mm&r=g","url":"https:\/\/secure.gravatar.com\/avatar\/e0a867bdedb85fd243eadf09663511f96fc81e0720a4a42581f334ad4303aa6b?s=96&d=mm&r=g","contentUrl":"https:\/\/secure.gravatar.com\/avatar\/e0a867bdedb85fd243eadf09663511f96fc81e0720a4a42581f334ad4303aa6b?s=96&d=mm&r=g","caption":"Reda\u00e7\u00e3o"}}]}},"amp_enabled":true,"_links":{"self":[{"href":"https:\/\/www.notibras.com\/site\/wp-json\/wp\/v2\/posts\/302859","targetHints":{"allow":["GET"]}}],"collection":[{"href":"https:\/\/www.notibras.com\/site\/wp-json\/wp\/v2\/posts"}],"about":[{"href":"https:\/\/www.notibras.com\/site\/wp-json\/wp\/v2\/types\/post"}],"author":[{"embeddable":true,"href":"https:\/\/www.notibras.com\/site\/wp-json\/wp\/v2\/users\/2"}],"replies":[{"embeddable":true,"href":"https:\/\/www.notibras.com\/site\/wp-json\/wp\/v2\/comments?post=302859"}],"version-history":[{"count":3,"href":"https:\/\/www.notibras.com\/site\/wp-json\/wp\/v2\/posts\/302859\/revisions"}],"predecessor-version":[{"id":302863,"href":"https:\/\/www.notibras.com\/site\/wp-json\/wp\/v2\/posts\/302859\/revisions\/302863"}],"wp:featuredmedia":[{"embeddable":true,"href":"https:\/\/www.notibras.com\/site\/wp-json\/wp\/v2\/media\/302860"}],"wp:attachment":[{"href":"https:\/\/www.notibras.com\/site\/wp-json\/wp\/v2\/media?parent=302859"}],"wp:term":[{"taxonomy":"category","embeddable":true,"href":"https:\/\/www.notibras.com\/site\/wp-json\/wp\/v2\/categories?post=302859"},{"taxonomy":"post_tag","embeddable":true,"href":"https:\/\/www.notibras.com\/site\/wp-json\/wp\/v2\/tags?post=302859"}],"curies":[{"name":"wp","href":"https:\/\/api.w.org\/{rel}","templated":true}]}}